{"id":104367,"date":"2002-03-11T13:39:05","date_gmt":"2002-03-11T13:39:05","guid":{"rendered":"https:\/\/www.filastrocche.it\/contenuti\/la-canzone-del-cuculo\/"},"modified":"2019-05-29T15:35:47","modified_gmt":"2019-05-29T13:35:47","slug":"la-canzone-del-cuculo","status":"publish","type":"post","link":"https:\/\/www.filastrocche.it\/contenuti\/la-canzone-del-cuculo\/","title":{"rendered":"La canzone del cuculo (Udiam nella foresta)"},"content":{"rendered":"<p><a href=\"https:\/\/www.filastrocche.it\/contenuti\/wp-content\/uploads\/2002\/03\/udiam-nella-foresta.jpg\"><img loading=\"lazy\" decoding=\"async\" width=\"550\" height=\"779\" class=\"aligncenter size-full wp-image-223793\" src=\"https:\/\/www.filastrocche.it\/contenuti\/wp-content\/uploads\/2002\/03\/udiam-nella-foresta.jpg\" alt=\"\" srcset=\"https:\/\/www.filastrocche.it\/contenuti\/wp-content\/uploads\/2002\/03\/udiam-nella-foresta.jpg 550w, https:\/\/www.filastrocche.it\/contenuti\/wp-content\/uploads\/2002\/03\/udiam-nella-foresta-212x300.jpg 212w\" sizes=\"auto, (max-width: 550px) 100vw, 550px\" \/><\/a><\/p>\n<h2>Cantiamo insieme <strong>La canzone del cuculo (Udiam nella foresta)<br \/>\n<\/strong><\/h2>\n<p>Udiam nella foresta<br \/>\nil cuculo cantar,<br \/>\nai piedi di una quercia<br \/>\nlo stiamo ad ascoltar,<br \/>\ncu cu, cu cu, cu cu, cu cu&#8230;<\/p>\n<p>La notte tenebrosa<br \/>\nnon c&#8217;\u00e8 chiaror lunar.<br \/>\nSentiam nel fitto bosco<br \/>\ni lupi ad ulular,<br \/>\nAhu, ahu, ahu, ahu, ahu&#8230;<\/p>\n<p>Dalle lontane steppe<br \/>\nsentiam fin quaggi\u00f9<br \/>\nrispondere alle renne<br \/>\ngli allegri carib\u00f9,<br \/>\nbau, bau, bau, bau, bau&#8230;<\/p>\n<p>&nbsp;<\/p>\n<p><a href=\"https:\/\/www.filastrocche.it\/contenuti\/wp-content\/uploads\/2018\/03\/canto-del-cuculo.pdf\"><img loading=\"lazy\" decoding=\"async\" width=\"550\" height=\"259\" class=\"aligncenter size-full wp-image-202773\" src=\"https:\/\/www.filastrocche.it\/contenuti\/wp-content\/uploads\/2002\/03\/canto-del-cuculo-550.jpg\" alt=\"\" srcset=\"https:\/\/www.filastrocche.it\/contenuti\/wp-content\/uploads\/2002\/03\/canto-del-cuculo-550.jpg 550w, https:\/\/www.filastrocche.it\/contenuti\/wp-content\/uploads\/2002\/03\/canto-del-cuculo-550-300x141.jpg 300w\" sizes=\"auto, (max-width: 550px) 100vw, 550px\" \/><\/a><\/p>\n<p><a href=\"https:\/\/www.filastrocche.it\/contenuti\/wp-content\/uploads\/2018\/03\/canto-del-cuculo.pdf\"><strong>Scarica e stampa lo spartito di La canzone del cuculo<\/strong><\/a><\/p>\n<p>&nbsp;<\/p>\n<p><em>Illustrazione di L. Sostegni<br \/>\nDa: Ambarab\u00e0 Cicc\u00ec Cocc\u00f2 &#8211; Filastrocche (Raccolta di filastrocche e cantilene da un&#8217;idea di L. Sostegni) &#8211; Edizioni A. G. A. (Arti Grafiche Associate &#8211; Cuneo &#8211; 1968)<\/em><\/p>\n<p>&nbsp;<\/p>\n<p><a href=\"https:\/\/www.filastrocche.it\/contenuti\/wp-content\/uploads\/2001\/02\/ambaraba-cicci-cocco-copertina.jpg\"><img loading=\"lazy\" decoding=\"async\" width=\"550\" height=\"790\" class=\"aligncenter wp-image-223749 size-full\" title=\"Ambarab\u00e0 Cicc\u00ec Cocc\u00f2\" src=\"https:\/\/www.filastrocche.it\/contenuti\/wp-content\/uploads\/2001\/02\/ambaraba-cicci-cocco-copertina.jpg\" alt=\"Ambarab\u00e0 Cicc\u00ec Cocc\u00f2\" srcset=\"https:\/\/www.filastrocche.it\/contenuti\/wp-content\/uploads\/2001\/02\/ambaraba-cicci-cocco-copertina.jpg 550w, https:\/\/www.filastrocche.it\/contenuti\/wp-content\/uploads\/2001\/02\/ambaraba-cicci-cocco-copertina-209x300.jpg 209w\" sizes=\"auto, (max-width: 550px) 100vw, 550px\" \/><\/a><\/p>\n<p>&nbsp;<\/p>\n<p><strong>Altre filastrocche tratte dallo stesso volume:<\/strong><\/p>\n<p>&nbsp;<\/p>\n<ul>\n<li><a href=\"https:\/\/www.filastrocche.it\/contenuti\/ambaraba-cicci-cocco-2\/\"><strong>Ambarab\u00e0 Cicc\u00ec Cocc\u00f2<\/strong><\/a><\/li>\n<li><a href=\"https:\/\/www.filastrocche.it\/contenuti\/sette-quattordici-9\/\"><strong>Sette quattordici<\/strong><\/a><\/li>\n<li><a href=\"https:\/\/www.filastrocche.it\/contenuti\/sotto-la-cappa-del-camino-2\/\"><strong>Sotto la cappa del camino<\/strong><\/a><\/li>\n<li><a href=\"https:\/\/www.filastrocche.it\/contenuti\/in-mezzo-al-mare\/\"><strong>In mezzo al mare<\/strong><\/a><\/li>\n<li><a href=\"https:\/\/www.filastrocche.it\/contenuti\/staccia-stacciola-2\/\"><strong>Staccia stacciola<\/strong><\/a><\/li>\n<li><a href=\"https:\/\/www.filastrocche.it\/contenuti\/la-befana-53\/\"><strong>La Befana vien di notte<\/strong><\/a><\/li>\n<li><a href=\"https:\/\/www.filastrocche.it\/contenuti\/napoleone-2\/\"><strong>Napoleone<\/strong><\/a><\/li>\n<li><a href=\"https:\/\/www.filastrocche.it\/contenuti\/il-cavallo-del-bambino-2\/\"><strong>Il cavallo del bambino<\/strong><\/a><\/li>\n<li><a href=\"https:\/\/www.filastrocche.it\/contenuti\/girogirotondo\/\"><strong>Girogirotondo<\/strong><\/a><\/li>\n<li><a href=\"https:\/\/www.filastrocche.it\/contenuti\/la-canzone-del-cuculo\/\"><strong>Udiam nella foresta<\/strong><\/a><\/li>\n<li><a href=\"https:\/\/www.filastrocche.it\/contenuti\/la-bella-lavanderina\/\"><strong>La bella lavanderina<\/strong><\/a><\/li>\n<li><a href=\"https:\/\/www.filastrocche.it\/contenuti\/io-sono-lalla\/\"><strong>Io sono Lalla<\/strong><\/a><\/li>\n<li><a href=\"https:\/\/www.filastrocche.it\/contenuti\/il-soldato\/\"><strong>Buon soldato<\/strong><\/a><\/li>\n<li><a href=\"https:\/\/www.filastrocche.it\/contenuti\/nanna-nannetta\/\"><strong>Nanna Nannetta<\/strong><\/a><\/li>\n<li><a href=\"https:\/\/www.filastrocche.it\/contenuti\/fai-la-nanna-coscine-di-pollo\/\"><strong>Fai la nanna coscine di pollo<\/strong><\/a><\/li>\n<li><a href=\"https:\/\/www.filastrocche.it\/contenuti\/ninna-nanna-6\/\"><strong>Ninna nanna<\/strong><\/a><\/li>\n<li><a href=\"https:\/\/www.filastrocche.it\/contenuti\/cecilia-polonia\/\"><strong>Cecilia Polonia<\/strong><\/a><\/li>\n<li><a href=\"https:\/\/www.filastrocche.it\/contenuti\/il-ponte-delle-conche\/\"><strong>Le tre conche<\/strong><\/a><\/li>\n<li><a href=\"https:\/\/www.filastrocche.it\/contenuti\/il-pollice-e-andato-in-giu\/\"><strong>Le dita della mano<\/strong><\/a><\/li>\n<li><a href=\"https:\/\/www.filastrocche.it\/contenuti\/il-viso-2\/\"><strong>Il viso<\/strong><\/a><\/li>\n<li><a href=\"https:\/\/www.filastrocche.it\/contenuti\/zucca-pelata\/\"><strong>Zucca Pelata<\/strong><\/a><\/li>\n<li><a href=\"https:\/\/www.filastrocche.it\/contenuti\/pim-pum-doro\/\"><strong>Pim pum d&#8217;oro<\/strong><\/a><\/li>\n<li><a href=\"https:\/\/www.filastrocche.it\/contenuti\/lambasciatore\/\"><strong>L&#8217;ambasciatore<\/strong><\/a><\/li>\n<li><a href=\"https:\/\/www.filastrocche.it\/contenuti\/sole-mirasole\/\"><strong>Sole mirasole!<\/strong><\/a><\/li>\n<li><a href=\"https:\/\/www.filastrocche.it\/contenuti\/sole-sole\/\"><strong>Sole sole<\/strong><\/a><\/li>\n<li><a href=\"https:\/\/www.filastrocche.it\/contenuti\/piove-e-ce-il-sole-2\/\"><strong>Piove e fa sole<\/strong><\/a><\/li>\n<li><a href=\"https:\/\/www.filastrocche.it\/contenuti\/i-giorni-della-settimana-2\/\"><strong>I giorni della settimana<\/strong><\/a><\/li>\n<li><a href=\"https:\/\/www.filastrocche.it\/contenuti\/la-gallinella-bianca\/\"><strong>La gallinella bianca<\/strong><\/a><\/li>\n<li><a href=\"https:\/\/www.filastrocche.it\/contenuti\/la-peppina\/\"><strong>La Peppina<\/strong><\/a><\/li>\n<li><a href=\"https:\/\/www.filastrocche.it\/contenuti\/cecco-rivolta-2\/\"><strong>Cecco Rivolta<\/strong><\/a><\/li>\n<li><a href=\"https:\/\/www.filastrocche.it\/contenuti\/luigi\/\"><strong>Luigi<\/strong><\/a><\/li>\n<li><a href=\"https:\/\/www.filastrocche.it\/contenuti\/apelle-figlio-di-apollo\/\"><strong>Apelle figlio di Apollo<\/strong><\/a><\/li>\n<\/ul>\n<p>&nbsp;<\/p>\n<p><a href=\"https:\/\/www.filastrocche.it\/feste\/canzoni-per-bambini\/\"><img loading=\"lazy\" decoding=\"async\" width=\"150\" height=\"107\" class=\"alignnone wp-image-197379 size-full\" title=\"Canzoni per Bambini\" src=\"https:\/\/www.filastrocche.it\/contenuti\/wp-content\/uploads\/2002\/07\/disco-copy-OK-150.jpg\" alt=\"Canzoni per Bambini\"   \/><\/a><br \/>\nSe cercate le pi\u00f9 belle <strong><a href=\"https:\/\/www.filastrocche.it\/feste\/canzoni-per-bambini\/\">Canzoni per Bambini, cliccate qui!<\/a><\/strong><\/p>\n","protected":false},"excerpt":{"rendered":"<p>Cantiamo insieme La canzone del cuculo (Udiam nella foresta) Udiam nella foresta il cuculo cantar, ai piedi di una quercia lo stiamo ad ascoltar, cu cu, cu cu, cu cu, cu cu&#8230; La notte tenebrosa non c&#8217;\u00e8 chiaror lunar. Sentiam nel fitto bosco i lupi ad ulular, Ahu, ahu, ahu, ahu, ahu&#8230; Dalle lontane steppe [&hellip;]<\/p>\n","protected":false},"author":5,"featured_media":223793,"comment_status":"open","ping_status":"open","sticky":false,"template":"","format":"standard","meta":{"footnotes":""},"categories":[6,33],"tags":[405,155,2709],"sponsors":[],"class_list":["post-104367","post","type-post","status-publish","format-standard","has-post-thumbnail","hentry","category-canzoni","category-canzoni-tradizionali","tag-animali","tag-canzone","tag-canzoni-2","lingua-italiano","scopo-intrattenimento"],"yoast_head":"<!-- This site is optimized with the Yoast SEO plugin v26.2 - https:\/\/yoast.com\/wordpress\/plugins\/seo\/ -->\n<title>La canzone del cuculo (Udiam nella foresta) - Filastrocche.it<\/title>\n<meta name=\"description\" content=\"Testo della canzone per bambini dal titolo: La canzone del cuculo (Udiam nella foresta). Versi iniziali: Udiam nella foresta il cuculo cantar...\" \/>\n<meta name=\"robots\" content=\"index, follow, max-snippet:-1, max-image-preview:large, max-video-preview:-1\" \/>\n<link rel=\"canonical\" href=\"https:\/\/www.filastrocche.it\/contenuti\/la-canzone-del-cuculo\/\" \/>\n<meta property=\"og:locale\" content=\"it_IT\" \/>\n<meta property=\"og:type\" content=\"article\" \/>\n<meta property=\"og:title\" content=\"La canzone del cuculo (Udiam nella foresta) - Filastrocche.it\" \/>\n<meta property=\"og:description\" content=\"Testo della canzone per bambini dal titolo: La canzone del cuculo (Udiam nella foresta). Versi iniziali: Udiam nella foresta il cuculo cantar...\" \/>\n<meta property=\"og:url\" content=\"https:\/\/www.filastrocche.it\/contenuti\/la-canzone-del-cuculo\/\" \/>\n<meta property=\"og:site_name\" content=\"I testi della tradizione di Filastrocche.it\" \/>\n<meta property=\"article:author\" content=\"http:\/\/www.facebook.com\/jolanda.restano\" \/>\n<meta property=\"article:published_time\" content=\"2002-03-11T13:39:05+00:00\" \/>\n<meta property=\"article:modified_time\" content=\"2019-05-29T13:35:47+00:00\" \/>\n<meta property=\"og:image\" content=\"https:\/\/www.filastrocche.it\/contenuti\/wp-content\/uploads\/2002\/03\/udiam-nella-foresta.jpg\" \/>\n\t<meta property=\"og:image:width\" content=\"550\" \/>\n\t<meta property=\"og:image:height\" content=\"779\" \/>\n\t<meta property=\"og:image:type\" content=\"image\/jpeg\" \/>\n<meta name=\"author\" content=\"Jolanda\" \/>\n<meta name=\"twitter:label1\" content=\"Scritto da\" \/>\n\t<meta name=\"twitter:data1\" content=\"Jolanda\" \/>\n\t<meta name=\"twitter:label2\" content=\"Tempo di lettura stimato\" \/>\n\t<meta name=\"twitter:data2\" content=\"1 minuto\" \/>\n<!-- \/ Yoast SEO plugin. -->","yoast_head_json":{"title":"La canzone del cuculo (Udiam nella foresta) - Filastrocche.it","description":"Testo della canzone per bambini dal titolo: La canzone del cuculo (Udiam nella foresta). Versi iniziali: Udiam nella foresta il cuculo cantar...","robots":{"index":"index","follow":"follow","max-snippet":"max-snippet:-1","max-image-preview":"max-image-preview:large","max-video-preview":"max-video-preview:-1"},"canonical":"https:\/\/www.filastrocche.it\/contenuti\/la-canzone-del-cuculo\/","og_locale":"it_IT","og_type":"article","og_title":"La canzone del cuculo (Udiam nella foresta) - Filastrocche.it","og_description":"Testo della canzone per bambini dal titolo: La canzone del cuculo (Udiam nella foresta). Versi iniziali: Udiam nella foresta il cuculo cantar...","og_url":"https:\/\/www.filastrocche.it\/contenuti\/la-canzone-del-cuculo\/","og_site_name":"I testi della tradizione di Filastrocche.it","article_author":"http:\/\/www.facebook.com\/jolanda.restano","article_published_time":"2002-03-11T13:39:05+00:00","article_modified_time":"2019-05-29T13:35:47+00:00","og_image":[{"width":550,"height":779,"url":"https:\/\/www.filastrocche.it\/contenuti\/wp-content\/uploads\/2002\/03\/udiam-nella-foresta.jpg","type":"image\/jpeg"}],"author":"Jolanda","twitter_misc":{"Scritto da":"Jolanda","Tempo di lettura stimato":"1 minuto"},"schema":{"@context":"https:\/\/schema.org","@graph":[{"@type":"WebPage","@id":"https:\/\/www.filastrocche.it\/contenuti\/la-canzone-del-cuculo\/","url":"https:\/\/www.filastrocche.it\/contenuti\/la-canzone-del-cuculo\/","name":"La canzone del cuculo (Udiam nella foresta) - Filastrocche.it","isPartOf":{"@id":"https:\/\/www.filastrocche.it\/contenuti\/#website"},"primaryImageOfPage":{"@id":"https:\/\/www.filastrocche.it\/contenuti\/la-canzone-del-cuculo\/#primaryimage"},"image":{"@id":"https:\/\/www.filastrocche.it\/contenuti\/la-canzone-del-cuculo\/#primaryimage"},"thumbnailUrl":"https:\/\/www.filastrocche.it\/contenuti\/wp-content\/uploads\/2002\/03\/udiam-nella-foresta.jpg","datePublished":"2002-03-11T13:39:05+00:00","dateModified":"2019-05-29T13:35:47+00:00","author":{"@id":"https:\/\/www.filastrocche.it\/contenuti\/#\/schema\/person\/13a7995b740342851d3a3c001f9dd658"},"description":"Testo della canzone per bambini dal titolo: La canzone del cuculo (Udiam nella foresta). Versi iniziali: Udiam nella foresta il cuculo cantar...","breadcrumb":{"@id":"https:\/\/www.filastrocche.it\/contenuti\/la-canzone-del-cuculo\/#breadcrumb"},"inLanguage":"it-IT","potentialAction":[{"@type":"ReadAction","target":["https:\/\/www.filastrocche.it\/contenuti\/la-canzone-del-cuculo\/"]}]},{"@type":"ImageObject","inLanguage":"it-IT","@id":"https:\/\/www.filastrocche.it\/contenuti\/la-canzone-del-cuculo\/#primaryimage","url":"https:\/\/www.filastrocche.it\/contenuti\/wp-content\/uploads\/2002\/03\/udiam-nella-foresta.jpg","contentUrl":"https:\/\/www.filastrocche.it\/contenuti\/wp-content\/uploads\/2002\/03\/udiam-nella-foresta.jpg","width":550,"height":779},{"@type":"BreadcrumbList","@id":"https:\/\/www.filastrocche.it\/contenuti\/la-canzone-del-cuculo\/#breadcrumb","itemListElement":[{"@type":"ListItem","position":1,"name":"Home","item":"https:\/\/www.filastrocche.it\/contenuti\/"},{"@type":"ListItem","position":2,"name":"La canzone del cuculo (Udiam nella foresta)"}]},{"@type":"WebSite","@id":"https:\/\/www.filastrocche.it\/contenuti\/#website","url":"https:\/\/www.filastrocche.it\/contenuti\/","name":"I testi della tradizione di Filastrocche.it","description":"Filastrocche, fiabe, canzoni e...","potentialAction":[{"@type":"SearchAction","target":{"@type":"EntryPoint","urlTemplate":"https:\/\/www.filastrocche.it\/contenuti\/?s={search_term_string}"},"query-input":{"@type":"PropertyValueSpecification","valueRequired":true,"valueName":"search_term_string"}}],"inLanguage":"it-IT"},{"@type":"Person","@id":"https:\/\/www.filastrocche.it\/contenuti\/#\/schema\/person\/13a7995b740342851d3a3c001f9dd658","name":"Jolanda","image":{"@type":"ImageObject","inLanguage":"it-IT","@id":"https:\/\/www.filastrocche.it\/contenuti\/#\/schema\/person\/image\/","url":"https:\/\/secure.gravatar.com\/avatar\/1b1f38df48384d8f75481e92c0cbf9e3494d37f3cf35cd02b0f5cba7d63f7349?s=96&d=mm&r=g","contentUrl":"https:\/\/secure.gravatar.com\/avatar\/1b1f38df48384d8f75481e92c0cbf9e3494d37f3cf35cd02b0f5cba7d63f7349?s=96&d=mm&r=g","caption":"Jolanda"},"sameAs":["http:\/\/www.facebook.com\/jolanda.restano","https:\/\/x.com\/jolandarestano"],"url":"https:\/\/www.filastrocche.it\/contenuti\/author\/jolanda\/"}]}},"_links":{"self":[{"href":"https:\/\/www.filastrocche.it\/contenuti\/wp-json\/wp\/v2\/posts\/104367","targetHints":{"allow":["GET"]}}],"collection":[{"href":"https:\/\/www.filastrocche.it\/contenuti\/wp-json\/wp\/v2\/posts"}],"about":[{"href":"https:\/\/www.filastrocche.it\/contenuti\/wp-json\/wp\/v2\/types\/post"}],"author":[{"embeddable":true,"href":"https:\/\/www.filastrocche.it\/contenuti\/wp-json\/wp\/v2\/users\/5"}],"replies":[{"embeddable":true,"href":"https:\/\/www.filastrocche.it\/contenuti\/wp-json\/wp\/v2\/comments?post=104367"}],"version-history":[{"count":3,"href":"https:\/\/www.filastrocche.it\/contenuti\/wp-json\/wp\/v2\/posts\/104367\/revisions"}],"predecessor-version":[{"id":223972,"href":"https:\/\/www.filastrocche.it\/contenuti\/wp-json\/wp\/v2\/posts\/104367\/revisions\/223972"}],"wp:featuredmedia":[{"embeddable":true,"href":"https:\/\/www.filastrocche.it\/contenuti\/wp-json\/wp\/v2\/media\/223793"}],"wp:attachment":[{"href":"https:\/\/www.filastrocche.it\/contenuti\/wp-json\/wp\/v2\/media?parent=104367"}],"wp:term":[{"taxonomy":"category","embeddable":true,"href":"https:\/\/www.filastrocche.it\/contenuti\/wp-json\/wp\/v2\/categories?post=104367"},{"taxonomy":"post_tag","embeddable":true,"href":"https:\/\/www.filastrocche.it\/contenuti\/wp-json\/wp\/v2\/tags?post=104367"},{"taxonomy":"sponsors","embeddable":true,"href":"https:\/\/www.filastrocche.it\/contenuti\/wp-json\/wp\/v2\/sponsors?post=104367"}],"curies":[{"name":"wp","href":"https:\/\/api.w.org\/{rel}","templated":true}]}}