{"id":110709,"date":"2005-03-24T10:55:48","date_gmt":"2005-03-24T10:55:48","guid":{"rendered":"https:\/\/www.filastrocche.it\/contenuti\/come-mai-e-pasqua\/"},"modified":"2018-03-16T12:35:07","modified_gmt":"2018-03-16T10:35:07","slug":"come-mai-e-pasqua","status":"publish","type":"post","link":"https:\/\/www.filastrocche.it\/contenuti\/come-mai-e-pasqua\/","title":{"rendered":"Come mai \u00e8 Pasqua?"},"content":{"rendered":"<p><img loading=\"lazy\" decoding=\"async\" width=\"398\" height=\"550\" class=\"aligncenter wp-image-148029 size-full\" title=\"Come mai \u00e8 Pasqua?\" src=\"https:\/\/www.filastrocche.it\/contenuti\/wp-content\/uploads\/2015\/02\/Buona-Pasqua.jpg\" alt=\"Come mai \u00e8 Pasqua?\" srcset=\"https:\/\/www.filastrocche.it\/contenuti\/wp-content\/uploads\/2015\/02\/Buona-Pasqua.jpg 398w, https:\/\/www.filastrocche.it\/contenuti\/wp-content\/uploads\/2015\/02\/Buona-Pasqua-217x300.jpg 217w\" sizes=\"auto, (max-width: 398px) 100vw, 398px\" \/>&#8220;Come mai \u00e8 Pasqua?&#8221; chiede Anna<br \/>\nIn difficolt\u00e0 mi trovo<br \/>\nma rispondo, ci provo!<br \/>\n&#8220;E&#8217; festa: Ges\u00f9 \u00e8 risorto!&#8221;<br \/>\nMi guarda con grandi occhi<br \/>\nPerplessa quanto me!<br \/>\n&#8220;Ges\u00f9 era morto, era in cielo<br \/>\nma poi \u00e8 tornato tra noi!<br \/>\nTutti han fatto festa&#8221;<br \/>\n&#8220;Io non voglio andare in cielo!&#8221;<br \/>\nIl mio cuore sobbalza al sol pensiero!<br \/>\n&#8220;NO Amore MAI e poi MAI!<br \/>\nIn aereo vi andremo per viaggiare e visitare&#8221;<br \/>\nIl suo viso sorride, il mio cuore anche<br \/>\nPoi penso alla vita: \u00e8 un passaggio<br \/>\nmi riprometto di goderla, assaporarla<br \/>\nnon prendermela per le piccole cose<br \/>\nsogno di poter essere come Anna:<br \/>\nSorridente, spensierata, innocente<br \/>\ne ringrazio Dio per ogni giorno<br \/>\nvissuto con le persone che amo<br \/>\n&#8230; perch\u00e8 al mondo tutto passa<br \/>\ne nulla resta&#8230;<br \/>\nse non l&#8217;amore dato e ricevuto!<\/p>\n<p>&nbsp;<\/p>\n<p>&nbsp;<\/p>\n<p>&nbsp;<\/p>\n<p><a href=\"https:\/\/www.filastrocche.it\/feste\/poesie-di-pasqua\/\"><img loading=\"lazy\" decoding=\"async\" width=\"100\" height=\"133\" class=\"alignnone wp-image-175623 size-full\" title=\"Poesie di Pasqua\" src=\"https:\/\/www.filastrocche.it\/contenuti\/wp-content\/uploads\/2017\/03\/pasqua-1-100.jpg\" alt=\"Poesie di Pasqua\" \/><\/a><br \/>\nSe cercate le migliori <a href=\"https:\/\/www.filastrocche.it\/feste\/poesie-di-pasqua\/\"><strong>Poesie di Pasqua, cliccate qui<\/strong><\/a>!<\/p>\n<p><a href=\"https:\/\/www.filastrocche.it\/feste\/filastrocche-di-pasqua\/\"><img loading=\"lazy\" decoding=\"async\" width=\"100\" height=\"135\" class=\"alignnone wp-image-175625 size-full\" title=\"Filastrocche di Pasqua\" src=\"https:\/\/www.filastrocche.it\/contenuti\/wp-content\/uploads\/2017\/03\/pasqua-2-100.jpg\" alt=\"Filastrocche di Pasqua\" \/><\/a><br \/>\nSe cercate le pi\u00f9 belle <a href=\"https:\/\/www.filastrocche.it\/feste\/filastrocche-di-pasqua\/\"><strong>Filastrocche di Pasqua, cliccate qui<\/strong><\/a>!<\/p>\n<p><a href=\"https:\/\/www.filastrocche.it\/feste\/filastrocche-per-pasqua-tradizionali-e-dautore\/\"><img loading=\"lazy\" decoding=\"async\" width=\"150\" height=\"178\" class=\"alignnone wp-image-175621 size-full\" title=\"Filastrocche di Pasqua\" src=\"https:\/\/www.filastrocche.it\/contenuti\/wp-content\/uploads\/2017\/03\/pasqua_foto_5-150.jpg\" alt=\"Filastrocche di Pasqua\" \/><\/a><br \/>\nSe cercate delle <strong><a href=\"https:\/\/www.filastrocche.it\/feste\/filastrocche-per-pasqua-tradizionali-e-dautore\/\">Filastrocche e Poesie per Pasqua, cliccate qui<\/a><\/strong>!<\/p>\n<p><a href=\"https:\/\/www.filastrocche.it\/feste\/lavoretti-per-pasqua\/\"><img loading=\"lazy\" decoding=\"async\" width=\"180\" height=\"131\" class=\"alignnone wp-image-175631 size-full\" title=\"Lavoretti per Pasqua\" src=\"https:\/\/www.filastrocche.it\/contenuti\/wp-content\/uploads\/2017\/03\/lavoretti-pasqua-collage-180.jpg\" alt=\"Lavoretti per Pasqua\" \/><\/a><br \/>\nSe cercate dei <a href=\"https:\/\/www.filastrocche.it\/feste\/lavoretti-per-pasqua\/\"><strong>Lavoretti per Pasqua, cliccate qui<\/strong><\/a>!<\/p>\n<p><a href=\"https:\/\/www.filastrocche.it\/feste\/idee-regalo-e-decorazioni-per-pasqua\/\"><img loading=\"lazy\" decoding=\"async\" width=\"150\" height=\"195\" class=\"alignnone wp-image-175617 size-full\" title=\"Idee regalo per Pasqua\" src=\"https:\/\/www.filastrocche.it\/contenuti\/wp-content\/uploads\/2017\/03\/pasqua_foto_2-150.jpg\" alt=\"Idee regalo per Pasqua\" \/><\/a><br \/>\nSe cercate delle <a href=\"https:\/\/www.filastrocche.it\/feste\/idee-regalo-e-decorazioni-per-pasqua\/\"><strong>Idee regalo per Pasqua, cliccate qui<\/strong><\/a>!<\/p>\n<p><a href=\"https:\/\/www.filastrocche.it\/feste\/decorazioni-per-pasqua-fai-da-te\/\"><img loading=\"lazy\" decoding=\"async\" width=\"150\" height=\"143\" class=\"alignnone wp-image-175615 size-full\" title=\"Decorazioni per Pasqua\" src=\"https:\/\/www.filastrocche.it\/contenuti\/wp-content\/uploads\/2017\/03\/uovo_coniglietto-150.jpg\" alt=\"Decorazioni per Pasqua\" \/><\/a><br \/>\nSe cercate delle <a href=\"https:\/\/www.filastrocche.it\/feste\/decorazioni-per-pasqua-fai-da-te\/\"><strong>Decorazioni per Pasqua, cliccate qui<\/strong><\/a>!<\/p>\n<p><a href=\"https:\/\/www.filastrocche.it\/feste\/ricette-tradizionali-di-pasqua\/\"><img loading=\"lazy\" decoding=\"async\" width=\"120\" height=\"160\" class=\"alignnone wp-image-175613 size-full\" title=\"Ricette tradizionali per Pasqua\" src=\"https:\/\/www.filastrocche.it\/contenuti\/wp-content\/uploads\/2017\/03\/pasqua_foto_3-120.jpg\" alt=\"Ricette tradizionali per Pasqua\" \/><\/a><br \/>\nSe cercate le pi\u00f9 buone <a href=\"https:\/\/www.filastrocche.it\/feste\/ricette-tradizionali-di-pasqua\/\"><strong>Ricette tradizionali per Pasqua, cliccate qui<\/strong><\/a>!<\/p>\n<p><a href=\"https:\/\/www.filastrocche.it\/feste\/giochi-per-pasqua\/\"><img loading=\"lazy\" decoding=\"async\" width=\"130\" height=\"114\" class=\"alignnone wp-image-175611 size-full\" title=\"Giochi di Pasqua\" src=\"https:\/\/www.filastrocche.it\/contenuti\/wp-content\/uploads\/2017\/03\/pasqua_foto_4-130.jpg\" alt=\"Giochi di Pasqua\" \/><\/a><br \/>\nSe cercate i pi\u00f9 divertenti <a href=\"https:\/\/www.filastrocche.it\/feste\/giochi-per-pasqua\/\"><strong>Giochi di Pasqua, cliccate qui<\/strong><\/a>!<\/p>\n<p><a href=\"https:\/\/www.filastrocche.it\/feste\/disegni-da-colorare-per-pasqua\/\"><img loading=\"lazy\" decoding=\"async\" width=\"100\" height=\"134\" class=\"alignnone wp-image-175609 size-full\" title=\"Disegni da colorare per Pasqua\" src=\"https:\/\/www.filastrocche.it\/contenuti\/wp-content\/uploads\/2017\/03\/pasqua_disegni_uovo_pecorella_BN_1001.jpg\" alt=\"Disegni da colorare per Pasqua\" \/><\/a><br \/>\nSe cercate dei <a href=\"https:\/\/www.filastrocche.it\/feste\/disegni-da-colorare-per-pasqua\/\"><strong>Disegni da colorare per Pasqua, cliccate qui<\/strong><\/a>!<\/p>\n<p>&nbsp;<\/p>\n<p>&nbsp;<\/p>\n<p><a href=\"https:\/\/www.filastrocche.it\/feste\/speciale-pasqua\/\"><img loading=\"lazy\" decoding=\"async\" width=\"155\" height=\"60\" class=\"alignnone wp-image-175629 size-full\" title=\"Speciale Pasqua\" src=\"https:\/\/www.filastrocche.it\/contenuti\/wp-content\/uploads\/2017\/03\/pasqua.gif\" alt=\"Speciale Pasqua\" \/><\/a><br \/>\n<a href=\"https:\/\/www.filastrocche.it\/feste\/speciale-pasqua\/\"><strong>Visita lo Speciale Pasqua!<\/strong><\/a><\/p>\n<p>&nbsp;<\/p>\n","protected":false},"excerpt":{"rendered":"<p>&#8220;Come mai \u00e8 Pasqua?&#8221; chiede Anna In difficolt\u00e0 mi trovo ma rispondo, ci provo! &#8220;E&#8217; festa: Ges\u00f9 \u00e8 risorto!&#8221; Mi guarda con grandi occhi Perplessa quanto me! &#8220;Ges\u00f9 era morto, era in cielo ma poi \u00e8 tornato tra noi! Tutti han fatto festa&#8221; &#8220;Io non voglio andare in cielo!&#8221; Il mio cuore sobbalza al sol [&hellip;]<\/p>\n","protected":false},"author":5,"featured_media":148029,"comment_status":"open","ping_status":"open","sticky":false,"template":"","format":"standard","meta":{"footnotes":""},"categories":[48],"tags":[503,187,189],"sponsors":[],"class_list":["post-110709","post","type-post","status-publish","format-standard","has-post-thumbnail","hentry","category-poesie-dei-poeti-in-erba","tag-pasqua-2","tag-poesia","tag-poesie-2","occasioni-pasqua","lingua-italiano","scopo-intrattenimento"],"yoast_head":"<!-- This site is optimized with the Yoast SEO plugin v26.2 - https:\/\/yoast.com\/wordpress\/plugins\/seo\/ -->\n<title>Come mai \u00e8 Pasqua? - I testi per la festa di Pasqua in Filastrocche.it<\/title>\n<meta name=\"description\" content=\"Testo della poesia Come mai \u00e8 Pasqua? per la festa di Pasqua in Filastrocche.it. Inizio: &quot;Come mai \u00e8 Pasqua?&quot; chiede Anna In difficolt\u00e0 mi trovo...\" \/>\n<meta name=\"robots\" content=\"index, follow, max-snippet:-1, max-image-preview:large, max-video-preview:-1\" \/>\n<link rel=\"canonical\" href=\"https:\/\/www.filastrocche.it\/contenuti\/come-mai-e-pasqua\/\" \/>\n<meta property=\"og:locale\" content=\"it_IT\" \/>\n<meta property=\"og:type\" content=\"article\" \/>\n<meta property=\"og:title\" content=\"Come mai \u00e8 Pasqua? - I testi per la festa di Pasqua in Filastrocche.it\" \/>\n<meta property=\"og:description\" content=\"Testo della poesia Come mai \u00e8 Pasqua? per la festa di Pasqua in Filastrocche.it. Inizio: &quot;Come mai \u00e8 Pasqua?&quot; chiede Anna In difficolt\u00e0 mi trovo...\" \/>\n<meta property=\"og:url\" content=\"https:\/\/www.filastrocche.it\/contenuti\/come-mai-e-pasqua\/\" \/>\n<meta property=\"og:site_name\" content=\"I testi della tradizione di Filastrocche.it\" \/>\n<meta property=\"article:author\" content=\"http:\/\/www.facebook.com\/jolanda.restano\" \/>\n<meta property=\"article:published_time\" content=\"2005-03-24T10:55:48+00:00\" \/>\n<meta property=\"article:modified_time\" content=\"2018-03-16T10:35:07+00:00\" \/>\n<meta property=\"og:image\" content=\"https:\/\/www.filastrocche.it\/contenuti\/wp-content\/uploads\/2015\/02\/Buona-Pasqua.jpg\" \/>\n\t<meta property=\"og:image:width\" content=\"398\" \/>\n\t<meta property=\"og:image:height\" content=\"550\" \/>\n\t<meta property=\"og:image:type\" content=\"image\/jpeg\" \/>\n<meta name=\"author\" content=\"Jolanda\" \/>\n<meta name=\"twitter:label1\" content=\"Scritto da\" \/>\n\t<meta name=\"twitter:data1\" content=\"Jolanda\" \/>\n\t<meta name=\"twitter:label2\" content=\"Tempo di lettura stimato\" \/>\n\t<meta name=\"twitter:data2\" content=\"1 minuto\" \/>\n<!-- \/ Yoast SEO plugin. -->","yoast_head_json":{"title":"Come mai \u00e8 Pasqua? - I testi per la festa di Pasqua in Filastrocche.it","description":"Testo della poesia Come mai \u00e8 Pasqua? per la festa di Pasqua in Filastrocche.it. Inizio: \"Come mai \u00e8 Pasqua?\" chiede Anna In difficolt\u00e0 mi trovo...","robots":{"index":"index","follow":"follow","max-snippet":"max-snippet:-1","max-image-preview":"max-image-preview:large","max-video-preview":"max-video-preview:-1"},"canonical":"https:\/\/www.filastrocche.it\/contenuti\/come-mai-e-pasqua\/","og_locale":"it_IT","og_type":"article","og_title":"Come mai \u00e8 Pasqua? - I testi per la festa di Pasqua in Filastrocche.it","og_description":"Testo della poesia Come mai \u00e8 Pasqua? per la festa di Pasqua in Filastrocche.it. Inizio: \"Come mai \u00e8 Pasqua?\" chiede Anna In difficolt\u00e0 mi trovo...","og_url":"https:\/\/www.filastrocche.it\/contenuti\/come-mai-e-pasqua\/","og_site_name":"I testi della tradizione di Filastrocche.it","article_author":"http:\/\/www.facebook.com\/jolanda.restano","article_published_time":"2005-03-24T10:55:48+00:00","article_modified_time":"2018-03-16T10:35:07+00:00","og_image":[{"width":398,"height":550,"url":"https:\/\/www.filastrocche.it\/contenuti\/wp-content\/uploads\/2015\/02\/Buona-Pasqua.jpg","type":"image\/jpeg"}],"author":"Jolanda","twitter_misc":{"Scritto da":"Jolanda","Tempo di lettura stimato":"1 minuto"},"schema":{"@context":"https:\/\/schema.org","@graph":[{"@type":"WebPage","@id":"https:\/\/www.filastrocche.it\/contenuti\/come-mai-e-pasqua\/","url":"https:\/\/www.filastrocche.it\/contenuti\/come-mai-e-pasqua\/","name":"Come mai \u00e8 Pasqua? - I testi per la festa di Pasqua in Filastrocche.it","isPartOf":{"@id":"https:\/\/www.filastrocche.it\/contenuti\/#website"},"primaryImageOfPage":{"@id":"https:\/\/www.filastrocche.it\/contenuti\/come-mai-e-pasqua\/#primaryimage"},"image":{"@id":"https:\/\/www.filastrocche.it\/contenuti\/come-mai-e-pasqua\/#primaryimage"},"thumbnailUrl":"https:\/\/www.filastrocche.it\/contenuti\/wp-content\/uploads\/2015\/02\/Buona-Pasqua.jpg","datePublished":"2005-03-24T10:55:48+00:00","dateModified":"2018-03-16T10:35:07+00:00","author":{"@id":"https:\/\/www.filastrocche.it\/contenuti\/#\/schema\/person\/13a7995b740342851d3a3c001f9dd658"},"description":"Testo della poesia Come mai \u00e8 Pasqua? per la festa di Pasqua in Filastrocche.it. Inizio: \"Come mai \u00e8 Pasqua?\" chiede Anna In difficolt\u00e0 mi trovo...","breadcrumb":{"@id":"https:\/\/www.filastrocche.it\/contenuti\/come-mai-e-pasqua\/#breadcrumb"},"inLanguage":"it-IT","potentialAction":[{"@type":"ReadAction","target":["https:\/\/www.filastrocche.it\/contenuti\/come-mai-e-pasqua\/"]}]},{"@type":"ImageObject","inLanguage":"it-IT","@id":"https:\/\/www.filastrocche.it\/contenuti\/come-mai-e-pasqua\/#primaryimage","url":"https:\/\/www.filastrocche.it\/contenuti\/wp-content\/uploads\/2015\/02\/Buona-Pasqua.jpg","contentUrl":"https:\/\/www.filastrocche.it\/contenuti\/wp-content\/uploads\/2015\/02\/Buona-Pasqua.jpg","width":398,"height":550},{"@type":"BreadcrumbList","@id":"https:\/\/www.filastrocche.it\/contenuti\/come-mai-e-pasqua\/#breadcrumb","itemListElement":[{"@type":"ListItem","position":1,"name":"Home","item":"https:\/\/www.filastrocche.it\/contenuti\/"},{"@type":"ListItem","position":2,"name":"Come mai \u00e8 Pasqua?"}]},{"@type":"WebSite","@id":"https:\/\/www.filastrocche.it\/contenuti\/#website","url":"https:\/\/www.filastrocche.it\/contenuti\/","name":"I testi della tradizione di Filastrocche.it","description":"Filastrocche, fiabe, canzoni e...","potentialAction":[{"@type":"SearchAction","target":{"@type":"EntryPoint","urlTemplate":"https:\/\/www.filastrocche.it\/contenuti\/?s={search_term_string}"},"query-input":{"@type":"PropertyValueSpecification","valueRequired":true,"valueName":"search_term_string"}}],"inLanguage":"it-IT"},{"@type":"Person","@id":"https:\/\/www.filastrocche.it\/contenuti\/#\/schema\/person\/13a7995b740342851d3a3c001f9dd658","name":"Jolanda","image":{"@type":"ImageObject","inLanguage":"it-IT","@id":"https:\/\/www.filastrocche.it\/contenuti\/#\/schema\/person\/image\/","url":"https:\/\/secure.gravatar.com\/avatar\/1b1f38df48384d8f75481e92c0cbf9e3494d37f3cf35cd02b0f5cba7d63f7349?s=96&d=mm&r=g","contentUrl":"https:\/\/secure.gravatar.com\/avatar\/1b1f38df48384d8f75481e92c0cbf9e3494d37f3cf35cd02b0f5cba7d63f7349?s=96&d=mm&r=g","caption":"Jolanda"},"sameAs":["http:\/\/www.facebook.com\/jolanda.restano","https:\/\/x.com\/jolandarestano"],"url":"https:\/\/www.filastrocche.it\/contenuti\/author\/jolanda\/"}]}},"_links":{"self":[{"href":"https:\/\/www.filastrocche.it\/contenuti\/wp-json\/wp\/v2\/posts\/110709","targetHints":{"allow":["GET"]}}],"collection":[{"href":"https:\/\/www.filastrocche.it\/contenuti\/wp-json\/wp\/v2\/posts"}],"about":[{"href":"https:\/\/www.filastrocche.it\/contenuti\/wp-json\/wp\/v2\/types\/post"}],"author":[{"embeddable":true,"href":"https:\/\/www.filastrocche.it\/contenuti\/wp-json\/wp\/v2\/users\/5"}],"replies":[{"embeddable":true,"href":"https:\/\/www.filastrocche.it\/contenuti\/wp-json\/wp\/v2\/comments?post=110709"}],"version-history":[{"count":2,"href":"https:\/\/www.filastrocche.it\/contenuti\/wp-json\/wp\/v2\/posts\/110709\/revisions"}],"predecessor-version":[{"id":201847,"href":"https:\/\/www.filastrocche.it\/contenuti\/wp-json\/wp\/v2\/posts\/110709\/revisions\/201847"}],"wp:featuredmedia":[{"embeddable":true,"href":"https:\/\/www.filastrocche.it\/contenuti\/wp-json\/wp\/v2\/media\/148029"}],"wp:attachment":[{"href":"https:\/\/www.filastrocche.it\/contenuti\/wp-json\/wp\/v2\/media?parent=110709"}],"wp:term":[{"taxonomy":"category","embeddable":true,"href":"https:\/\/www.filastrocche.it\/contenuti\/wp-json\/wp\/v2\/categories?post=110709"},{"taxonomy":"post_tag","embeddable":true,"href":"https:\/\/www.filastrocche.it\/contenuti\/wp-json\/wp\/v2\/tags?post=110709"},{"taxonomy":"sponsors","embeddable":true,"href":"https:\/\/www.filastrocche.it\/contenuti\/wp-json\/wp\/v2\/sponsors?post=110709"}],"curies":[{"name":"wp","href":"https:\/\/api.w.org\/{rel}","templated":true}]}}