{"id":112851,"date":"2006-02-13T12:41:50","date_gmt":"2006-02-13T10:41:50","guid":{"rendered":"https:\/\/www.filastrocche.it\/contenuti\/biscotti-per-il-papa\/"},"modified":"2018-02-20T13:44:04","modified_gmt":"2018-02-20T11:44:04","slug":"biscotti-per-il-papa","status":"publish","type":"post","link":"https:\/\/www.filastrocche.it\/contenuti\/biscotti-per-il-papa\/","title":{"rendered":"Biscotti per il pap\u00e0"},"content":{"rendered":"<p><a href=\"https:\/\/www.filastrocche.it\/contenuti\/wp-content\/uploads\/2006\/02\/biscotti-lettere-550.jpg\"><img loading=\"lazy\" decoding=\"async\" width=\"550\" height=\"367\" class=\"aligncenter wp-image-198777 size-full\" title=\"Biscotti per il pap\u00e0\" src=\"https:\/\/www.filastrocche.it\/contenuti\/wp-content\/uploads\/2006\/02\/biscotti-lettere-550.jpg\" alt=\"Biscotti per il pap\u00e0\" srcset=\"https:\/\/www.filastrocche.it\/contenuti\/wp-content\/uploads\/2006\/02\/biscotti-lettere-550.jpg 550w, https:\/\/www.filastrocche.it\/contenuti\/wp-content\/uploads\/2006\/02\/biscotti-lettere-550-300x200.jpg 300w\" sizes=\"auto, (max-width: 550px) 100vw, 550px\" \/><\/a><\/p>\n<h2>Come si prepararno i <strong>Biscotti per il pap\u00e0<\/strong>?<\/h2>\n<p>Prepariamo insieme dei gustosi <strong>Biscotti per il pap\u00e0 <\/strong>da gustare nel giorno della sua Festa!<\/p>\n<p>&nbsp;<\/p>\n<h3>Cosa occorre per fare i <strong>Biscotti per il pap\u00e0<\/strong><\/h3>\n<p>Dose per circa 12 biscotti<\/p>\n<ul>\n<li>1 bicchiere di farina col lievito<\/li>\n<li>1\/2 cucchiaio di farina fine di mais<\/li>\n<li>1\/3 di bicchiere di burro fuso<\/li>\n<li>1\/4 di bicchiere di zucchero raffinato<\/li>\n<li>1 uovo<\/li>\n<li>Un p\u00f2 di farina bianca<\/li>\n<\/ul>\n<p><em>Per la glassa<\/em><\/p>\n<ul>\n<li>1\/2 bicchiere di zucchero a velo<\/li>\n<li>Poca acqua e succo di limone<\/li>\n<\/ul>\n<p>&nbsp;<\/p>\n<h3>Come si procede per fare i <strong>Biscotti per il pap\u00e0<\/strong><\/h3>\n<p>Setacciate in una terrina la farina con il lievito e quella di mais e mescolatele con il burro fuso.<\/p>\n<p>Intanto sbattete l&#8217;uovo e aggiungetelo, insieme allo zucchero.<\/p>\n<p>Trasferite l&#8217;impasto sul tavolo infarinato e impastate bene.<\/p>\n<p>Formate delle lunghe salsicce sottili, con le quali creerete le lettere del nome del pap\u00e0.<\/p>\n<p>Stendete della carta da forno sulla teglia del forno preriscaldato a 180\u00b0 e su questa disponete i biscotti, che dovranno cuocere 20 minuti.<\/p>\n<p>Se volete, una volta freddi potete ricoprirli con una glassa ottenuta mescolando dello zucchero a velo con poca acqua e succo di limone.<\/p>\n<p>Una dolce sorpresa per la colazione del vostro pap\u00e0!<\/p>\n<p>&nbsp;<\/p>\n<p><a href=\"https:\/\/www.filastrocche.it\/feste\/ricette-per-la-festa-del-papa\/\"><img loading=\"lazy\" decoding=\"async\" width=\"120\" height=\"142\" class=\"alignnone wp-image-198547 size-full\" title=\"Ricette per la Festa del Pap\u00e0\" src=\"https:\/\/www.filastrocche.it\/contenuti\/wp-content\/uploads\/2018\/02\/mistrali-ricette-piatto-pollo-120.jpg\" alt=\"Ricette per la Festa del Pap\u00e0\"   \/><\/a><br \/>\nSe cercate delle <a href=\"https:\/\/www.filastrocche.it\/feste\/ricette-per-la-festa-del-papa\/\"><strong>Ricette per la Festa del Pap\u00e0, cliccate qui<\/strong><\/a>!<\/p>\n<p><a href=\"https:\/\/www.filastrocche.it\/feste\/lavoretti-per-la-festa-del-papa\/\"><img loading=\"lazy\" decoding=\"async\" width=\"150\" height=\"101\" class=\"alignnone wp-image-198551 size-full\" title=\"Lavoretti per la Festa del Pap\u00e0\" src=\"https:\/\/www.filastrocche.it\/contenuti\/wp-content\/uploads\/2018\/02\/lavoretti-festa-del-papa-150.jpg\" alt=\"Lavoretti per la Festa del Pap\u00e0\"   \/><\/a><br \/>\nSe state cercando dei <strong><a title=\"Lavoretti per la Festa del Pap\u00e0\" href=\"https:\/\/www.filastrocche.it\/feste\/lavoretti-per-la-festa-del-papa\/\">LAVORETTI per la Festa del Pap\u00e0, cliccate qui<\/a><\/strong>!<\/p>\n<p><a href=\"https:\/\/www.filastrocche.it\/feste\/idee-regalo-fai-da-te-per-la-festa-del-papa\/\"><img loading=\"lazy\" decoding=\"async\" width=\"150\" height=\"140\" class=\"alignnone wp-image-198549 size-full\" title=\"Idee regalo per la Festa del Pap\u00e0\" src=\"https:\/\/www.filastrocche.it\/contenuti\/wp-content\/uploads\/2018\/02\/mistrali-festa-papa-regalo-150.jpg\" alt=\"Idee regalo per la Festa del Pap\u00e0\"   \/><\/a><br \/>\nSe state cercando delle <strong><a title=\"Idee regalo per la Festa del Pap\u00e0\" href=\"https:\/\/www.filastrocche.it\/feste\/idee-regalo-fai-da-te-per-la-festa-del-papa\/\">IDEE REGALO per la Festa del Pap\u00e0, cliccate qui<\/a><\/strong>!<\/p>\n<p>&nbsp;<\/p>\n<p><a href=\"https:\/\/www.filastrocche.it\/feste\/poesie-per-la-festa-del-papa\/\"><img loading=\"lazy\" decoding=\"async\" width=\"150\" height=\"124\" class=\"alignnone wp-image-198563 size-full\" title=\"Poesie per la Festa del Pap\u00e0\" src=\"https:\/\/www.filastrocche.it\/contenuti\/wp-content\/uploads\/2018\/02\/poesie-per-la-festa-del-papa-150.jpg\" alt=\"Poesie per la Festa del Pap\u00e0\"   \/><\/a><br \/>\nPer le migliori <a href=\"https:\/\/www.filastrocche.it\/feste\/poesie-per-la-festa-del-papa\/\"><strong>Poesie per la Festa del Pap\u00e0, cliccate qui<\/strong><\/a>!<\/p>\n<p><a href=\"https:\/\/www.filastrocche.it\/feste\/filastrocche-per-la-festa-del-papa\/\"><img loading=\"lazy\" decoding=\"async\" width=\"150\" height=\"150\" class=\"alignnone wp-image-198561 size-full\" title=\"Filastrocche per la Festa del Pap\u00e0\" src=\"https:\/\/www.filastrocche.it\/contenuti\/wp-content\/uploads\/2018\/02\/filastrocche-per-la-festa-del-papa-150.jpg\" alt=\"Filastrocche per la Festa del Pap\u00e0\"   \/><\/a><br \/>\nPer le pi\u00f9 belle <a href=\"https:\/\/www.filastrocche.it\/feste\/filastrocche-per-la-festa-del-papa\/\"><strong>Filastrocche per la Festa del Pap\u00e0, cliccate qui<\/strong><\/a>!<\/p>\n<p><a href=\"https:\/\/www.filastrocche.it\/feste\/filastrocche-per-la-festa-del-papa-tradizionali-o-dautore\/\"><img loading=\"lazy\" decoding=\"async\" width=\"150\" height=\"129\" class=\"alignnone wp-image-198559 size-full\" title=\"filastrocche per la Festa del Pap\u00e0\" src=\"https:\/\/www.filastrocche.it\/contenuti\/wp-content\/uploads\/2018\/02\/mistrali-festa-papa-pipa-150.jpg\" alt=\"filastrocche per la Festa del Pap\u00e0\"   \/><\/a><br \/>\nPer altre <a href=\"https:\/\/www.filastrocche.it\/feste\/filastrocche-per-la-festa-del-papa-tradizionali-o-dautore\/\"><strong>filastrocche per la Festa del Pap\u00e0, cliccate qui<\/strong><\/a>!<\/p>\n<p><a href=\"https:\/\/www.filastrocche.it\/leggiamo\/jolanda-restano-filastrocche-per-la-festa-del-papa\/\"><img loading=\"lazy\" decoding=\"async\" width=\"100\" height=\"168\" class=\"alignnone wp-image-198557 size-full\" title=\"filastrocche per il vostro Pap\u00e0 scritte da Jolanda Restano\" src=\"https:\/\/www.filastrocche.it\/contenuti\/wp-content\/uploads\/2018\/02\/mistrali-festa-papa-bimba-100.jpg\" alt=\"filastrocche per il vostro Pap\u00e0 scritte da Jolanda Restano\"   \/><\/a><br \/>\nSe volete leggere <strong>le filastrocche per il vostro Pap\u00e0<\/strong> <strong><a title=\"Filastrocche per la Festa del Pap\u00e0 di Jolanda Restano\" href=\"https:\/\/www.filastrocche.it\/leggiamo\/jolanda-restano-filastrocche-per-la-festa-del-papa\/\">scritte da Jolanda Restano, cliccate qui!<\/a><\/strong><\/p>\n<p><a href=\"https:\/\/www.filastrocche.it\/feste\/filastrocche-per-la-festa-del-papa-scritte-dagli-utenti-del-sito\/\"><img loading=\"lazy\" decoding=\"async\" width=\"100\" height=\"195\" class=\"alignnone wp-image-198555 size-full\" title=\"filastrocche per la Festa del Pap\u00e0\" src=\"https:\/\/www.filastrocche.it\/contenuti\/wp-content\/uploads\/2018\/02\/mistrali-festa-papa-bimbo-100.jpg\" alt=\"filastrocche per la Festa del Pap\u00e0\"   \/><\/a><br \/>\nSe invece vi interessano le <strong><a title=\"Filastrocche per la Festa del Pap\u00e0 scritte dagli utenti del sito\" href=\"https:\/\/www.filastrocche.it\/feste\/filastrocche-per-la-festa-del-papa-scritte-dagli-utenti-del-sito\/\">filastrocche per la Festa del Pap\u00e0 scritte da voi, cliccate qui<\/a><\/strong>!<\/p>\n<p><a href=\"https:\/\/www.filastrocche.it\/feste\/frasi-per-la-festa-del-papa\/\"><img loading=\"lazy\" decoding=\"async\" width=\"150\" height=\"134\" class=\"alignnone wp-image-198553 size-full\" title=\"Frasi per la Festa del Pap\u00e0\" src=\"https:\/\/www.filastrocche.it\/contenuti\/wp-content\/uploads\/2018\/02\/frasi-per-la-festa-del-papa-150.jpg\" alt=\"Frasi per la Festa del Pap\u00e0\"   \/><\/a><a href=\"https:\/\/www.filastrocche.it\/feste\/frasi-per-la-festa-del-papa\/\"><br \/>\n<\/a>Per le pi\u00f9 belle <a href=\"https:\/\/www.filastrocche.it\/feste\/frasi-per-la-festa-del-papa\/\"><strong>Frasi per la Festa del Pap\u00e0, cliccate qui<\/strong><\/a>!<\/p>\n<p>&nbsp;<\/p>\n<p><a href=\"https:\/\/www.filastrocche.it\/feste\/speciale-festa-del-papa\/\"><img loading=\"lazy\" decoding=\"async\" width=\"198\" height=\"47\" class=\"alignnone wp-image-198545 size-full\" title=\"Speciale Festa del Pap\u00e0\" src=\"https:\/\/www.filastrocche.it\/contenuti\/wp-content\/uploads\/2018\/02\/festa_papa.gif\" alt=\"Speciale Festa del Pap\u00e0\"   \/><\/a><br \/>\n<a href=\"https:\/\/www.filastrocche.it\/feste\/speciale-festa-del-papa\/\"><strong>Visita lo Speciale Festa del Pap\u00e0!<\/strong><\/a><\/p>\n","protected":false},"excerpt":{"rendered":"<p>Come si prepararno i Biscotti per il pap\u00e0? Prepariamo insieme dei gustosi Biscotti per il pap\u00e0 da gustare nel giorno della sua Festa! &nbsp; Cosa occorre per fare i Biscotti per il pap\u00e0 Dose per circa 12 biscotti 1 bicchiere di farina col lievito 1\/2 cucchiaio di farina fine di mais 1\/3 di bicchiere di [&hellip;]<\/p>\n","protected":false},"author":5,"featured_media":198777,"comment_status":"open","ping_status":"open","sticky":false,"template":"","format":"standard","meta":{"footnotes":""},"categories":[57,11],"tags":[461,515,517,299],"sponsors":[],"class_list":["post-112851","post","type-post","status-publish","format-standard","has-post-thumbnail","hentry","category-piccoli-cuochi","category-ricette","tag-biscotti","tag-festa-del-papa-2","tag-papa","tag-ricetta","occasioni-festa-del-papa","lingua-italiano","scopo-intrattenimento"],"yoast_head":"<!-- This site is optimized with the Yoast SEO plugin v26.2 - https:\/\/yoast.com\/wordpress\/plugins\/seo\/ -->\n<title>Biscotti per il pap\u00e0 - Ricette per la Festa del Pap\u00e0 su Filastrocche.it<\/title>\n<meta name=\"description\" content=\"Impariamo a preparare dei Biscotti per il pap\u00e0 da gustare nel giorno della sua Festa! Una ricetta semplice, ma gustosa per fare insieme al pap\u00e0!\" \/>\n<meta name=\"robots\" content=\"index, follow, max-snippet:-1, max-image-preview:large, max-video-preview:-1\" \/>\n<link rel=\"canonical\" href=\"https:\/\/www.filastrocche.it\/contenuti\/biscotti-per-il-papa\/\" \/>\n<meta property=\"og:locale\" content=\"it_IT\" \/>\n<meta property=\"og:type\" content=\"article\" \/>\n<meta property=\"og:title\" content=\"Biscotti per il pap\u00e0 - Ricette per la Festa del Pap\u00e0 su Filastrocche.it\" \/>\n<meta property=\"og:description\" content=\"Impariamo a preparare dei Biscotti per il pap\u00e0 da gustare nel giorno della sua Festa! Una ricetta semplice, ma gustosa per fare insieme al pap\u00e0!\" \/>\n<meta property=\"og:url\" content=\"https:\/\/www.filastrocche.it\/contenuti\/biscotti-per-il-papa\/\" \/>\n<meta property=\"og:site_name\" content=\"I testi della tradizione di Filastrocche.it\" \/>\n<meta property=\"article:author\" content=\"http:\/\/www.facebook.com\/jolanda.restano\" \/>\n<meta property=\"article:published_time\" content=\"2006-02-13T10:41:50+00:00\" \/>\n<meta property=\"article:modified_time\" content=\"2018-02-20T11:44:04+00:00\" \/>\n<meta property=\"og:image\" content=\"https:\/\/www.filastrocche.it\/contenuti\/wp-content\/uploads\/2006\/02\/biscotti-lettere-550.jpg\" \/>\n\t<meta property=\"og:image:width\" content=\"550\" \/>\n\t<meta property=\"og:image:height\" content=\"367\" \/>\n\t<meta property=\"og:image:type\" content=\"image\/jpeg\" \/>\n<meta name=\"author\" content=\"Jolanda\" \/>\n<meta name=\"twitter:label1\" content=\"Scritto da\" \/>\n\t<meta name=\"twitter:data1\" content=\"Jolanda\" \/>\n\t<meta name=\"twitter:label2\" content=\"Tempo di lettura stimato\" \/>\n\t<meta name=\"twitter:data2\" content=\"2 minuti\" \/>\n<!-- \/ Yoast SEO plugin. -->","yoast_head_json":{"title":"Biscotti per il pap\u00e0 - Ricette per la Festa del Pap\u00e0 su Filastrocche.it","description":"Impariamo a preparare dei Biscotti per il pap\u00e0 da gustare nel giorno della sua Festa! Una ricetta semplice, ma gustosa per fare insieme al pap\u00e0!","robots":{"index":"index","follow":"follow","max-snippet":"max-snippet:-1","max-image-preview":"max-image-preview:large","max-video-preview":"max-video-preview:-1"},"canonical":"https:\/\/www.filastrocche.it\/contenuti\/biscotti-per-il-papa\/","og_locale":"it_IT","og_type":"article","og_title":"Biscotti per il pap\u00e0 - Ricette per la Festa del Pap\u00e0 su Filastrocche.it","og_description":"Impariamo a preparare dei Biscotti per il pap\u00e0 da gustare nel giorno della sua Festa! Una ricetta semplice, ma gustosa per fare insieme al pap\u00e0!","og_url":"https:\/\/www.filastrocche.it\/contenuti\/biscotti-per-il-papa\/","og_site_name":"I testi della tradizione di Filastrocche.it","article_author":"http:\/\/www.facebook.com\/jolanda.restano","article_published_time":"2006-02-13T10:41:50+00:00","article_modified_time":"2018-02-20T11:44:04+00:00","og_image":[{"width":550,"height":367,"url":"https:\/\/www.filastrocche.it\/contenuti\/wp-content\/uploads\/2006\/02\/biscotti-lettere-550.jpg","type":"image\/jpeg"}],"author":"Jolanda","twitter_misc":{"Scritto da":"Jolanda","Tempo di lettura stimato":"2 minuti"},"schema":{"@context":"https:\/\/schema.org","@graph":[{"@type":"WebPage","@id":"https:\/\/www.filastrocche.it\/contenuti\/biscotti-per-il-papa\/","url":"https:\/\/www.filastrocche.it\/contenuti\/biscotti-per-il-papa\/","name":"Biscotti per il pap\u00e0 - Ricette per la Festa del Pap\u00e0 su Filastrocche.it","isPartOf":{"@id":"https:\/\/www.filastrocche.it\/contenuti\/#website"},"primaryImageOfPage":{"@id":"https:\/\/www.filastrocche.it\/contenuti\/biscotti-per-il-papa\/#primaryimage"},"image":{"@id":"https:\/\/www.filastrocche.it\/contenuti\/biscotti-per-il-papa\/#primaryimage"},"thumbnailUrl":"https:\/\/www.filastrocche.it\/contenuti\/wp-content\/uploads\/2006\/02\/biscotti-lettere-550.jpg","datePublished":"2006-02-13T10:41:50+00:00","dateModified":"2018-02-20T11:44:04+00:00","author":{"@id":"https:\/\/www.filastrocche.it\/contenuti\/#\/schema\/person\/13a7995b740342851d3a3c001f9dd658"},"description":"Impariamo a preparare dei Biscotti per il pap\u00e0 da gustare nel giorno della sua Festa! Una ricetta semplice, ma gustosa per fare insieme al pap\u00e0!","breadcrumb":{"@id":"https:\/\/www.filastrocche.it\/contenuti\/biscotti-per-il-papa\/#breadcrumb"},"inLanguage":"it-IT","potentialAction":[{"@type":"ReadAction","target":["https:\/\/www.filastrocche.it\/contenuti\/biscotti-per-il-papa\/"]}]},{"@type":"ImageObject","inLanguage":"it-IT","@id":"https:\/\/www.filastrocche.it\/contenuti\/biscotti-per-il-papa\/#primaryimage","url":"https:\/\/www.filastrocche.it\/contenuti\/wp-content\/uploads\/2006\/02\/biscotti-lettere-550.jpg","contentUrl":"https:\/\/www.filastrocche.it\/contenuti\/wp-content\/uploads\/2006\/02\/biscotti-lettere-550.jpg","width":550,"height":367,"caption":"Mixed cookie letter"},{"@type":"BreadcrumbList","@id":"https:\/\/www.filastrocche.it\/contenuti\/biscotti-per-il-papa\/#breadcrumb","itemListElement":[{"@type":"ListItem","position":1,"name":"Home","item":"https:\/\/www.filastrocche.it\/contenuti\/"},{"@type":"ListItem","position":2,"name":"Biscotti per il pap\u00e0"}]},{"@type":"WebSite","@id":"https:\/\/www.filastrocche.it\/contenuti\/#website","url":"https:\/\/www.filastrocche.it\/contenuti\/","name":"I testi della tradizione di Filastrocche.it","description":"Filastrocche, fiabe, canzoni e...","potentialAction":[{"@type":"SearchAction","target":{"@type":"EntryPoint","urlTemplate":"https:\/\/www.filastrocche.it\/contenuti\/?s={search_term_string}"},"query-input":{"@type":"PropertyValueSpecification","valueRequired":true,"valueName":"search_term_string"}}],"inLanguage":"it-IT"},{"@type":"Person","@id":"https:\/\/www.filastrocche.it\/contenuti\/#\/schema\/person\/13a7995b740342851d3a3c001f9dd658","name":"Jolanda","image":{"@type":"ImageObject","inLanguage":"it-IT","@id":"https:\/\/www.filastrocche.it\/contenuti\/#\/schema\/person\/image\/","url":"https:\/\/secure.gravatar.com\/avatar\/1b1f38df48384d8f75481e92c0cbf9e3494d37f3cf35cd02b0f5cba7d63f7349?s=96&d=mm&r=g","contentUrl":"https:\/\/secure.gravatar.com\/avatar\/1b1f38df48384d8f75481e92c0cbf9e3494d37f3cf35cd02b0f5cba7d63f7349?s=96&d=mm&r=g","caption":"Jolanda"},"sameAs":["http:\/\/www.facebook.com\/jolanda.restano","https:\/\/x.com\/jolandarestano"],"url":"https:\/\/www.filastrocche.it\/contenuti\/author\/jolanda\/"}]}},"_links":{"self":[{"href":"https:\/\/www.filastrocche.it\/contenuti\/wp-json\/wp\/v2\/posts\/112851","targetHints":{"allow":["GET"]}}],"collection":[{"href":"https:\/\/www.filastrocche.it\/contenuti\/wp-json\/wp\/v2\/posts"}],"about":[{"href":"https:\/\/www.filastrocche.it\/contenuti\/wp-json\/wp\/v2\/types\/post"}],"author":[{"embeddable":true,"href":"https:\/\/www.filastrocche.it\/contenuti\/wp-json\/wp\/v2\/users\/5"}],"replies":[{"embeddable":true,"href":"https:\/\/www.filastrocche.it\/contenuti\/wp-json\/wp\/v2\/comments?post=112851"}],"version-history":[{"count":4,"href":"https:\/\/www.filastrocche.it\/contenuti\/wp-json\/wp\/v2\/posts\/112851\/revisions"}],"predecessor-version":[{"id":198779,"href":"https:\/\/www.filastrocche.it\/contenuti\/wp-json\/wp\/v2\/posts\/112851\/revisions\/198779"}],"wp:featuredmedia":[{"embeddable":true,"href":"https:\/\/www.filastrocche.it\/contenuti\/wp-json\/wp\/v2\/media\/198777"}],"wp:attachment":[{"href":"https:\/\/www.filastrocche.it\/contenuti\/wp-json\/wp\/v2\/media?parent=112851"}],"wp:term":[{"taxonomy":"category","embeddable":true,"href":"https:\/\/www.filastrocche.it\/contenuti\/wp-json\/wp\/v2\/categories?post=112851"},{"taxonomy":"post_tag","embeddable":true,"href":"https:\/\/www.filastrocche.it\/contenuti\/wp-json\/wp\/v2\/tags?post=112851"},{"taxonomy":"sponsors","embeddable":true,"href":"https:\/\/www.filastrocche.it\/contenuti\/wp-json\/wp\/v2\/sponsors?post=112851"}],"curies":[{"name":"wp","href":"https:\/\/api.w.org\/{rel}","templated":true}]}}