{"id":116569,"date":"2008-03-19T12:56:02","date_gmt":"2008-03-19T12:56:02","guid":{"rendered":"https:\/\/www.filastrocche.it\/contenuti\/e-in-arrivo-un-treno-carico-di\/"},"modified":"2019-03-22T17:48:49","modified_gmt":"2019-03-22T15:48:49","slug":"e-in-arrivo-un-treno-carico-di","status":"publish","type":"post","link":"https:\/\/www.filastrocche.it\/contenuti\/e-in-arrivo-un-treno-carico-di\/","title":{"rendered":"\u00c8 in arrivo un treno carico di&#8230;"},"content":{"rendered":"<p><a href=\"https:\/\/www.filastrocche.it\/contenuti\/wp-content\/uploads\/2004\/09\/treno550.jpg\"><img loading=\"lazy\" decoding=\"async\" width=\"550\" height=\"350\" class=\"aligncenter wp-image-145423 size-full\" title=\"Capodanno\" src=\"https:\/\/www.filastrocche.it\/contenuti\/wp-content\/uploads\/2004\/09\/treno550.jpg\" alt=\"Capodanno\" srcset=\"https:\/\/www.filastrocche.it\/contenuti\/wp-content\/uploads\/2004\/09\/treno550.jpg 550w, https:\/\/www.filastrocche.it\/contenuti\/wp-content\/uploads\/2004\/09\/treno550-300x190.jpg 300w\" sizes=\"auto, (max-width: 550px) 100vw, 550px\" \/><\/a><\/p>\n<h2>Leggiamo insieme: <strong>\u00c8 in arrivo un treno carico di&#8230;<\/strong> di Gianni Rodari<\/h2>\n<p>Nella notte di Capodanno,<br \/>\nquando tutti a nanna vanno,<br \/>\n\u00e8 in arrivo sul primo binario<br \/>\nun direttissimo straordinario,<br \/>\ncomposto di dodici vagoni<br \/>\ntutti carichi di doni&#8230;<\/p>\n<p><strong>Gennaio<\/strong><br \/>\nSul primo vagone, sola soletta,<br \/>\nc&#8217;\u00e8 una simpatica vecchietta.<br \/>\nDeve amar molto la pulizia<br \/>\nperch\u00e9 una scopa le fa compagnia&#8230;<br \/>\nDalla sua gerla spunta il piedino<br \/>\ndi una bambola o d&#8217;un burattino.<br \/>\n&#8211; Ho tanti nipoti, &#8211; borbotta, &#8211; ma tanti!<br \/>\nE se volete sapere quanti,<br \/>\ncontate tutte le calze di lana<br \/>\nche aspettano il dono della Befana.<\/p>\n<p><strong>Febbraio<\/strong><br \/>\nSecondo vagone, che confusione!<br \/>\nCarnevale fa il pazzerellone:<br \/>\nc&#8217;\u00e8 Arlecchino, c&#8217;\u00e8 Colombina,<br \/>\nc&#8217;\u00e8 Pierrot con la sua damina,<br \/>\ne accanto alle maschere d&#8217;una volta<br \/>\ngaloppano indiani a briglia sciolta,<br \/>\nsceriffi sparano caramelle,<br \/>\nastronauti lanciano stelle<br \/>\nfilanti, e sognano a fumetti<br \/>\ncome gli eroi dei loro giornaletti.<\/p>\n<p><strong>Marzo<\/strong><br \/>\nSul terzo vagone<br \/>\nviaggia la Primavera<br \/>\ncol vento marzolino.<br \/>\nGocce ridono e piangono<br \/>\nsui vetri del finestrino.<br \/>\nUna rondine svola,<br \/>\nprofuma una viola&#8230;<br \/>\nTutta roba per la campagna.<br \/>\nIn citt\u00e0, fra il cemento,<br \/>\nprofumano soltanto<br \/>\ni tubi di scappamento.<\/p>\n<p><strong>Aprile<\/strong><br \/>\nIl quarto vagone \u00e8 riservato<br \/>\na un pasticcere rinomato<br \/>\nche prepara, per la Pasqua,<br \/>\nle uova di cioccolato.<br \/>\nAl posto del pulcino c&#8217;\u00e8 la sorpresa.<br \/>\nCampane di zucchero<br \/>\nsuoneranno a distesa.<\/p>\n<p><strong>Maggio<\/strong><br \/>\nUn carico giocondo<br \/>\nriempie il quinto vagone:<br \/>\ntutti i fiori del mondo,<br \/>\ntutti i canti di Maggio&#8230;<br \/>\nBuon viaggio! Buon viaggio!<\/p>\n<p><strong>Giugno<\/strong><br \/>\nGiugno, la falce in pugno!<br \/>\nMa sul sesto vagone<br \/>\n10 non vedo soltanto<br \/>\nle messi ricche e buone&#8230;<br \/>\nVedo anche le pagelle:<br \/>\nun po&#8217; brutte, un po&#8217; belle,<br \/>\nun po&#8217; gulp, un po&#8217; squash!<br \/>\nAh, che brutta invenzione,<br \/>\namici miei,<br \/>\nquei cinque numeri prima del sei.<\/p>\n<p><strong>Luglio<\/strong><br \/>\nIl settimo vagone<br \/>\n\u00e8 tutto sole e mare:<br \/>\naffrettatevi a montare!<br \/>\nNon ci sono sedili, ma ombrelloni.<br \/>\nCi si tuffa dai finestrini<br \/>\nmeglio che dai trampolini.<br \/>\nC&#8217;\u00e8 tutto l&#8217;Adriatico,<br \/>\nc&#8217;\u00e8 tutto il Tirreno:<br \/>\nnon ci sono tuttii bambini&#8230;<br \/>\necco perch\u00e9 il vagone non \u00e8 pieno.<\/p>\n<p><strong>Agosto<\/strong><br \/>\nSull&#8217;ottavo vagone<br \/>\nci sono le citt\u00e0:<br \/>\nsaranno regalate<br \/>\na chi resta in citt\u00e0<br \/>\ntutta l&#8217;estate.<br \/>\nAvr\u00e0 le strade a sua disposizione:<br \/>\ncorrer\u00e0, svolter\u00e0, parchegger\u00e0<br \/>\nda padrone.<br \/>\nA destra e a sinistra<br \/>\nsorpasser\u00e0 se stesso&#8230;<br \/>\nMa di sera sar\u00e0 triste lo stesso.<\/p>\n<p><strong>Settembre<\/strong><br \/>\nOsservate sul nono vagone<br \/>\ngli esami di riparazione.<br \/>\nSeveri, solenni come becchini&#8230;<br \/>\ne se la pigliano con i bambini!<br \/>\nPerch\u00e9 qualche volta, per cambiare,<br \/>\nnon sono i grandi a riparare?<\/p>\n<p><strong>Ottobre<\/strong><br \/>\nSul decimo vagone<br \/>\nci sono tanti banchi,<br \/>\nc&#8217;\u00e8 una lavagna nera<br \/>\ne dei gessetti bianchi.<br \/>\nDai vetri spalancati<br \/>\nil mondo intero pu\u00f2 entrare:<br \/>\n\u00e8 un ottimo maestro<br \/>\nper chi lo sa ascoltare.<\/p>\n<p><strong>Novembre<\/strong><br \/>\nSull&#8217;undicesimo vagone<br \/>\nc&#8217;\u00e8 un buon odore di castagne,<br \/>\npaesi grigi, grige campagne<br \/>\ngi\u00e0 rassegnate al primo nebbione,<br \/>\ne buoni libri da leggere a sera<br \/>\ndopo aver spento la televisione.<\/p>\n<p><strong>Dicembre<\/strong><br \/>\nEd ecco l&#8217;ultimo vagone,<br \/>\n\u00e8 fatto tutto di panettone,<br \/>\nha i cuscini di cedro candito<br \/>\ne le porte di torrone.<br \/>\nAppena in stazione sar\u00e0 mangiato<br \/>\ndi buon umore e di buon appetito.<br \/>\nMangeremo anche la panca<br \/>\nsu cui siede a sonnecchiare<br \/>\nBabbo Natale con la barba bianca.<\/p>\n<p>&nbsp;<\/p>\n<p><a href=\"https:\/\/www.filastrocche.it\/feste\/filastrocche-di-gianni-rodari\/\"><img loading=\"lazy\" decoding=\"async\" width=\"150\" height=\"113\" class=\"alignnone wp-image-169527 size-full\" title=\"Filastrocche di Gianni Rodari\" src=\"https:\/\/www.filastrocche.it\/contenuti\/wp-content\/uploads\/2008\/03\/filastrocche-di-gianni-rodari-150.jpg\" alt=\"Filastrocche di Gianni Rodari\"   \/><\/a><br \/>\nPer altre <a href=\"https:\/\/www.filastrocche.it\/feste\/filastrocche-di-gianni-rodari\/\"><strong>filastrocche di Gianni Rodari<\/strong><\/a>, <a href=\"https:\/\/www.filastrocche.it\/feste\/filastrocche-di-gianni-rodari\/\"><strong>cliccate qui<\/strong><\/a>!<\/p>\n<p><a href=\"https:\/\/www.filastrocche.it\/feste\/poesie-di-gianni-rodari\/\"><img loading=\"lazy\" decoding=\"async\" width=\"150\" height=\"114\" class=\"alignnone wp-image-169529 size-full\" title=\"Poesie di Gianni Rodari\" src=\"https:\/\/www.filastrocche.it\/contenuti\/wp-content\/uploads\/2008\/03\/gianni-rodari-4-150.jpg\" alt=\"Poesie di Gianni Rodari\"   \/><\/a><br \/>\nPer le <a href=\"https:\/\/www.filastrocche.it\/feste\/poesie-di-gianni-rodari\/\"><strong>poesie di Gianni Rodari<\/strong><\/a>, <a href=\"https:\/\/www.filastrocche.it\/feste\/poesie-di-gianni-rodari\/\"><strong>cliccate qui<\/strong><\/a>!<\/p>\n<p><a href=\"https:\/\/www.filastrocche.it\/feste\/favole-di-gianni-rodari\/\"><img loading=\"lazy\" decoding=\"async\" width=\"150\" height=\"118\" class=\"alignnone wp-image-169531 size-full\" title=\"Favole di Gianni Rodari\" src=\"https:\/\/www.filastrocche.it\/contenuti\/wp-content\/uploads\/2008\/03\/gianni-rodari-2-150.jpg\" alt=\"Favole di Gianni Rodari\"   \/><\/a><br \/>\nPer le <a href=\"https:\/\/www.filastrocche.it\/feste\/favole-di-gianni-rodari\/\"><strong>favole di Gianni Rodari<\/strong><\/a>, <a href=\"https:\/\/www.filastrocche.it\/feste\/favole-di-gianni-rodari\/\"><strong>cliccate qui<\/strong><\/a>!<\/p>\n<p><a href=\"https:\/\/www.filastrocche.it\/feste\/frasi-di-gianni-rodari\/\"><img loading=\"lazy\" decoding=\"async\" width=\"150\" height=\"118\" class=\"alignnone wp-image-169533 size-full\" title=\"Frasi di Gianni Rodari\" src=\"https:\/\/www.filastrocche.it\/contenuti\/wp-content\/uploads\/2008\/03\/gianni-rodari-3-150.jpg\" alt=\"Frasi di Gianni Rodari\"   \/><\/a><br \/>\nPer le <a href=\"https:\/\/www.filastrocche.it\/feste\/frasi-di-gianni-rodari\/\"><strong>frasi di Gianni Rodari<\/strong><\/a>, <a href=\"https:\/\/www.filastrocche.it\/feste\/frasi-di-gianni-rodari\/\"><strong>cliccate qui<\/strong><\/a>!<\/p>\n<p>&nbsp;<\/p>\n<p><a href=\"https:\/\/www.filastrocche.it\/feste\/filastrocche-di-capodanno\/\"><img loading=\"lazy\" decoding=\"async\" width=\"150\" height=\"99\" class=\"alignnone wp-image-188157 size-full\" title=\"Filastrocche di Capodanno\" src=\"https:\/\/www.filastrocche.it\/contenuti\/wp-content\/uploads\/2017\/11\/filastrocche-capodanno-150.jpg\" alt=\"Filastrocche di Capodanno\"   \/><\/a><br \/>\nPer le pi\u00f9 belle <a href=\"https:\/\/www.filastrocche.it\/feste\/filastrocche-di-capodanno\/\"><strong>Filastrocche di Capodanno, cliccate qui<\/strong><\/a>!<\/p>\n<p><a href=\"https:\/\/www.filastrocche.it\/feste\/poesie-di-capodanno\/\"><img loading=\"lazy\" decoding=\"async\" width=\"150\" height=\"150\" class=\"alignnone wp-image-188155 size-full\" title=\"Poesie di Capodanno\" src=\"https:\/\/www.filastrocche.it\/contenuti\/wp-content\/uploads\/2017\/11\/poesie-capodanno-150.jpg\" alt=\"Poesie di Capodanno\"   \/><\/a><br \/>\nPer le migliori <a href=\"https:\/\/www.filastrocche.it\/feste\/poesie-di-capodanno\/\"><strong>Poesie di Capodanno, cliccate qui<\/strong><\/a>!<\/p>\n<p><a href=\"https:\/\/www.filastrocche.it\/feste\/poesie-su-epifania\/\"><img loading=\"lazy\" decoding=\"async\" width=\"150\" height=\"150\" class=\"alignnone wp-image-188153 size-full\" title=\"Poesie su Epifania\" src=\"https:\/\/www.filastrocche.it\/contenuti\/wp-content\/uploads\/2017\/11\/poesie-epifania-re-magi-cometa-150.jpg\" alt=\"Poesie su Epifania\"   \/><\/a><br \/>\nPer le pi\u00f9 belle <a href=\"https:\/\/www.filastrocche.it\/feste\/poesie-su-epifania\/\"><strong>Poesie su Epifania, Re Magi e Stella Cometa, cliccate qui<\/strong><\/a>!<\/p>\n<p><a href=\"https:\/\/www.filastrocche.it\/feste\/filastrocche-su-epifania\/\"><img loading=\"lazy\" decoding=\"async\" width=\"150\" height=\"150\" class=\"alignnone wp-image-188151 size-full\" title=\"Filastrocche su Epifania\" src=\"https:\/\/www.filastrocche.it\/contenuti\/wp-content\/uploads\/2017\/11\/filastrocche-epifania-re-magi-stella-cometa-150.jpg\" alt=\"Filastrocche su Epifania\"   \/><\/a><a href=\"https:\/\/www.filastrocche.it\/contenuti\/wp-content\/uploads\/2017\/11\/filastrocche-epifania-re-magi-stella-cometa-150.jpg\"><br \/>\n<\/a>Per le migliori <a href=\"https:\/\/www.filastrocche.it\/feste\/filastrocche-su-epifania\/\"><strong>Filastrocche su Epifania, Re Magi e stella cometa, clicca qui<\/strong><\/a>!<\/p>\n<p><a href=\"https:\/\/www.filastrocche.it\/feste\/filastrocche-sulla-befana\/\"><img loading=\"lazy\" decoding=\"async\" width=\"150\" height=\"132\" class=\"alignnone wp-image-188149 size-full\" title=\"Filastrocche sulla Befana\" src=\"https:\/\/www.filastrocche.it\/contenuti\/wp-content\/uploads\/2017\/11\/filastrocche-befana-150.jpg\" alt=\"Filastrocche sulla Befana\"   \/><\/a><br \/>\nPer le pi\u00f9 belle <a href=\"https:\/\/www.filastrocche.it\/feste\/filastrocche-sulla-befana\/\"><strong>Filastrocche sulla Befana, clicca qui<\/strong><\/a>!<\/p>\n<p><a href=\"https:\/\/www.filastrocche.it\/feste\/poesie-sulla-befana\/\"><img loading=\"lazy\" decoding=\"async\" width=\"150\" height=\"150\" class=\"alignnone wp-image-188147 size-full\" title=\"Poesie sulla Befana\" src=\"https:\/\/www.filastrocche.it\/contenuti\/wp-content\/uploads\/2017\/11\/poesie-befana-150.jpg\" alt=\"Poesie sulla Befana\"   \/><\/a><br \/>\nPer le migliori <a href=\"https:\/\/www.filastrocche.it\/feste\/poesie-sulla-befana\/\"><strong>Poesie sulla Befana, clicca qui<\/strong><\/a>!<\/p>\n<p><a href=\"https:\/\/www.filastrocche.it\/feste\/poesie-di-natale\/\"><img loading=\"lazy\" decoding=\"async\" width=\"150\" height=\"100\" class=\"alignnone wp-image-188165 size-full\" title=\"Poesie di Natale\" src=\"https:\/\/www.filastrocche.it\/contenuti\/wp-content\/uploads\/2017\/11\/poesie-natale-150.jpg\" alt=\"Poesie di Natale\"   \/><\/a><br \/>\nPer le migliori <a href=\"https:\/\/www.filastrocche.it\/feste\/poesie-di-natale\/\"><strong>Poesie di Natale, clicca qui<\/strong><\/a>!<\/p>\n<p><a href=\"https:\/\/www.filastrocche.it\/feste\/filastrocche-di-natale\/\"><img loading=\"lazy\" decoding=\"async\" width=\"150\" height=\"143\" class=\"alignnone wp-image-188163 size-full\" title=\"Filastrocche di Natale\" src=\"https:\/\/www.filastrocche.it\/contenuti\/wp-content\/uploads\/2017\/11\/filastrocche-natale-150.jpg\" alt=\"Filastrocche di Natale\"   \/><\/a><br \/>\nPer le pi\u00f9 belle <a href=\"https:\/\/www.filastrocche.it\/feste\/filastrocche-di-natale\/\"><strong>Filastrocche di Natale, clicca qui<\/strong><\/a>!<\/p>\n<p><a href=\"https:\/\/www.filastrocche.it\/feste\/canzoni-di-natale\/\"><img loading=\"lazy\" decoding=\"async\" width=\"150\" height=\"150\" class=\"alignnone wp-image-188161 size-full\" title=\"Canzoni di Natale\" src=\"https:\/\/www.filastrocche.it\/contenuti\/wp-content\/uploads\/2017\/11\/canzoni-natale-150.jpg\" alt=\"Canzoni di Natale\"   \/><\/a><br \/>\nPer le pi\u00f9 belle <a href=\"https:\/\/www.filastrocche.it\/feste\/canzoni-di-natale\/\"><strong>Canzoni di Natale, clicca qui<\/strong><\/a>!<\/p>\n<p><a href=\"https:\/\/www.filastrocche.it\/feste\/ascolta-le-filastrocche-di-natale\/\"><img loading=\"lazy\" decoding=\"async\" width=\"100\" height=\"138\" class=\"alignnone wp-image-188159 size-full\" title=\"Ascolta le filastrocche di Natale\" src=\"https:\/\/www.filastrocche.it\/contenuti\/wp-content\/uploads\/2017\/11\/recite-natale-120.jpg\" alt=\"Ascolta le filastrocche di Natale\"   \/><\/a><br \/>\nPer ASCOLTARE le <a href=\"https:\/\/www.filastrocche.it\/feste\/ascolta-le-filastrocche-di-natale\/\"><strong>recite di alcune tra le pi\u00f9 famose filastrocche di Natale, clicca qui<\/strong><\/a>!<\/p>\n<p>&nbsp;<\/p>\n<p><strong>E ANCORA:<\/strong><\/p>\n<p><a href=\"https:\/\/www.filastrocche.it\/feste\/speciale-calendario-avvento\/\"><img loading=\"lazy\" decoding=\"async\" width=\"150\" height=\"148\" class=\"alignnone wp-image-187803 size-full\" title=\"Calendario dell'Avvento\" src=\"https:\/\/www.filastrocche.it\/contenuti\/wp-content\/uploads\/2017\/11\/natale-calendario-avvento-150.jpg\" alt=\"Calendario dell'Avvento\"   \/><\/a><br \/>\nPer scoprire <a href=\"https:\/\/www.filastrocche.it\/feste\/speciale-calendario-avvento\/\"><strong>TUTTO sul Calendario dell\u2019Avvento, clicca qui<\/strong><\/a>!<\/p>\n<p><a href=\"https:\/\/www.filastrocche.it\/feste\/lavoretti-di-natale\/\"><img loading=\"lazy\" decoding=\"async\" width=\"150\" height=\"119\" class=\"alignnone wp-image-188145 size-full\" title=\"Lavoretti di Natale\" src=\"https:\/\/www.filastrocche.it\/contenuti\/wp-content\/uploads\/2017\/11\/lavoretti-di-natale-150.jpg\" alt=\"Lavoretti di Natale\"   \/><\/a><br \/>\nPer i migliori <a href=\"https:\/\/www.filastrocche.it\/feste\/lavoretti-di-natale\/\"><strong>Lavoretti di Natale, clicca qui<\/strong><\/a>!<\/p>\n<p><a href=\"https:\/\/www.filastrocche.it\/feste\/addobbi-natalizi-fai-da-te\/\"><img loading=\"lazy\" decoding=\"async\" width=\"150\" height=\"110\" class=\"alignnone wp-image-188143 size-full\" title=\"Addobbi natalizi\" src=\"https:\/\/www.filastrocche.it\/contenuti\/wp-content\/uploads\/2017\/11\/addobbi-natalizi-150.jpg\" alt=\"Addobbi natalizi\"   \/><\/a><br \/>\nPer i pi\u00f9 begli <a href=\"https:\/\/www.filastrocche.it\/feste\/addobbi-natalizi-fai-da-te\/\"><strong>Addobbi natalizi, clicca qui<\/strong><\/a>!<\/p>\n<p><a href=\"https:\/\/www.filastrocche.it\/feste\/decorazioni-e-addobbi-fai-da-te-per-natale\/\"><img loading=\"lazy\" decoding=\"async\" width=\"100\" height=\"133\" class=\"alignnone wp-image-188141 size-full\" title=\"decorazioni natalizie fai da te\" src=\"https:\/\/www.filastrocche.it\/contenuti\/wp-content\/uploads\/2017\/11\/decorazioni-natale-3-100.jpg\" alt=\"decorazioni natalizie fai da te\"   \/><\/a><br \/>\nPer le pi\u00f9 belle <a href=\"https:\/\/www.filastrocche.it\/feste\/decorazioni-e-addobbi-fai-da-te-per-natale\/\"><strong>Decorazioni natalizie fai da te, clicca qui<\/strong><\/a>!<\/p>\n<p><a href=\"https:\/\/www.filastrocche.it\/feste\/creazioni-di-natale\/\"><img loading=\"lazy\" decoding=\"async\" width=\"100\" height=\"88\" class=\"alignnone wp-image-188139 size-full\" title=\"creazioni di Natale fai da te\" src=\"https:\/\/www.filastrocche.it\/contenuti\/wp-content\/uploads\/2017\/11\/creazioni-natale-angioletto-100.jpg\" alt=\"creazioni di Natale fai da te\"   \/><\/a><br \/>\nPer altre <a href=\"https:\/\/www.filastrocche.it\/feste\/creazioni-di-natale\/\"><strong>Creazioni di Natale fai da te, clicca qui<\/strong><\/a>!<\/p>\n<p><a href=\"https:\/\/www.filastrocche.it\/feste\/disegni-di-natale-da-colorare\/\"><img loading=\"lazy\" decoding=\"async\" width=\"150\" height=\"130\" class=\"alignnone wp-image-188137 size-full\" title=\"Disegni di Natale da colorare\" src=\"https:\/\/www.filastrocche.it\/contenuti\/wp-content\/uploads\/2017\/11\/disegni-di-natale-150.jpg\" alt=\"Disegni di Natale da colorare\"   \/><\/a><br \/>\nPer i pi\u00f9 bei <a href=\"https:\/\/www.filastrocche.it\/feste\/disegni-di-natale-da-colorare\/\"><strong>Disegni di Natale da colorare, clicca qui<\/strong><\/a>!<\/p>\n<p>&nbsp;<\/p>\n<p><a href=\"https:\/\/www.filastrocche.it\/feste\/c\/natale\/\"><strong>Visita lo Speciale Natale!<\/strong><\/a><br \/>\n<a href=\"https:\/\/www.filastrocche.it\/feste\/c\/natale\/\"><img loading=\"lazy\" decoding=\"async\" width=\"144\" height=\"58\" class=\"alignnone wp-image-188135 size-full\" title=\"Speciale Natale\" src=\"https:\/\/www.filastrocche.it\/contenuti\/wp-content\/uploads\/2017\/11\/natale.gif\" alt=\"Speciale Natale\"   \/><\/a><\/p>\n<p><a href=\"https:\/\/www.filastrocche.it\/feste\/c\/capodanno\/\"><strong>Visita lo Speciale Capodanno!<\/strong><\/a><br \/>\n<a href=\"https:\/\/www.filastrocche.it\/feste\/c\/capodanno\/\"><img loading=\"lazy\" decoding=\"async\" width=\"227\" height=\"46\" class=\"alignnone wp-image-188133 size-full\" title=\"Speciale Capodanno\" src=\"https:\/\/www.filastrocche.it\/contenuti\/wp-content\/uploads\/2017\/11\/capodanno.gif\" alt=\"Speciale Capodanno\"   \/><\/a><\/p>\n<p><a href=\"https:\/\/www.filastrocche.it\/feste\/c\/epifania-befana-remagi\/\"><strong>Visita lo Speciale Befana e Epifania!<\/strong><\/a><br \/>\n<a href=\"https:\/\/www.filastrocche.it\/feste\/c\/epifania-befana-remagi\/\"><img loading=\"lazy\" decoding=\"async\" width=\"278\" height=\"52\" class=\"alignnone wp-image-188131 size-full\" title=\"Speciale Befana e Epifania\" src=\"https:\/\/www.filastrocche.it\/contenuti\/wp-content\/uploads\/2017\/11\/befana.gif\" alt=\"Speciale Befana e Epifania\"   \/><\/a><\/p>\n","protected":false},"excerpt":{"rendered":"<p>Leggiamo insieme: \u00c8 in arrivo un treno carico di&#8230; di Gianni Rodari Nella notte di Capodanno, quando tutti a nanna vanno, \u00e8 in arrivo sul primo binario un direttissimo straordinario, composto di dodici vagoni tutti carichi di doni&#8230; Gennaio Sul primo vagone, sola soletta, c&#8217;\u00e8 una simpatica vecchietta. Deve amar molto la pulizia perch\u00e9 una [&hellip;]<\/p>\n","protected":false},"author":5,"featured_media":145423,"comment_status":"open","ping_status":"open","sticky":false,"template":"","format":"standard","meta":{"footnotes":""},"categories":[5,28],"tags":[359,997,363,6073,175,527,3251,891,1027],"sponsors":[],"class_list":["post-116569","post","type-post","status-publish","format-standard","has-post-thumbnail","hentry","category-filastrocche","category-filastrocche-dautore","tag-anno","tag-arlecchino","tag-capodanno","tag-colombina","tag-filastrocca","tag-filastrocche-2","tag-gianni-rodari","tag-mesi","tag-pierrot","occasioni-capodanno-2","occasioni-epifania-befana-re-magi","lingua-italiano","scopo-intrattenimento"],"yoast_head":"<!-- This site is optimized with the Yoast SEO plugin v26.2 - https:\/\/yoast.com\/wordpress\/plugins\/seo\/ -->\n<title>\u00c8 in arrivo un treno carico di...- I testi della tradizione di Filastrocche.it<\/title>\n<meta name=\"description\" content=\"\u00c8 in arrivo un treno carico di.. Gianni Rodari per Capodanno. Inizio: Nella notte di Capodanno, quando tutti a nanna vanno...\" \/>\n<meta name=\"robots\" content=\"index, follow, max-snippet:-1, max-image-preview:large, max-video-preview:-1\" \/>\n<link rel=\"canonical\" href=\"https:\/\/www.filastrocche.it\/contenuti\/e-in-arrivo-un-treno-carico-di\/\" \/>\n<meta property=\"og:locale\" content=\"it_IT\" \/>\n<meta property=\"og:type\" content=\"article\" \/>\n<meta property=\"og:title\" content=\"\u00c8 in arrivo un treno carico di...- I testi della tradizione di Filastrocche.it\" \/>\n<meta property=\"og:description\" content=\"\u00c8 in arrivo un treno carico di.. Gianni Rodari per Capodanno. Inizio: Nella notte di Capodanno, quando tutti a nanna vanno...\" \/>\n<meta property=\"og:url\" content=\"https:\/\/www.filastrocche.it\/contenuti\/e-in-arrivo-un-treno-carico-di\/\" \/>\n<meta property=\"og:site_name\" content=\"I testi della tradizione di Filastrocche.it\" \/>\n<meta property=\"article:author\" content=\"http:\/\/www.facebook.com\/jolanda.restano\" \/>\n<meta property=\"article:published_time\" content=\"2008-03-19T12:56:02+00:00\" \/>\n<meta property=\"article:modified_time\" content=\"2019-03-22T15:48:49+00:00\" \/>\n<meta property=\"og:image\" content=\"https:\/\/www.filastrocche.it\/contenuti\/wp-content\/uploads\/2004\/09\/treno550.jpg\" \/>\n\t<meta property=\"og:image:width\" content=\"550\" \/>\n\t<meta property=\"og:image:height\" content=\"350\" \/>\n\t<meta property=\"og:image:type\" content=\"image\/jpeg\" \/>\n<meta name=\"author\" content=\"Jolanda\" \/>\n<meta name=\"twitter:label1\" content=\"Scritto da\" \/>\n\t<meta name=\"twitter:data1\" content=\"Jolanda\" \/>\n\t<meta name=\"twitter:label2\" content=\"Tempo di lettura stimato\" \/>\n\t<meta name=\"twitter:data2\" content=\"4 minuti\" \/>\n<!-- \/ Yoast SEO plugin. -->","yoast_head_json":{"title":"\u00c8 in arrivo un treno carico di...- I testi della tradizione di Filastrocche.it","description":"\u00c8 in arrivo un treno carico di.. Gianni Rodari per Capodanno. Inizio: Nella notte di Capodanno, quando tutti a nanna vanno...","robots":{"index":"index","follow":"follow","max-snippet":"max-snippet:-1","max-image-preview":"max-image-preview:large","max-video-preview":"max-video-preview:-1"},"canonical":"https:\/\/www.filastrocche.it\/contenuti\/e-in-arrivo-un-treno-carico-di\/","og_locale":"it_IT","og_type":"article","og_title":"\u00c8 in arrivo un treno carico di...- I testi della tradizione di Filastrocche.it","og_description":"\u00c8 in arrivo un treno carico di.. Gianni Rodari per Capodanno. Inizio: Nella notte di Capodanno, quando tutti a nanna vanno...","og_url":"https:\/\/www.filastrocche.it\/contenuti\/e-in-arrivo-un-treno-carico-di\/","og_site_name":"I testi della tradizione di Filastrocche.it","article_author":"http:\/\/www.facebook.com\/jolanda.restano","article_published_time":"2008-03-19T12:56:02+00:00","article_modified_time":"2019-03-22T15:48:49+00:00","og_image":[{"width":550,"height":350,"url":"https:\/\/www.filastrocche.it\/contenuti\/wp-content\/uploads\/2004\/09\/treno550.jpg","type":"image\/jpeg"}],"author":"Jolanda","twitter_misc":{"Scritto da":"Jolanda","Tempo di lettura stimato":"4 minuti"},"schema":{"@context":"https:\/\/schema.org","@graph":[{"@type":"WebPage","@id":"https:\/\/www.filastrocche.it\/contenuti\/e-in-arrivo-un-treno-carico-di\/","url":"https:\/\/www.filastrocche.it\/contenuti\/e-in-arrivo-un-treno-carico-di\/","name":"\u00c8 in arrivo un treno carico di...- I testi della tradizione di Filastrocche.it","isPartOf":{"@id":"https:\/\/www.filastrocche.it\/contenuti\/#website"},"primaryImageOfPage":{"@id":"https:\/\/www.filastrocche.it\/contenuti\/e-in-arrivo-un-treno-carico-di\/#primaryimage"},"image":{"@id":"https:\/\/www.filastrocche.it\/contenuti\/e-in-arrivo-un-treno-carico-di\/#primaryimage"},"thumbnailUrl":"https:\/\/www.filastrocche.it\/contenuti\/wp-content\/uploads\/2004\/09\/treno550.jpg","datePublished":"2008-03-19T12:56:02+00:00","dateModified":"2019-03-22T15:48:49+00:00","author":{"@id":"https:\/\/www.filastrocche.it\/contenuti\/#\/schema\/person\/13a7995b740342851d3a3c001f9dd658"},"description":"\u00c8 in arrivo un treno carico di.. Gianni Rodari per Capodanno. Inizio: Nella notte di Capodanno, quando tutti a nanna vanno...","breadcrumb":{"@id":"https:\/\/www.filastrocche.it\/contenuti\/e-in-arrivo-un-treno-carico-di\/#breadcrumb"},"inLanguage":"it-IT","potentialAction":[{"@type":"ReadAction","target":["https:\/\/www.filastrocche.it\/contenuti\/e-in-arrivo-un-treno-carico-di\/"]}]},{"@type":"ImageObject","inLanguage":"it-IT","@id":"https:\/\/www.filastrocche.it\/contenuti\/e-in-arrivo-un-treno-carico-di\/#primaryimage","url":"https:\/\/www.filastrocche.it\/contenuti\/wp-content\/uploads\/2004\/09\/treno550.jpg","contentUrl":"https:\/\/www.filastrocche.it\/contenuti\/wp-content\/uploads\/2004\/09\/treno550.jpg","width":550,"height":350},{"@type":"BreadcrumbList","@id":"https:\/\/www.filastrocche.it\/contenuti\/e-in-arrivo-un-treno-carico-di\/#breadcrumb","itemListElement":[{"@type":"ListItem","position":1,"name":"Home","item":"https:\/\/www.filastrocche.it\/contenuti\/"},{"@type":"ListItem","position":2,"name":"\u00c8 in arrivo un treno carico di&#8230;"}]},{"@type":"WebSite","@id":"https:\/\/www.filastrocche.it\/contenuti\/#website","url":"https:\/\/www.filastrocche.it\/contenuti\/","name":"I testi della tradizione di Filastrocche.it","description":"Filastrocche, fiabe, canzoni e...","potentialAction":[{"@type":"SearchAction","target":{"@type":"EntryPoint","urlTemplate":"https:\/\/www.filastrocche.it\/contenuti\/?s={search_term_string}"},"query-input":{"@type":"PropertyValueSpecification","valueRequired":true,"valueName":"search_term_string"}}],"inLanguage":"it-IT"},{"@type":"Person","@id":"https:\/\/www.filastrocche.it\/contenuti\/#\/schema\/person\/13a7995b740342851d3a3c001f9dd658","name":"Jolanda","image":{"@type":"ImageObject","inLanguage":"it-IT","@id":"https:\/\/www.filastrocche.it\/contenuti\/#\/schema\/person\/image\/","url":"https:\/\/secure.gravatar.com\/avatar\/1b1f38df48384d8f75481e92c0cbf9e3494d37f3cf35cd02b0f5cba7d63f7349?s=96&d=mm&r=g","contentUrl":"https:\/\/secure.gravatar.com\/avatar\/1b1f38df48384d8f75481e92c0cbf9e3494d37f3cf35cd02b0f5cba7d63f7349?s=96&d=mm&r=g","caption":"Jolanda"},"sameAs":["http:\/\/www.facebook.com\/jolanda.restano","https:\/\/x.com\/jolandarestano"],"url":"https:\/\/www.filastrocche.it\/contenuti\/author\/jolanda\/"}]}},"_links":{"self":[{"href":"https:\/\/www.filastrocche.it\/contenuti\/wp-json\/wp\/v2\/posts\/116569","targetHints":{"allow":["GET"]}}],"collection":[{"href":"https:\/\/www.filastrocche.it\/contenuti\/wp-json\/wp\/v2\/posts"}],"about":[{"href":"https:\/\/www.filastrocche.it\/contenuti\/wp-json\/wp\/v2\/types\/post"}],"author":[{"embeddable":true,"href":"https:\/\/www.filastrocche.it\/contenuti\/wp-json\/wp\/v2\/users\/5"}],"replies":[{"embeddable":true,"href":"https:\/\/www.filastrocche.it\/contenuti\/wp-json\/wp\/v2\/comments?post=116569"}],"version-history":[{"count":3,"href":"https:\/\/www.filastrocche.it\/contenuti\/wp-json\/wp\/v2\/posts\/116569\/revisions"}],"predecessor-version":[{"id":221138,"href":"https:\/\/www.filastrocche.it\/contenuti\/wp-json\/wp\/v2\/posts\/116569\/revisions\/221138"}],"wp:featuredmedia":[{"embeddable":true,"href":"https:\/\/www.filastrocche.it\/contenuti\/wp-json\/wp\/v2\/media\/145423"}],"wp:attachment":[{"href":"https:\/\/www.filastrocche.it\/contenuti\/wp-json\/wp\/v2\/media?parent=116569"}],"wp:term":[{"taxonomy":"category","embeddable":true,"href":"https:\/\/www.filastrocche.it\/contenuti\/wp-json\/wp\/v2\/categories?post=116569"},{"taxonomy":"post_tag","embeddable":true,"href":"https:\/\/www.filastrocche.it\/contenuti\/wp-json\/wp\/v2\/tags?post=116569"},{"taxonomy":"sponsors","embeddable":true,"href":"https:\/\/www.filastrocche.it\/contenuti\/wp-json\/wp\/v2\/sponsors?post=116569"}],"curies":[{"name":"wp","href":"https:\/\/api.w.org\/{rel}","templated":true}]}}