{"id":119753,"date":"2009-03-17T16:54:54","date_gmt":"2009-03-17T16:54:54","guid":{"rendered":"https:\/\/www.filastrocche.it\/contenuti\/gilet-decorativo-per-bottiglia\/"},"modified":"2018-02-21T13:09:37","modified_gmt":"2018-02-21T11:09:37","slug":"gilet-decorativo-per-bottiglia","status":"publish","type":"post","link":"https:\/\/www.filastrocche.it\/contenuti\/gilet-decorativo-per-bottiglia\/","title":{"rendered":"Gilet decorativo per bottiglia"},"content":{"rendered":"<p><a href=\"https:\/\/www.filastrocche.it\/contenuti\/wp-content\/uploads\/2009\/03\/gilet_decorativo_bottiglia.jpg\"><img loading=\"lazy\" decoding=\"async\" width=\"250\" height=\"340\" class=\"aligncenter wp-image-199067 size-full\" title=\"Gilet decorativo per bottiglia\" src=\"https:\/\/www.filastrocche.it\/contenuti\/wp-content\/uploads\/2009\/03\/gilet_decorativo_bottiglia.jpg\" alt=\"Gilet decorativo per bottiglia\" srcset=\"https:\/\/www.filastrocche.it\/contenuti\/wp-content\/uploads\/2009\/03\/gilet_decorativo_bottiglia.jpg 250w, https:\/\/www.filastrocche.it\/contenuti\/wp-content\/uploads\/2009\/03\/gilet_decorativo_bottiglia-221x300.jpg 221w\" sizes=\"auto, (max-width: 250px) 100vw, 250px\" \/><\/a><\/p>\n<h2>Come si fa il <strong>Gilet decorativo per bottiglia<\/strong>?<\/h2>\n<p>Impariamo a realizzare un\u00a0<strong>Gilet decorativo per bottiglia<\/strong> da regalare al Pap\u00e0 nel giorno della sua Festa.<\/p>\n<p>&nbsp;<\/p>\n<h3>Cosa occorre per fare il<strong> Gilet decorativo per bottiglia<\/strong><\/h3>\n<ul>\n<li>cartoncino rosso<\/li>\n<li>cartoncino giallo<\/li>\n<li>cartoncino bianco<\/li>\n<li>matita<\/li>\n<li>forbici<\/li>\n<li>pennarello nero<\/li>\n<\/ul>\n<p>&nbsp;<\/p>\n<h3>Come si realizza il <strong>Gilet decorativo per bottiglia<\/strong><\/h3>\n<p>Lo scopo \u00e8 vestire una bottiglia, cio\u00e8 creare un gilet, una camicia e una cravatta che arriver\u00e0 all&#8217;altezza del collo della bottiglia, da incollare sul vetro per sostituire l&#8217;etichetta.<br \/>\nE vedrete che effetto far\u00e0 sulla tavola preparata per la Festa del Pap\u00e0!<\/p>\n<p>Innanzitutto, disegnate sul cartoncino rosso la sagoma di un gilet, come quello che vedete nell&#8217;immagine. Dopo aver disegnato i bottoni, e i taschini, ritagliate la sagoma.<\/p>\n<p>Disegnate sul cartoncino bianco il colletto di una camicia e sul cartoncino giallo la cravatta e il fazzoletto da taschino.<\/p>\n<p>Adesso, non vi resta che attaccare sulla bottiglia ogni pezzo di cartoncino con l&#8217;aiuto di un po&#8217; di colla: prima la camicia, proprio vicina al collo della bottiglia, poi la cravatta e infine il gilet.<\/p>\n<p>Potete sostituire il cartoncino con carta camosciata o anche con pezzi di stoffa.<\/p>\n<p>&nbsp;<\/p>\n<p><a href=\"https:\/\/www.filastrocche.it\/feste\/lavoretti-per-la-festa-del-papa\/\"><img loading=\"lazy\" decoding=\"async\" width=\"150\" height=\"101\" class=\"alignnone wp-image-198551 size-full\" title=\"Lavoretti per la Festa del Pap\u00e0\" src=\"https:\/\/www.filastrocche.it\/contenuti\/wp-content\/uploads\/2018\/02\/lavoretti-festa-del-papa-150.jpg\" alt=\"Lavoretti per la Festa del Pap\u00e0\"   \/><\/a><br \/>\nSe state cercando dei <strong><a title=\"Lavoretti per la Festa del Pap\u00e0\" href=\"https:\/\/www.filastrocche.it\/feste\/lavoretti-per-la-festa-del-papa\/\">LAVORETTI per la Festa del Pap\u00e0, cliccate qui<\/a><\/strong>!<\/p>\n<p><a href=\"https:\/\/www.filastrocche.it\/feste\/idee-regalo-fai-da-te-per-la-festa-del-papa\/\"><img loading=\"lazy\" decoding=\"async\" width=\"150\" height=\"140\" class=\"alignnone wp-image-198549 size-full\" title=\"Idee regalo per la Festa del Pap\u00e0\" src=\"https:\/\/www.filastrocche.it\/contenuti\/wp-content\/uploads\/2018\/02\/mistrali-festa-papa-regalo-150.jpg\" alt=\"Idee regalo per la Festa del Pap\u00e0\"   \/><\/a><br \/>\nSe state cercando delle <strong><a title=\"Idee regalo per la Festa del Pap\u00e0\" href=\"https:\/\/www.filastrocche.it\/feste\/idee-regalo-fai-da-te-per-la-festa-del-papa\/\">IDEE REGALO per la Festa del Pap\u00e0, cliccate qui<\/a><\/strong>!<\/p>\n<p>&nbsp;<\/p>\n<p><a href=\"https:\/\/www.filastrocche.it\/feste\/poesie-per-la-festa-del-papa\/\"><img loading=\"lazy\" decoding=\"async\" width=\"150\" height=\"124\" class=\"alignnone wp-image-198563 size-full\" title=\"Poesie per la Festa del Pap\u00e0\" src=\"https:\/\/www.filastrocche.it\/contenuti\/wp-content\/uploads\/2018\/02\/poesie-per-la-festa-del-papa-150.jpg\" alt=\"Poesie per la Festa del Pap\u00e0\"   \/><\/a><br \/>\nPer le migliori <a href=\"https:\/\/www.filastrocche.it\/feste\/poesie-per-la-festa-del-papa\/\"><strong>Poesie per la Festa del Pap\u00e0, cliccate qui<\/strong><\/a>!<\/p>\n<p><a href=\"https:\/\/www.filastrocche.it\/feste\/filastrocche-per-la-festa-del-papa\/\"><img loading=\"lazy\" decoding=\"async\" width=\"150\" height=\"150\" class=\"alignnone wp-image-198561 size-full\" title=\"Filastrocche per la Festa del Pap\u00e0\" src=\"https:\/\/www.filastrocche.it\/contenuti\/wp-content\/uploads\/2018\/02\/filastrocche-per-la-festa-del-papa-150.jpg\" alt=\"Filastrocche per la Festa del Pap\u00e0\"   \/><\/a><br \/>\nPer le pi\u00f9 belle <a href=\"https:\/\/www.filastrocche.it\/feste\/filastrocche-per-la-festa-del-papa\/\"><strong>Filastrocche per la Festa del Pap\u00e0, cliccate qui<\/strong><\/a>!<\/p>\n<p><a href=\"https:\/\/www.filastrocche.it\/feste\/filastrocche-per-la-festa-del-papa-tradizionali-o-dautore\/\"><img loading=\"lazy\" decoding=\"async\" width=\"150\" height=\"129\" class=\"alignnone wp-image-198559 size-full\" title=\"filastrocche per la Festa del Pap\u00e0\" src=\"https:\/\/www.filastrocche.it\/contenuti\/wp-content\/uploads\/2018\/02\/mistrali-festa-papa-pipa-150.jpg\" alt=\"filastrocche per la Festa del Pap\u00e0\"   \/><\/a><br \/>\nPer altre <a href=\"https:\/\/www.filastrocche.it\/feste\/filastrocche-per-la-festa-del-papa-tradizionali-o-dautore\/\"><strong>filastrocche per la Festa del Pap\u00e0, cliccate qui<\/strong><\/a>!<\/p>\n<p><a href=\"https:\/\/www.filastrocche.it\/leggiamo\/jolanda-restano-filastrocche-per-la-festa-del-papa\/\"><img loading=\"lazy\" decoding=\"async\" width=\"100\" height=\"168\" class=\"alignnone wp-image-198557 size-full\" title=\"filastrocche per il vostro Pap\u00e0 scritte da Jolanda Restano\" src=\"https:\/\/www.filastrocche.it\/contenuti\/wp-content\/uploads\/2018\/02\/mistrali-festa-papa-bimba-100.jpg\" alt=\"filastrocche per il vostro Pap\u00e0 scritte da Jolanda Restano\"   \/><\/a><br \/>\nSe volete leggere <strong>le filastrocche per il vostro Pap\u00e0<\/strong> <strong><a title=\"Filastrocche per la Festa del Pap\u00e0 di Jolanda Restano\" href=\"https:\/\/www.filastrocche.it\/leggiamo\/jolanda-restano-filastrocche-per-la-festa-del-papa\/\">scritte da Jolanda Restano, cliccate qui!<\/a><\/strong><\/p>\n<p><a href=\"https:\/\/www.filastrocche.it\/feste\/filastrocche-per-la-festa-del-papa-scritte-dagli-utenti-del-sito\/\"><img loading=\"lazy\" decoding=\"async\" width=\"100\" height=\"195\" class=\"alignnone wp-image-198555 size-full\" title=\"filastrocche per la Festa del Pap\u00e0\" src=\"https:\/\/www.filastrocche.it\/contenuti\/wp-content\/uploads\/2018\/02\/mistrali-festa-papa-bimbo-100.jpg\" alt=\"filastrocche per la Festa del Pap\u00e0\"   \/><\/a><br \/>\nSe invece vi interessano le <strong><a title=\"Filastrocche per la Festa del Pap\u00e0 scritte dagli utenti del sito\" href=\"https:\/\/www.filastrocche.it\/feste\/filastrocche-per-la-festa-del-papa-scritte-dagli-utenti-del-sito\/\">filastrocche per la Festa del Pap\u00e0 scritte da voi, cliccate qui<\/a><\/strong>!<\/p>\n<p><a href=\"https:\/\/www.filastrocche.it\/feste\/frasi-per-la-festa-del-papa\/\"><img loading=\"lazy\" decoding=\"async\" width=\"150\" height=\"134\" class=\"alignnone wp-image-198553 size-full\" title=\"Frasi per la Festa del Pap\u00e0\" src=\"https:\/\/www.filastrocche.it\/contenuti\/wp-content\/uploads\/2018\/02\/frasi-per-la-festa-del-papa-150.jpg\" alt=\"Frasi per la Festa del Pap\u00e0\"   \/><\/a><a href=\"https:\/\/www.filastrocche.it\/feste\/frasi-per-la-festa-del-papa\/\"><br \/>\n<\/a>Per le pi\u00f9 belle <a href=\"https:\/\/www.filastrocche.it\/feste\/frasi-per-la-festa-del-papa\/\"><strong>Frasi per la Festa del Pap\u00e0, cliccate qui<\/strong><\/a>!<\/p>\n<p>&nbsp;<\/p>\n<p><a href=\"https:\/\/www.filastrocche.it\/feste\/ricette-per-la-festa-del-papa\/\"><img loading=\"lazy\" decoding=\"async\" width=\"120\" height=\"142\" class=\"alignnone wp-image-198547 size-full\" title=\"Ricette per la Festa del Pap\u00e0\" src=\"https:\/\/www.filastrocche.it\/contenuti\/wp-content\/uploads\/2018\/02\/mistrali-ricette-piatto-pollo-120.jpg\" alt=\"Ricette per la Festa del Pap\u00e0\"   \/><\/a><br \/>\nSe cercate delle <a href=\"https:\/\/www.filastrocche.it\/feste\/ricette-per-la-festa-del-papa\/\"><strong>Ricette per la Festa del Pap\u00e0, cliccate qui<\/strong><\/a>!<\/p>\n<p>&nbsp;<\/p>\n<p><a href=\"https:\/\/www.filastrocche.it\/feste\/speciale-festa-del-papa\/\"><img loading=\"lazy\" decoding=\"async\" width=\"198\" height=\"47\" class=\"alignnone wp-image-198545 size-full\" title=\"Speciale Festa del Pap\u00e0\" src=\"https:\/\/www.filastrocche.it\/contenuti\/wp-content\/uploads\/2018\/02\/festa_papa.gif\" alt=\"Speciale Festa del Pap\u00e0\"   \/><\/a><br \/>\n<a href=\"https:\/\/www.filastrocche.it\/feste\/speciale-festa-del-papa\/\"><strong>Visita lo Speciale Festa del Pap\u00e0!<\/strong><\/a><\/p>\n","protected":false},"excerpt":{"rendered":"<p>Come si fa il Gilet decorativo per bottiglia? Impariamo a realizzare un\u00a0Gilet decorativo per bottiglia da regalare al Pap\u00e0 nel giorno della sua Festa. &nbsp; Cosa occorre per fare il Gilet decorativo per bottiglia cartoncino rosso cartoncino giallo cartoncino bianco matita forbici pennarello nero &nbsp; Come si realizza il Gilet decorativo per bottiglia Lo scopo [&hellip;]<\/p>\n","protected":false},"author":5,"featured_media":199067,"comment_status":"open","ping_status":"open","sticky":false,"template":"","format":"standard","meta":{"footnotes":""},"categories":[83,16],"tags":[515,1057],"sponsors":[],"class_list":["post-119753","post","type-post","status-publish","format-standard","has-post-thumbnail","hentry","category-lavoretti-creativi","category-passatempi","tag-festa-del-papa-2","tag-lavoretti","occasioni-festa-del-papa","lingua-italiano","scopo-intrattenimento"],"yoast_head":"<!-- This site is optimized with the Yoast SEO plugin v26.2 - https:\/\/yoast.com\/wordpress\/plugins\/seo\/ -->\n<title>Gilet decorativo per bottiglia da regalare al Pap\u00e0 nel giorno della sua Festa<\/title>\n<meta name=\"description\" content=\"Impariamo a realizzare un Gilet decorativo per bottiglia da regalare al Pap\u00e0 per festeggiarlo nel giorno della sua Festa che cade il 19 marzo di ogni anno...\" \/>\n<meta name=\"robots\" content=\"index, follow, max-snippet:-1, max-image-preview:large, max-video-preview:-1\" \/>\n<link rel=\"canonical\" href=\"https:\/\/www.filastrocche.it\/contenuti\/gilet-decorativo-per-bottiglia\/\" \/>\n<meta property=\"og:locale\" content=\"it_IT\" \/>\n<meta property=\"og:type\" content=\"article\" \/>\n<meta property=\"og:title\" content=\"Gilet decorativo per bottiglia da regalare al Pap\u00e0 nel giorno della sua Festa\" \/>\n<meta property=\"og:description\" content=\"Impariamo a realizzare un Gilet decorativo per bottiglia da regalare al Pap\u00e0 per festeggiarlo nel giorno della sua Festa che cade il 19 marzo di ogni anno...\" \/>\n<meta property=\"og:url\" content=\"https:\/\/www.filastrocche.it\/contenuti\/gilet-decorativo-per-bottiglia\/\" \/>\n<meta property=\"og:site_name\" content=\"I testi della tradizione di Filastrocche.it\" \/>\n<meta property=\"article:author\" content=\"http:\/\/www.facebook.com\/jolanda.restano\" \/>\n<meta property=\"article:published_time\" content=\"2009-03-17T16:54:54+00:00\" \/>\n<meta property=\"article:modified_time\" content=\"2018-02-21T11:09:37+00:00\" \/>\n<meta property=\"og:image\" content=\"https:\/\/www.filastrocche.it\/contenuti\/wp-content\/uploads\/2009\/03\/gilet_decorativo_bottiglia.jpg\" \/>\n\t<meta property=\"og:image:width\" content=\"250\" \/>\n\t<meta property=\"og:image:height\" content=\"340\" \/>\n\t<meta property=\"og:image:type\" content=\"image\/jpeg\" \/>\n<meta name=\"author\" content=\"Jolanda\" \/>\n<meta name=\"twitter:label1\" content=\"Scritto da\" \/>\n\t<meta name=\"twitter:data1\" content=\"Jolanda\" \/>\n\t<meta name=\"twitter:label2\" content=\"Tempo di lettura stimato\" \/>\n\t<meta name=\"twitter:data2\" content=\"2 minuti\" \/>\n<!-- \/ Yoast SEO plugin. -->","yoast_head_json":{"title":"Gilet decorativo per bottiglia da regalare al Pap\u00e0 nel giorno della sua Festa","description":"Impariamo a realizzare un Gilet decorativo per bottiglia da regalare al Pap\u00e0 per festeggiarlo nel giorno della sua Festa che cade il 19 marzo di ogni anno...","robots":{"index":"index","follow":"follow","max-snippet":"max-snippet:-1","max-image-preview":"max-image-preview:large","max-video-preview":"max-video-preview:-1"},"canonical":"https:\/\/www.filastrocche.it\/contenuti\/gilet-decorativo-per-bottiglia\/","og_locale":"it_IT","og_type":"article","og_title":"Gilet decorativo per bottiglia da regalare al Pap\u00e0 nel giorno della sua Festa","og_description":"Impariamo a realizzare un Gilet decorativo per bottiglia da regalare al Pap\u00e0 per festeggiarlo nel giorno della sua Festa che cade il 19 marzo di ogni anno...","og_url":"https:\/\/www.filastrocche.it\/contenuti\/gilet-decorativo-per-bottiglia\/","og_site_name":"I testi della tradizione di Filastrocche.it","article_author":"http:\/\/www.facebook.com\/jolanda.restano","article_published_time":"2009-03-17T16:54:54+00:00","article_modified_time":"2018-02-21T11:09:37+00:00","og_image":[{"width":250,"height":340,"url":"https:\/\/www.filastrocche.it\/contenuti\/wp-content\/uploads\/2009\/03\/gilet_decorativo_bottiglia.jpg","type":"image\/jpeg"}],"author":"Jolanda","twitter_misc":{"Scritto da":"Jolanda","Tempo di lettura stimato":"2 minuti"},"schema":{"@context":"https:\/\/schema.org","@graph":[{"@type":"WebPage","@id":"https:\/\/www.filastrocche.it\/contenuti\/gilet-decorativo-per-bottiglia\/","url":"https:\/\/www.filastrocche.it\/contenuti\/gilet-decorativo-per-bottiglia\/","name":"Gilet decorativo per bottiglia da regalare al Pap\u00e0 nel giorno della sua Festa","isPartOf":{"@id":"https:\/\/www.filastrocche.it\/contenuti\/#website"},"primaryImageOfPage":{"@id":"https:\/\/www.filastrocche.it\/contenuti\/gilet-decorativo-per-bottiglia\/#primaryimage"},"image":{"@id":"https:\/\/www.filastrocche.it\/contenuti\/gilet-decorativo-per-bottiglia\/#primaryimage"},"thumbnailUrl":"https:\/\/www.filastrocche.it\/contenuti\/wp-content\/uploads\/2009\/03\/gilet_decorativo_bottiglia.jpg","datePublished":"2009-03-17T16:54:54+00:00","dateModified":"2018-02-21T11:09:37+00:00","author":{"@id":"https:\/\/www.filastrocche.it\/contenuti\/#\/schema\/person\/13a7995b740342851d3a3c001f9dd658"},"description":"Impariamo a realizzare un Gilet decorativo per bottiglia da regalare al Pap\u00e0 per festeggiarlo nel giorno della sua Festa che cade il 19 marzo di ogni anno...","breadcrumb":{"@id":"https:\/\/www.filastrocche.it\/contenuti\/gilet-decorativo-per-bottiglia\/#breadcrumb"},"inLanguage":"it-IT","potentialAction":[{"@type":"ReadAction","target":["https:\/\/www.filastrocche.it\/contenuti\/gilet-decorativo-per-bottiglia\/"]}]},{"@type":"ImageObject","inLanguage":"it-IT","@id":"https:\/\/www.filastrocche.it\/contenuti\/gilet-decorativo-per-bottiglia\/#primaryimage","url":"https:\/\/www.filastrocche.it\/contenuti\/wp-content\/uploads\/2009\/03\/gilet_decorativo_bottiglia.jpg","contentUrl":"https:\/\/www.filastrocche.it\/contenuti\/wp-content\/uploads\/2009\/03\/gilet_decorativo_bottiglia.jpg","width":250,"height":340},{"@type":"BreadcrumbList","@id":"https:\/\/www.filastrocche.it\/contenuti\/gilet-decorativo-per-bottiglia\/#breadcrumb","itemListElement":[{"@type":"ListItem","position":1,"name":"Home","item":"https:\/\/www.filastrocche.it\/contenuti\/"},{"@type":"ListItem","position":2,"name":"Gilet decorativo per bottiglia"}]},{"@type":"WebSite","@id":"https:\/\/www.filastrocche.it\/contenuti\/#website","url":"https:\/\/www.filastrocche.it\/contenuti\/","name":"I testi della tradizione di Filastrocche.it","description":"Filastrocche, fiabe, canzoni e...","potentialAction":[{"@type":"SearchAction","target":{"@type":"EntryPoint","urlTemplate":"https:\/\/www.filastrocche.it\/contenuti\/?s={search_term_string}"},"query-input":{"@type":"PropertyValueSpecification","valueRequired":true,"valueName":"search_term_string"}}],"inLanguage":"it-IT"},{"@type":"Person","@id":"https:\/\/www.filastrocche.it\/contenuti\/#\/schema\/person\/13a7995b740342851d3a3c001f9dd658","name":"Jolanda","image":{"@type":"ImageObject","inLanguage":"it-IT","@id":"https:\/\/www.filastrocche.it\/contenuti\/#\/schema\/person\/image\/","url":"https:\/\/secure.gravatar.com\/avatar\/1b1f38df48384d8f75481e92c0cbf9e3494d37f3cf35cd02b0f5cba7d63f7349?s=96&d=mm&r=g","contentUrl":"https:\/\/secure.gravatar.com\/avatar\/1b1f38df48384d8f75481e92c0cbf9e3494d37f3cf35cd02b0f5cba7d63f7349?s=96&d=mm&r=g","caption":"Jolanda"},"sameAs":["http:\/\/www.facebook.com\/jolanda.restano","https:\/\/x.com\/jolandarestano"],"url":"https:\/\/www.filastrocche.it\/contenuti\/author\/jolanda\/"}]}},"_links":{"self":[{"href":"https:\/\/www.filastrocche.it\/contenuti\/wp-json\/wp\/v2\/posts\/119753","targetHints":{"allow":["GET"]}}],"collection":[{"href":"https:\/\/www.filastrocche.it\/contenuti\/wp-json\/wp\/v2\/posts"}],"about":[{"href":"https:\/\/www.filastrocche.it\/contenuti\/wp-json\/wp\/v2\/types\/post"}],"author":[{"embeddable":true,"href":"https:\/\/www.filastrocche.it\/contenuti\/wp-json\/wp\/v2\/users\/5"}],"replies":[{"embeddable":true,"href":"https:\/\/www.filastrocche.it\/contenuti\/wp-json\/wp\/v2\/comments?post=119753"}],"version-history":[{"count":6,"href":"https:\/\/www.filastrocche.it\/contenuti\/wp-json\/wp\/v2\/posts\/119753\/revisions"}],"predecessor-version":[{"id":199201,"href":"https:\/\/www.filastrocche.it\/contenuti\/wp-json\/wp\/v2\/posts\/119753\/revisions\/199201"}],"wp:featuredmedia":[{"embeddable":true,"href":"https:\/\/www.filastrocche.it\/contenuti\/wp-json\/wp\/v2\/media\/199067"}],"wp:attachment":[{"href":"https:\/\/www.filastrocche.it\/contenuti\/wp-json\/wp\/v2\/media?parent=119753"}],"wp:term":[{"taxonomy":"category","embeddable":true,"href":"https:\/\/www.filastrocche.it\/contenuti\/wp-json\/wp\/v2\/categories?post=119753"},{"taxonomy":"post_tag","embeddable":true,"href":"https:\/\/www.filastrocche.it\/contenuti\/wp-json\/wp\/v2\/tags?post=119753"},{"taxonomy":"sponsors","embeddable":true,"href":"https:\/\/www.filastrocche.it\/contenuti\/wp-json\/wp\/v2\/sponsors?post=119753"}],"curies":[{"name":"wp","href":"https:\/\/api.w.org\/{rel}","templated":true}]}}