{"id":120909,"date":"2009-12-01T03:18:31","date_gmt":"2009-12-01T03:18:31","guid":{"rendered":"https:\/\/www.filastrocche.it\/contenuti\/estate-5\/"},"modified":"2017-05-16T10:30:37","modified_gmt":"2017-05-16T08:30:37","slug":"estate-5","status":"publish","type":"post","link":"https:\/\/www.filastrocche.it\/contenuti\/estate-5\/","title":{"rendered":"Estate"},"content":{"rendered":"<p><img loading=\"lazy\" decoding=\"async\" width=\"600\" height=\"561\" class=\"aligncenter wp-image-173651 size-full\" title=\"Estate\" src=\"https:\/\/www.filastrocche.it\/contenuti\/wp-content\/uploads\/2017\/02\/grano_estate.jpg\" alt=\"Estate\" srcset=\"https:\/\/www.filastrocche.it\/contenuti\/wp-content\/uploads\/2017\/02\/grano_estate.jpg 600w, https:\/\/www.filastrocche.it\/contenuti\/wp-content\/uploads\/2017\/02\/grano_estate-300x281.jpg 300w\" sizes=\"auto, (max-width: 600px) 100vw, 600px\" \/>Quando la terra<br \/>\n\u00e8 calda e matura,<br \/>\nquando la sera<br \/>\nsi cerca frescura,<br \/>\nquando la valle<br \/>\n\u00e8 piena d&#8217;oro<br \/>\ne le cicale<br \/>\ngridano in coro,<br \/>\nquando le gole<br \/>\nsono assetate<br \/>\nquesta \u00e8 l&#8217;estate.<\/p>\n<p>&nbsp;<\/p>\n<p>&nbsp;<\/p>\n<p><a href=\"https:\/\/www.filastrocche.it\/feste\/filastrocche-estate\/\"><img loading=\"lazy\" decoding=\"async\" width=\"150\" height=\"100\" class=\"alignnone wp-image-174671 size-full\" title=\"Filastrocche dell'Estate\" src=\"https:\/\/www.filastrocche.it\/contenuti\/wp-content\/uploads\/2014\/02\/filastrocche-sull-estate-150.jpg\" alt=\"Filastrocche dell'Estate\"   \/><\/a><br \/>\nSe cerchi le pi\u00f9 belle <strong><a href=\"https:\/\/www.filastrocche.it\/feste\/filastrocche-estate\/\">Filastrocche dell&#8217;Estate, clicca qui!<\/a><\/strong><\/p>\n<p><a href=\"https:\/\/www.filastrocche.it\/feste\/filastrocche-autunno\/\"><img loading=\"lazy\" decoding=\"async\" width=\"150\" height=\"150\" class=\"alignnone wp-image-174669 size-full\" title=\"Filastrocche sull'Autunno\" src=\"https:\/\/www.filastrocche.it\/contenuti\/wp-content\/uploads\/2014\/02\/filastrocche-sull-autunno-150.jpg\" alt=\"Filastrocche sull'Autunno\"   \/><\/a><br \/>\nSe cerchi le pi\u00f9 belle <a href=\"https:\/\/www.filastrocche.it\/feste\/filastrocche-autunno\/\"><strong>Filastrocche sull&#8217;Autunno, clicca qui!<\/strong><\/a><\/p>\n<p><a href=\"https:\/\/www.filastrocche.it\/feste\/filastrocche-di-inverno\/\"><img loading=\"lazy\" decoding=\"async\" width=\"150\" height=\"113\" class=\"alignnone wp-image-174667 size-full\" title=\"Filastrocche sull'Inverno\" src=\"https:\/\/www.filastrocche.it\/contenuti\/wp-content\/uploads\/2014\/02\/filastrocche-sull-inverno-150-ok.jpg\" alt=\"Filastrocche sull'Inverno\"   \/><\/a><br \/>\nSe cerchi le pi\u00f9 belle<strong> <a href=\"https:\/\/www.filastrocche.it\/feste\/filastrocche-di-inverno\/\">Filastrocche sull&#8217;Inverno, clicca qui<\/a><\/strong>!<\/p>\n<p><a href=\"https:\/\/www.filastrocche.it\/feste\/filastrocche-di-primavera\/\"><img loading=\"lazy\" decoding=\"async\" width=\"150\" height=\"100\" class=\"alignnone wp-image-174665 size-full\" title=\"Filastrocche di Primavera\" src=\"https:\/\/www.filastrocche.it\/contenuti\/wp-content\/uploads\/2014\/02\/filastrocche-sulla-primavera-150.jpg\" alt=\"Filastrocche di Primavera\"   \/><\/a><br \/>\nSe cerchi le pi\u00f9 belle <a href=\"https:\/\/www.filastrocche.it\/feste\/filastrocche-di-primavera\/\"><strong>Filastrocche di Primavera, clicca qui<\/strong><\/a>!<\/p>\n<p><a href=\"https:\/\/www.filastrocche.it\/feste\/filastrocche-sulle-stagioni\/\"><img loading=\"lazy\" decoding=\"async\" width=\"150\" height=\"100\" class=\"alignnone wp-image-174677 size-full\" title=\"Filastrocche sulle Stagioni\" src=\"https:\/\/www.filastrocche.it\/contenuti\/wp-content\/uploads\/2014\/02\/stagioni-150.jpg\" alt=\"Filastrocche sulle Stagioni\"   \/><\/a><br \/>\nSe cerchi le migliori <a href=\"https:\/\/www.filastrocche.it\/feste\/filastrocche-sulle-stagioni\/\"><strong>Filastrocche sulle Stagioni, clicca qui<\/strong><\/a>!<\/p>\n<p><a href=\"https:\/\/www.filastrocche.it\/feste\/c\/scuola\/\"><img loading=\"lazy\" decoding=\"async\" width=\"169\" height=\"45\" class=\"alignnone wp-image-174673 size-full\" title=\"Speciale Scuola\" src=\"https:\/\/www.filastrocche.it\/contenuti\/wp-content\/uploads\/2014\/02\/scritta_specialescuola.gif\" alt=\"Speciale Scuola\"   \/><\/a><a title=\"W la Scuola\" href=\"https:\/\/www.filastrocche.it\/feste\/c\/scuola\/\"><strong><br \/>\nVisita lo speciale &#8220;W la Scuola!&#8221;<\/strong><\/a><\/p>\n","protected":false},"excerpt":{"rendered":"<p>Quando la terra \u00e8 calda e matura, quando la sera si cerca frescura, quando la valle \u00e8 piena d&#8217;oro e le cicale gridano in coro, quando le gole sono assetate questa \u00e8 l&#8217;estate. &nbsp; &nbsp; Se cerchi le pi\u00f9 belle Filastrocche dell&#8217;Estate, clicca qui! Se cerchi le pi\u00f9 belle Filastrocche sull&#8217;Autunno, clicca qui! Se cerchi [&hellip;]<\/p>\n","protected":false},"author":5,"featured_media":173651,"comment_status":"open","ping_status":"open","sticky":false,"template":"","format":"standard","meta":{"footnotes":""},"categories":[9,51],"tags":[1099,187,189,4739,191],"sponsors":[],"class_list":["post-120909","post","type-post","status-publish","format-standard","has-post-thumbnail","hentry","category-poesie","category-poesie-dautore","tag-estate","tag-poesia","tag-poesie-2","tag-roberto-piumini","tag-stagioni-2","occasioni-stagioni","lingua-italiano","scopo-intrattenimento"],"yoast_head":"<!-- This site is optimized with the Yoast SEO plugin v26.2 - https:\/\/yoast.com\/wordpress\/plugins\/seo\/ -->\n<title>Estate - I testi di Roberto Piumini per l&#039;estate in Filastrocche.it<\/title>\n<meta name=\"description\" content=\"Testo della poesia Estate di Roberto Piumini in Filastrocche.it. Inizio: Quando la terra \u00e8 calda e matura, quando la sera...\" \/>\n<meta name=\"robots\" content=\"index, follow, max-snippet:-1, max-image-preview:large, max-video-preview:-1\" \/>\n<link rel=\"canonical\" href=\"https:\/\/www.filastrocche.it\/contenuti\/estate-5\/\" \/>\n<meta property=\"og:locale\" content=\"it_IT\" \/>\n<meta property=\"og:type\" content=\"article\" \/>\n<meta property=\"og:title\" content=\"Estate - I testi di Roberto Piumini per l&#039;estate in Filastrocche.it\" \/>\n<meta property=\"og:description\" content=\"Testo della poesia Estate di Roberto Piumini in Filastrocche.it. Inizio: Quando la terra \u00e8 calda e matura, quando la sera...\" \/>\n<meta property=\"og:url\" content=\"https:\/\/www.filastrocche.it\/contenuti\/estate-5\/\" \/>\n<meta property=\"og:site_name\" content=\"I testi della tradizione di Filastrocche.it\" \/>\n<meta property=\"article:author\" content=\"http:\/\/www.facebook.com\/jolanda.restano\" \/>\n<meta property=\"article:published_time\" content=\"2009-12-01T03:18:31+00:00\" \/>\n<meta property=\"article:modified_time\" content=\"2017-05-16T08:30:37+00:00\" \/>\n<meta property=\"og:image\" content=\"https:\/\/www.filastrocche.it\/contenuti\/wp-content\/uploads\/2017\/02\/grano_estate.jpg\" \/>\n\t<meta property=\"og:image:width\" content=\"600\" \/>\n\t<meta property=\"og:image:height\" content=\"561\" \/>\n\t<meta property=\"og:image:type\" content=\"image\/jpeg\" \/>\n<meta name=\"author\" content=\"Jolanda\" \/>\n<meta name=\"twitter:label1\" content=\"Scritto da\" \/>\n\t<meta name=\"twitter:data1\" content=\"Jolanda\" \/>\n<!-- \/ Yoast SEO plugin. -->","yoast_head_json":{"title":"Estate - I testi di Roberto Piumini per l'estate in Filastrocche.it","description":"Testo della poesia Estate di Roberto Piumini in Filastrocche.it. Inizio: Quando la terra \u00e8 calda e matura, quando la sera...","robots":{"index":"index","follow":"follow","max-snippet":"max-snippet:-1","max-image-preview":"max-image-preview:large","max-video-preview":"max-video-preview:-1"},"canonical":"https:\/\/www.filastrocche.it\/contenuti\/estate-5\/","og_locale":"it_IT","og_type":"article","og_title":"Estate - I testi di Roberto Piumini per l'estate in Filastrocche.it","og_description":"Testo della poesia Estate di Roberto Piumini in Filastrocche.it. Inizio: Quando la terra \u00e8 calda e matura, quando la sera...","og_url":"https:\/\/www.filastrocche.it\/contenuti\/estate-5\/","og_site_name":"I testi della tradizione di Filastrocche.it","article_author":"http:\/\/www.facebook.com\/jolanda.restano","article_published_time":"2009-12-01T03:18:31+00:00","article_modified_time":"2017-05-16T08:30:37+00:00","og_image":[{"width":600,"height":561,"url":"https:\/\/www.filastrocche.it\/contenuti\/wp-content\/uploads\/2017\/02\/grano_estate.jpg","type":"image\/jpeg"}],"author":"Jolanda","twitter_misc":{"Scritto da":"Jolanda"},"schema":{"@context":"https:\/\/schema.org","@graph":[{"@type":"WebPage","@id":"https:\/\/www.filastrocche.it\/contenuti\/estate-5\/","url":"https:\/\/www.filastrocche.it\/contenuti\/estate-5\/","name":"Estate - I testi di Roberto Piumini per l'estate in Filastrocche.it","isPartOf":{"@id":"https:\/\/www.filastrocche.it\/contenuti\/#website"},"primaryImageOfPage":{"@id":"https:\/\/www.filastrocche.it\/contenuti\/estate-5\/#primaryimage"},"image":{"@id":"https:\/\/www.filastrocche.it\/contenuti\/estate-5\/#primaryimage"},"thumbnailUrl":"https:\/\/www.filastrocche.it\/contenuti\/wp-content\/uploads\/2017\/02\/grano_estate.jpg","datePublished":"2009-12-01T03:18:31+00:00","dateModified":"2017-05-16T08:30:37+00:00","author":{"@id":"https:\/\/www.filastrocche.it\/contenuti\/#\/schema\/person\/13a7995b740342851d3a3c001f9dd658"},"description":"Testo della poesia Estate di Roberto Piumini in Filastrocche.it. Inizio: Quando la terra \u00e8 calda e matura, quando la sera...","breadcrumb":{"@id":"https:\/\/www.filastrocche.it\/contenuti\/estate-5\/#breadcrumb"},"inLanguage":"it-IT","potentialAction":[{"@type":"ReadAction","target":["https:\/\/www.filastrocche.it\/contenuti\/estate-5\/"]}]},{"@type":"ImageObject","inLanguage":"it-IT","@id":"https:\/\/www.filastrocche.it\/contenuti\/estate-5\/#primaryimage","url":"https:\/\/www.filastrocche.it\/contenuti\/wp-content\/uploads\/2017\/02\/grano_estate.jpg","contentUrl":"https:\/\/www.filastrocche.it\/contenuti\/wp-content\/uploads\/2017\/02\/grano_estate.jpg","width":600,"height":561},{"@type":"BreadcrumbList","@id":"https:\/\/www.filastrocche.it\/contenuti\/estate-5\/#breadcrumb","itemListElement":[{"@type":"ListItem","position":1,"name":"Home","item":"https:\/\/www.filastrocche.it\/contenuti\/"},{"@type":"ListItem","position":2,"name":"Estate"}]},{"@type":"WebSite","@id":"https:\/\/www.filastrocche.it\/contenuti\/#website","url":"https:\/\/www.filastrocche.it\/contenuti\/","name":"I testi della tradizione di Filastrocche.it","description":"Filastrocche, fiabe, canzoni e...","potentialAction":[{"@type":"SearchAction","target":{"@type":"EntryPoint","urlTemplate":"https:\/\/www.filastrocche.it\/contenuti\/?s={search_term_string}"},"query-input":{"@type":"PropertyValueSpecification","valueRequired":true,"valueName":"search_term_string"}}],"inLanguage":"it-IT"},{"@type":"Person","@id":"https:\/\/www.filastrocche.it\/contenuti\/#\/schema\/person\/13a7995b740342851d3a3c001f9dd658","name":"Jolanda","image":{"@type":"ImageObject","inLanguage":"it-IT","@id":"https:\/\/www.filastrocche.it\/contenuti\/#\/schema\/person\/image\/","url":"https:\/\/secure.gravatar.com\/avatar\/1b1f38df48384d8f75481e92c0cbf9e3494d37f3cf35cd02b0f5cba7d63f7349?s=96&d=mm&r=g","contentUrl":"https:\/\/secure.gravatar.com\/avatar\/1b1f38df48384d8f75481e92c0cbf9e3494d37f3cf35cd02b0f5cba7d63f7349?s=96&d=mm&r=g","caption":"Jolanda"},"sameAs":["http:\/\/www.facebook.com\/jolanda.restano","https:\/\/x.com\/jolandarestano"],"url":"https:\/\/www.filastrocche.it\/contenuti\/author\/jolanda\/"}]}},"_links":{"self":[{"href":"https:\/\/www.filastrocche.it\/contenuti\/wp-json\/wp\/v2\/posts\/120909","targetHints":{"allow":["GET"]}}],"collection":[{"href":"https:\/\/www.filastrocche.it\/contenuti\/wp-json\/wp\/v2\/posts"}],"about":[{"href":"https:\/\/www.filastrocche.it\/contenuti\/wp-json\/wp\/v2\/types\/post"}],"author":[{"embeddable":true,"href":"https:\/\/www.filastrocche.it\/contenuti\/wp-json\/wp\/v2\/users\/5"}],"replies":[{"embeddable":true,"href":"https:\/\/www.filastrocche.it\/contenuti\/wp-json\/wp\/v2\/comments?post=120909"}],"version-history":[{"count":0,"href":"https:\/\/www.filastrocche.it\/contenuti\/wp-json\/wp\/v2\/posts\/120909\/revisions"}],"wp:featuredmedia":[{"embeddable":true,"href":"https:\/\/www.filastrocche.it\/contenuti\/wp-json\/wp\/v2\/media\/173651"}],"wp:attachment":[{"href":"https:\/\/www.filastrocche.it\/contenuti\/wp-json\/wp\/v2\/media?parent=120909"}],"wp:term":[{"taxonomy":"category","embeddable":true,"href":"https:\/\/www.filastrocche.it\/contenuti\/wp-json\/wp\/v2\/categories?post=120909"},{"taxonomy":"post_tag","embeddable":true,"href":"https:\/\/www.filastrocche.it\/contenuti\/wp-json\/wp\/v2\/tags?post=120909"},{"taxonomy":"sponsors","embeddable":true,"href":"https:\/\/www.filastrocche.it\/contenuti\/wp-json\/wp\/v2\/sponsors?post=120909"}],"curies":[{"name":"wp","href":"https:\/\/api.w.org\/{rel}","templated":true}]}}