{"id":121329,"date":"2010-03-09T15:24:01","date_gmt":"2010-03-09T15:24:01","guid":{"rendered":"https:\/\/www.filastrocche.it\/contenuti\/al-papa-3\/"},"modified":"2021-03-19T11:06:20","modified_gmt":"2021-03-19T09:06:20","slug":"al-papa-3","status":"publish","type":"post","link":"https:\/\/www.filastrocche.it\/contenuti\/al-papa-3\/","title":{"rendered":"Al Pap\u00e0!"},"content":{"rendered":"<p><a href=\"https:\/\/www.filastrocche.it\/contenuti\/wp-content\/uploads\/2016\/02\/mistrali-festa-papa-bimbo-350.jpg\" rel=\"attachment wp-att-157331\"><img loading=\"lazy\" decoding=\"async\" width=\"350\" height=\"682\" class=\"aligncenter wp-image-157331 size-full\" title=\"Al Pap\u00e0\" src=\"https:\/\/www.filastrocche.it\/contenuti\/wp-content\/uploads\/2016\/02\/mistrali-festa-papa-bimbo-350.jpg\" alt=\"Al Pap\u00e0\" srcset=\"https:\/\/www.filastrocche.it\/contenuti\/wp-content\/uploads\/2016\/02\/mistrali-festa-papa-bimbo-350.jpg 350w, https:\/\/www.filastrocche.it\/contenuti\/wp-content\/uploads\/2016\/02\/mistrali-festa-papa-bimbo-350-154x300.jpg 154w\" sizes=\"auto, (max-width: 350px) 100vw, 350px\" \/><\/a><\/p>\n<h2>Leggiamo insieme: <strong>Al Pap\u00e0!<\/strong> di Jolanda Restano<\/h2>\n<p>Che sia alto oppure basso,<br \/>\nche sia magro oppure grasso,<br \/>\nche sia brutto oppure bello,<br \/>\nmolto arguto o picchiatello<br \/>\nnon importa e sai perch\u00e9?<br \/>\nPer me \u00e8 grande come un RE!<br \/>\nLui \u00e8 stato, \u00e8 e sar\u00e0<br \/>\nora e sempre il mio Pap\u00e0.<\/p>\n<p>&nbsp;<\/p>\n<p>Per leggere la <a href=\"https:\/\/www.filastrocche.it\/contenuti\/zu-papa\/\"><strong>versione in Tedesco di Al Pap\u00e0!<\/strong><\/a>, cliccare qui: <a href=\"https:\/\/www.filastrocche.it\/contenuti\/zu-papa\/\"><strong>Zu Papa! di Jolanda Restano<\/strong><\/a><\/p>\n<p>&nbsp;<\/p>\n<p><a href=\"https:\/\/www.filastrocche.it\/feste\/filastrocche-di-jolanda-restano\/\"><img loading=\"lazy\" decoding=\"async\" width=\"150\" height=\"141\" class=\"alignnone wp-image-222546 size-full\" title=\"Filastrocche di Jolanda Restano\" src=\"https:\/\/www.filastrocche.it\/contenuti\/wp-content\/uploads\/2018\/05\/filastrocche-di-jolanda-restano-150.jpg\" alt=\"Filastrocche di Jolanda Restano\"   \/><\/a><br \/>\nPer leggere le pi\u00f9 belle <a href=\"https:\/\/www.filastrocche.it\/feste\/filastrocche-di-jolanda-restano\/\"><strong>Filastrocche di Jolanda Restano, clicca qui<\/strong><\/a>!<\/p>\n<p><a href=\"https:\/\/www.filastrocche.it\/feste\/poesie-di-jolanda-restano\/\"><img loading=\"lazy\" decoding=\"async\" width=\"150\" height=\"152\" class=\"alignnone wp-image-222547 size-full\" title=\"Poesie di Jolanda Restano\" src=\"https:\/\/www.filastrocche.it\/contenuti\/wp-content\/uploads\/2018\/05\/poesie-di-jolanda-restano-150.jpg\" alt=\"Poesie di Jolanda Restano\"   \/><\/a><br \/>\nPer leggere le pi\u00f9 belle <a href=\"https:\/\/www.filastrocche.it\/feste\/poesie-di-jolanda-restano\/\"><strong>Poesie di Jolanda Restano, clicca qui<\/strong><\/a>!<\/p>\n<p>&nbsp;<\/p>\n<p><a href=\"https:\/\/www.filastrocche.it\/feste\/poesie-per-la-festa-del-papa\/\"><img loading=\"lazy\" decoding=\"async\" width=\"150\" height=\"124\" class=\"alignnone wp-image-198563 size-full\" title=\"Poesie per la Festa del Pap\u00e0\" src=\"https:\/\/www.filastrocche.it\/contenuti\/wp-content\/uploads\/2018\/02\/poesie-per-la-festa-del-papa-150.jpg\" alt=\"Poesie per la Festa del Pap\u00e0\" \/><\/a><br \/>\nPer le migliori <a href=\"https:\/\/www.filastrocche.it\/feste\/poesie-per-la-festa-del-papa\/\"><strong>Poesie per la Festa del Pap\u00e0, cliccate qui<\/strong><\/a>!<\/p>\n<p><a href=\"https:\/\/www.filastrocche.it\/feste\/filastrocche-per-la-festa-del-papa\/\"><img loading=\"lazy\" decoding=\"async\" width=\"150\" height=\"150\" class=\"alignnone wp-image-198561 size-full\" title=\"Filastrocche per la Festa del Pap\u00e0\" src=\"https:\/\/www.filastrocche.it\/contenuti\/wp-content\/uploads\/2018\/02\/filastrocche-per-la-festa-del-papa-150.jpg\" alt=\"Filastrocche per la Festa del Pap\u00e0\" \/><\/a><br \/>\nPer le pi\u00f9 belle <a href=\"https:\/\/www.filastrocche.it\/feste\/filastrocche-per-la-festa-del-papa\/\"><strong>Filastrocche per la Festa del Pap\u00e0, cliccate qui<\/strong><\/a>!<\/p>\n<p><a href=\"https:\/\/www.filastrocche.it\/feste\/filastrocche-per-la-festa-del-papa-tradizionali-o-dautore\/\"><img loading=\"lazy\" decoding=\"async\" width=\"150\" height=\"129\" class=\"alignnone wp-image-198559 size-full\" title=\"filastrocche per la Festa del Pap\u00e0\" src=\"https:\/\/www.filastrocche.it\/contenuti\/wp-content\/uploads\/2018\/02\/mistrali-festa-papa-pipa-150.jpg\" alt=\"filastrocche per la Festa del Pap\u00e0\" \/><\/a><br \/>\nPer altre <a href=\"https:\/\/www.filastrocche.it\/feste\/filastrocche-per-la-festa-del-papa-tradizionali-o-dautore\/\"><strong>filastrocche per la Festa del Pap\u00e0, cliccate qui<\/strong><\/a>!<\/p>\n<p><a href=\"https:\/\/www.filastrocche.it\/leggiamo\/jolanda-restano-filastrocche-per-la-festa-del-papa\/\"><img loading=\"lazy\" decoding=\"async\" width=\"100\" height=\"168\" class=\"alignnone wp-image-198557 size-full\" title=\"filastrocche per il vostro Pap\u00e0 scritte da Jolanda Restano\" src=\"https:\/\/www.filastrocche.it\/contenuti\/wp-content\/uploads\/2018\/02\/mistrali-festa-papa-bimba-100.jpg\" alt=\"filastrocche per il vostro Pap\u00e0 scritte da Jolanda Restano\" \/><\/a><br \/>\nSe volete leggere <strong>le filastrocche per il vostro Pap\u00e0<\/strong> <strong><a title=\"Filastrocche per la Festa del Pap\u00e0 di Jolanda Restano\" href=\"https:\/\/www.filastrocche.it\/leggiamo\/jolanda-restano-filastrocche-per-la-festa-del-papa\/\">scritte da Jolanda Restano, cliccate qui!<\/a><\/strong><\/p>\n<p><a href=\"https:\/\/www.filastrocche.it\/feste\/filastrocche-per-la-festa-del-papa-scritte-dagli-utenti-del-sito\/\"><img loading=\"lazy\" decoding=\"async\" width=\"100\" height=\"195\" class=\"alignnone wp-image-198555 size-full\" title=\"filastrocche per la Festa del Pap\u00e0\" src=\"https:\/\/www.filastrocche.it\/contenuti\/wp-content\/uploads\/2018\/02\/mistrali-festa-papa-bimbo-100.jpg\" alt=\"filastrocche per la Festa del Pap\u00e0\" \/><\/a><br \/>\nSe invece vi interessano le <strong><a title=\"Filastrocche per la Festa del Pap\u00e0 scritte dagli utenti del sito\" href=\"https:\/\/www.filastrocche.it\/feste\/filastrocche-per-la-festa-del-papa-scritte-dagli-utenti-del-sito\/\">filastrocche per la Festa del Pap\u00e0 scritte da voi, cliccate qui<\/a><\/strong>!<\/p>\n<p><a href=\"https:\/\/www.filastrocche.it\/feste\/frasi-per-la-festa-del-papa\/\"><img loading=\"lazy\" decoding=\"async\" width=\"150\" height=\"134\" class=\"alignnone wp-image-198553 size-full\" title=\"Frasi per la Festa del Pap\u00e0\" src=\"https:\/\/www.filastrocche.it\/contenuti\/wp-content\/uploads\/2018\/02\/frasi-per-la-festa-del-papa-150.jpg\" alt=\"Frasi per la Festa del Pap\u00e0\" \/><\/a><a href=\"https:\/\/www.filastrocche.it\/feste\/frasi-per-la-festa-del-papa\/\"><br \/>\n<\/a>Per le pi\u00f9 belle <a href=\"https:\/\/www.filastrocche.it\/feste\/frasi-per-la-festa-del-papa\/\"><strong>Frasi per la Festa del Pap\u00e0, cliccate qui<\/strong><\/a>!<\/p>\n<p>&nbsp;<\/p>\n<p><a href=\"https:\/\/www.filastrocche.it\/feste\/lavoretti-per-la-festa-del-papa\/\"><img loading=\"lazy\" decoding=\"async\" width=\"150\" height=\"101\" class=\"alignnone wp-image-198551 size-full\" title=\"Lavoretti per la Festa del Pap\u00e0\" src=\"https:\/\/www.filastrocche.it\/contenuti\/wp-content\/uploads\/2018\/02\/lavoretti-festa-del-papa-150.jpg\" alt=\"Lavoretti per la Festa del Pap\u00e0\" \/><\/a><br \/>\nSe state cercando dei <strong><a title=\"Lavoretti per la Festa del Pap\u00e0\" href=\"https:\/\/www.filastrocche.it\/feste\/lavoretti-per-la-festa-del-papa\/\">LAVORETTI per la Festa del Pap\u00e0, cliccate qui<\/a><\/strong>!<\/p>\n<p><a href=\"https:\/\/www.filastrocche.it\/feste\/idee-regalo-fai-da-te-per-la-festa-del-papa\/\"><img loading=\"lazy\" decoding=\"async\" width=\"150\" height=\"140\" class=\"alignnone wp-image-198549 size-full\" title=\"Idee regalo per la Festa del Pap\u00e0\" src=\"https:\/\/www.filastrocche.it\/contenuti\/wp-content\/uploads\/2018\/02\/mistrali-festa-papa-regalo-150.jpg\" alt=\"Idee regalo per la Festa del Pap\u00e0\" \/><\/a><br \/>\nSe state cercando delle <strong><a title=\"Idee regalo per la Festa del Pap\u00e0\" href=\"https:\/\/www.filastrocche.it\/feste\/idee-regalo-fai-da-te-per-la-festa-del-papa\/\">IDEE REGALO per la Festa del Pap\u00e0, cliccate qui<\/a><\/strong>!<\/p>\n<p><a href=\"https:\/\/www.filastrocche.it\/feste\/ricette-per-la-festa-del-papa\/\"><img loading=\"lazy\" decoding=\"async\" width=\"120\" height=\"142\" class=\"alignnone wp-image-198547 size-full\" title=\"Ricette per la Festa del Pap\u00e0\" src=\"https:\/\/www.filastrocche.it\/contenuti\/wp-content\/uploads\/2018\/02\/mistrali-ricette-piatto-pollo-120.jpg\" alt=\"Ricette per la Festa del Pap\u00e0\" \/><\/a><br \/>\nSe cercate delle <a href=\"https:\/\/www.filastrocche.it\/feste\/ricette-per-la-festa-del-papa\/\"><strong>Ricette per la Festa del Pap\u00e0, cliccate qui<\/strong><\/a>!<\/p>\n<p>&nbsp;<\/p>\n<p><a href=\"https:\/\/www.filastrocche.it\/feste\/speciale-festa-del-papa\/\"><img loading=\"lazy\" decoding=\"async\" width=\"198\" height=\"47\" class=\"alignnone wp-image-198545 size-full\" title=\"Speciale Festa del Pap\u00e0\" src=\"https:\/\/www.filastrocche.it\/contenuti\/wp-content\/uploads\/2018\/02\/festa_papa.gif\" alt=\"Speciale Festa del Pap\u00e0\" \/><\/a><br \/>\n<a href=\"https:\/\/www.filastrocche.it\/feste\/speciale-festa-del-papa\/\"><strong>Visita lo Speciale Festa del Pap\u00e0!<\/strong><\/a><\/p>\n","protected":false},"excerpt":{"rendered":"<p>Leggiamo insieme: Al Pap\u00e0! di Jolanda Restano Che sia alto oppure basso, che sia magro oppure grasso, che sia brutto oppure bello, molto arguto o picchiatello non importa e sai perch\u00e9? Per me \u00e8 grande come un RE! Lui \u00e8 stato, \u00e8 e sar\u00e0 ora e sempre il mio Pap\u00e0. &nbsp; Per leggere la versione [&hellip;]<\/p>\n","protected":false},"author":5,"featured_media":157333,"comment_status":"open","ping_status":"open","sticky":false,"template":"","format":"standard","meta":{"footnotes":""},"categories":[5,28],"tags":[515,175,527,1591,517,187,189],"sponsors":[],"class_list":["post-121329","post","type-post","status-publish","format-standard","has-post-thumbnail","hentry","category-filastrocche","category-filastrocche-dautore","tag-festa-del-papa-2","tag-filastrocca","tag-filastrocche-2","tag-jolanda-restano","tag-papa","tag-poesia","tag-poesie-2","occasioni-festa-del-papa","lingua-italiano"],"yoast_head":"<!-- This site is optimized with the Yoast SEO plugin v26.2 - https:\/\/yoast.com\/wordpress\/plugins\/seo\/ -->\n<title>Al pap\u00e0! - Poesia per la Festa del Pap\u00e0 di Jolanda Restano<\/title>\n<meta name=\"description\" content=\"Testo della filastrocca: Al Pap\u00e0! di Jolanda Restano. Versi iniziali: Che sia alto oppure basso, che sia magro oppure grasso, che sia brutto oppure bello...\" \/>\n<meta name=\"robots\" content=\"index, follow, max-snippet:-1, max-image-preview:large, max-video-preview:-1\" \/>\n<link rel=\"canonical\" href=\"https:\/\/www.filastrocche.it\/contenuti\/al-papa-3\/\" \/>\n<meta property=\"og:locale\" content=\"it_IT\" \/>\n<meta property=\"og:type\" content=\"article\" \/>\n<meta property=\"og:title\" content=\"Al pap\u00e0! - Poesia per la Festa del Pap\u00e0 di Jolanda Restano\" \/>\n<meta property=\"og:description\" content=\"Testo della filastrocca: Al Pap\u00e0! di Jolanda Restano. Versi iniziali: Che sia alto oppure basso, che sia magro oppure grasso, che sia brutto oppure bello...\" \/>\n<meta property=\"og:url\" content=\"https:\/\/www.filastrocche.it\/contenuti\/al-papa-3\/\" \/>\n<meta property=\"og:site_name\" content=\"I testi della tradizione di Filastrocche.it\" \/>\n<meta property=\"article:author\" content=\"http:\/\/www.facebook.com\/jolanda.restano\" \/>\n<meta property=\"article:published_time\" content=\"2010-03-09T15:24:01+00:00\" \/>\n<meta property=\"article:modified_time\" content=\"2021-03-19T09:06:20+00:00\" \/>\n<meta property=\"og:image\" content=\"https:\/\/www.filastrocche.it\/contenuti\/wp-content\/uploads\/2016\/02\/mistrali-festa-papa-bimbo-350-quadrato.jpg\" \/>\n\t<meta property=\"og:image:width\" content=\"350\" \/>\n\t<meta property=\"og:image:height\" content=\"337\" \/>\n\t<meta property=\"og:image:type\" content=\"image\/jpeg\" \/>\n<meta name=\"author\" content=\"Jolanda\" \/>\n<meta name=\"twitter:label1\" content=\"Scritto da\" \/>\n\t<meta name=\"twitter:data1\" content=\"Jolanda\" \/>\n\t<meta name=\"twitter:label2\" content=\"Tempo di lettura stimato\" \/>\n\t<meta name=\"twitter:data2\" content=\"4 minuti\" \/>\n<!-- \/ Yoast SEO plugin. -->","yoast_head_json":{"title":"Al pap\u00e0! - Poesia per la Festa del Pap\u00e0 di Jolanda Restano","description":"Testo della filastrocca: Al Pap\u00e0! di Jolanda Restano. Versi iniziali: Che sia alto oppure basso, che sia magro oppure grasso, che sia brutto oppure bello...","robots":{"index":"index","follow":"follow","max-snippet":"max-snippet:-1","max-image-preview":"max-image-preview:large","max-video-preview":"max-video-preview:-1"},"canonical":"https:\/\/www.filastrocche.it\/contenuti\/al-papa-3\/","og_locale":"it_IT","og_type":"article","og_title":"Al pap\u00e0! - Poesia per la Festa del Pap\u00e0 di Jolanda Restano","og_description":"Testo della filastrocca: Al Pap\u00e0! di Jolanda Restano. Versi iniziali: Che sia alto oppure basso, che sia magro oppure grasso, che sia brutto oppure bello...","og_url":"https:\/\/www.filastrocche.it\/contenuti\/al-papa-3\/","og_site_name":"I testi della tradizione di Filastrocche.it","article_author":"http:\/\/www.facebook.com\/jolanda.restano","article_published_time":"2010-03-09T15:24:01+00:00","article_modified_time":"2021-03-19T09:06:20+00:00","og_image":[{"width":350,"height":337,"url":"https:\/\/www.filastrocche.it\/contenuti\/wp-content\/uploads\/2016\/02\/mistrali-festa-papa-bimbo-350-quadrato.jpg","type":"image\/jpeg"}],"author":"Jolanda","twitter_misc":{"Scritto da":"Jolanda","Tempo di lettura stimato":"4 minuti"},"schema":{"@context":"https:\/\/schema.org","@graph":[{"@type":"WebPage","@id":"https:\/\/www.filastrocche.it\/contenuti\/al-papa-3\/","url":"https:\/\/www.filastrocche.it\/contenuti\/al-papa-3\/","name":"Al pap\u00e0! - Poesia per la Festa del Pap\u00e0 di Jolanda Restano","isPartOf":{"@id":"https:\/\/www.filastrocche.it\/contenuti\/#website"},"primaryImageOfPage":{"@id":"https:\/\/www.filastrocche.it\/contenuti\/al-papa-3\/#primaryimage"},"image":{"@id":"https:\/\/www.filastrocche.it\/contenuti\/al-papa-3\/#primaryimage"},"thumbnailUrl":"https:\/\/www.filastrocche.it\/contenuti\/wp-content\/uploads\/2016\/02\/mistrali-festa-papa-bimbo-350-quadrato.jpg","datePublished":"2010-03-09T15:24:01+00:00","dateModified":"2021-03-19T09:06:20+00:00","author":{"@id":"https:\/\/www.filastrocche.it\/contenuti\/#\/schema\/person\/13a7995b740342851d3a3c001f9dd658"},"description":"Testo della filastrocca: Al Pap\u00e0! di Jolanda Restano. Versi iniziali: Che sia alto oppure basso, che sia magro oppure grasso, che sia brutto oppure bello...","breadcrumb":{"@id":"https:\/\/www.filastrocche.it\/contenuti\/al-papa-3\/#breadcrumb"},"inLanguage":"it-IT","potentialAction":[{"@type":"ReadAction","target":["https:\/\/www.filastrocche.it\/contenuti\/al-papa-3\/"]}]},{"@type":"ImageObject","inLanguage":"it-IT","@id":"https:\/\/www.filastrocche.it\/contenuti\/al-papa-3\/#primaryimage","url":"https:\/\/www.filastrocche.it\/contenuti\/wp-content\/uploads\/2016\/02\/mistrali-festa-papa-bimbo-350-quadrato.jpg","contentUrl":"https:\/\/www.filastrocche.it\/contenuti\/wp-content\/uploads\/2016\/02\/mistrali-festa-papa-bimbo-350-quadrato.jpg","width":350,"height":337},{"@type":"BreadcrumbList","@id":"https:\/\/www.filastrocche.it\/contenuti\/al-papa-3\/#breadcrumb","itemListElement":[{"@type":"ListItem","position":1,"name":"Home","item":"https:\/\/www.filastrocche.it\/contenuti\/"},{"@type":"ListItem","position":2,"name":"Al Pap\u00e0!"}]},{"@type":"WebSite","@id":"https:\/\/www.filastrocche.it\/contenuti\/#website","url":"https:\/\/www.filastrocche.it\/contenuti\/","name":"I testi della tradizione di Filastrocche.it","description":"Filastrocche, fiabe, canzoni e...","potentialAction":[{"@type":"SearchAction","target":{"@type":"EntryPoint","urlTemplate":"https:\/\/www.filastrocche.it\/contenuti\/?s={search_term_string}"},"query-input":{"@type":"PropertyValueSpecification","valueRequired":true,"valueName":"search_term_string"}}],"inLanguage":"it-IT"},{"@type":"Person","@id":"https:\/\/www.filastrocche.it\/contenuti\/#\/schema\/person\/13a7995b740342851d3a3c001f9dd658","name":"Jolanda","image":{"@type":"ImageObject","inLanguage":"it-IT","@id":"https:\/\/www.filastrocche.it\/contenuti\/#\/schema\/person\/image\/","url":"https:\/\/secure.gravatar.com\/avatar\/1b1f38df48384d8f75481e92c0cbf9e3494d37f3cf35cd02b0f5cba7d63f7349?s=96&d=mm&r=g","contentUrl":"https:\/\/secure.gravatar.com\/avatar\/1b1f38df48384d8f75481e92c0cbf9e3494d37f3cf35cd02b0f5cba7d63f7349?s=96&d=mm&r=g","caption":"Jolanda"},"sameAs":["http:\/\/www.facebook.com\/jolanda.restano","https:\/\/x.com\/jolandarestano"],"url":"https:\/\/www.filastrocche.it\/contenuti\/author\/jolanda\/"}]}},"_links":{"self":[{"href":"https:\/\/www.filastrocche.it\/contenuti\/wp-json\/wp\/v2\/posts\/121329","targetHints":{"allow":["GET"]}}],"collection":[{"href":"https:\/\/www.filastrocche.it\/contenuti\/wp-json\/wp\/v2\/posts"}],"about":[{"href":"https:\/\/www.filastrocche.it\/contenuti\/wp-json\/wp\/v2\/types\/post"}],"author":[{"embeddable":true,"href":"https:\/\/www.filastrocche.it\/contenuti\/wp-json\/wp\/v2\/users\/5"}],"replies":[{"embeddable":true,"href":"https:\/\/www.filastrocche.it\/contenuti\/wp-json\/wp\/v2\/comments?post=121329"}],"version-history":[{"count":3,"href":"https:\/\/www.filastrocche.it\/contenuti\/wp-json\/wp\/v2\/posts\/121329\/revisions"}],"predecessor-version":[{"id":235786,"href":"https:\/\/www.filastrocche.it\/contenuti\/wp-json\/wp\/v2\/posts\/121329\/revisions\/235786"}],"wp:featuredmedia":[{"embeddable":true,"href":"https:\/\/www.filastrocche.it\/contenuti\/wp-json\/wp\/v2\/media\/157333"}],"wp:attachment":[{"href":"https:\/\/www.filastrocche.it\/contenuti\/wp-json\/wp\/v2\/media?parent=121329"}],"wp:term":[{"taxonomy":"category","embeddable":true,"href":"https:\/\/www.filastrocche.it\/contenuti\/wp-json\/wp\/v2\/categories?post=121329"},{"taxonomy":"post_tag","embeddable":true,"href":"https:\/\/www.filastrocche.it\/contenuti\/wp-json\/wp\/v2\/tags?post=121329"},{"taxonomy":"sponsors","embeddable":true,"href":"https:\/\/www.filastrocche.it\/contenuti\/wp-json\/wp\/v2\/sponsors?post=121329"}],"curies":[{"name":"wp","href":"https:\/\/api.w.org\/{rel}","templated":true}]}}