{"id":122237,"date":"2010-11-22T11:01:09","date_gmt":"2010-11-22T11:01:09","guid":{"rendered":"https:\/\/www.filastrocche.it\/contenuti\/luciasangen-2\/"},"modified":"2017-11-07T11:50:37","modified_gmt":"2017-11-07T09:50:37","slug":"luciasangen-2","status":"publish","type":"post","link":"https:\/\/www.filastrocche.it\/contenuti\/luciasangen-2\/","title":{"rendered":"Lucias\u00e5ngen"},"content":{"rendered":"<h2><strong><img loading=\"lazy\" decoding=\"async\" width=\"350\" height=\"275\" class=\"aligncenter wp-image-153683 size-full\" title=\"Lucias\u00e5ngen\" src=\"https:\/\/www.filastrocche.it\/contenuti\/wp-content\/uploads\/2010\/11\/santa-lucia-jop-350.jpg\" alt=\"Lucias\u00e5ngen\" srcset=\"https:\/\/www.filastrocche.it\/contenuti\/wp-content\/uploads\/2010\/11\/santa-lucia-jop-350.jpg 350w, https:\/\/www.filastrocche.it\/contenuti\/wp-content\/uploads\/2010\/11\/santa-lucia-jop-350-300x236.jpg 300w\" sizes=\"auto, (max-width: 350px) 100vw, 350px\" \/><\/strong>Lucias\u00e5ngen: la canzone tradizionale scandinava per Santa Lucia<\/h2>\n<p>P\u00e5 havet skiner silverstj\u00e4rnan,<br \/>\nlugna \u00e4r v\u00e5gorna,<br \/>\nmild \u00e4r vinden.<br \/>\nKom till min lilla b\u00e5t,<br \/>\nSanta Lucia! Santa Lucia!<\/p>\n<p>Med en s\u00e5dan ljuvlig bris,<br \/>\nvad sk\u00f6nt att vara p\u00e5 b\u00e5ten!<br \/>\nKom, passagerare,<br \/>\nkom med! Santa Lucia! Santa Lucia!<\/p>\n<p>Att ordna till middag bakom gardiner<br \/>\nen s\u00e5dan lugn kv\u00e4ll,<br \/>\nvem skulle inte \u00f6nska sig det, vem skulle inte vilja det?<br \/>\nSanta Lucia! Santa Lucia!<\/p>\n<p>Ett s\u00e5dant lugnt hav, en s\u00e5dan f\u00f6rtjusande vind,<br \/>\ng\u00f6r att en sj\u00f6man gl\u00f6mmer alla bekymmer<br \/>\noch sjunger med gl\u00e4dje<br \/>\nSanta Lucia! Santa Lucia!<\/p>\n<p>S\u00f6ta Neapel, lyckliga stad,<br \/>\nd\u00e4r skapelsen har skett med ett leende,<br \/>\ndu \u00e4r harmonins rike!<br \/>\nSanta Lucia! Santa Lucia!<\/p>\n<p>&nbsp;<\/p>\n<p>&nbsp;<\/p>\n<p>&nbsp;<\/p>\n<p><a href=\"https:\/\/www.filastrocche.it\/contenuti\/wp-content\/uploads\/2017\/11\/santalucia5-100.jpg\"><img loading=\"lazy\" decoding=\"async\" width=\"100\" height=\"132\" class=\"alignnone wp-image-187471 size-full\" title=\"Filastrocche di Santa Lucia\" src=\"https:\/\/www.filastrocche.it\/contenuti\/wp-content\/uploads\/2017\/11\/santalucia5-100.jpg\" alt=\"Filastrocche di Santa Lucia\" \/><\/a><br \/>\nPer altre <a href=\"https:\/\/www.filastrocche.it\/feste\/filastrocche-di-santa-lucia\/\"><strong>Filastrocche di Santa Lucia<\/strong><\/a>, <a href=\"https:\/\/www.filastrocche.it\/feste\/filastrocche-di-santa-lucia\/\"><strong>clicca qui<\/strong><\/a>!<\/p>\n<p><a href=\"https:\/\/www.filastrocche.it\/feste\/poesie-per-santa-lucia\/\"><img loading=\"lazy\" decoding=\"async\" width=\"120\" height=\"94\" class=\"alignnone wp-image-187473 size-full\" title=\"Poesie per Santa Lucia\" src=\"https:\/\/www.filastrocche.it\/contenuti\/wp-content\/uploads\/2017\/11\/santa-lucia-jop-120.jpg\" alt=\"Poesie per Santa Lucia\" \/><\/a><br \/>\nPer altre <a href=\"https:\/\/www.filastrocche.it\/feste\/poesie-per-santa-lucia\/\"><strong>Poesie per Santa Lucia<\/strong><\/a>, <a href=\"https:\/\/www.filastrocche.it\/feste\/poesie-per-santa-lucia\/\"><strong>clicca qui<\/strong><\/a>!<\/p>\n<p><a href=\"https:\/\/www.filastrocche.it\/contenuti\/wp-content\/uploads\/2017\/11\/santa-lucia-100.jpg\"><img loading=\"lazy\" decoding=\"async\" width=\"100\" height=\"150\" class=\"alignnone wp-image-187475 size-full\" title=\"Canzoni per Santa Lucia\" src=\"https:\/\/www.filastrocche.it\/contenuti\/wp-content\/uploads\/2017\/11\/santa-lucia-100.jpg\" alt=\"Canzoni per Santa Lucia\" \/><\/a><br \/>\nPer cantare le <a href=\"https:\/\/www.filastrocche.it\/feste\/canzoni-per-santa-lucia\/\"><strong>Canzoni per Santa Lucia<\/strong><\/a>, <a href=\"https:\/\/www.filastrocche.it\/feste\/canzoni-per-santa-lucia\/\"><strong>clicca qui<\/strong><\/a>!<\/p>\n<p><img loading=\"lazy\" decoding=\"async\" width=\"120\" height=\"137\" class=\"alignnone wp-image-187055 size-full\" title=\"Corona per Santa Lucia\" src=\"https:\/\/www.filastrocche.it\/contenuti\/wp-content\/uploads\/2017\/10\/corona-santa-lucia-7-120.jpg\" alt=\"Corona per Santa Lucia\" \/><br \/>\nPer creare una <a href=\"https:\/\/www.filastrocche.it\/feste\/corona-di-santa-lucia\/\"><strong>Corona per Santa Lucia<\/strong><\/a>, <a href=\"https:\/\/www.filastrocche.it\/feste\/corona-di-santa-lucia\/\"><strong>clicca qui<\/strong><\/a>!<\/p>\n<p><a href=\"https:\/\/www.filastrocche.it\/feste\/lavoretti-per-santa-lucia\/\"><img loading=\"lazy\" decoding=\"async\" width=\"150\" height=\"106\" class=\"alignnone wp-image-187477 size-full\" title=\"Lavoretti per Santa Lucia\" src=\"https:\/\/www.filastrocche.it\/contenuti\/wp-content\/uploads\/2017\/11\/lavoretti-per-santa-lucia-150.jpg\" alt=\"Lavoretti per Santa Lucia\" \/><\/a><br \/>\nPer scoprire tanti <a href=\"https:\/\/www.filastrocche.it\/feste\/lavoretti-per-santa-lucia\/\"><strong>Lavoretti per Santa Lucia<\/strong><\/a>, <a href=\"https:\/\/www.filastrocche.it\/feste\/lavoretti-per-santa-lucia\/\"><strong>clicca qui<\/strong><\/a>!<\/p>\n<p title=\"Proponi un testo a Filastrocche.it\"><a href=\"https:\/\/www.filastrocche.it\/feste\/rime-e-filastrocche-tradizionali-per-santa-lucia\/\"><img loading=\"lazy\" decoding=\"async\" width=\"100\" height=\"112\" class=\"alignnone wp-image-187049 size-full\" title=\"filastrocche di Santa Lucia\" src=\"https:\/\/www.filastrocche.it\/contenuti\/wp-content\/uploads\/2017\/10\/santa_lucia_filastrocche_tradizionali_angelo-100.jpg\" alt=\"filastrocche di Santa Lucia\" \/><\/a><br \/>\nPer leggere altre <strong><a href=\"https:\/\/www.filastrocche.it\/feste\/rime-e-filastrocche-tradizionali-per-santa-lucia\/\">filastrocche di Santa Lucia<\/a><\/strong> tradizionali o d\u2019autore, <a href=\"https:\/\/www.filastrocche.it\/feste\/rime-e-filastrocche-tradizionali-per-santa-lucia\/\"><strong>clicca qui<\/strong><\/a>!<\/p>\n<p title=\"Proponi un testo a Filastrocche.it\"><a href=\"https:\/\/www.filastrocche.it\/feste\/rime-e-filastrocche-composte-dagli-utenti-per-santa-lucia\/\"><img loading=\"lazy\" decoding=\"async\" width=\"100\" height=\"105\" class=\"alignnone wp-image-187019 size-full\" title=\"filastrocche per Santa Lucia\" src=\"https:\/\/www.filastrocche.it\/contenuti\/wp-content\/uploads\/2017\/10\/santa_lucia_filastrocche_utenti_candela-100.jpg\" alt=\"filastrocche per Santa Lucia\" \/><\/a><br \/>\nPer leggere altre <a href=\"https:\/\/www.filastrocche.it\/feste\/rime-e-filastrocche-composte-dagli-utenti-per-santa-lucia\/\"><strong>filastrocche per Santa Lucia<\/strong><\/a> scritte dagli amici del nostro sito, <a href=\"https:\/\/www.filastrocche.it\/feste\/rime-e-filastrocche-composte-dagli-utenti-per-santa-lucia\/\"><strong>clicca qui<\/strong><\/a>!<\/p>\n<p><a href=\"https:\/\/www.filastrocche.it\/feste\/letterina-per-santa-lucia\/\"><img loading=\"lazy\" decoding=\"async\" width=\"100\" height=\"142\" class=\"alignnone wp-image-187017 size-full\" title=\"Letterina per Santa Lucia\" src=\"https:\/\/www.filastrocche.it\/contenuti\/wp-content\/uploads\/2017\/10\/lettera_righe_angelo-100.png\" alt=\"Letterina per Santa Lucia\" \/><\/a><br \/>\nPer stampare una <a href=\"https:\/\/www.filastrocche.it\/feste\/letterina-per-santa-lucia\/\"><strong>Letterina per Santa Lucia<\/strong><\/a>, <a href=\"https:\/\/www.filastrocche.it\/feste\/letterina-per-santa-lucia\/\"><strong>clicca qui<\/strong><\/a>!<\/p>\n<p><a href=\"https:\/\/www.filastrocche.it\/feste\/poesie-in-cornice-per-santa-lucia\/\"><img loading=\"lazy\" decoding=\"async\" width=\"100\" height=\"138\" class=\"alignnone wp-image-187015 size-full\" title=\"Poesie in Cornice per Santa Lucia\" src=\"https:\/\/www.filastrocche.it\/contenuti\/wp-content\/uploads\/2017\/10\/santa-lucia-poesia-cornice-santa-lucia-bosari-100.jpg\" alt=\"Poesie in Cornice per Santa Lucia\" \/><\/a><br \/>\nPer stampare una <a href=\"https:\/\/www.filastrocche.it\/feste\/poesie-in-cornice-per-santa-lucia\/\"><strong>Poesia in Cornice per Santa Lucia<\/strong><\/a>, <strong><a href=\"https:\/\/www.filastrocche.it\/feste\/poesie-in-cornice-per-santa-lucia\/\">clicca qui<\/a><\/strong>!<\/p>\n<p><a href=\"https:\/\/www.filastrocche.it\/feste\/attestati-di-buon-comportamento-firmati-da-santa-lucia\/\"><img loading=\"lazy\" decoding=\"async\" width=\"100\" height=\"142\" class=\"alignnone wp-image-187013 size-full\" title=\"attestato di Buon Comportamento da Santa Lucia\" src=\"https:\/\/www.filastrocche.it\/contenuti\/wp-content\/uploads\/2017\/10\/attestato-buon-comportamento-slucia-bimba-100.jpg\" alt=\"attestato di Buon Comportamento da Santa Lucia\" \/><\/a><br \/>\nPer stampare un <strong><a href=\"https:\/\/www.filastrocche.it\/feste\/attestati-di-buon-comportamento-firmati-da-santa-lucia\/\">attestato di Buon Comportamento da Santa Lucia<\/a><\/strong>, <a href=\"https:\/\/www.filastrocche.it\/feste\/attestati-di-buon-comportamento-firmati-da-santa-lucia\/\"><strong>clicca qui<\/strong><\/a>!<\/p>\n<p><a href=\"https:\/\/www.filastrocche.it\/feste\/santa-lucia-storia-e-tradizioni-in-italia\/\"><img loading=\"lazy\" decoding=\"async\" width=\"100\" height=\"108\" class=\"alignnone wp-image-187011 size-full\" title=\"Storia di Santa Lucia\" src=\"https:\/\/www.filastrocche.it\/contenuti\/wp-content\/uploads\/2017\/10\/santa_lucia_origini_italia-100.jpg\" alt=\"Storia di Santa Lucia\" \/><\/a><br \/>\nPer scoprire <a href=\"https:\/\/www.filastrocche.it\/feste\/santa-lucia-storia-e-tradizioni-in-italia\/\"><strong>chi \u00e8 Santa Lucia<\/strong><\/a>, <a href=\"https:\/\/www.filastrocche.it\/feste\/santa-lucia-storia-e-tradizioni-in-italia\/\"><strong>clicca qui<\/strong><\/a>!<\/p>\n<p><a href=\"https:\/\/www.filastrocche.it\/feste\/santa-lucia-storia-e-tradizioni-in-scandinavia\/\"><img loading=\"lazy\" decoding=\"async\" width=\"100\" height=\"152\" class=\"alignnone wp-image-187009 size-full\" title=\"Tradizioni di Santa Lucia\" src=\"https:\/\/www.filastrocche.it\/contenuti\/wp-content\/uploads\/2017\/10\/santa_lucia_origini_scandinavia-100.jpg\" alt=\"Tradizioni di Santa Lucia\" \/><\/a><br \/>\nPer scoprire le <a href=\"https:\/\/www.filastrocche.it\/feste\/santa-lucia-storia-e-tradizioni-in-scandinavia\/\"><strong>tradizioni scandinave<\/strong> <\/a>intorno alla Santa, <a href=\"https:\/\/www.filastrocche.it\/feste\/santa-lucia-storia-e-tradizioni-in-scandinavia\/\"><strong>clicca qui<\/strong><\/a>!<\/p>\n<p><a href=\"https:\/\/www.filastrocche.it\/feste\/storia-santa-lucia\/\"><img loading=\"lazy\" decoding=\"async\" width=\"100\" height=\"105\" class=\"alignnone wp-image-187007 size-full\" title=\"Storia di Santa Lucia\" src=\"https:\/\/www.filastrocche.it\/contenuti\/wp-content\/uploads\/2017\/10\/santa-lucia-davanti-al-giudice-100.jpg\" alt=\"Storia di Santa Lucia\" \/><\/a><br \/>\nPer scoprire tutta la <a href=\"https:\/\/www.filastrocche.it\/feste\/storia-santa-lucia\/\"><strong>storia di Santa Lucia, clicca qui<\/strong><\/a>!<\/p>\n<p>&nbsp;<\/p>\n<p title=\"Speciale Santa Lucia\"><strong><a href=\"https:\/\/www.filastrocche.it\/feste\/speciale-santa-lucia\/\"><img loading=\"lazy\" decoding=\"async\" width=\"213\" height=\"45\" class=\"alignnone wp-image-187003 size-full\" title=\"Speciale Santa Lucia\" src=\"https:\/\/www.filastrocche.it\/contenuti\/wp-content\/uploads\/2017\/10\/scritta_speciale_santa_lucia.gif\" alt=\"Speciale Santa Lucia\" \/><\/a><br \/>\n<a href=\"https:\/\/www.filastrocche.it\/feste\/speciale-santa-lucia\/\">Visita lo Speciale Santa Lucia!<\/a><\/strong><\/p>\n","protected":false},"excerpt":{"rendered":"<p>Lucias\u00e5ngen: la canzone tradizionale scandinava per Santa Lucia P\u00e5 havet skiner silverstj\u00e4rnan, lugna \u00e4r v\u00e5gorna, mild \u00e4r vinden. Kom till min lilla b\u00e5t, Santa Lucia! Santa Lucia! Med en s\u00e5dan ljuvlig bris, vad sk\u00f6nt att vara p\u00e5 b\u00e5ten! Kom, passagerare, kom med! Santa Lucia! Santa Lucia! Att ordna till middag bakom gardiner en s\u00e5dan lugn [&hellip;]<\/p>\n","protected":false},"author":5,"featured_media":153683,"comment_status":"open","ping_status":"open","sticky":false,"template":"","format":"standard","meta":{"footnotes":""},"categories":[6,33],"tags":[5387],"sponsors":[],"class_list":["post-122237","post","type-post","status-publish","format-standard","has-post-thumbnail","hentry","category-canzoni","category-canzoni-tradizionali","tag-santa-lucia","occasioni-santa-lucia","lingua-svedese","scopo-intrattenimento"],"yoast_head":"<!-- This site is optimized with the Yoast SEO plugin v26.2 - https:\/\/yoast.com\/wordpress\/plugins\/seo\/ -->\n<title>Lucias\u00e5ngen<\/title>\n<meta name=\"description\" content=\"Testo della canzone: Lucias\u00e5ngen, in svedese. \u00c8 la canzone tradizionale che viene cantata nei paesi scandinavi per festeggiare Santa Lucia il 13 Dicembre...\" \/>\n<meta name=\"robots\" content=\"index, follow, max-snippet:-1, max-image-preview:large, max-video-preview:-1\" \/>\n<link rel=\"canonical\" href=\"https:\/\/www.filastrocche.it\/contenuti\/luciasangen-2\/\" \/>\n<meta property=\"og:locale\" content=\"it_IT\" \/>\n<meta property=\"og:type\" content=\"article\" \/>\n<meta property=\"og:title\" content=\"Lucias\u00e5ngen\" \/>\n<meta property=\"og:description\" content=\"Testo della canzone: Lucias\u00e5ngen, in svedese. \u00c8 la canzone tradizionale che viene cantata nei paesi scandinavi per festeggiare Santa Lucia il 13 Dicembre...\" \/>\n<meta property=\"og:url\" content=\"https:\/\/www.filastrocche.it\/contenuti\/luciasangen-2\/\" \/>\n<meta property=\"og:site_name\" content=\"I testi della tradizione di Filastrocche.it\" \/>\n<meta property=\"article:author\" content=\"http:\/\/www.facebook.com\/jolanda.restano\" \/>\n<meta property=\"article:published_time\" content=\"2010-11-22T11:01:09+00:00\" \/>\n<meta property=\"article:modified_time\" content=\"2017-11-07T09:50:37+00:00\" \/>\n<meta property=\"og:image\" content=\"https:\/\/www.filastrocche.it\/contenuti\/wp-content\/uploads\/2010\/11\/santa-lucia-jop-350.jpg\" \/>\n\t<meta property=\"og:image:width\" content=\"350\" \/>\n\t<meta property=\"og:image:height\" content=\"275\" \/>\n\t<meta property=\"og:image:type\" content=\"image\/jpeg\" \/>\n<meta name=\"author\" content=\"Jolanda\" \/>\n<meta name=\"twitter:label1\" content=\"Scritto da\" \/>\n\t<meta name=\"twitter:data1\" content=\"Jolanda\" \/>\n\t<meta name=\"twitter:label2\" content=\"Tempo di lettura stimato\" \/>\n\t<meta name=\"twitter:data2\" content=\"1 minuto\" \/>\n<!-- \/ Yoast SEO plugin. -->","yoast_head_json":{"title":"Lucias\u00e5ngen","description":"Testo della canzone: Lucias\u00e5ngen, in svedese. \u00c8 la canzone tradizionale che viene cantata nei paesi scandinavi per festeggiare Santa Lucia il 13 Dicembre...","robots":{"index":"index","follow":"follow","max-snippet":"max-snippet:-1","max-image-preview":"max-image-preview:large","max-video-preview":"max-video-preview:-1"},"canonical":"https:\/\/www.filastrocche.it\/contenuti\/luciasangen-2\/","og_locale":"it_IT","og_type":"article","og_title":"Lucias\u00e5ngen","og_description":"Testo della canzone: Lucias\u00e5ngen, in svedese. \u00c8 la canzone tradizionale che viene cantata nei paesi scandinavi per festeggiare Santa Lucia il 13 Dicembre...","og_url":"https:\/\/www.filastrocche.it\/contenuti\/luciasangen-2\/","og_site_name":"I testi della tradizione di Filastrocche.it","article_author":"http:\/\/www.facebook.com\/jolanda.restano","article_published_time":"2010-11-22T11:01:09+00:00","article_modified_time":"2017-11-07T09:50:37+00:00","og_image":[{"width":350,"height":275,"url":"https:\/\/www.filastrocche.it\/contenuti\/wp-content\/uploads\/2010\/11\/santa-lucia-jop-350.jpg","type":"image\/jpeg"}],"author":"Jolanda","twitter_misc":{"Scritto da":"Jolanda","Tempo di lettura stimato":"1 minuto"},"schema":{"@context":"https:\/\/schema.org","@graph":[{"@type":"WebPage","@id":"https:\/\/www.filastrocche.it\/contenuti\/luciasangen-2\/","url":"https:\/\/www.filastrocche.it\/contenuti\/luciasangen-2\/","name":"Lucias\u00e5ngen","isPartOf":{"@id":"https:\/\/www.filastrocche.it\/contenuti\/#website"},"primaryImageOfPage":{"@id":"https:\/\/www.filastrocche.it\/contenuti\/luciasangen-2\/#primaryimage"},"image":{"@id":"https:\/\/www.filastrocche.it\/contenuti\/luciasangen-2\/#primaryimage"},"thumbnailUrl":"https:\/\/www.filastrocche.it\/contenuti\/wp-content\/uploads\/2010\/11\/santa-lucia-jop-350.jpg","datePublished":"2010-11-22T11:01:09+00:00","dateModified":"2017-11-07T09:50:37+00:00","author":{"@id":"https:\/\/www.filastrocche.it\/contenuti\/#\/schema\/person\/13a7995b740342851d3a3c001f9dd658"},"description":"Testo della canzone: Lucias\u00e5ngen, in svedese. \u00c8 la canzone tradizionale che viene cantata nei paesi scandinavi per festeggiare Santa Lucia il 13 Dicembre...","breadcrumb":{"@id":"https:\/\/www.filastrocche.it\/contenuti\/luciasangen-2\/#breadcrumb"},"inLanguage":"it-IT","potentialAction":[{"@type":"ReadAction","target":["https:\/\/www.filastrocche.it\/contenuti\/luciasangen-2\/"]}]},{"@type":"ImageObject","inLanguage":"it-IT","@id":"https:\/\/www.filastrocche.it\/contenuti\/luciasangen-2\/#primaryimage","url":"https:\/\/www.filastrocche.it\/contenuti\/wp-content\/uploads\/2010\/11\/santa-lucia-jop-350.jpg","contentUrl":"https:\/\/www.filastrocche.it\/contenuti\/wp-content\/uploads\/2010\/11\/santa-lucia-jop-350.jpg","width":350,"height":275},{"@type":"BreadcrumbList","@id":"https:\/\/www.filastrocche.it\/contenuti\/luciasangen-2\/#breadcrumb","itemListElement":[{"@type":"ListItem","position":1,"name":"Home","item":"https:\/\/www.filastrocche.it\/contenuti\/"},{"@type":"ListItem","position":2,"name":"Lucias\u00e5ngen"}]},{"@type":"WebSite","@id":"https:\/\/www.filastrocche.it\/contenuti\/#website","url":"https:\/\/www.filastrocche.it\/contenuti\/","name":"I testi della tradizione di Filastrocche.it","description":"Filastrocche, fiabe, canzoni e...","potentialAction":[{"@type":"SearchAction","target":{"@type":"EntryPoint","urlTemplate":"https:\/\/www.filastrocche.it\/contenuti\/?s={search_term_string}"},"query-input":{"@type":"PropertyValueSpecification","valueRequired":true,"valueName":"search_term_string"}}],"inLanguage":"it-IT"},{"@type":"Person","@id":"https:\/\/www.filastrocche.it\/contenuti\/#\/schema\/person\/13a7995b740342851d3a3c001f9dd658","name":"Jolanda","image":{"@type":"ImageObject","inLanguage":"it-IT","@id":"https:\/\/www.filastrocche.it\/contenuti\/#\/schema\/person\/image\/","url":"https:\/\/secure.gravatar.com\/avatar\/1b1f38df48384d8f75481e92c0cbf9e3494d37f3cf35cd02b0f5cba7d63f7349?s=96&d=mm&r=g","contentUrl":"https:\/\/secure.gravatar.com\/avatar\/1b1f38df48384d8f75481e92c0cbf9e3494d37f3cf35cd02b0f5cba7d63f7349?s=96&d=mm&r=g","caption":"Jolanda"},"sameAs":["http:\/\/www.facebook.com\/jolanda.restano","https:\/\/x.com\/jolandarestano"],"url":"https:\/\/www.filastrocche.it\/contenuti\/author\/jolanda\/"}]}},"_links":{"self":[{"href":"https:\/\/www.filastrocche.it\/contenuti\/wp-json\/wp\/v2\/posts\/122237","targetHints":{"allow":["GET"]}}],"collection":[{"href":"https:\/\/www.filastrocche.it\/contenuti\/wp-json\/wp\/v2\/posts"}],"about":[{"href":"https:\/\/www.filastrocche.it\/contenuti\/wp-json\/wp\/v2\/types\/post"}],"author":[{"embeddable":true,"href":"https:\/\/www.filastrocche.it\/contenuti\/wp-json\/wp\/v2\/users\/5"}],"replies":[{"embeddable":true,"href":"https:\/\/www.filastrocche.it\/contenuti\/wp-json\/wp\/v2\/comments?post=122237"}],"version-history":[{"count":1,"href":"https:\/\/www.filastrocche.it\/contenuti\/wp-json\/wp\/v2\/posts\/122237\/revisions"}],"predecessor-version":[{"id":187889,"href":"https:\/\/www.filastrocche.it\/contenuti\/wp-json\/wp\/v2\/posts\/122237\/revisions\/187889"}],"wp:featuredmedia":[{"embeddable":true,"href":"https:\/\/www.filastrocche.it\/contenuti\/wp-json\/wp\/v2\/media\/153683"}],"wp:attachment":[{"href":"https:\/\/www.filastrocche.it\/contenuti\/wp-json\/wp\/v2\/media?parent=122237"}],"wp:term":[{"taxonomy":"category","embeddable":true,"href":"https:\/\/www.filastrocche.it\/contenuti\/wp-json\/wp\/v2\/categories?post=122237"},{"taxonomy":"post_tag","embeddable":true,"href":"https:\/\/www.filastrocche.it\/contenuti\/wp-json\/wp\/v2\/tags?post=122237"},{"taxonomy":"sponsors","embeddable":true,"href":"https:\/\/www.filastrocche.it\/contenuti\/wp-json\/wp\/v2\/sponsors?post=122237"}],"curies":[{"name":"wp","href":"https:\/\/api.w.org\/{rel}","templated":true}]}}