{"id":139543,"date":"2014-06-25T10:58:13","date_gmt":"2014-06-25T08:58:13","guid":{"rendered":"https:\/\/www.filastrocche.it\/contenuti\/?p=139543"},"modified":"2020-07-01T09:26:58","modified_gmt":"2020-07-01T07:26:58","slug":"luglio-col-bene-che-ti-voglio","status":"publish","type":"post","link":"https:\/\/www.filastrocche.it\/contenuti\/luglio-col-bene-che-ti-voglio\/","title":{"rendered":"Luglio col bene che ti voglio"},"content":{"rendered":"<h2><span ><a href=\"https:\/\/www.filastrocche.it\/contenuti\/wp-content\/uploads\/2014\/06\/Depositphotos_18231231_s.jpg\"><img loading=\"lazy\" decoding=\"async\" width=\"811\" height=\"616\" class=\"aligncenter wp-image-139547\" title=\"Luglio col bene che ti voglio\" src=\"https:\/\/www.filastrocche.it\/contenuti\/wp-content\/uploads\/2014\/06\/Depositphotos_18231231_s.jpg\" alt=\"luglio col bene che ti voglio\" srcset=\"https:\/\/www.filastrocche.it\/contenuti\/wp-content\/uploads\/2014\/06\/Depositphotos_18231231_s.jpg 811w, https:\/\/www.filastrocche.it\/contenuti\/wp-content\/uploads\/2014\/06\/Depositphotos_18231231_s-300x227.jpg 300w\" sizes=\"auto, (max-width: 811px) 100vw, 811px\" \/><\/a><\/span>Cantiamo insieme: <strong>Luglio col bene che ti voglio<\/strong> di Riccardo Del Turco e Giancarlo Bigazzi<\/h2>\n<p>Luglio col bene che ti voglio<br \/>\nvedrai non finir\u00e0.<br \/>\nLuglio m&#8217;ha fatto una promessa<br \/>\nl&#8217;amore porter\u00e0.<br \/>\nAnche tu, in riva al mare tempo fa,<br \/>\namore, amore<br \/>\nmi dicevi: &#8220;Luglio ci porter\u00e0 fortuna&#8221;<br \/>\npoi non ti ho vista pi\u00f9;<br \/>\nvieni, da me c&#8217;\u00e8 tanto sole,<br \/>\nma ho tanto freddo al cuore<br \/>\nse tu non sei con me.<\/p>\n<p>Luglio si veste di novembre<br \/>\nse non arrivi tu.<br \/>\nLuglio sarebbe un grosso sbaglio<br \/>\nnon rivedersi pi\u00f9.<br \/>\nMa perch\u00e9 in riva al mare non ci sei,<br \/>\namore, amore<br \/>\nma perch\u00e9 non torni \u00e8 luglio da tre giorni<br \/>\ne ancora non sei qui;<br \/>\nvieni, da me c&#8217;\u00e8 tanto sole,<br \/>\nma ho tanto freddo al cuore<br \/>\nse tu non sei con me.<\/p>\n<p>Luglio, stamane al mio risveglio<br \/>\nnon ci speravo pi\u00f9.<br \/>\nLuglio credevo ad un abbaglio<br \/>\ne invece ci sei tu.<br \/>\nCi sei tu in riva al mare solo tu,<br \/>\namore, amore<br \/>\ne mi corri incontro<br \/>\nti scusi del ritardo<br \/>\nma non mi importa pi\u00f9.<br \/>\nLuglio ha ritrovato il sole<br \/>\nnon ho pi\u00f9 freddo al cuore<br \/>\nperch\u00e9 tu sei con me.<\/p>\n<p>&nbsp;<\/p>\n<div class=\"flex-video\"><iframe title=\"Riccardo Del Turco (Live Show) \/-\/ Luglio (col bene che ti voglio...) ...\"   src=\"https:\/\/www.youtube.com\/embed\/D6sFHUbtqI4?feature=oembed\" frameborder=\"0\" allow=\"accelerometer; autoplay; clipboard-write; encrypted-media; gyroscope; picture-in-picture; web-share\" referrerpolicy=\"strict-origin-when-cross-origin\" allowfullscreen><\/iframe><\/div>\n<p>&nbsp;<\/p>\n<p><a href=\"https:\/\/www.filastrocche.it\/feste\/filastrocche-del-mese-di-luglio\/\"><img loading=\"lazy\" decoding=\"async\" width=\"150\" height=\"113\" class=\"alignnone wp-image-232178 size-full\" title=\"Filastrocche del Mese di Luglio\" src=\"https:\/\/www.filastrocche.it\/contenuti\/wp-content\/uploads\/2013\/07\/filastrocche-del-mese-di-luglio-150.jpg\" alt=\"Filastrocche del Mese di Luglio\"   \/><\/a><br \/>\nSe cerchi le pi\u00f9 belle <a href=\"https:\/\/www.filastrocche.it\/feste\/filastrocche-del-mese-di-luglio\/\"><strong>Filastrocche del Mese di Luglio, clicca qui<\/strong><\/a>!<\/p>\n<p><a href=\"https:\/\/www.filastrocche.it\/feste\/poesie-del-mese-di-luglio\/\"><img loading=\"lazy\" decoding=\"async\" width=\"150\" height=\"113\" class=\"alignnone wp-image-232179 size-full\" title=\"Poesie del Mese di Luglio\" src=\"https:\/\/www.filastrocche.it\/contenuti\/wp-content\/uploads\/2013\/07\/poesie-del-mese-di-luglio-150.jpg\" alt=\"Poesie del Mese di Luglio\"   \/><\/a><br \/>\nSe cerchi le migliori <a href=\"https:\/\/www.filastrocche.it\/feste\/poesie-del-mese-di-luglio\/\"><strong>Poesie del Mese di Luglio, clicca qui<\/strong><\/a>!<\/p>\n<p>&nbsp;<\/p>\n<p><a href=\"https:\/\/www.filastrocche.it\/feste\/filastrocche-estate\/\"><img loading=\"lazy\" decoding=\"async\" width=\"150\" height=\"100\" class=\"alignnone wp-image-174671 size-full\" title=\"Filastrocche dell'Estate\" src=\"https:\/\/www.filastrocche.it\/contenuti\/wp-content\/uploads\/2014\/02\/filastrocche-sull-estate-150.jpg\" alt=\"Filastrocche dell'Estate\" \/><\/a><br \/>\nSe cerchi le pi\u00f9 belle <strong><a href=\"https:\/\/www.filastrocche.it\/feste\/filastrocche-estate\/\">Filastrocche dell\u2019Estate, clicca qui!<\/a><\/strong><\/p>\n<p><a href=\"https:\/\/www.filastrocche.it\/feste\/filastrocche-autunno\/\"><img loading=\"lazy\" decoding=\"async\" width=\"150\" height=\"150\" class=\"alignnone wp-image-174669 size-full\" title=\"Filastrocche sull'Autunno\" src=\"https:\/\/www.filastrocche.it\/contenuti\/wp-content\/uploads\/2014\/02\/filastrocche-sull-autunno-150.jpg\" alt=\"Filastrocche sull'Autunno\" \/><\/a><br \/>\nSe cerchi le pi\u00f9 belle <a href=\"https:\/\/www.filastrocche.it\/feste\/filastrocche-autunno\/\"><strong>Filastrocche sull\u2019Autunno, clicca qui!<\/strong><\/a><\/p>\n<p><a href=\"https:\/\/www.filastrocche.it\/feste\/filastrocche-di-inverno\/\"><img loading=\"lazy\" decoding=\"async\" width=\"150\" height=\"113\" class=\"alignnone wp-image-174667 size-full\" title=\"Filastrocche sull'Inverno\" src=\"https:\/\/www.filastrocche.it\/contenuti\/wp-content\/uploads\/2014\/02\/filastrocche-sull-inverno-150-ok.jpg\" alt=\"Filastrocche sull'Inverno\" \/><\/a><br \/>\nSe cerchi le pi\u00f9 belle<strong> <a href=\"https:\/\/www.filastrocche.it\/feste\/filastrocche-di-inverno\/\">Filastrocche sull\u2019Inverno, clicca qui<\/a><\/strong>!<\/p>\n<p><a href=\"https:\/\/www.filastrocche.it\/feste\/filastrocche-di-primavera\/\"><img loading=\"lazy\" decoding=\"async\" width=\"150\" height=\"100\" class=\"alignnone wp-image-174665 size-full\" title=\"Filastrocche di Primavera\" src=\"https:\/\/www.filastrocche.it\/contenuti\/wp-content\/uploads\/2014\/02\/filastrocche-sulla-primavera-150.jpg\" alt=\"Filastrocche di Primavera\" \/><\/a><br \/>\nSe cerchi le pi\u00f9 belle <a href=\"https:\/\/www.filastrocche.it\/feste\/filastrocche-di-primavera\/\"><strong>Filastrocche di Primavera, clicca qui<\/strong><\/a>!<\/p>\n<p>&nbsp;<\/p>\n<p><a href=\"https:\/\/www.filastrocche.it\/feste\/filastrocche-sulle-stagioni\/\"><img loading=\"lazy\" decoding=\"async\" width=\"150\" height=\"100\" class=\"alignnone wp-image-174677 size-full\" title=\"Filastrocche sulle Stagioni\" src=\"https:\/\/www.filastrocche.it\/contenuti\/wp-content\/uploads\/2014\/02\/stagioni-150.jpg\" alt=\"Filastrocche sulle Stagioni\" \/><\/a><br \/>\nSe cerchi le migliori <a href=\"https:\/\/www.filastrocche.it\/feste\/filastrocche-sulle-stagioni\/\"><strong>Filastrocche sulle Stagioni, clicca qui<\/strong><\/a>!<\/p>\n<p>&nbsp;<\/p>\n<p><a href=\"https:\/\/www.filastrocche.it\/feste\/c\/scuola\/\"><img loading=\"lazy\" decoding=\"async\" width=\"169\" height=\"45\" class=\"alignnone wp-image-174673 size-full\" title=\"Speciale Scuola\" src=\"https:\/\/www.filastrocche.it\/contenuti\/wp-content\/uploads\/2014\/02\/scritta_specialescuola.gif\" alt=\"Speciale Scuola\" \/><\/a><a title=\"W la Scuola\" href=\"https:\/\/www.filastrocche.it\/feste\/c\/scuola\/\"><strong><br \/>\nVisita lo speciale \u201cW la Scuola!\u201d<\/strong><\/a><\/p>\n","protected":false},"excerpt":{"rendered":"<p>Cantiamo insieme: Luglio col bene che ti voglio di Riccardo Del Turco e Giancarlo Bigazzi Luglio col bene che ti voglio vedrai non finir\u00e0. Luglio m&#8217;ha fatto una promessa l&#8217;amore porter\u00e0. Anche tu, in riva al mare tempo fa, amore, amore mi dicevi: &#8220;Luglio ci porter\u00e0 fortuna&#8221; poi non ti ho vista pi\u00f9; vieni, da [&hellip;]<\/p>\n","protected":false},"author":19,"featured_media":139547,"comment_status":"open","ping_status":"open","sticky":false,"template":"","format":"standard","meta":{"footnotes":""},"categories":[6,37],"tags":[645,155,3061,555,443,1119,731,891],"sponsors":[],"class_list":["post-139543","post","type-post","status-publish","format-standard","has-post-thumbnail","hentry","category-canzoni","category-canzoni-dautore","tag-amore","tag-canzone","tag-cuore","tag-fortuna","tag-freddo","tag-luglio","tag-mare","tag-mesi","occasioni-vacanze","lingua-italiano","scopo-intrattenimento"],"yoast_head":"<!-- This site is optimized with the Yoast SEO plugin v26.2 - https:\/\/yoast.com\/wordpress\/plugins\/seo\/ -->\n<title>Luglio col bene che ti voglio - Le pi\u00f9 belle Canzoni su Filastrocche.it<\/title>\n<meta name=\"description\" content=\"Luglio col bene che ti voglio \u00e8 una famosa canzone cantanta negli anni 60\/70 da Riccardo del Turco, particolarmente adatta all&#039;estate...\" \/>\n<meta name=\"robots\" content=\"index, follow, max-snippet:-1, max-image-preview:large, max-video-preview:-1\" \/>\n<link rel=\"canonical\" href=\"https:\/\/www.filastrocche.it\/contenuti\/luglio-col-bene-che-ti-voglio\/\" \/>\n<meta property=\"og:locale\" content=\"it_IT\" \/>\n<meta property=\"og:type\" content=\"article\" \/>\n<meta property=\"og:title\" content=\"Luglio col bene che ti voglio - Le pi\u00f9 belle Canzoni su Filastrocche.it\" \/>\n<meta property=\"og:description\" content=\"Luglio col bene che ti voglio \u00e8 una famosa canzone cantanta negli anni 60\/70 da Riccardo del Turco, particolarmente adatta all&#039;estate...\" \/>\n<meta property=\"og:url\" content=\"https:\/\/www.filastrocche.it\/contenuti\/luglio-col-bene-che-ti-voglio\/\" \/>\n<meta property=\"og:site_name\" content=\"I testi della tradizione di Filastrocche.it\" \/>\n<meta property=\"article:published_time\" content=\"2014-06-25T08:58:13+00:00\" \/>\n<meta property=\"article:modified_time\" content=\"2020-07-01T07:26:58+00:00\" \/>\n<meta property=\"og:image\" content=\"https:\/\/www.filastrocche.it\/contenuti\/wp-content\/uploads\/2014\/06\/Depositphotos_18231231_s.jpg\" \/>\n\t<meta property=\"og:image:width\" content=\"811\" \/>\n\t<meta property=\"og:image:height\" content=\"616\" \/>\n\t<meta property=\"og:image:type\" content=\"image\/jpeg\" \/>\n<meta name=\"twitter:label1\" content=\"Scritto da\" \/>\n\t<meta name=\"twitter:data1\" content=\"\" \/>\n\t<meta name=\"twitter:label2\" content=\"Tempo di lettura stimato\" \/>\n\t<meta name=\"twitter:data2\" content=\"1 minuto\" \/>\n<!-- \/ Yoast SEO plugin. -->","yoast_head_json":{"title":"Luglio col bene che ti voglio - Le pi\u00f9 belle Canzoni su Filastrocche.it","description":"Luglio col bene che ti voglio \u00e8 una famosa canzone cantanta negli anni 60\/70 da Riccardo del Turco, particolarmente adatta all'estate...","robots":{"index":"index","follow":"follow","max-snippet":"max-snippet:-1","max-image-preview":"max-image-preview:large","max-video-preview":"max-video-preview:-1"},"canonical":"https:\/\/www.filastrocche.it\/contenuti\/luglio-col-bene-che-ti-voglio\/","og_locale":"it_IT","og_type":"article","og_title":"Luglio col bene che ti voglio - Le pi\u00f9 belle Canzoni su Filastrocche.it","og_description":"Luglio col bene che ti voglio \u00e8 una famosa canzone cantanta negli anni 60\/70 da Riccardo del Turco, particolarmente adatta all'estate...","og_url":"https:\/\/www.filastrocche.it\/contenuti\/luglio-col-bene-che-ti-voglio\/","og_site_name":"I testi della tradizione di Filastrocche.it","article_published_time":"2014-06-25T08:58:13+00:00","article_modified_time":"2020-07-01T07:26:58+00:00","og_image":[{"width":811,"height":616,"url":"https:\/\/www.filastrocche.it\/contenuti\/wp-content\/uploads\/2014\/06\/Depositphotos_18231231_s.jpg","type":"image\/jpeg"}],"twitter_misc":{"Scritto da":"","Tempo di lettura stimato":"1 minuto"},"schema":{"@context":"https:\/\/schema.org","@graph":[{"@type":"WebPage","@id":"https:\/\/www.filastrocche.it\/contenuti\/luglio-col-bene-che-ti-voglio\/","url":"https:\/\/www.filastrocche.it\/contenuti\/luglio-col-bene-che-ti-voglio\/","name":"Luglio col bene che ti voglio - Le pi\u00f9 belle Canzoni su Filastrocche.it","isPartOf":{"@id":"https:\/\/www.filastrocche.it\/contenuti\/#website"},"primaryImageOfPage":{"@id":"https:\/\/www.filastrocche.it\/contenuti\/luglio-col-bene-che-ti-voglio\/#primaryimage"},"image":{"@id":"https:\/\/www.filastrocche.it\/contenuti\/luglio-col-bene-che-ti-voglio\/#primaryimage"},"thumbnailUrl":"https:\/\/www.filastrocche.it\/contenuti\/wp-content\/uploads\/2014\/06\/Depositphotos_18231231_s.jpg","datePublished":"2014-06-25T08:58:13+00:00","dateModified":"2020-07-01T07:26:58+00:00","author":{"@id":""},"description":"Luglio col bene che ti voglio \u00e8 una famosa canzone cantanta negli anni 60\/70 da Riccardo del Turco, particolarmente adatta all'estate...","breadcrumb":{"@id":"https:\/\/www.filastrocche.it\/contenuti\/luglio-col-bene-che-ti-voglio\/#breadcrumb"},"inLanguage":"it-IT","potentialAction":[{"@type":"ReadAction","target":["https:\/\/www.filastrocche.it\/contenuti\/luglio-col-bene-che-ti-voglio\/"]}]},{"@type":"ImageObject","inLanguage":"it-IT","@id":"https:\/\/www.filastrocche.it\/contenuti\/luglio-col-bene-che-ti-voglio\/#primaryimage","url":"https:\/\/www.filastrocche.it\/contenuti\/wp-content\/uploads\/2014\/06\/Depositphotos_18231231_s.jpg","contentUrl":"https:\/\/www.filastrocche.it\/contenuti\/wp-content\/uploads\/2014\/06\/Depositphotos_18231231_s.jpg","width":811,"height":616},{"@type":"BreadcrumbList","@id":"https:\/\/www.filastrocche.it\/contenuti\/luglio-col-bene-che-ti-voglio\/#breadcrumb","itemListElement":[{"@type":"ListItem","position":1,"name":"Home","item":"https:\/\/www.filastrocche.it\/contenuti\/"},{"@type":"ListItem","position":2,"name":"Luglio col bene che ti voglio"}]},{"@type":"WebSite","@id":"https:\/\/www.filastrocche.it\/contenuti\/#website","url":"https:\/\/www.filastrocche.it\/contenuti\/","name":"I testi della tradizione di Filastrocche.it","description":"Filastrocche, fiabe, canzoni e...","potentialAction":[{"@type":"SearchAction","target":{"@type":"EntryPoint","urlTemplate":"https:\/\/www.filastrocche.it\/contenuti\/?s={search_term_string}"},"query-input":{"@type":"PropertyValueSpecification","valueRequired":true,"valueName":"search_term_string"}}],"inLanguage":"it-IT"},{"@type":"Person","@id":"","url":"https:\/\/www.filastrocche.it\/contenuti\/author\/"}]}},"_links":{"self":[{"href":"https:\/\/www.filastrocche.it\/contenuti\/wp-json\/wp\/v2\/posts\/139543","targetHints":{"allow":["GET"]}}],"collection":[{"href":"https:\/\/www.filastrocche.it\/contenuti\/wp-json\/wp\/v2\/posts"}],"about":[{"href":"https:\/\/www.filastrocche.it\/contenuti\/wp-json\/wp\/v2\/types\/post"}],"author":[{"embeddable":true,"href":"https:\/\/www.filastrocche.it\/contenuti\/wp-json\/wp\/v2\/users\/19"}],"replies":[{"embeddable":true,"href":"https:\/\/www.filastrocche.it\/contenuti\/wp-json\/wp\/v2\/comments?post=139543"}],"version-history":[{"count":3,"href":"https:\/\/www.filastrocche.it\/contenuti\/wp-json\/wp\/v2\/posts\/139543\/revisions"}],"predecessor-version":[{"id":232186,"href":"https:\/\/www.filastrocche.it\/contenuti\/wp-json\/wp\/v2\/posts\/139543\/revisions\/232186"}],"wp:featuredmedia":[{"embeddable":true,"href":"https:\/\/www.filastrocche.it\/contenuti\/wp-json\/wp\/v2\/media\/139547"}],"wp:attachment":[{"href":"https:\/\/www.filastrocche.it\/contenuti\/wp-json\/wp\/v2\/media?parent=139543"}],"wp:term":[{"taxonomy":"category","embeddable":true,"href":"https:\/\/www.filastrocche.it\/contenuti\/wp-json\/wp\/v2\/categories?post=139543"},{"taxonomy":"post_tag","embeddable":true,"href":"https:\/\/www.filastrocche.it\/contenuti\/wp-json\/wp\/v2\/tags?post=139543"},{"taxonomy":"sponsors","embeddable":true,"href":"https:\/\/www.filastrocche.it\/contenuti\/wp-json\/wp\/v2\/sponsors?post=139543"}],"curies":[{"name":"wp","href":"https:\/\/api.w.org\/{rel}","templated":true}]}}