{"id":144553,"date":"2014-12-26T08:10:31","date_gmt":"2014-12-26T06:10:31","guid":{"rendered":"https:\/\/www.filastrocche.it\/contenuti\/?p=144553"},"modified":"2018-11-26T19:09:55","modified_gmt":"2018-11-26T17:09:55","slug":"mattino-inverno","status":"publish","type":"post","link":"https:\/\/www.filastrocche.it\/contenuti\/mattino-inverno\/","title":{"rendered":"Mattino d\u2019inverno"},"content":{"rendered":"<p><img loading=\"lazy\" decoding=\"async\" width=\"480\" height=\"381\" class=\"aligncenter size-full wp-image-143287\" src=\"https:\/\/www.filastrocche.it\/contenuti\/wp-content\/uploads\/2014\/11\/albero_autunno.jpg\" alt=\"albero_autunno\" srcset=\"https:\/\/www.filastrocche.it\/contenuti\/wp-content\/uploads\/2014\/11\/albero_autunno.jpg 480w, https:\/\/www.filastrocche.it\/contenuti\/wp-content\/uploads\/2014\/11\/albero_autunno-300x238.jpg 300w\" sizes=\"auto, (max-width: 480px) 100vw, 480px\" \/><br \/>\nNasce il giorno e non trova<br \/>\nche pagliuzze nell\u2019orto,<br \/>\ne foglie secche e gialle,<br \/>\ne un vecchio albero morto.<br \/>\nChe tristezza, che squallore!<br \/>\nNon pi\u00f9 voli di farfalle<br \/>\ntra gli albicocchi in fiore;<br \/>\ne sulla quercia enorme,<br \/>\nnon pi\u00f9 nidi, non pi\u00f9 foglie\u2026<br \/>\nNasce il giorno, e non trova<br \/>\nche poche rame spoglie<br \/>\ne la terra che dorme.<\/p>\n","protected":false},"excerpt":{"rendered":"<p>Nasce il giorno e non trova che pagliuzze nell\u2019orto, e foglie secche e gialle, e un vecchio albero morto. Che tristezza, che squallore! Non pi\u00f9 voli di farfalle tra gli albicocchi in fiore; e sulla quercia enorme, non pi\u00f9 nidi, non pi\u00f9 foglie\u2026 Nasce il giorno, e non trova che poche rame spoglie e la [&hellip;]<\/p>\n","protected":false},"author":11,"featured_media":143287,"comment_status":"open","ping_status":"open","sticky":false,"template":"","format":"standard","meta":{"footnotes":""},"categories":[9,51],"tags":[233,6797,3937],"sponsors":[],"class_list":["post-144553","post","type-post","status-publish","format-standard","has-post-thumbnail","hentry","category-poesie","category-poesie-dautore","tag-inverno","tag-maggiorina-castoldi","tag-mattino","occasioni-stagioni","lingua-italiano","scopo-intrattenimento"],"yoast_head":"<!-- This site is optimized with the Yoast SEO plugin v26.2 - https:\/\/yoast.com\/wordpress\/plugins\/seo\/ -->\n<title>Mattino d\u2019inverno - I testi della tradizione di Filastrocche.it<\/title>\n<meta name=\"description\" content=\"Testo della poesia Mattino d\u2019inverno di M. Castoldi per Filastrocche.it\" \/>\n<meta name=\"robots\" content=\"index, follow, max-snippet:-1, max-image-preview:large, max-video-preview:-1\" \/>\n<link rel=\"canonical\" href=\"https:\/\/www.filastrocche.it\/contenuti\/mattino-inverno\/\" \/>\n<meta property=\"og:locale\" content=\"it_IT\" \/>\n<meta property=\"og:type\" content=\"article\" \/>\n<meta property=\"og:title\" content=\"Mattino d\u2019inverno - I testi della tradizione di Filastrocche.it\" \/>\n<meta property=\"og:description\" content=\"Testo della poesia Mattino d\u2019inverno di M. Castoldi per Filastrocche.it\" \/>\n<meta property=\"og:url\" content=\"https:\/\/www.filastrocche.it\/contenuti\/mattino-inverno\/\" \/>\n<meta property=\"og:site_name\" content=\"I testi della tradizione di Filastrocche.it\" \/>\n<meta property=\"article:author\" content=\"https:\/\/www.facebook.com\/jolanda.restano\" \/>\n<meta property=\"article:published_time\" content=\"2014-12-26T06:10:31+00:00\" \/>\n<meta property=\"article:modified_time\" content=\"2018-11-26T17:09:55+00:00\" \/>\n<meta property=\"og:image\" content=\"https:\/\/www.filastrocche.it\/contenuti\/wp-content\/uploads\/2014\/11\/albero_autunno.jpg\" \/>\n\t<meta property=\"og:image:width\" content=\"480\" \/>\n\t<meta property=\"og:image:height\" content=\"381\" \/>\n\t<meta property=\"og:image:type\" content=\"image\/jpeg\" \/>\n<meta name=\"author\" content=\"Redazione\" \/>\n<meta name=\"twitter:label1\" content=\"Scritto da\" \/>\n\t<meta name=\"twitter:data1\" content=\"Redazione\" \/>\n<!-- \/ Yoast SEO plugin. -->","yoast_head_json":{"title":"Mattino d\u2019inverno - I testi della tradizione di Filastrocche.it","description":"Testo della poesia Mattino d\u2019inverno di M. Castoldi per Filastrocche.it","robots":{"index":"index","follow":"follow","max-snippet":"max-snippet:-1","max-image-preview":"max-image-preview:large","max-video-preview":"max-video-preview:-1"},"canonical":"https:\/\/www.filastrocche.it\/contenuti\/mattino-inverno\/","og_locale":"it_IT","og_type":"article","og_title":"Mattino d\u2019inverno - I testi della tradizione di Filastrocche.it","og_description":"Testo della poesia Mattino d\u2019inverno di M. Castoldi per Filastrocche.it","og_url":"https:\/\/www.filastrocche.it\/contenuti\/mattino-inverno\/","og_site_name":"I testi della tradizione di Filastrocche.it","article_author":"https:\/\/www.facebook.com\/jolanda.restano","article_published_time":"2014-12-26T06:10:31+00:00","article_modified_time":"2018-11-26T17:09:55+00:00","og_image":[{"width":480,"height":381,"url":"https:\/\/www.filastrocche.it\/contenuti\/wp-content\/uploads\/2014\/11\/albero_autunno.jpg","type":"image\/jpeg"}],"author":"Redazione","twitter_misc":{"Scritto da":"Redazione"},"schema":{"@context":"https:\/\/schema.org","@graph":[{"@type":"WebPage","@id":"https:\/\/www.filastrocche.it\/contenuti\/mattino-inverno\/","url":"https:\/\/www.filastrocche.it\/contenuti\/mattino-inverno\/","name":"Mattino d\u2019inverno - I testi della tradizione di Filastrocche.it","isPartOf":{"@id":"https:\/\/www.filastrocche.it\/contenuti\/#website"},"primaryImageOfPage":{"@id":"https:\/\/www.filastrocche.it\/contenuti\/mattino-inverno\/#primaryimage"},"image":{"@id":"https:\/\/www.filastrocche.it\/contenuti\/mattino-inverno\/#primaryimage"},"thumbnailUrl":"https:\/\/www.filastrocche.it\/contenuti\/wp-content\/uploads\/2014\/11\/albero_autunno.jpg","datePublished":"2014-12-26T06:10:31+00:00","dateModified":"2018-11-26T17:09:55+00:00","author":{"@id":"https:\/\/www.filastrocche.it\/contenuti\/#\/schema\/person\/42c3c510fd099cedb72da93f98d69be7"},"description":"Testo della poesia Mattino d\u2019inverno di M. Castoldi per Filastrocche.it","breadcrumb":{"@id":"https:\/\/www.filastrocche.it\/contenuti\/mattino-inverno\/#breadcrumb"},"inLanguage":"it-IT","potentialAction":[{"@type":"ReadAction","target":["https:\/\/www.filastrocche.it\/contenuti\/mattino-inverno\/"]}]},{"@type":"ImageObject","inLanguage":"it-IT","@id":"https:\/\/www.filastrocche.it\/contenuti\/mattino-inverno\/#primaryimage","url":"https:\/\/www.filastrocche.it\/contenuti\/wp-content\/uploads\/2014\/11\/albero_autunno.jpg","contentUrl":"https:\/\/www.filastrocche.it\/contenuti\/wp-content\/uploads\/2014\/11\/albero_autunno.jpg","width":480,"height":381},{"@type":"BreadcrumbList","@id":"https:\/\/www.filastrocche.it\/contenuti\/mattino-inverno\/#breadcrumb","itemListElement":[{"@type":"ListItem","position":1,"name":"Home","item":"https:\/\/www.filastrocche.it\/contenuti\/"},{"@type":"ListItem","position":2,"name":"Mattino d\u2019inverno"}]},{"@type":"WebSite","@id":"https:\/\/www.filastrocche.it\/contenuti\/#website","url":"https:\/\/www.filastrocche.it\/contenuti\/","name":"I testi della tradizione di Filastrocche.it","description":"Filastrocche, fiabe, canzoni e...","potentialAction":[{"@type":"SearchAction","target":{"@type":"EntryPoint","urlTemplate":"https:\/\/www.filastrocche.it\/contenuti\/?s={search_term_string}"},"query-input":{"@type":"PropertyValueSpecification","valueRequired":true,"valueName":"search_term_string"}}],"inLanguage":"it-IT"},{"@type":"Person","@id":"https:\/\/www.filastrocche.it\/contenuti\/#\/schema\/person\/42c3c510fd099cedb72da93f98d69be7","name":"Redazione","image":{"@type":"ImageObject","inLanguage":"it-IT","@id":"https:\/\/www.filastrocche.it\/contenuti\/#\/schema\/person\/image\/","url":"https:\/\/secure.gravatar.com\/avatar\/5ed81d89f5d154604a09bc15441b7935c5410ea5829edca036d27358590abed7?s=96&d=mm&r=g","contentUrl":"https:\/\/secure.gravatar.com\/avatar\/5ed81d89f5d154604a09bc15441b7935c5410ea5829edca036d27358590abed7?s=96&d=mm&r=g","caption":"Redazione"},"sameAs":["https:\/\/www.facebook.com\/jolanda.restano","https:\/\/x.com\/jolandarestano"],"url":"https:\/\/www.filastrocche.it\/contenuti\/author\/redazione\/"}]}},"_links":{"self":[{"href":"https:\/\/www.filastrocche.it\/contenuti\/wp-json\/wp\/v2\/posts\/144553","targetHints":{"allow":["GET"]}}],"collection":[{"href":"https:\/\/www.filastrocche.it\/contenuti\/wp-json\/wp\/v2\/posts"}],"about":[{"href":"https:\/\/www.filastrocche.it\/contenuti\/wp-json\/wp\/v2\/types\/post"}],"author":[{"embeddable":true,"href":"https:\/\/www.filastrocche.it\/contenuti\/wp-json\/wp\/v2\/users\/11"}],"replies":[{"embeddable":true,"href":"https:\/\/www.filastrocche.it\/contenuti\/wp-json\/wp\/v2\/comments?post=144553"}],"version-history":[{"count":1,"href":"https:\/\/www.filastrocche.it\/contenuti\/wp-json\/wp\/v2\/posts\/144553\/revisions"}],"predecessor-version":[{"id":216491,"href":"https:\/\/www.filastrocche.it\/contenuti\/wp-json\/wp\/v2\/posts\/144553\/revisions\/216491"}],"wp:featuredmedia":[{"embeddable":true,"href":"https:\/\/www.filastrocche.it\/contenuti\/wp-json\/wp\/v2\/media\/143287"}],"wp:attachment":[{"href":"https:\/\/www.filastrocche.it\/contenuti\/wp-json\/wp\/v2\/media?parent=144553"}],"wp:term":[{"taxonomy":"category","embeddable":true,"href":"https:\/\/www.filastrocche.it\/contenuti\/wp-json\/wp\/v2\/categories?post=144553"},{"taxonomy":"post_tag","embeddable":true,"href":"https:\/\/www.filastrocche.it\/contenuti\/wp-json\/wp\/v2\/tags?post=144553"},{"taxonomy":"sponsors","embeddable":true,"href":"https:\/\/www.filastrocche.it\/contenuti\/wp-json\/wp\/v2\/sponsors?post=144553"}],"curies":[{"name":"wp","href":"https:\/\/api.w.org\/{rel}","templated":true}]}}