{"id":144559,"date":"2014-12-27T08:15:26","date_gmt":"2014-12-27T06:15:26","guid":{"rendered":"https:\/\/www.filastrocche.it\/contenuti\/?p=144559"},"modified":"2018-03-02T12:15:13","modified_gmt":"2018-03-02T10:15:13","slug":"linverno-nel-villaggio","status":"publish","type":"post","link":"https:\/\/www.filastrocche.it\/contenuti\/linverno-nel-villaggio\/","title":{"rendered":"L\u2019inverno nel villaggio"},"content":{"rendered":"<p><img loading=\"lazy\" decoding=\"async\" width=\"350\" height=\"263\" class=\"aligncenter  wp-image-135227\" src=\"https:\/\/www.filastrocche.it\/contenuti\/wp-content\/uploads\/2014\/01\/inverno-6.jpg\" alt=\"inverno-6\" srcset=\"https:\/\/www.filastrocche.it\/contenuti\/wp-content\/uploads\/2014\/01\/inverno-6.jpg 350w, https:\/\/www.filastrocche.it\/contenuti\/wp-content\/uploads\/2014\/01\/inverno-6-300x225.jpg 300w\" sizes=\"auto, (max-width: 350px) 100vw, 350px\" \/>Scende dal bosco il vecchio campagnolo<br \/>\ncol suo fascio di legna sulle spalle.<br \/>\nCandido \u00e8 il monte, candida \u00e8 la valle,<br \/>\ntutto di bianco s\u2019\u00e8 coperto il suolo.<br \/>\nC\u2019\u00e8 qualche traccia sulla neve intatta:<br \/>\ngente che \u00e8 andata, gente che \u00e8 venuta,<br \/>\n\u00e8 fioca la campana e l\u2019aria \u00e8 muta;<br \/>\ngemono gli uccellini nella fratta.<br \/>\nDalle finestre della casa, in fondo<br \/>\nal borgo, i bimbi, col nasino al vetro,<br \/>\nguardano il vecchio e le sue tracce dietro\u2026<br \/>\nunico segno di lavoro al mondo.<br \/>\nMa appena un poco il cielo si dirada<br \/>\ne ride il sole su tutto quel bianco,<br \/>\nappaiono i fanciulli in lieto branco<br \/>\ne far guerra di palle sulla strada.<br \/>\nE, mentre stan giocando allegri e fieri,<br \/>\nc\u2019\u00e8 un babbo silenzioso presso il fuoco:<br \/>\nle bestie al chiuso\u2026 si lavora poco\u2026<br \/>\ne tutto questo gli d\u00e0 gran pensieri.<\/p>\n<p>&nbsp;<\/p>\n<p><a href=\"https:\/\/www.filastrocche.it\/feste\/filastrocche-di-inverno\/\"><img loading=\"lazy\" decoding=\"async\" width=\"150\" height=\"113\" class=\"alignnone wp-image-174667 size-full\" title=\"Filastrocche sull'Inverno\" src=\"https:\/\/www.filastrocche.it\/contenuti\/wp-content\/uploads\/2014\/02\/filastrocche-sull-inverno-150-ok.jpg\" alt=\"Filastrocche sull'Inverno\" \/><\/a><br \/>\nSe cerchi le pi\u00f9 belle<strong> <a href=\"https:\/\/www.filastrocche.it\/feste\/filastrocche-di-inverno\/\">Filastrocche sull\u2019Inverno, clicca qui<\/a><\/strong>!<\/p>\n<p><a href=\"https:\/\/www.filastrocche.it\/feste\/poesie-inverno\/\"><img loading=\"lazy\" decoding=\"async\" width=\"150\" height=\"98\" class=\"alignnone wp-image-185965 size-full\" title=\"Poesie sull'Inverno\" src=\"https:\/\/www.filastrocche.it\/contenuti\/wp-content\/uploads\/2017\/10\/inverno-2-150.jpg\" alt=\"Poesie sull'Inverno\" \/><\/a><br \/>\nSe cerchi le migliori <a href=\"https:\/\/www.filastrocche.it\/feste\/poesie-inverno\/\"><strong>Poesie sull\u2019Inverno, clicca qui<\/strong><\/a>!<\/p>\n<p>&nbsp;<\/p>\n<p><a href=\"https:\/\/www.filastrocche.it\/feste\/filastrocche-autunno\/\"><img loading=\"lazy\" decoding=\"async\" width=\"150\" height=\"150\" class=\"alignnone wp-image-174669 size-full\" title=\"Filastrocche sull'Autunno\" src=\"https:\/\/www.filastrocche.it\/contenuti\/wp-content\/uploads\/2014\/02\/filastrocche-sull-autunno-150.jpg\" alt=\"Filastrocche sull'Autunno\" \/><\/a><br \/>\nSe cerchi le pi\u00f9 belle <a href=\"https:\/\/www.filastrocche.it\/feste\/filastrocche-autunno\/\"><strong>Filastrocche sull\u2019Autunno, clicca qui!<\/strong><\/a><\/p>\n<p><a href=\"https:\/\/www.filastrocche.it\/feste\/filastrocche-di-primavera\/\"><img loading=\"lazy\" decoding=\"async\" width=\"150\" height=\"100\" class=\"alignnone wp-image-174665 size-full\" title=\"Filastrocche di Primavera\" src=\"https:\/\/www.filastrocche.it\/contenuti\/wp-content\/uploads\/2014\/02\/filastrocche-sulla-primavera-150.jpg\" alt=\"Filastrocche di Primavera\" \/><\/a><br \/>\nSe cerchi le pi\u00f9 belle <a href=\"https:\/\/www.filastrocche.it\/feste\/filastrocche-di-primavera\/\"><strong>Filastrocche di Primavera, clicca qui<\/strong><\/a>!<\/p>\n<p><a href=\"https:\/\/www.filastrocche.it\/feste\/filastrocche-estate\/\"><img loading=\"lazy\" decoding=\"async\" width=\"150\" height=\"100\" class=\"alignnone wp-image-174671 size-full\" title=\"Filastrocche dell'Estate\" src=\"https:\/\/www.filastrocche.it\/contenuti\/wp-content\/uploads\/2014\/02\/filastrocche-sull-estate-150.jpg\" alt=\"Filastrocche dell'Estate\" \/><\/a><br \/>\nSe cerchi le pi\u00f9 belle <strong><a href=\"https:\/\/www.filastrocche.it\/feste\/filastrocche-estate\/\">Filastrocche dell\u2019Estate, clicca qui!<\/a><\/strong><\/p>\n<p>&nbsp;<\/p>\n<p><a href=\"https:\/\/www.filastrocche.it\/feste\/filastrocche-sulle-stagioni\/\"><img loading=\"lazy\" decoding=\"async\" width=\"150\" height=\"100\" class=\"alignnone wp-image-174677 size-full\" title=\"Filastrocche sulle Stagioni\" src=\"https:\/\/www.filastrocche.it\/contenuti\/wp-content\/uploads\/2014\/02\/stagioni-150.jpg\" alt=\"Filastrocche sulle Stagioni\" \/><\/a><br \/>\nSe cerchi le migliori <a href=\"https:\/\/www.filastrocche.it\/feste\/filastrocche-sulle-stagioni\/\"><strong>Filastrocche sulle Stagioni, clicca qui<\/strong><\/a>!<\/p>\n<p><a href=\"https:\/\/www.filastrocche.it\/feste\/poesie-sulle-stagioni\/\"><img loading=\"lazy\" decoding=\"async\" width=\"150\" height=\"99\" class=\"alignnone wp-image-185979 size-full\" title=\"Poesie sulle Stagioni\" src=\"https:\/\/www.filastrocche.it\/contenuti\/wp-content\/uploads\/2017\/10\/stagioni-poesie-150.jpg\" alt=\"Poesie sulle Stagioni\" \/><\/a><br \/>\nSe cerchi le migliori <strong><a href=\"https:\/\/www.filastrocche.it\/feste\/poesie-sulle-stagioni\/\">Poesie sulle Stagioni, clicca qui<\/a><\/strong>!<\/p>\n<p>&nbsp;<\/p>\n<p><a href=\"https:\/\/www.filastrocche.it\/feste\/c\/scuola\/\"><img loading=\"lazy\" decoding=\"async\" width=\"169\" height=\"45\" class=\"alignnone wp-image-174673 size-full\" title=\"Speciale Scuola\" src=\"https:\/\/www.filastrocche.it\/contenuti\/wp-content\/uploads\/2014\/02\/scritta_specialescuola.gif\" alt=\"Speciale Scuola\" \/><\/a><a title=\"W la Scuola\" href=\"https:\/\/www.filastrocche.it\/feste\/c\/scuola\/\"><strong><br \/>\nVisita lo speciale \u201cW la Scuola!\u201d<\/strong><\/a><\/p>\n","protected":false},"excerpt":{"rendered":"<p>Scende dal bosco il vecchio campagnolo col suo fascio di legna sulle spalle. Candido \u00e8 il monte, candida \u00e8 la valle, tutto di bianco s\u2019\u00e8 coperto il suolo. C\u2019\u00e8 qualche traccia sulla neve intatta: gente che \u00e8 andata, gente che \u00e8 venuta, \u00e8 fioca la campana e l\u2019aria \u00e8 muta; gemono gli uccellini nella fratta. [&hellip;]<\/p>\n","protected":false},"author":11,"featured_media":135227,"comment_status":"open","ping_status":"open","sticky":false,"template":"","format":"standard","meta":{"footnotes":""},"categories":[9,51],"tags":[3001,233,729,187,189,191],"sponsors":[],"class_list":["post-144559","post","type-post","status-publish","format-standard","has-post-thumbnail","hentry","category-poesie","category-poesie-dautore","tag-f-socciarelli","tag-inverno","tag-neve","tag-poesia","tag-poesie-2","tag-stagioni-2","occasioni-stagioni","lingua-italiano","scopo-intrattenimento"],"yoast_head":"<!-- This site is optimized with the Yoast SEO plugin v26.2 - https:\/\/yoast.com\/wordpress\/plugins\/seo\/ -->\n<title>L\u2019inverno nel villaggio - I testi di F. Socciarelli in Filastrocche.it<\/title>\n<meta name=\"description\" content=\"Testo della poesia L\u2019inverno nel villaggio di F. Socciarelli per Filastrocche.it. Inizio: Scende dal bosco il vecchio campagnolo col suo fascio di legna sulle spalle. Candido \u00e8 il monte, candida \u00e8 la valle, tutto di bianco s\u2019\u00e8 coperto il suolo.\" \/>\n<meta name=\"robots\" content=\"index, follow, max-snippet:-1, max-image-preview:large, max-video-preview:-1\" \/>\n<link rel=\"canonical\" href=\"https:\/\/www.filastrocche.it\/contenuti\/linverno-nel-villaggio\/\" \/>\n<meta property=\"og:locale\" content=\"it_IT\" \/>\n<meta property=\"og:type\" content=\"article\" \/>\n<meta property=\"og:title\" content=\"L\u2019inverno nel villaggio - I testi di F. Socciarelli in Filastrocche.it\" \/>\n<meta property=\"og:description\" content=\"Testo della poesia L\u2019inverno nel villaggio di F. Socciarelli per Filastrocche.it. Inizio: Scende dal bosco il vecchio campagnolo col suo fascio di legna sulle spalle. Candido \u00e8 il monte, candida \u00e8 la valle, tutto di bianco s\u2019\u00e8 coperto il suolo.\" \/>\n<meta property=\"og:url\" content=\"https:\/\/www.filastrocche.it\/contenuti\/linverno-nel-villaggio\/\" \/>\n<meta property=\"og:site_name\" content=\"I testi della tradizione di Filastrocche.it\" \/>\n<meta property=\"article:author\" content=\"https:\/\/www.facebook.com\/jolanda.restano\" \/>\n<meta property=\"article:published_time\" content=\"2014-12-27T06:15:26+00:00\" \/>\n<meta property=\"article:modified_time\" content=\"2018-03-02T10:15:13+00:00\" \/>\n<meta property=\"og:image\" content=\"https:\/\/www.filastrocche.it\/contenuti\/wp-content\/uploads\/2014\/01\/inverno-6.jpg\" \/>\n\t<meta property=\"og:image:width\" content=\"350\" \/>\n\t<meta property=\"og:image:height\" content=\"263\" \/>\n\t<meta property=\"og:image:type\" content=\"image\/jpeg\" \/>\n<meta name=\"author\" content=\"Redazione\" \/>\n<meta name=\"twitter:label1\" content=\"Scritto da\" \/>\n\t<meta name=\"twitter:data1\" content=\"Redazione\" \/>\n\t<meta name=\"twitter:label2\" content=\"Tempo di lettura stimato\" \/>\n\t<meta name=\"twitter:data2\" content=\"1 minuto\" \/>\n<!-- \/ Yoast SEO plugin. -->","yoast_head_json":{"title":"L\u2019inverno nel villaggio - I testi di F. Socciarelli in Filastrocche.it","description":"Testo della poesia L\u2019inverno nel villaggio di F. Socciarelli per Filastrocche.it. Inizio: Scende dal bosco il vecchio campagnolo col suo fascio di legna sulle spalle. Candido \u00e8 il monte, candida \u00e8 la valle, tutto di bianco s\u2019\u00e8 coperto il suolo.","robots":{"index":"index","follow":"follow","max-snippet":"max-snippet:-1","max-image-preview":"max-image-preview:large","max-video-preview":"max-video-preview:-1"},"canonical":"https:\/\/www.filastrocche.it\/contenuti\/linverno-nel-villaggio\/","og_locale":"it_IT","og_type":"article","og_title":"L\u2019inverno nel villaggio - I testi di F. Socciarelli in Filastrocche.it","og_description":"Testo della poesia L\u2019inverno nel villaggio di F. Socciarelli per Filastrocche.it. Inizio: Scende dal bosco il vecchio campagnolo col suo fascio di legna sulle spalle. Candido \u00e8 il monte, candida \u00e8 la valle, tutto di bianco s\u2019\u00e8 coperto il suolo.","og_url":"https:\/\/www.filastrocche.it\/contenuti\/linverno-nel-villaggio\/","og_site_name":"I testi della tradizione di Filastrocche.it","article_author":"https:\/\/www.facebook.com\/jolanda.restano","article_published_time":"2014-12-27T06:15:26+00:00","article_modified_time":"2018-03-02T10:15:13+00:00","og_image":[{"width":350,"height":263,"url":"https:\/\/www.filastrocche.it\/contenuti\/wp-content\/uploads\/2014\/01\/inverno-6.jpg","type":"image\/jpeg"}],"author":"Redazione","twitter_misc":{"Scritto da":"Redazione","Tempo di lettura stimato":"1 minuto"},"schema":{"@context":"https:\/\/schema.org","@graph":[{"@type":"WebPage","@id":"https:\/\/www.filastrocche.it\/contenuti\/linverno-nel-villaggio\/","url":"https:\/\/www.filastrocche.it\/contenuti\/linverno-nel-villaggio\/","name":"L\u2019inverno nel villaggio - I testi di F. Socciarelli in Filastrocche.it","isPartOf":{"@id":"https:\/\/www.filastrocche.it\/contenuti\/#website"},"primaryImageOfPage":{"@id":"https:\/\/www.filastrocche.it\/contenuti\/linverno-nel-villaggio\/#primaryimage"},"image":{"@id":"https:\/\/www.filastrocche.it\/contenuti\/linverno-nel-villaggio\/#primaryimage"},"thumbnailUrl":"https:\/\/www.filastrocche.it\/contenuti\/wp-content\/uploads\/2014\/01\/inverno-6.jpg","datePublished":"2014-12-27T06:15:26+00:00","dateModified":"2018-03-02T10:15:13+00:00","author":{"@id":"https:\/\/www.filastrocche.it\/contenuti\/#\/schema\/person\/42c3c510fd099cedb72da93f98d69be7"},"description":"Testo della poesia L\u2019inverno nel villaggio di F. Socciarelli per Filastrocche.it. Inizio: Scende dal bosco il vecchio campagnolo col suo fascio di legna sulle spalle. Candido \u00e8 il monte, candida \u00e8 la valle, tutto di bianco s\u2019\u00e8 coperto il suolo.","breadcrumb":{"@id":"https:\/\/www.filastrocche.it\/contenuti\/linverno-nel-villaggio\/#breadcrumb"},"inLanguage":"it-IT","potentialAction":[{"@type":"ReadAction","target":["https:\/\/www.filastrocche.it\/contenuti\/linverno-nel-villaggio\/"]}]},{"@type":"ImageObject","inLanguage":"it-IT","@id":"https:\/\/www.filastrocche.it\/contenuti\/linverno-nel-villaggio\/#primaryimage","url":"https:\/\/www.filastrocche.it\/contenuti\/wp-content\/uploads\/2014\/01\/inverno-6.jpg","contentUrl":"https:\/\/www.filastrocche.it\/contenuti\/wp-content\/uploads\/2014\/01\/inverno-6.jpg","width":350,"height":263},{"@type":"BreadcrumbList","@id":"https:\/\/www.filastrocche.it\/contenuti\/linverno-nel-villaggio\/#breadcrumb","itemListElement":[{"@type":"ListItem","position":1,"name":"Home","item":"https:\/\/www.filastrocche.it\/contenuti\/"},{"@type":"ListItem","position":2,"name":"L\u2019inverno nel villaggio"}]},{"@type":"WebSite","@id":"https:\/\/www.filastrocche.it\/contenuti\/#website","url":"https:\/\/www.filastrocche.it\/contenuti\/","name":"I testi della tradizione di Filastrocche.it","description":"Filastrocche, fiabe, canzoni e...","potentialAction":[{"@type":"SearchAction","target":{"@type":"EntryPoint","urlTemplate":"https:\/\/www.filastrocche.it\/contenuti\/?s={search_term_string}"},"query-input":{"@type":"PropertyValueSpecification","valueRequired":true,"valueName":"search_term_string"}}],"inLanguage":"it-IT"},{"@type":"Person","@id":"https:\/\/www.filastrocche.it\/contenuti\/#\/schema\/person\/42c3c510fd099cedb72da93f98d69be7","name":"Redazione","image":{"@type":"ImageObject","inLanguage":"it-IT","@id":"https:\/\/www.filastrocche.it\/contenuti\/#\/schema\/person\/image\/","url":"https:\/\/secure.gravatar.com\/avatar\/5ed81d89f5d154604a09bc15441b7935c5410ea5829edca036d27358590abed7?s=96&d=mm&r=g","contentUrl":"https:\/\/secure.gravatar.com\/avatar\/5ed81d89f5d154604a09bc15441b7935c5410ea5829edca036d27358590abed7?s=96&d=mm&r=g","caption":"Redazione"},"sameAs":["https:\/\/www.facebook.com\/jolanda.restano","https:\/\/x.com\/jolandarestano"],"url":"https:\/\/www.filastrocche.it\/contenuti\/author\/redazione\/"}]}},"_links":{"self":[{"href":"https:\/\/www.filastrocche.it\/contenuti\/wp-json\/wp\/v2\/posts\/144559","targetHints":{"allow":["GET"]}}],"collection":[{"href":"https:\/\/www.filastrocche.it\/contenuti\/wp-json\/wp\/v2\/posts"}],"about":[{"href":"https:\/\/www.filastrocche.it\/contenuti\/wp-json\/wp\/v2\/types\/post"}],"author":[{"embeddable":true,"href":"https:\/\/www.filastrocche.it\/contenuti\/wp-json\/wp\/v2\/users\/11"}],"replies":[{"embeddable":true,"href":"https:\/\/www.filastrocche.it\/contenuti\/wp-json\/wp\/v2\/comments?post=144559"}],"version-history":[{"count":2,"href":"https:\/\/www.filastrocche.it\/contenuti\/wp-json\/wp\/v2\/posts\/144559\/revisions"}],"predecessor-version":[{"id":200747,"href":"https:\/\/www.filastrocche.it\/contenuti\/wp-json\/wp\/v2\/posts\/144559\/revisions\/200747"}],"wp:featuredmedia":[{"embeddable":true,"href":"https:\/\/www.filastrocche.it\/contenuti\/wp-json\/wp\/v2\/media\/135227"}],"wp:attachment":[{"href":"https:\/\/www.filastrocche.it\/contenuti\/wp-json\/wp\/v2\/media?parent=144559"}],"wp:term":[{"taxonomy":"category","embeddable":true,"href":"https:\/\/www.filastrocche.it\/contenuti\/wp-json\/wp\/v2\/categories?post=144559"},{"taxonomy":"post_tag","embeddable":true,"href":"https:\/\/www.filastrocche.it\/contenuti\/wp-json\/wp\/v2\/tags?post=144559"},{"taxonomy":"sponsors","embeddable":true,"href":"https:\/\/www.filastrocche.it\/contenuti\/wp-json\/wp\/v2\/sponsors?post=144559"}],"curies":[{"name":"wp","href":"https:\/\/api.w.org\/{rel}","templated":true}]}}