{"id":154423,"date":"2015-11-21T09:00:29","date_gmt":"2015-11-21T07:00:29","guid":{"rendered":"https:\/\/www.filastrocche.it\/contenuti\/?p=154423"},"modified":"2017-10-30T11:58:59","modified_gmt":"2017-10-30T09:58:59","slug":"gli-alberi-2","status":"publish","type":"post","link":"https:\/\/www.filastrocche.it\/contenuti\/gli-alberi-2\/","title":{"rendered":"Gli alberi"},"content":{"rendered":"<p><img loading=\"lazy\" decoding=\"async\" width=\"455\" height=\"600\" class=\"aligncenter wp-image-149601 size-full\" title=\"Gli alberi\" src=\"https:\/\/www.filastrocche.it\/contenuti\/wp-content\/uploads\/2015\/03\/albero_betulla.jpg\" alt=\"Gli alberi\" srcset=\"https:\/\/www.filastrocche.it\/contenuti\/wp-content\/uploads\/2015\/03\/albero_betulla.jpg 455w, https:\/\/www.filastrocche.it\/contenuti\/wp-content\/uploads\/2015\/03\/albero_betulla-228x300.jpg 228w\" sizes=\"auto, (max-width: 455px) 100vw, 455px\" \/>In gergo la gente chiama \u201cfoglie\u201d le orecchie<br \/>\n\u00e8 come se sentissero, come se gli alberi conoscessero la musica<br \/>\nma la verde lingua degli alberi \u00e8 un gergo ben pi\u00f9 antico<br \/>\nchi pu\u00f2 sapere cosa essi dicono quando parlano agli uomini<br \/>\ngli alberi parlano albero<br \/>\ncome i bambini parlano bambino<br \/>\nQuando un figlio di donna e uomo<br \/>\nrivolge le sue parole a un albero<br \/>\nl\u2019albero risponde<br \/>\nil bambino capisce<\/p>\n<p>Pi\u00f9 tardi il bambino<br \/>\nparla arboricoltura con maestri e genitori<br \/>\npi\u00f9 non intende la voce degli alberi<br \/>\npi\u00f9 non intende la loro canzone nel vento<br \/>\nEppure a volte una fanciulla<br \/>\nscoppia in un grido disperato<br \/>\npresso una piazza di cemento armato<br \/>\ndi erba triste e terra sporca<br \/>\nquesta \u00e8 \u2026 oh\u2026 questa \u00e8<br \/>\nla tristezza di essere abbandonati<\/p>\n<p>che mi fa gridare aiuto<br \/>\no la paura che mi dimentichiate<br \/>\nalberi della mia giovinezza<br \/>\nla mia giovent\u00f9 per davvero<\/p>\n<p>Nell\u2019oasi del ricordo<br \/>\nuna sorgente \u00e8 appena sgorgata<br \/>\n\u00e8 per farmi piangere<br \/>\nero cos\u00ec felice nella folla<br \/>\nla folla verde del bosco<br \/>\ncon il timore di perdermi e di ritrovarmi<br \/>\nnon dimenticate la vostra piccola amica<br \/>\nalberi della mia foresta.<\/p>\n<p>&nbsp;<\/p>\n<p><a href=\"https:\/\/www.filastrocche.it\/feste\/filastrocche-sugli-alberi\/\"><img loading=\"lazy\" decoding=\"async\" width=\"150\" height=\"100\" class=\"alignnone wp-image-179839 size-full\" title=\"filastrocche sugli Alberi\" src=\"https:\/\/www.filastrocche.it\/contenuti\/wp-content\/uploads\/2014\/10\/albero-quercia-150.jpg\" alt=\"filastrocche sugli Alberi\" \/><\/a><br \/>\nSe cercate le pi\u00f9 belle <a href=\"https:\/\/www.filastrocche.it\/feste\/filastrocche-sugli-alberi\/\"><strong>filastrocche sugli Alberi, cliccate qui<\/strong><\/a>!<\/p>\n<p><a href=\"https:\/\/www.filastrocche.it\/feste\/poesie-sugli-alberi\/\"><img loading=\"lazy\" decoding=\"async\" width=\"150\" height=\"100\" class=\"alignnone wp-image-187213 size-full\" title=\"Poesie sugli Alberi\" src=\"https:\/\/www.filastrocche.it\/contenuti\/wp-content\/uploads\/2014\/10\/alberi-150.jpg\" alt=\"Poesie sugli Alberi\"   \/><\/a><br \/>\nSe cercate le migliori <a href=\"https:\/\/www.filastrocche.it\/feste\/poesie-sugli-alberi\/\"><strong>Poesie sugli Alberi, cliccate qui<\/strong><\/a>!<\/p>\n","protected":false},"excerpt":{"rendered":"<p>In gergo la gente chiama \u201cfoglie\u201d le orecchie \u00e8 come se sentissero, come se gli alberi conoscessero la musica ma la verde lingua degli alberi \u00e8 un gergo ben pi\u00f9 antico chi pu\u00f2 sapere cosa essi dicono quando parlano agli uomini gli alberi parlano albero come i bambini parlano bambino Quando un figlio di donna [&hellip;]<\/p>\n","protected":false},"author":3289,"featured_media":149601,"comment_status":"open","ping_status":"open","sticky":false,"template":"","format":"standard","meta":{"footnotes":""},"categories":[9,51],"tags":[2999,4333,187],"sponsors":[],"class_list":["post-154423","post","type-post","status-publish","format-standard","has-post-thumbnail","hentry","category-poesie","category-poesie-dautore","tag-alberi","tag-jacques-prevert","tag-poesia","lingua-italiano","scopo-intrattenimento"],"yoast_head":"<!-- This site is optimized with the Yoast SEO plugin v26.2 - https:\/\/yoast.com\/wordpress\/plugins\/seo\/ -->\n<title>Gli alberi - I testi della tradizione di Filastrocche.it<\/title>\n<meta name=\"description\" content=\"Gli alberi - I testi della tradizione di Filastrocche.it\" \/>\n<meta name=\"robots\" content=\"index, follow, max-snippet:-1, max-image-preview:large, max-video-preview:-1\" \/>\n<link rel=\"canonical\" href=\"https:\/\/www.filastrocche.it\/contenuti\/gli-alberi-2\/\" \/>\n<meta property=\"og:locale\" content=\"it_IT\" \/>\n<meta property=\"og:type\" content=\"article\" \/>\n<meta property=\"og:title\" content=\"Gli alberi - I testi della tradizione di Filastrocche.it\" \/>\n<meta property=\"og:description\" content=\"Gli alberi - I testi della tradizione di Filastrocche.it\" \/>\n<meta property=\"og:url\" content=\"https:\/\/www.filastrocche.it\/contenuti\/gli-alberi-2\/\" \/>\n<meta property=\"og:site_name\" content=\"I testi della tradizione di Filastrocche.it\" \/>\n<meta property=\"article:published_time\" content=\"2015-11-21T07:00:29+00:00\" \/>\n<meta property=\"article:modified_time\" content=\"2017-10-30T09:58:59+00:00\" \/>\n<meta property=\"og:image\" content=\"https:\/\/www.filastrocche.it\/contenuti\/wp-content\/uploads\/2015\/03\/albero_betulla.jpg\" \/>\n\t<meta property=\"og:image:width\" content=\"455\" \/>\n\t<meta property=\"og:image:height\" content=\"600\" \/>\n\t<meta property=\"og:image:type\" content=\"image\/jpeg\" \/>\n<meta name=\"author\" content=\"Ilaria Pavetto\" \/>\n<meta name=\"twitter:label1\" content=\"Scritto da\" \/>\n\t<meta name=\"twitter:data1\" content=\"Ilaria Pavetto\" \/>\n\t<meta name=\"twitter:label2\" content=\"Tempo di lettura stimato\" \/>\n\t<meta name=\"twitter:data2\" content=\"1 minuto\" \/>\n<!-- \/ Yoast SEO plugin. -->","yoast_head_json":{"title":"Gli alberi - I testi della tradizione di Filastrocche.it","description":"Gli alberi - I testi della tradizione di Filastrocche.it","robots":{"index":"index","follow":"follow","max-snippet":"max-snippet:-1","max-image-preview":"max-image-preview:large","max-video-preview":"max-video-preview:-1"},"canonical":"https:\/\/www.filastrocche.it\/contenuti\/gli-alberi-2\/","og_locale":"it_IT","og_type":"article","og_title":"Gli alberi - I testi della tradizione di Filastrocche.it","og_description":"Gli alberi - I testi della tradizione di Filastrocche.it","og_url":"https:\/\/www.filastrocche.it\/contenuti\/gli-alberi-2\/","og_site_name":"I testi della tradizione di Filastrocche.it","article_published_time":"2015-11-21T07:00:29+00:00","article_modified_time":"2017-10-30T09:58:59+00:00","og_image":[{"width":455,"height":600,"url":"https:\/\/www.filastrocche.it\/contenuti\/wp-content\/uploads\/2015\/03\/albero_betulla.jpg","type":"image\/jpeg"}],"author":"Ilaria Pavetto","twitter_misc":{"Scritto da":"Ilaria Pavetto","Tempo di lettura stimato":"1 minuto"},"schema":{"@context":"https:\/\/schema.org","@graph":[{"@type":"WebPage","@id":"https:\/\/www.filastrocche.it\/contenuti\/gli-alberi-2\/","url":"https:\/\/www.filastrocche.it\/contenuti\/gli-alberi-2\/","name":"Gli alberi - I testi della tradizione di Filastrocche.it","isPartOf":{"@id":"https:\/\/www.filastrocche.it\/contenuti\/#website"},"primaryImageOfPage":{"@id":"https:\/\/www.filastrocche.it\/contenuti\/gli-alberi-2\/#primaryimage"},"image":{"@id":"https:\/\/www.filastrocche.it\/contenuti\/gli-alberi-2\/#primaryimage"},"thumbnailUrl":"https:\/\/www.filastrocche.it\/contenuti\/wp-content\/uploads\/2015\/03\/albero_betulla.jpg","datePublished":"2015-11-21T07:00:29+00:00","dateModified":"2017-10-30T09:58:59+00:00","author":{"@id":"https:\/\/www.filastrocche.it\/contenuti\/#\/schema\/person\/50e504679a1975d8be9aa68e635143b1"},"description":"Gli alberi - I testi della tradizione di Filastrocche.it","breadcrumb":{"@id":"https:\/\/www.filastrocche.it\/contenuti\/gli-alberi-2\/#breadcrumb"},"inLanguage":"it-IT","potentialAction":[{"@type":"ReadAction","target":["https:\/\/www.filastrocche.it\/contenuti\/gli-alberi-2\/"]}]},{"@type":"ImageObject","inLanguage":"it-IT","@id":"https:\/\/www.filastrocche.it\/contenuti\/gli-alberi-2\/#primaryimage","url":"https:\/\/www.filastrocche.it\/contenuti\/wp-content\/uploads\/2015\/03\/albero_betulla.jpg","contentUrl":"https:\/\/www.filastrocche.it\/contenuti\/wp-content\/uploads\/2015\/03\/albero_betulla.jpg","width":455,"height":600},{"@type":"BreadcrumbList","@id":"https:\/\/www.filastrocche.it\/contenuti\/gli-alberi-2\/#breadcrumb","itemListElement":[{"@type":"ListItem","position":1,"name":"Home","item":"https:\/\/www.filastrocche.it\/contenuti\/"},{"@type":"ListItem","position":2,"name":"Gli alberi"}]},{"@type":"WebSite","@id":"https:\/\/www.filastrocche.it\/contenuti\/#website","url":"https:\/\/www.filastrocche.it\/contenuti\/","name":"I testi della tradizione di Filastrocche.it","description":"Filastrocche, fiabe, canzoni e...","potentialAction":[{"@type":"SearchAction","target":{"@type":"EntryPoint","urlTemplate":"https:\/\/www.filastrocche.it\/contenuti\/?s={search_term_string}"},"query-input":{"@type":"PropertyValueSpecification","valueRequired":true,"valueName":"search_term_string"}}],"inLanguage":"it-IT"},{"@type":"Person","@id":"https:\/\/www.filastrocche.it\/contenuti\/#\/schema\/person\/50e504679a1975d8be9aa68e635143b1","name":"Ilaria Pavetto","image":{"@type":"ImageObject","inLanguage":"it-IT","@id":"https:\/\/www.filastrocche.it\/contenuti\/#\/schema\/person\/image\/","url":"https:\/\/secure.gravatar.com\/avatar\/20ba7c12b1ca97dadfdc48a7a9bac6727149538af92a439e5cba06ae64a82ea0?s=96&d=mm&r=g","contentUrl":"https:\/\/secure.gravatar.com\/avatar\/20ba7c12b1ca97dadfdc48a7a9bac6727149538af92a439e5cba06ae64a82ea0?s=96&d=mm&r=g","caption":"Ilaria Pavetto"},"url":"https:\/\/www.filastrocche.it\/contenuti\/author\/redazione-ilaria\/"}]}},"_links":{"self":[{"href":"https:\/\/www.filastrocche.it\/contenuti\/wp-json\/wp\/v2\/posts\/154423","targetHints":{"allow":["GET"]}}],"collection":[{"href":"https:\/\/www.filastrocche.it\/contenuti\/wp-json\/wp\/v2\/posts"}],"about":[{"href":"https:\/\/www.filastrocche.it\/contenuti\/wp-json\/wp\/v2\/types\/post"}],"author":[{"embeddable":true,"href":"https:\/\/www.filastrocche.it\/contenuti\/wp-json\/wp\/v2\/users\/3289"}],"replies":[{"embeddable":true,"href":"https:\/\/www.filastrocche.it\/contenuti\/wp-json\/wp\/v2\/comments?post=154423"}],"version-history":[{"count":0,"href":"https:\/\/www.filastrocche.it\/contenuti\/wp-json\/wp\/v2\/posts\/154423\/revisions"}],"wp:featuredmedia":[{"embeddable":true,"href":"https:\/\/www.filastrocche.it\/contenuti\/wp-json\/wp\/v2\/media\/149601"}],"wp:attachment":[{"href":"https:\/\/www.filastrocche.it\/contenuti\/wp-json\/wp\/v2\/media?parent=154423"}],"wp:term":[{"taxonomy":"category","embeddable":true,"href":"https:\/\/www.filastrocche.it\/contenuti\/wp-json\/wp\/v2\/categories?post=154423"},{"taxonomy":"post_tag","embeddable":true,"href":"https:\/\/www.filastrocche.it\/contenuti\/wp-json\/wp\/v2\/tags?post=154423"},{"taxonomy":"sponsors","embeddable":true,"href":"https:\/\/www.filastrocche.it\/contenuti\/wp-json\/wp\/v2\/sponsors?post=154423"}],"curies":[{"name":"wp","href":"https:\/\/api.w.org\/{rel}","templated":true}]}}