{"id":155945,"date":"2016-04-18T08:30:41","date_gmt":"2016-04-18T06:30:41","guid":{"rendered":"https:\/\/www.filastrocche.it\/contenuti\/?p=155945"},"modified":"2020-04-22T11:49:51","modified_gmt":"2020-04-22T09:49:51","slug":"settimana-del-caffe","status":"publish","type":"post","link":"https:\/\/www.filastrocche.it\/contenuti\/settimana-del-caffe\/","title":{"rendered":"La settimana del Caff\u00e8"},"content":{"rendered":"<p><a href=\"https:\/\/www.filastrocche.it\/contenuti\/wp-content\/uploads\/2016\/01\/caffe-con-panna-550.jpg\"><img loading=\"lazy\" decoding=\"async\" width=\"550\" height=\"550\" class=\"aligncenter wp-image-155947 size-full\" title=\"settimana del Caff\u00e8\" src=\"https:\/\/www.filastrocche.it\/contenuti\/wp-content\/uploads\/2016\/01\/caffe-con-panna-550.jpg\" alt=\"settimana del Caff\u00e8\" srcset=\"https:\/\/www.filastrocche.it\/contenuti\/wp-content\/uploads\/2016\/01\/caffe-con-panna-550.jpg 550w, https:\/\/www.filastrocche.it\/contenuti\/wp-content\/uploads\/2016\/01\/caffe-con-panna-550-150x150.jpg 150w, https:\/\/www.filastrocche.it\/contenuti\/wp-content\/uploads\/2016\/01\/caffe-con-panna-550-300x300.jpg 300w\" sizes=\"auto, (max-width: 550px) 100vw, 550px\" \/><\/a><\/p>\n<h2>Leggiamo insieme: <strong>La settimana del Caff\u00e8<\/strong> di Jolanda Restano<\/h2>\n<p>Luned\u00ec uno schiumato,<br \/>\nmarted\u00ec latte macchiato;<br \/>\namericano il mercoled\u00ec,<br \/>\nlungo o doppio il gioved\u00ec;<br \/>\nVenerd\u00ec un marocchino,<br \/>\nbevo sabato un cappuccino.<br \/>\nLa domenica, giorno di festa,<br \/>\nbevo caff\u00e8 e faccio siesta!<\/p>\n<p>&nbsp;<\/p>\n<p><a href=\"https:\/\/www.filastrocche.it\/feste\/filastrocche-di-jolanda-restano\/\"><img loading=\"lazy\" decoding=\"async\" width=\"150\" height=\"141\" class=\"alignnone wp-image-222546 size-full\" title=\"Filastrocche di Jolanda Restano\" src=\"https:\/\/www.filastrocche.it\/contenuti\/wp-content\/uploads\/2018\/05\/filastrocche-di-jolanda-restano-150.jpg\" alt=\"Filastrocche di Jolanda Restano\"   \/><\/a><br \/>\nPer leggere le pi\u00f9 belle <a href=\"https:\/\/www.filastrocche.it\/feste\/filastrocche-di-jolanda-restano\/\"><strong>Filastrocche di Jolanda Restano, clicca qui<\/strong><\/a>!<\/p>\n<p><a href=\"https:\/\/www.filastrocche.it\/feste\/poesie-di-jolanda-restano\/\"><img loading=\"lazy\" decoding=\"async\" width=\"150\" height=\"152\" class=\"alignnone wp-image-222547 size-full\" title=\"Poesie di Jolanda Restano\" src=\"https:\/\/www.filastrocche.it\/contenuti\/wp-content\/uploads\/2018\/05\/poesie-di-jolanda-restano-150.jpg\" alt=\"Poesie di Jolanda Restano\"   \/><\/a><br \/>\nPer leggere le pi\u00f9 belle <a href=\"https:\/\/www.filastrocche.it\/feste\/poesie-di-jolanda-restano\/\"><strong>Poesie di Jolanda Restano, clicca qui<\/strong><\/a>!<\/p>\n<p>&nbsp;<\/p>\n<p><a href=\"https:\/\/www.filastrocche.it\/feste\/filastrocche-sui-giorni-della-settimana\/\"><img loading=\"lazy\" decoding=\"async\" width=\"150\" height=\"148\" class=\"alignnone wp-image-231086 size-full\" title=\"Filastrocche sui giorni della settimana\" src=\"https:\/\/www.filastrocche.it\/contenuti\/wp-content\/uploads\/2010\/10\/filastrocche-sui-giorni-della-settimana-150.jpg\" alt=\"Filastrocche sui giorni della settimana\"   \/><\/a><br \/>\nSe cerchi altre <a href=\"https:\/\/www.filastrocche.it\/feste\/filastrocche-sui-giorni-della-settimana\/\"><strong>Filastrocche sui giorni della settimana, clicca qui<\/strong><\/a>!<\/p>\n<p><a href=\"https:\/\/www.filastrocche.it\/feste\/poesie-sui-giorni-della-settimana\/\"><img loading=\"lazy\" decoding=\"async\" width=\"150\" height=\"150\" class=\"alignnone wp-image-231087 size-full\" title=\"Poesie sui giorni della settimana\" src=\"https:\/\/www.filastrocche.it\/contenuti\/wp-content\/uploads\/2010\/10\/poesie-sui-giorni-della-settimana-150.jpg\" alt=\"Poesie sui giorni della settimana\"   \/><\/a><br \/>\nSe cerchi altre <a href=\"https:\/\/www.filastrocche.it\/feste\/poesie-sui-giorni-della-settimana\/\"><strong>Poesie sui giorni della settimana, clicca qui<\/strong><\/a>!<\/p>\n<p>&nbsp;<\/p>\n<p><a href=\"https:\/\/www.filastrocche.it\/feste\/speciale-scuola\/\"><img loading=\"lazy\" decoding=\"async\" width=\"169\" height=\"45\" class=\"alignnone wp-image-174673 size-full\" title=\"Speciale Scuola\" src=\"https:\/\/www.filastrocche.it\/contenuti\/wp-content\/uploads\/2014\/02\/scritta_specialescuola.gif\" alt=\"Speciale Scuola\"   \/><\/a><br \/>\n<a href=\"https:\/\/www.filastrocche.it\/feste\/speciale-scuola\/\"><strong>Visita lo Speciale Scuola!<\/strong><\/a><\/p>\n","protected":false},"excerpt":{"rendered":"<p>Leggiamo insieme: La settimana del Caff\u00e8 di Jolanda Restano Luned\u00ec uno schiumato, marted\u00ec latte macchiato; americano il mercoled\u00ec, lungo o doppio il gioved\u00ec; Venerd\u00ec un marocchino, bevo sabato un cappuccino. La domenica, giorno di festa, bevo caff\u00e8 e faccio siesta! &nbsp; Per leggere le pi\u00f9 belle Filastrocche di Jolanda Restano, clicca qui! Per leggere le [&hellip;]<\/p>\n","protected":false},"author":5,"featured_media":155947,"comment_status":"open","ping_status":"open","sticky":false,"template":"","format":"standard","meta":{"footnotes":""},"categories":[5,28],"tags":[4849,175,527,6385,1591,187,189,611],"sponsors":[],"class_list":["post-155945","post","type-post","status-publish","format-standard","has-post-thumbnail","hentry","category-filastrocche","category-filastrocche-dautore","tag-caffe","tag-filastrocca","tag-filastrocche-2","tag-giorni-della-settimana","tag-jolanda-restano","tag-poesia","tag-poesie-2","tag-settimana","lingua-italiano","scopo-intrattenimento"],"yoast_head":"<!-- This site is optimized with the Yoast SEO plugin v26.2 - https:\/\/yoast.com\/wordpress\/plugins\/seo\/ -->\n<title>La settimana del Caff\u00e8 di Jolanda Restano - Filastrocche.it<\/title>\n<meta name=\"description\" content=\"Testo della filastrocca: La settimana del Caff\u00e8 di Jolanda Restano. Versi iniziali: Luned\u00ec uno schiumato, marted\u00ec latte macchiato; americano il mercoled\u00ec...\" \/>\n<meta name=\"robots\" content=\"index, follow, max-snippet:-1, max-image-preview:large, max-video-preview:-1\" \/>\n<link rel=\"canonical\" href=\"https:\/\/www.filastrocche.it\/contenuti\/settimana-del-caffe\/\" \/>\n<meta property=\"og:locale\" content=\"it_IT\" \/>\n<meta property=\"og:type\" content=\"article\" \/>\n<meta property=\"og:title\" content=\"La settimana del Caff\u00e8 di Jolanda Restano - Filastrocche.it\" \/>\n<meta property=\"og:description\" content=\"Testo della filastrocca: La settimana del Caff\u00e8 di Jolanda Restano. Versi iniziali: Luned\u00ec uno schiumato, marted\u00ec latte macchiato; americano il mercoled\u00ec...\" \/>\n<meta property=\"og:url\" content=\"https:\/\/www.filastrocche.it\/contenuti\/settimana-del-caffe\/\" \/>\n<meta property=\"og:site_name\" content=\"I testi della tradizione di Filastrocche.it\" \/>\n<meta property=\"article:author\" content=\"http:\/\/www.facebook.com\/jolanda.restano\" \/>\n<meta property=\"article:published_time\" content=\"2016-04-18T06:30:41+00:00\" \/>\n<meta property=\"article:modified_time\" content=\"2020-04-22T09:49:51+00:00\" \/>\n<meta property=\"og:image\" content=\"https:\/\/www.filastrocche.it\/contenuti\/wp-content\/uploads\/2016\/01\/caffe-con-panna-550.jpg\" \/>\n\t<meta property=\"og:image:width\" content=\"550\" \/>\n\t<meta property=\"og:image:height\" content=\"550\" \/>\n\t<meta property=\"og:image:type\" content=\"image\/jpeg\" \/>\n<meta name=\"author\" content=\"Jolanda\" \/>\n<meta name=\"twitter:label1\" content=\"Scritto da\" \/>\n\t<meta name=\"twitter:data1\" content=\"Jolanda\" \/>\n<!-- \/ Yoast SEO plugin. -->","yoast_head_json":{"title":"La settimana del Caff\u00e8 di Jolanda Restano - Filastrocche.it","description":"Testo della filastrocca: La settimana del Caff\u00e8 di Jolanda Restano. Versi iniziali: Luned\u00ec uno schiumato, marted\u00ec latte macchiato; americano il mercoled\u00ec...","robots":{"index":"index","follow":"follow","max-snippet":"max-snippet:-1","max-image-preview":"max-image-preview:large","max-video-preview":"max-video-preview:-1"},"canonical":"https:\/\/www.filastrocche.it\/contenuti\/settimana-del-caffe\/","og_locale":"it_IT","og_type":"article","og_title":"La settimana del Caff\u00e8 di Jolanda Restano - Filastrocche.it","og_description":"Testo della filastrocca: La settimana del Caff\u00e8 di Jolanda Restano. Versi iniziali: Luned\u00ec uno schiumato, marted\u00ec latte macchiato; americano il mercoled\u00ec...","og_url":"https:\/\/www.filastrocche.it\/contenuti\/settimana-del-caffe\/","og_site_name":"I testi della tradizione di Filastrocche.it","article_author":"http:\/\/www.facebook.com\/jolanda.restano","article_published_time":"2016-04-18T06:30:41+00:00","article_modified_time":"2020-04-22T09:49:51+00:00","og_image":[{"width":550,"height":550,"url":"https:\/\/www.filastrocche.it\/contenuti\/wp-content\/uploads\/2016\/01\/caffe-con-panna-550.jpg","type":"image\/jpeg"}],"author":"Jolanda","twitter_misc":{"Scritto da":"Jolanda"},"schema":{"@context":"https:\/\/schema.org","@graph":[{"@type":"WebPage","@id":"https:\/\/www.filastrocche.it\/contenuti\/settimana-del-caffe\/","url":"https:\/\/www.filastrocche.it\/contenuti\/settimana-del-caffe\/","name":"La settimana del Caff\u00e8 di Jolanda Restano - Filastrocche.it","isPartOf":{"@id":"https:\/\/www.filastrocche.it\/contenuti\/#website"},"primaryImageOfPage":{"@id":"https:\/\/www.filastrocche.it\/contenuti\/settimana-del-caffe\/#primaryimage"},"image":{"@id":"https:\/\/www.filastrocche.it\/contenuti\/settimana-del-caffe\/#primaryimage"},"thumbnailUrl":"https:\/\/www.filastrocche.it\/contenuti\/wp-content\/uploads\/2016\/01\/caffe-con-panna-550.jpg","datePublished":"2016-04-18T06:30:41+00:00","dateModified":"2020-04-22T09:49:51+00:00","author":{"@id":"https:\/\/www.filastrocche.it\/contenuti\/#\/schema\/person\/13a7995b740342851d3a3c001f9dd658"},"description":"Testo della filastrocca: La settimana del Caff\u00e8 di Jolanda Restano. Versi iniziali: Luned\u00ec uno schiumato, marted\u00ec latte macchiato; americano il mercoled\u00ec...","breadcrumb":{"@id":"https:\/\/www.filastrocche.it\/contenuti\/settimana-del-caffe\/#breadcrumb"},"inLanguage":"it-IT","potentialAction":[{"@type":"ReadAction","target":["https:\/\/www.filastrocche.it\/contenuti\/settimana-del-caffe\/"]}]},{"@type":"ImageObject","inLanguage":"it-IT","@id":"https:\/\/www.filastrocche.it\/contenuti\/settimana-del-caffe\/#primaryimage","url":"https:\/\/www.filastrocche.it\/contenuti\/wp-content\/uploads\/2016\/01\/caffe-con-panna-550.jpg","contentUrl":"https:\/\/www.filastrocche.it\/contenuti\/wp-content\/uploads\/2016\/01\/caffe-con-panna-550.jpg","width":550,"height":550},{"@type":"BreadcrumbList","@id":"https:\/\/www.filastrocche.it\/contenuti\/settimana-del-caffe\/#breadcrumb","itemListElement":[{"@type":"ListItem","position":1,"name":"Home","item":"https:\/\/www.filastrocche.it\/contenuti\/"},{"@type":"ListItem","position":2,"name":"La settimana del Caff\u00e8"}]},{"@type":"WebSite","@id":"https:\/\/www.filastrocche.it\/contenuti\/#website","url":"https:\/\/www.filastrocche.it\/contenuti\/","name":"I testi della tradizione di Filastrocche.it","description":"Filastrocche, fiabe, canzoni e...","potentialAction":[{"@type":"SearchAction","target":{"@type":"EntryPoint","urlTemplate":"https:\/\/www.filastrocche.it\/contenuti\/?s={search_term_string}"},"query-input":{"@type":"PropertyValueSpecification","valueRequired":true,"valueName":"search_term_string"}}],"inLanguage":"it-IT"},{"@type":"Person","@id":"https:\/\/www.filastrocche.it\/contenuti\/#\/schema\/person\/13a7995b740342851d3a3c001f9dd658","name":"Jolanda","image":{"@type":"ImageObject","inLanguage":"it-IT","@id":"https:\/\/www.filastrocche.it\/contenuti\/#\/schema\/person\/image\/","url":"https:\/\/secure.gravatar.com\/avatar\/1b1f38df48384d8f75481e92c0cbf9e3494d37f3cf35cd02b0f5cba7d63f7349?s=96&d=mm&r=g","contentUrl":"https:\/\/secure.gravatar.com\/avatar\/1b1f38df48384d8f75481e92c0cbf9e3494d37f3cf35cd02b0f5cba7d63f7349?s=96&d=mm&r=g","caption":"Jolanda"},"sameAs":["http:\/\/www.facebook.com\/jolanda.restano","https:\/\/x.com\/jolandarestano"],"url":"https:\/\/www.filastrocche.it\/contenuti\/author\/jolanda\/"}]}},"_links":{"self":[{"href":"https:\/\/www.filastrocche.it\/contenuti\/wp-json\/wp\/v2\/posts\/155945","targetHints":{"allow":["GET"]}}],"collection":[{"href":"https:\/\/www.filastrocche.it\/contenuti\/wp-json\/wp\/v2\/posts"}],"about":[{"href":"https:\/\/www.filastrocche.it\/contenuti\/wp-json\/wp\/v2\/types\/post"}],"author":[{"embeddable":true,"href":"https:\/\/www.filastrocche.it\/contenuti\/wp-json\/wp\/v2\/users\/5"}],"replies":[{"embeddable":true,"href":"https:\/\/www.filastrocche.it\/contenuti\/wp-json\/wp\/v2\/comments?post=155945"}],"version-history":[{"count":3,"href":"https:\/\/www.filastrocche.it\/contenuti\/wp-json\/wp\/v2\/posts\/155945\/revisions"}],"predecessor-version":[{"id":231114,"href":"https:\/\/www.filastrocche.it\/contenuti\/wp-json\/wp\/v2\/posts\/155945\/revisions\/231114"}],"wp:featuredmedia":[{"embeddable":true,"href":"https:\/\/www.filastrocche.it\/contenuti\/wp-json\/wp\/v2\/media\/155947"}],"wp:attachment":[{"href":"https:\/\/www.filastrocche.it\/contenuti\/wp-json\/wp\/v2\/media?parent=155945"}],"wp:term":[{"taxonomy":"category","embeddable":true,"href":"https:\/\/www.filastrocche.it\/contenuti\/wp-json\/wp\/v2\/categories?post=155945"},{"taxonomy":"post_tag","embeddable":true,"href":"https:\/\/www.filastrocche.it\/contenuti\/wp-json\/wp\/v2\/tags?post=155945"},{"taxonomy":"sponsors","embeddable":true,"href":"https:\/\/www.filastrocche.it\/contenuti\/wp-json\/wp\/v2\/sponsors?post=155945"}],"curies":[{"name":"wp","href":"https:\/\/api.w.org\/{rel}","templated":true}]}}