{"id":156163,"date":"2016-02-15T08:30:21","date_gmt":"2016-02-15T06:30:21","guid":{"rendered":"https:\/\/www.filastrocche.it\/contenuti\/?p=156163"},"modified":"2026-04-07T13:35:22","modified_gmt":"2026-04-07T11:35:22","slug":"memmo-scontento","status":"publish","type":"post","link":"https:\/\/www.filastrocche.it\/contenuti\/memmo-scontento\/","title":{"rendered":"Memmo scontento"},"content":{"rendered":"<p><a href=\"https:\/\/www.filastrocche.it\/contenuti\/wp-content\/uploads\/2016\/01\/memmo-scontento-1.jpg\"><img loading=\"lazy\" decoding=\"async\" width=\"300\" height=\"358\" class=\"aligncenter wp-image-156167 size-full\" title=\"Memmo scontento\" src=\"https:\/\/www.filastrocche.it\/contenuti\/wp-content\/uploads\/2016\/01\/memmo-scontento-1.jpg\" alt=\"Memmo scontento\" srcset=\"https:\/\/www.filastrocche.it\/contenuti\/wp-content\/uploads\/2016\/01\/memmo-scontento-1.jpg 300w, https:\/\/www.filastrocche.it\/contenuti\/wp-content\/uploads\/2016\/01\/memmo-scontento-1-251x300.jpg 251w\" sizes=\"auto, (max-width: 300px) 100vw, 300px\" \/><\/a><\/p>\n<h2>Leggiamo insieme: <strong>Memmo scontento<\/strong> di Jolanda Colombini Monti<\/h2>\n<p>Memmino \u00e8 scontento, di cosa non sa.<br \/>\nVenutagli \u00e8 a noia la vita che fa.<br \/>\n(O anche: Questo \u00e8 Memmo mai contento.<br \/>\nPensa Memmo un bel momento:)<br \/>\n\u201cSono stanco del paesello,<br \/>\ndella siepe, del cancello.<br \/>\nVoglio libero e giocondo<br \/>\nviaggiare tutto il mondo\u201d.<br \/>\nParte Memmo e, gi\u00e0 si sa,<br \/>\ncon lui parte Mustaf\u00e0.<\/p>\n<p><a href=\"https:\/\/www.filastrocche.it\/contenuti\/wp-content\/uploads\/2016\/01\/memmo-scontento-2.jpg\"><img loading=\"lazy\" decoding=\"async\" width=\"300\" height=\"358\" class=\"aligncenter wp-image-156169 size-full\" title=\"Memmo scontento\" src=\"https:\/\/www.filastrocche.it\/contenuti\/wp-content\/uploads\/2016\/01\/memmo-scontento-2.jpg\" alt=\"Memmo scontento\" srcset=\"https:\/\/www.filastrocche.it\/contenuti\/wp-content\/uploads\/2016\/01\/memmo-scontento-2.jpg 300w, https:\/\/www.filastrocche.it\/contenuti\/wp-content\/uploads\/2016\/01\/memmo-scontento-2-251x300.jpg 251w\" sizes=\"auto, (max-width: 300px) 100vw, 300px\" \/><\/a><\/p>\n<p>Con valigia e con bastone<br \/>\nsi dirige alla stazione.<br \/>\nEcco il treno. Lunghe e scure<br \/>\nstanno in fila le vetture&#8230;<br \/>\nfischia, sbuffa \u00e8 in movimento.<br \/>\nMemmo prova un gran spavento.<br \/>\n\u201cCon quel \u201ccoso\u201d io partir\u00f2?<br \/>\nCon quel chiasso? Ah! no, no, no\u201d.<\/p>\n<p><a href=\"https:\/\/www.filastrocche.it\/contenuti\/wp-content\/uploads\/2016\/01\/memmo-scontento-3.jpg\"><img loading=\"lazy\" decoding=\"async\" width=\"300\" height=\"350\" class=\"aligncenter wp-image-156171 size-full\" title=\"Memmo scontento\" src=\"https:\/\/www.filastrocche.it\/contenuti\/wp-content\/uploads\/2016\/01\/memmo-scontento-3.jpg\" alt=\"Memmo scontento\" srcset=\"https:\/\/www.filastrocche.it\/contenuti\/wp-content\/uploads\/2016\/01\/memmo-scontento-3.jpg 300w, https:\/\/www.filastrocche.it\/contenuti\/wp-content\/uploads\/2016\/01\/memmo-scontento-3-257x300.jpg 257w\" sizes=\"auto, (max-width: 300px) 100vw, 300px\" \/><\/a><\/p>\n<p>E va al campo d&#8217;aviazione.<br \/>\nL&#8217;aereo \u00e8 gi\u00e0 in azione.<br \/>\nGira l&#8217;elica sonante,<br \/>\nil motore \u00e8 rimbombante.<br \/>\nMemmo guarda con sgomento.<br \/>\nL&#8217;aeroplano in movimento<br \/>\nspicca via come saetta&#8230;<br \/>\nPensa Memmo: \u201cTroppa fretta!\u201d.<\/p>\n<p><a href=\"https:\/\/www.filastrocche.it\/contenuti\/wp-content\/uploads\/2016\/01\/memmo-scontento-4.jpg\"><img loading=\"lazy\" decoding=\"async\" width=\"300\" height=\"350\" class=\"aligncenter wp-image-156173 size-full\" title=\"Memmo scontento\" src=\"https:\/\/www.filastrocche.it\/contenuti\/wp-content\/uploads\/2016\/01\/memmo-scontento-4.jpg\" alt=\"Memmo scontento\" srcset=\"https:\/\/www.filastrocche.it\/contenuti\/wp-content\/uploads\/2016\/01\/memmo-scontento-4.jpg 300w, https:\/\/www.filastrocche.it\/contenuti\/wp-content\/uploads\/2016\/01\/memmo-scontento-4-257x300.jpg 257w\" sizes=\"auto, (max-width: 300px) 100vw, 300px\" \/><\/a><\/p>\n<p>Sar\u00e0 meglio andar per mare,<br \/>\n\u00e8 pi\u00f9 dolce navigare.<br \/>\nUna nave sta sull&#8217;onda<br \/>\ne si dondola&#8230; \u201cE se affonda?\u201d.<br \/>\nRitto incerto l\u00e0 sul lido<br \/>\npensa Memmo: \u201cNon mi fido!<br \/>\nPrenderemo un&#8217;automobile,<br \/>\n\u00e8 un veicolo assai nobile\u201d.<\/p>\n<p><a href=\"https:\/\/www.filastrocche.it\/contenuti\/wp-content\/uploads\/2016\/01\/memmo-scontento-5.jpg\"><img loading=\"lazy\" decoding=\"async\" width=\"300\" height=\"359\" class=\"aligncenter wp-image-156175 size-full\" title=\"Memmo scontento\" src=\"https:\/\/www.filastrocche.it\/contenuti\/wp-content\/uploads\/2016\/01\/memmo-scontento-5.jpg\" alt=\"Memmo scontento\" srcset=\"https:\/\/www.filastrocche.it\/contenuti\/wp-content\/uploads\/2016\/01\/memmo-scontento-5.jpg 300w, https:\/\/www.filastrocche.it\/contenuti\/wp-content\/uploads\/2016\/01\/memmo-scontento-5-251x300.jpg 251w\" sizes=\"auto, (max-width: 300px) 100vw, 300px\" \/><\/a><\/p>\n<p>Pot pot pot &#8230;E gi\u00e0 il motore<br \/>\nscoppia e pulsa. Che rumore!<br \/>\nMemmo storce un po&#8217; la bocca:<br \/>\n\u201cChi lo sa cosa mi tocca?<br \/>\nSe mi cozzo contro un muro<br \/>\n\u00e8 la morte di sicuro.<br \/>\nNo: un destriero \u00e8 meglio assai.<br \/>\nCol motor&#8230; non si sa mai!\u201d.<\/p>\n<p><a href=\"https:\/\/www.filastrocche.it\/contenuti\/wp-content\/uploads\/2016\/01\/memmo-scontento-6.jpg\"><img loading=\"lazy\" decoding=\"async\" width=\"300\" height=\"361\" class=\"aligncenter wp-image-156177 size-full\" title=\"Memmo scontento\" src=\"https:\/\/www.filastrocche.it\/contenuti\/wp-content\/uploads\/2016\/01\/memmo-scontento-6.jpg\" alt=\"Memmo scontento\" srcset=\"https:\/\/www.filastrocche.it\/contenuti\/wp-content\/uploads\/2016\/01\/memmo-scontento-6.jpg 300w, https:\/\/www.filastrocche.it\/contenuti\/wp-content\/uploads\/2016\/01\/memmo-scontento-6-249x300.jpg 249w\" sizes=\"auto, (max-width: 300px) 100vw, 300px\" \/><\/a><\/p>\n<p>C&#8217;\u00e8 uno svelto cavallino<br \/>\nattaccato a un carrozzino.<br \/>\nFa gran festa il can, guaisce,<br \/>\nma il caval non lo gradisce.<br \/>\nSalta, scalpita il destriero.<br \/>\nMemmo sta sopra pensiero.<br \/>\n\u201cNo: mi prendo un asinello<br \/>\nche con calma va bel bello\u201d.<\/p>\n<p><a href=\"https:\/\/www.filastrocche.it\/contenuti\/wp-content\/uploads\/2016\/01\/memmo-scontento-7.jpg\"><img loading=\"lazy\" decoding=\"async\" width=\"300\" height=\"356\" class=\"aligncenter wp-image-156179 size-full\" title=\"Memmo scontento\" src=\"https:\/\/www.filastrocche.it\/contenuti\/wp-content\/uploads\/2016\/01\/memmo-scontento-7.jpg\" alt=\"Memmo scontento\" srcset=\"https:\/\/www.filastrocche.it\/contenuti\/wp-content\/uploads\/2016\/01\/memmo-scontento-7.jpg 300w, https:\/\/www.filastrocche.it\/contenuti\/wp-content\/uploads\/2016\/01\/memmo-scontento-7-253x300.jpg 253w\" sizes=\"auto, (max-width: 300px) 100vw, 300px\" \/><\/a><\/p>\n<p>Oh che caro somarello,<br \/>\ntutto grigio liscio e bello!<br \/>\nHa due lunghi orecchi in su<br \/>\ne due nappe rosse e blu.<br \/>\n\u00c8 bardato con buon gusto,<br \/>\nha le staffe al punto giusto.<br \/>\nOr gli sproni Memmo ha gi\u00e0&#8230;<br \/>\ne con lui parte Mustaf\u00e0.<\/p>\n<p><a href=\"https:\/\/www.filastrocche.it\/contenuti\/wp-content\/uploads\/2016\/01\/memmo-scontento-8.jpg\"><img loading=\"lazy\" decoding=\"async\" width=\"300\" height=\"355\" class=\"aligncenter wp-image-156181 size-full\" title=\"Memmo scontento\" src=\"https:\/\/www.filastrocche.it\/contenuti\/wp-content\/uploads\/2016\/01\/memmo-scontento-8.jpg\" alt=\"Memmo scontento\" srcset=\"https:\/\/www.filastrocche.it\/contenuti\/wp-content\/uploads\/2016\/01\/memmo-scontento-8.jpg 300w, https:\/\/www.filastrocche.it\/contenuti\/wp-content\/uploads\/2016\/01\/memmo-scontento-8-254x300.jpg 254w\" sizes=\"auto, (max-width: 300px) 100vw, 300px\" \/><\/a><\/p>\n<p>S\u00ec, va adagio il somarino<br \/>\ne assai lungo \u00e8 il cammino.<br \/>\n\u00c8 pur ver che chi va piano<br \/>\nva pi\u00f9 sano e pi\u00f9 lontano.<br \/>\nMa quel viaggio cos\u00ec lento<br \/>\nlascia Memmo un po&#8217; scontento.<br \/>\ncon gli sproni punge: \u201cOl\u00e0!\u201d.<br \/>\nE abbaia Mustaf\u00e0.<\/p>\n<p><a href=\"https:\/\/www.filastrocche.it\/contenuti\/wp-content\/uploads\/2016\/01\/memmo-scontento-9.jpg\"><img loading=\"lazy\" decoding=\"async\" width=\"300\" height=\"362\" class=\"aligncenter wp-image-156183 size-full\" title=\"Memmo scontento\" src=\"https:\/\/www.filastrocche.it\/contenuti\/wp-content\/uploads\/2016\/01\/memmo-scontento-9.jpg\" alt=\"Memmo scontento\" srcset=\"https:\/\/www.filastrocche.it\/contenuti\/wp-content\/uploads\/2016\/01\/memmo-scontento-9.jpg 300w, https:\/\/www.filastrocche.it\/contenuti\/wp-content\/uploads\/2016\/01\/memmo-scontento-9-249x300.jpg 249w\" sizes=\"auto, (max-width: 300px) 100vw, 300px\" \/><\/a><\/p>\n<p>Ma gli sproni fanno male,<br \/>\npermaloso \u00e8 l&#8217;animale;<br \/>\nprima scalcia come un pazzo<br \/>\ne poi scappa come un razzo.<br \/>\nMemmo invano a lui si afferra,<br \/>\nscodellato viene in terra.<br \/>\nCon lui ruzzola, si sa,<br \/>\nil fedele Mustaf\u00e0.<\/p>\n<p>&nbsp;<\/p>\n<p><em>Illustrazioni di Mariapia (Maria Pia Franzoni Tomba)<\/em><\/p>\n<p>Altri libretti di <strong>Jolanda Colombini Monti<\/strong> nella stessa collana \u201cGioie\u201d della Casa Editrice Piccoli di Milano:<\/p>\n<ul>\n<li><a href=\"https:\/\/www.filastrocche.it\/contenuti\/acqua-e-sole-2\/\"><strong>Acqua e Sole<\/strong><\/a><\/li>\n<li><strong>Avventura gelata<\/strong><\/li>\n<li><a href=\"https:\/\/www.filastrocche.it\/contenuti\/i-due-pastorelli\/\"><strong>I due pastorelli<\/strong><\/a><\/li>\n<li><a href=\"http:\/\/Il sogno meraviglioso\"><strong>Il sogno meraviglioso<\/strong><\/a><\/li>\n<li><strong>L&#8217;orologio di Re Sole<\/strong><\/li>\n<li><a href=\"https:\/\/www.filastrocche.it\/contenuti\/lustrascarpe-2\/\"><strong>Lustrascarpe<\/strong><\/a><\/li>\n<li><a href=\"https:\/\/www.filastrocche.it\/contenuti\/mara-in-fattoria\/\"><strong>Mara in fattoria<\/strong><\/a><\/li>\n<li><a href=\"https:\/\/www.filastrocche.it\/contenuti\/memmo-scontento\/\"><strong>Memmo scontento<\/strong><\/a><\/li>\n<\/ul>\n<p>&nbsp;<\/p>\n<p><a href=\"https:\/\/www.filastrocche.it\/contenuti\/wp-content\/uploads\/2025\/03\/il-lustrascarpe-JM-collana-gioie.jpg\"><img loading=\"lazy\" decoding=\"async\" width=\"550\" height=\"620\" class=\"aligncenter size-full wp-image-249688\" src=\"https:\/\/www.filastrocche.it\/contenuti\/wp-content\/uploads\/2025\/03\/il-lustrascarpe-JM-collana-gioie.jpg\" alt=\"\" srcset=\"https:\/\/www.filastrocche.it\/contenuti\/wp-content\/uploads\/2025\/03\/il-lustrascarpe-JM-collana-gioie.jpg 550w, https:\/\/www.filastrocche.it\/contenuti\/wp-content\/uploads\/2025\/03\/il-lustrascarpe-JM-collana-gioie-266x300.jpg 266w\" sizes=\"auto, (max-width: 550px) 100vw, 550px\" \/><\/a><\/p>\n<p>&nbsp;<\/p>\n<p>&nbsp;<\/p>\n<p>&nbsp;<\/p>\n<p><a href=\"https:\/\/www.filastrocche.it\/feste\/filastrocche-di-jolanda-colombini-monti\/\"><img loading=\"lazy\" decoding=\"async\" width=\"150\" height=\"174\" class=\"alignnone wp-image-228864 size-full\" title=\"Filastrocche di Jolanda Colombini Monti\" src=\"https:\/\/www.filastrocche.it\/contenuti\/wp-content\/uploads\/2016\/03\/filastrocche-di-jolanda-colombini-monti-150.jpg\" alt=\"Filastrocche di Jolanda Colombini Monti\"   \/><\/a><br \/>\nPer altre <a href=\"https:\/\/www.filastrocche.it\/feste\/filastrocche-di-jolanda-colombini-monti\/\"><strong>Filastrocche di Jolanda Colombini Monti, clicca qui<\/strong><\/a>!<\/p>\n<p><a href=\"https:\/\/www.filastrocche.it\/feste\/poesie-di-jolanda-colombini-monti\/\"><img loading=\"lazy\" decoding=\"async\" width=\"150\" height=\"177\" class=\"alignnone wp-image-228865 size-full\" title=\"Poesie di Jolanda Colombini Monti\" src=\"https:\/\/www.filastrocche.it\/contenuti\/wp-content\/uploads\/2016\/03\/poesie-di-jolanda-colombini-monti-150.jpg\" alt=\"Poesie di Jolanda Colombini Monti\"   \/><\/a><br \/>\nPer altre <strong><a href=\"https:\/\/www.filastrocche.it\/feste\/poesie-di-jolanda-colombini-monti\/\">Poesie di Jolanda Colombini Monti, clicca qui<\/a><\/strong>!<\/p>\n<p>&nbsp;<\/p>\n<p><a href=\"https:\/\/www.filastrocche.it\/feste\/speciale-scuola\/\"><img loading=\"lazy\" decoding=\"async\" width=\"169\" height=\"45\" class=\"alignnone wp-image-174673 size-full\" title=\"Speciale Scuola\" src=\"https:\/\/www.filastrocche.it\/contenuti\/wp-content\/uploads\/2014\/02\/scritta_specialescuola.gif\" alt=\"Speciale Scuola\"   \/><\/a><br \/>\n<a href=\"https:\/\/www.filastrocche.it\/feste\/speciale-scuola\/\"><strong>Visita lo speciale Scuola!<\/strong><\/a><\/p>\n","protected":false},"excerpt":{"rendered":"<p>Leggiamo insieme: Memmo scontento di Jolanda Colombini Monti Memmino \u00e8 scontento, di cosa non sa. Venutagli \u00e8 a noia la vita che fa. (O anche: Questo \u00e8 Memmo mai contento. Pensa Memmo un bel momento:) \u201cSono stanco del paesello, della siepe, del cancello. Voglio libero e giocondo viaggiare tutto il mondo\u201d. Parte Memmo e, gi\u00e0 [&hellip;]<\/p>\n","protected":false},"author":5,"featured_media":156177,"comment_status":"open","ping_status":"open","sticky":false,"template":"","format":"standard","meta":{"footnotes":""},"categories":[5,28,9,51],"tags":[175,527,5205,7656,7654,187,189],"sponsors":[],"class_list":["post-156163","post","type-post","status-publish","format-standard","has-post-thumbnail","hentry","category-filastrocche","category-filastrocche-dautore","category-poesie","category-poesie-dautore","tag-filastrocca","tag-filastrocche-2","tag-jolanda-colombini-monti","tag-maria-pia-franzoni-tomba","tag-mariapia","tag-poesia","tag-poesie-2","lingua-italiano","scopo-intrattenimento"],"yoast_head":"<!-- This site is optimized with the Yoast SEO plugin v26.2 - https:\/\/yoast.com\/wordpress\/plugins\/seo\/ -->\n<title>Memmo scontento Illustrazioni di MARIAPIA - Filastrocche.it<\/title>\n<meta name=\"description\" content=\"Testo della filastrocca: Memmo scontento, Illustrazioni di MARIAPIA (Maria Pia Franzoni) del 1949. Racconta la storia di un bambino sempre scontento che...\" \/>\n<meta name=\"robots\" content=\"index, follow, max-snippet:-1, max-image-preview:large, max-video-preview:-1\" \/>\n<link rel=\"canonical\" href=\"https:\/\/www.filastrocche.it\/contenuti\/memmo-scontento\/\" \/>\n<meta property=\"og:locale\" content=\"it_IT\" \/>\n<meta property=\"og:type\" content=\"article\" \/>\n<meta property=\"og:title\" content=\"Memmo scontento Illustrazioni di MARIAPIA - Filastrocche.it\" \/>\n<meta property=\"og:description\" content=\"Testo della filastrocca: Memmo scontento, Illustrazioni di MARIAPIA (Maria Pia Franzoni) del 1949. Racconta la storia di un bambino sempre scontento che...\" \/>\n<meta property=\"og:url\" content=\"https:\/\/www.filastrocche.it\/contenuti\/memmo-scontento\/\" \/>\n<meta property=\"og:site_name\" content=\"I testi della tradizione di Filastrocche.it\" \/>\n<meta property=\"article:author\" content=\"http:\/\/www.facebook.com\/jolanda.restano\" \/>\n<meta property=\"article:published_time\" content=\"2016-02-15T06:30:21+00:00\" \/>\n<meta property=\"article:modified_time\" content=\"2026-04-07T11:35:22+00:00\" \/>\n<meta property=\"og:image\" content=\"https:\/\/www.filastrocche.it\/contenuti\/wp-content\/uploads\/2016\/01\/memmo-scontento-6.jpg\" \/>\n\t<meta property=\"og:image:width\" content=\"300\" \/>\n\t<meta property=\"og:image:height\" content=\"361\" \/>\n\t<meta property=\"og:image:type\" content=\"image\/jpeg\" \/>\n<meta name=\"author\" content=\"Jolanda\" \/>\n<meta name=\"twitter:label1\" content=\"Scritto da\" \/>\n\t<meta name=\"twitter:data1\" content=\"Jolanda\" \/>\n\t<meta name=\"twitter:label2\" content=\"Tempo di lettura stimato\" \/>\n\t<meta name=\"twitter:data2\" content=\"6 minuti\" \/>\n<!-- \/ Yoast SEO plugin. -->","yoast_head_json":{"title":"Memmo scontento Illustrazioni di MARIAPIA - Filastrocche.it","description":"Testo della filastrocca: Memmo scontento, Illustrazioni di MARIAPIA (Maria Pia Franzoni) del 1949. Racconta la storia di un bambino sempre scontento che...","robots":{"index":"index","follow":"follow","max-snippet":"max-snippet:-1","max-image-preview":"max-image-preview:large","max-video-preview":"max-video-preview:-1"},"canonical":"https:\/\/www.filastrocche.it\/contenuti\/memmo-scontento\/","og_locale":"it_IT","og_type":"article","og_title":"Memmo scontento Illustrazioni di MARIAPIA - Filastrocche.it","og_description":"Testo della filastrocca: Memmo scontento, Illustrazioni di MARIAPIA (Maria Pia Franzoni) del 1949. Racconta la storia di un bambino sempre scontento che...","og_url":"https:\/\/www.filastrocche.it\/contenuti\/memmo-scontento\/","og_site_name":"I testi della tradizione di Filastrocche.it","article_author":"http:\/\/www.facebook.com\/jolanda.restano","article_published_time":"2016-02-15T06:30:21+00:00","article_modified_time":"2026-04-07T11:35:22+00:00","og_image":[{"width":300,"height":361,"url":"https:\/\/www.filastrocche.it\/contenuti\/wp-content\/uploads\/2016\/01\/memmo-scontento-6.jpg","type":"image\/jpeg"}],"author":"Jolanda","twitter_misc":{"Scritto da":"Jolanda","Tempo di lettura stimato":"6 minuti"},"schema":{"@context":"https:\/\/schema.org","@graph":[{"@type":"WebPage","@id":"https:\/\/www.filastrocche.it\/contenuti\/memmo-scontento\/","url":"https:\/\/www.filastrocche.it\/contenuti\/memmo-scontento\/","name":"Memmo scontento Illustrazioni di MARIAPIA - Filastrocche.it","isPartOf":{"@id":"https:\/\/www.filastrocche.it\/contenuti\/#website"},"primaryImageOfPage":{"@id":"https:\/\/www.filastrocche.it\/contenuti\/memmo-scontento\/#primaryimage"},"image":{"@id":"https:\/\/www.filastrocche.it\/contenuti\/memmo-scontento\/#primaryimage"},"thumbnailUrl":"https:\/\/www.filastrocche.it\/contenuti\/wp-content\/uploads\/2016\/01\/memmo-scontento-6.jpg","datePublished":"2016-02-15T06:30:21+00:00","dateModified":"2026-04-07T11:35:22+00:00","author":{"@id":"https:\/\/www.filastrocche.it\/contenuti\/#\/schema\/person\/13a7995b740342851d3a3c001f9dd658"},"description":"Testo della filastrocca: Memmo scontento, Illustrazioni di MARIAPIA (Maria Pia Franzoni) del 1949. Racconta la storia di un bambino sempre scontento che...","breadcrumb":{"@id":"https:\/\/www.filastrocche.it\/contenuti\/memmo-scontento\/#breadcrumb"},"inLanguage":"it-IT","potentialAction":[{"@type":"ReadAction","target":["https:\/\/www.filastrocche.it\/contenuti\/memmo-scontento\/"]}]},{"@type":"ImageObject","inLanguage":"it-IT","@id":"https:\/\/www.filastrocche.it\/contenuti\/memmo-scontento\/#primaryimage","url":"https:\/\/www.filastrocche.it\/contenuti\/wp-content\/uploads\/2016\/01\/memmo-scontento-6.jpg","contentUrl":"https:\/\/www.filastrocche.it\/contenuti\/wp-content\/uploads\/2016\/01\/memmo-scontento-6.jpg","width":300,"height":361},{"@type":"BreadcrumbList","@id":"https:\/\/www.filastrocche.it\/contenuti\/memmo-scontento\/#breadcrumb","itemListElement":[{"@type":"ListItem","position":1,"name":"Home","item":"https:\/\/www.filastrocche.it\/contenuti\/"},{"@type":"ListItem","position":2,"name":"Memmo scontento"}]},{"@type":"WebSite","@id":"https:\/\/www.filastrocche.it\/contenuti\/#website","url":"https:\/\/www.filastrocche.it\/contenuti\/","name":"I testi della tradizione di Filastrocche.it","description":"Filastrocche, fiabe, canzoni e...","potentialAction":[{"@type":"SearchAction","target":{"@type":"EntryPoint","urlTemplate":"https:\/\/www.filastrocche.it\/contenuti\/?s={search_term_string}"},"query-input":{"@type":"PropertyValueSpecification","valueRequired":true,"valueName":"search_term_string"}}],"inLanguage":"it-IT"},{"@type":"Person","@id":"https:\/\/www.filastrocche.it\/contenuti\/#\/schema\/person\/13a7995b740342851d3a3c001f9dd658","name":"Jolanda","image":{"@type":"ImageObject","inLanguage":"it-IT","@id":"https:\/\/www.filastrocche.it\/contenuti\/#\/schema\/person\/image\/","url":"https:\/\/secure.gravatar.com\/avatar\/1b1f38df48384d8f75481e92c0cbf9e3494d37f3cf35cd02b0f5cba7d63f7349?s=96&d=mm&r=g","contentUrl":"https:\/\/secure.gravatar.com\/avatar\/1b1f38df48384d8f75481e92c0cbf9e3494d37f3cf35cd02b0f5cba7d63f7349?s=96&d=mm&r=g","caption":"Jolanda"},"sameAs":["http:\/\/www.facebook.com\/jolanda.restano","https:\/\/x.com\/jolandarestano"],"url":"https:\/\/www.filastrocche.it\/contenuti\/author\/jolanda\/"}]}},"_links":{"self":[{"href":"https:\/\/www.filastrocche.it\/contenuti\/wp-json\/wp\/v2\/posts\/156163","targetHints":{"allow":["GET"]}}],"collection":[{"href":"https:\/\/www.filastrocche.it\/contenuti\/wp-json\/wp\/v2\/posts"}],"about":[{"href":"https:\/\/www.filastrocche.it\/contenuti\/wp-json\/wp\/v2\/types\/post"}],"author":[{"embeddable":true,"href":"https:\/\/www.filastrocche.it\/contenuti\/wp-json\/wp\/v2\/users\/5"}],"replies":[{"embeddable":true,"href":"https:\/\/www.filastrocche.it\/contenuti\/wp-json\/wp\/v2\/comments?post=156163"}],"version-history":[{"count":3,"href":"https:\/\/www.filastrocche.it\/contenuti\/wp-json\/wp\/v2\/posts\/156163\/revisions"}],"predecessor-version":[{"id":253236,"href":"https:\/\/www.filastrocche.it\/contenuti\/wp-json\/wp\/v2\/posts\/156163\/revisions\/253236"}],"wp:featuredmedia":[{"embeddable":true,"href":"https:\/\/www.filastrocche.it\/contenuti\/wp-json\/wp\/v2\/media\/156177"}],"wp:attachment":[{"href":"https:\/\/www.filastrocche.it\/contenuti\/wp-json\/wp\/v2\/media?parent=156163"}],"wp:term":[{"taxonomy":"category","embeddable":true,"href":"https:\/\/www.filastrocche.it\/contenuti\/wp-json\/wp\/v2\/categories?post=156163"},{"taxonomy":"post_tag","embeddable":true,"href":"https:\/\/www.filastrocche.it\/contenuti\/wp-json\/wp\/v2\/tags?post=156163"},{"taxonomy":"sponsors","embeddable":true,"href":"https:\/\/www.filastrocche.it\/contenuti\/wp-json\/wp\/v2\/sponsors?post=156163"}],"curies":[{"name":"wp","href":"https:\/\/api.w.org\/{rel}","templated":true}]}}