{"id":157375,"date":"2016-03-14T09:00:27","date_gmt":"2016-03-14T07:00:27","guid":{"rendered":"https:\/\/www.filastrocche.it\/contenuti\/?p=157375"},"modified":"2019-04-09T16:25:40","modified_gmt":"2019-04-09T14:25:40","slug":"e-2","status":"publish","type":"post","link":"https:\/\/www.filastrocche.it\/contenuti\/e-2\/","title":{"rendered":"\u00c8\u2026"},"content":{"rendered":"<p><a href=\"https:\/\/www.filastrocche.it\/contenuti\/wp-content\/uploads\/2016\/02\/mistrali-fetsa-papa-pipa-350.jpg\"><img loading=\"lazy\" decoding=\"async\" width=\"350\" height=\"302\" class=\"aligncenter wp-image-157351 size-full\" title=\"\u00c8\" src=\"https:\/\/www.filastrocche.it\/contenuti\/wp-content\/uploads\/2016\/02\/mistrali-fetsa-papa-pipa-350.jpg\" alt=\"\u00c8\" srcset=\"https:\/\/www.filastrocche.it\/contenuti\/wp-content\/uploads\/2016\/02\/mistrali-fetsa-papa-pipa-350.jpg 350w, https:\/\/www.filastrocche.it\/contenuti\/wp-content\/uploads\/2016\/02\/mistrali-fetsa-papa-pipa-350-300x259.jpg 300w\" sizes=\"auto, (max-width: 350px) 100vw, 350px\" \/><\/a><\/p>\n<h2>Leggiamo insieme: <strong>\u00c8\u2026<\/strong> di Jolanda Restano<\/h2>\n<p>\u00c8 un amico generoso,<br \/>\n\u00e8 un compagno favoloso,<br \/>\n\u00e8 un fedele mio alleato,<br \/>\n\u00e8 un compare assai fidato,<br \/>\n\u00e8 un complice silenzioso,<br \/>\n\u00e8 il mio babbo strepitoso!<\/p>\n<p>&nbsp;<\/p>\n<p><a href=\"https:\/\/www.filastrocche.it\/feste\/filastrocche-di-jolanda-restano\/\"><img loading=\"lazy\" decoding=\"async\" width=\"150\" height=\"141\" class=\"alignnone wp-image-222546 size-full\" title=\"Filastrocche di Jolanda Restano\" src=\"https:\/\/www.filastrocche.it\/contenuti\/wp-content\/uploads\/2018\/05\/filastrocche-di-jolanda-restano-150.jpg\" alt=\"Filastrocche di Jolanda Restano\"   \/><\/a><br \/>\nPer leggere le pi\u00f9 belle <a href=\"https:\/\/www.filastrocche.it\/feste\/filastrocche-di-jolanda-restano\/\"><strong>Filastrocche di Jolanda Restano, clicca qui<\/strong><\/a>!<\/p>\n<p><a href=\"https:\/\/www.filastrocche.it\/feste\/poesie-di-jolanda-restano\/\"><img loading=\"lazy\" decoding=\"async\" width=\"150\" height=\"152\" class=\"alignnone wp-image-222547 size-full\" title=\"Poesie di Jolanda Restano\" src=\"https:\/\/www.filastrocche.it\/contenuti\/wp-content\/uploads\/2018\/05\/poesie-di-jolanda-restano-150.jpg\" alt=\"Poesie di Jolanda Restano\"   \/><\/a><br \/>\nPer leggere le pi\u00f9 belle <a href=\"https:\/\/www.filastrocche.it\/feste\/poesie-di-jolanda-restano\/\"><strong>Poesie di Jolanda Restano, clicca qui<\/strong><\/a>!<\/p>\n<p>&nbsp;<\/p>\n<p><a href=\"https:\/\/www.filastrocche.it\/feste\/poesie-per-la-festa-del-papa\/\"><img loading=\"lazy\" decoding=\"async\" width=\"150\" height=\"124\" class=\"alignnone wp-image-198563 size-full\" title=\"Poesie per la Festa del Pap\u00e0\" src=\"https:\/\/www.filastrocche.it\/contenuti\/wp-content\/uploads\/2018\/02\/poesie-per-la-festa-del-papa-150.jpg\" alt=\"Poesie per la Festa del Pap\u00e0\" \/><\/a><br \/>\nPer le migliori <a href=\"https:\/\/www.filastrocche.it\/feste\/poesie-per-la-festa-del-papa\/\"><strong>Poesie per la Festa del Pap\u00e0, cliccate qui<\/strong><\/a>!<\/p>\n<p><a href=\"https:\/\/www.filastrocche.it\/feste\/filastrocche-per-la-festa-del-papa\/\"><img loading=\"lazy\" decoding=\"async\" width=\"150\" height=\"150\" class=\"alignnone wp-image-198561 size-full\" title=\"Filastrocche per la Festa del Pap\u00e0\" src=\"https:\/\/www.filastrocche.it\/contenuti\/wp-content\/uploads\/2018\/02\/filastrocche-per-la-festa-del-papa-150.jpg\" alt=\"Filastrocche per la Festa del Pap\u00e0\" \/><\/a><br \/>\nPer le pi\u00f9 belle <a href=\"https:\/\/www.filastrocche.it\/feste\/filastrocche-per-la-festa-del-papa\/\"><strong>Filastrocche per la Festa del Pap\u00e0, cliccate qui<\/strong><\/a>!<\/p>\n<p><a href=\"https:\/\/www.filastrocche.it\/feste\/filastrocche-per-la-festa-del-papa-tradizionali-o-dautore\/\"><img loading=\"lazy\" decoding=\"async\" width=\"150\" height=\"129\" class=\"alignnone wp-image-198559 size-full\" title=\"filastrocche per la Festa del Pap\u00e0\" src=\"https:\/\/www.filastrocche.it\/contenuti\/wp-content\/uploads\/2018\/02\/mistrali-festa-papa-pipa-150.jpg\" alt=\"filastrocche per la Festa del Pap\u00e0\" \/><\/a><br \/>\nPer altre <a href=\"https:\/\/www.filastrocche.it\/feste\/filastrocche-per-la-festa-del-papa-tradizionali-o-dautore\/\"><strong>filastrocche per la Festa del Pap\u00e0, cliccate qui<\/strong><\/a>!<\/p>\n<p><a href=\"https:\/\/www.filastrocche.it\/leggiamo\/jolanda-restano-filastrocche-per-la-festa-del-papa\/\"><img loading=\"lazy\" decoding=\"async\" width=\"100\" height=\"168\" class=\"alignnone wp-image-198557 size-full\" title=\"filastrocche per il vostro Pap\u00e0 scritte da Jolanda Restano\" src=\"https:\/\/www.filastrocche.it\/contenuti\/wp-content\/uploads\/2018\/02\/mistrali-festa-papa-bimba-100.jpg\" alt=\"filastrocche per il vostro Pap\u00e0 scritte da Jolanda Restano\" \/><\/a><br \/>\nSe volete leggere <strong>le filastrocche per il vostro Pap\u00e0<\/strong> <strong><a title=\"Filastrocche per la Festa del Pap\u00e0 di Jolanda Restano\" href=\"https:\/\/www.filastrocche.it\/leggiamo\/jolanda-restano-filastrocche-per-la-festa-del-papa\/\">scritte da Jolanda Restano, cliccate qui!<\/a><\/strong><\/p>\n<p><a href=\"https:\/\/www.filastrocche.it\/feste\/filastrocche-per-la-festa-del-papa-scritte-dagli-utenti-del-sito\/\"><img loading=\"lazy\" decoding=\"async\" width=\"100\" height=\"195\" class=\"alignnone wp-image-198555 size-full\" title=\"filastrocche per la Festa del Pap\u00e0\" src=\"https:\/\/www.filastrocche.it\/contenuti\/wp-content\/uploads\/2018\/02\/mistrali-festa-papa-bimbo-100.jpg\" alt=\"filastrocche per la Festa del Pap\u00e0\" \/><\/a><br \/>\nSe invece vi interessano le <strong><a title=\"Filastrocche per la Festa del Pap\u00e0 scritte dagli utenti del sito\" href=\"https:\/\/www.filastrocche.it\/feste\/filastrocche-per-la-festa-del-papa-scritte-dagli-utenti-del-sito\/\">filastrocche per la Festa del Pap\u00e0 scritte da voi, cliccate qui<\/a><\/strong>!<\/p>\n<p><a href=\"https:\/\/www.filastrocche.it\/feste\/frasi-per-la-festa-del-papa\/\"><img loading=\"lazy\" decoding=\"async\" width=\"150\" height=\"134\" class=\"alignnone wp-image-198553 size-full\" title=\"Frasi per la Festa del Pap\u00e0\" src=\"https:\/\/www.filastrocche.it\/contenuti\/wp-content\/uploads\/2018\/02\/frasi-per-la-festa-del-papa-150.jpg\" alt=\"Frasi per la Festa del Pap\u00e0\" \/><\/a><a href=\"https:\/\/www.filastrocche.it\/feste\/frasi-per-la-festa-del-papa\/\"><br \/>\n<\/a>Per le pi\u00f9 belle <a href=\"https:\/\/www.filastrocche.it\/feste\/frasi-per-la-festa-del-papa\/\"><strong>Frasi per la Festa del Pap\u00e0, cliccate qui<\/strong><\/a>!<\/p>\n<p>&nbsp;<\/p>\n<p><a href=\"https:\/\/www.filastrocche.it\/feste\/lavoretti-per-la-festa-del-papa\/\"><img loading=\"lazy\" decoding=\"async\" width=\"150\" height=\"101\" class=\"alignnone wp-image-198551 size-full\" title=\"Lavoretti per la Festa del Pap\u00e0\" src=\"https:\/\/www.filastrocche.it\/contenuti\/wp-content\/uploads\/2018\/02\/lavoretti-festa-del-papa-150.jpg\" alt=\"Lavoretti per la Festa del Pap\u00e0\" \/><\/a><br \/>\nSe state cercando dei <strong><a title=\"Lavoretti per la Festa del Pap\u00e0\" href=\"https:\/\/www.filastrocche.it\/feste\/lavoretti-per-la-festa-del-papa\/\">LAVORETTI per la Festa del Pap\u00e0, cliccate qui<\/a><\/strong>!<\/p>\n<p><a href=\"https:\/\/www.filastrocche.it\/feste\/idee-regalo-fai-da-te-per-la-festa-del-papa\/\"><img loading=\"lazy\" decoding=\"async\" width=\"150\" height=\"140\" class=\"alignnone wp-image-198549 size-full\" title=\"Idee regalo per la Festa del Pap\u00e0\" src=\"https:\/\/www.filastrocche.it\/contenuti\/wp-content\/uploads\/2018\/02\/mistrali-festa-papa-regalo-150.jpg\" alt=\"Idee regalo per la Festa del Pap\u00e0\" \/><\/a><br \/>\nSe state cercando delle <strong><a title=\"Idee regalo per la Festa del Pap\u00e0\" href=\"https:\/\/www.filastrocche.it\/feste\/idee-regalo-fai-da-te-per-la-festa-del-papa\/\">IDEE REGALO per la Festa del Pap\u00e0, cliccate qui<\/a><\/strong>!<\/p>\n<p><a href=\"https:\/\/www.filastrocche.it\/feste\/ricette-per-la-festa-del-papa\/\"><img loading=\"lazy\" decoding=\"async\" width=\"120\" height=\"142\" class=\"alignnone wp-image-198547 size-full\" title=\"Ricette per la Festa del Pap\u00e0\" src=\"https:\/\/www.filastrocche.it\/contenuti\/wp-content\/uploads\/2018\/02\/mistrali-ricette-piatto-pollo-120.jpg\" alt=\"Ricette per la Festa del Pap\u00e0\" \/><\/a><br \/>\nSe cercate delle <a href=\"https:\/\/www.filastrocche.it\/feste\/ricette-per-la-festa-del-papa\/\"><strong>Ricette per la Festa del Pap\u00e0, cliccate qui<\/strong><\/a>!<\/p>\n<p>&nbsp;<\/p>\n<p><a href=\"https:\/\/www.filastrocche.it\/feste\/speciale-festa-del-papa\/\"><img loading=\"lazy\" decoding=\"async\" width=\"198\" height=\"47\" class=\"alignnone wp-image-198545 size-full\" title=\"Speciale Festa del Pap\u00e0\" src=\"https:\/\/www.filastrocche.it\/contenuti\/wp-content\/uploads\/2018\/02\/festa_papa.gif\" alt=\"Speciale Festa del Pap\u00e0\" \/><\/a><br \/>\n<a href=\"https:\/\/www.filastrocche.it\/feste\/speciale-festa-del-papa\/\"><strong>Visita lo Speciale Festa del Pap\u00e0!<\/strong><\/a><\/p>\n","protected":false},"excerpt":{"rendered":"<p>Leggiamo insieme: \u00c8\u2026 di Jolanda Restano \u00c8 un amico generoso, \u00e8 un compagno favoloso, \u00e8 un fedele mio alleato, \u00e8 un compare assai fidato, \u00e8 un complice silenzioso, \u00e8 il mio babbo strepitoso! &nbsp; Per leggere le pi\u00f9 belle Filastrocche di Jolanda Restano, clicca qui! Per leggere le pi\u00f9 belle Poesie di Jolanda Restano, clicca [&hellip;]<\/p>\n","protected":false},"author":5,"featured_media":157351,"comment_status":"open","ping_status":"open","sticky":false,"template":"","format":"standard","meta":{"footnotes":""},"categories":[5,28],"tags":[515,175,527,1591,517,187,189],"sponsors":[],"class_list":["post-157375","post","type-post","status-publish","format-standard","has-post-thumbnail","hentry","category-filastrocche","category-filastrocche-dautore","tag-festa-del-papa-2","tag-filastrocca","tag-filastrocche-2","tag-jolanda-restano","tag-papa","tag-poesia","tag-poesie-2","occasioni-festa-del-papa","lingua-italiano","scopo-intrattenimento"],"yoast_head":"<!-- This site is optimized with the Yoast SEO plugin v26.2 - https:\/\/yoast.com\/wordpress\/plugins\/seo\/ -->\n<title>\u00c8\u2026 di Jolanda Restano - Filastrocca per la Festa del Pap\u00e0 - Filastrocche.it<\/title>\n<meta name=\"description\" content=\"Testo della filastrocca: \u00c8\u2026 di Jolanda Restano per la Festa del Pap\u00e0. Versi iniziali: \u00c8 un amico generoso \u00e8 un compagno favoloso \u00e8 un fedele mio alleato...\" \/>\n<meta name=\"robots\" content=\"index, follow, max-snippet:-1, max-image-preview:large, max-video-preview:-1\" \/>\n<link rel=\"canonical\" href=\"https:\/\/www.filastrocche.it\/contenuti\/e-2\/\" \/>\n<meta property=\"og:locale\" content=\"it_IT\" \/>\n<meta property=\"og:type\" content=\"article\" \/>\n<meta property=\"og:title\" content=\"\u00c8\u2026 di Jolanda Restano - Filastrocca per la Festa del Pap\u00e0 - Filastrocche.it\" \/>\n<meta property=\"og:description\" content=\"Testo della filastrocca: \u00c8\u2026 di Jolanda Restano per la Festa del Pap\u00e0. Versi iniziali: \u00c8 un amico generoso \u00e8 un compagno favoloso \u00e8 un fedele mio alleato...\" \/>\n<meta property=\"og:url\" content=\"https:\/\/www.filastrocche.it\/contenuti\/e-2\/\" \/>\n<meta property=\"og:site_name\" content=\"I testi della tradizione di Filastrocche.it\" \/>\n<meta property=\"article:author\" content=\"http:\/\/www.facebook.com\/jolanda.restano\" \/>\n<meta property=\"article:published_time\" content=\"2016-03-14T07:00:27+00:00\" \/>\n<meta property=\"article:modified_time\" content=\"2019-04-09T14:25:40+00:00\" \/>\n<meta property=\"og:image\" content=\"https:\/\/www.filastrocche.it\/contenuti\/wp-content\/uploads\/2016\/02\/mistrali-fetsa-papa-pipa-350.jpg\" \/>\n\t<meta property=\"og:image:width\" content=\"350\" \/>\n\t<meta property=\"og:image:height\" content=\"302\" \/>\n\t<meta property=\"og:image:type\" content=\"image\/jpeg\" \/>\n<meta name=\"author\" content=\"Jolanda\" \/>\n<meta name=\"twitter:label1\" content=\"Scritto da\" \/>\n\t<meta name=\"twitter:data1\" content=\"Jolanda\" \/>\n\t<meta name=\"twitter:label2\" content=\"Tempo di lettura stimato\" \/>\n\t<meta name=\"twitter:data2\" content=\"1 minuto\" \/>\n<!-- \/ Yoast SEO plugin. -->","yoast_head_json":{"title":"\u00c8\u2026 di Jolanda Restano - Filastrocca per la Festa del Pap\u00e0 - Filastrocche.it","description":"Testo della filastrocca: \u00c8\u2026 di Jolanda Restano per la Festa del Pap\u00e0. Versi iniziali: \u00c8 un amico generoso \u00e8 un compagno favoloso \u00e8 un fedele mio alleato...","robots":{"index":"index","follow":"follow","max-snippet":"max-snippet:-1","max-image-preview":"max-image-preview:large","max-video-preview":"max-video-preview:-1"},"canonical":"https:\/\/www.filastrocche.it\/contenuti\/e-2\/","og_locale":"it_IT","og_type":"article","og_title":"\u00c8\u2026 di Jolanda Restano - Filastrocca per la Festa del Pap\u00e0 - Filastrocche.it","og_description":"Testo della filastrocca: \u00c8\u2026 di Jolanda Restano per la Festa del Pap\u00e0. Versi iniziali: \u00c8 un amico generoso \u00e8 un compagno favoloso \u00e8 un fedele mio alleato...","og_url":"https:\/\/www.filastrocche.it\/contenuti\/e-2\/","og_site_name":"I testi della tradizione di Filastrocche.it","article_author":"http:\/\/www.facebook.com\/jolanda.restano","article_published_time":"2016-03-14T07:00:27+00:00","article_modified_time":"2019-04-09T14:25:40+00:00","og_image":[{"width":350,"height":302,"url":"https:\/\/www.filastrocche.it\/contenuti\/wp-content\/uploads\/2016\/02\/mistrali-fetsa-papa-pipa-350.jpg","type":"image\/jpeg"}],"author":"Jolanda","twitter_misc":{"Scritto da":"Jolanda","Tempo di lettura stimato":"1 minuto"},"schema":{"@context":"https:\/\/schema.org","@graph":[{"@type":"WebPage","@id":"https:\/\/www.filastrocche.it\/contenuti\/e-2\/","url":"https:\/\/www.filastrocche.it\/contenuti\/e-2\/","name":"\u00c8\u2026 di Jolanda Restano - Filastrocca per la Festa del Pap\u00e0 - Filastrocche.it","isPartOf":{"@id":"https:\/\/www.filastrocche.it\/contenuti\/#website"},"primaryImageOfPage":{"@id":"https:\/\/www.filastrocche.it\/contenuti\/e-2\/#primaryimage"},"image":{"@id":"https:\/\/www.filastrocche.it\/contenuti\/e-2\/#primaryimage"},"thumbnailUrl":"https:\/\/www.filastrocche.it\/contenuti\/wp-content\/uploads\/2016\/02\/mistrali-fetsa-papa-pipa-350.jpg","datePublished":"2016-03-14T07:00:27+00:00","dateModified":"2019-04-09T14:25:40+00:00","author":{"@id":"https:\/\/www.filastrocche.it\/contenuti\/#\/schema\/person\/13a7995b740342851d3a3c001f9dd658"},"description":"Testo della filastrocca: \u00c8\u2026 di Jolanda Restano per la Festa del Pap\u00e0. Versi iniziali: \u00c8 un amico generoso \u00e8 un compagno favoloso \u00e8 un fedele mio alleato...","breadcrumb":{"@id":"https:\/\/www.filastrocche.it\/contenuti\/e-2\/#breadcrumb"},"inLanguage":"it-IT","potentialAction":[{"@type":"ReadAction","target":["https:\/\/www.filastrocche.it\/contenuti\/e-2\/"]}]},{"@type":"ImageObject","inLanguage":"it-IT","@id":"https:\/\/www.filastrocche.it\/contenuti\/e-2\/#primaryimage","url":"https:\/\/www.filastrocche.it\/contenuti\/wp-content\/uploads\/2016\/02\/mistrali-fetsa-papa-pipa-350.jpg","contentUrl":"https:\/\/www.filastrocche.it\/contenuti\/wp-content\/uploads\/2016\/02\/mistrali-fetsa-papa-pipa-350.jpg","width":350,"height":302},{"@type":"BreadcrumbList","@id":"https:\/\/www.filastrocche.it\/contenuti\/e-2\/#breadcrumb","itemListElement":[{"@type":"ListItem","position":1,"name":"Home","item":"https:\/\/www.filastrocche.it\/contenuti\/"},{"@type":"ListItem","position":2,"name":"\u00c8\u2026"}]},{"@type":"WebSite","@id":"https:\/\/www.filastrocche.it\/contenuti\/#website","url":"https:\/\/www.filastrocche.it\/contenuti\/","name":"I testi della tradizione di Filastrocche.it","description":"Filastrocche, fiabe, canzoni e...","potentialAction":[{"@type":"SearchAction","target":{"@type":"EntryPoint","urlTemplate":"https:\/\/www.filastrocche.it\/contenuti\/?s={search_term_string}"},"query-input":{"@type":"PropertyValueSpecification","valueRequired":true,"valueName":"search_term_string"}}],"inLanguage":"it-IT"},{"@type":"Person","@id":"https:\/\/www.filastrocche.it\/contenuti\/#\/schema\/person\/13a7995b740342851d3a3c001f9dd658","name":"Jolanda","image":{"@type":"ImageObject","inLanguage":"it-IT","@id":"https:\/\/www.filastrocche.it\/contenuti\/#\/schema\/person\/image\/","url":"https:\/\/secure.gravatar.com\/avatar\/1b1f38df48384d8f75481e92c0cbf9e3494d37f3cf35cd02b0f5cba7d63f7349?s=96&d=mm&r=g","contentUrl":"https:\/\/secure.gravatar.com\/avatar\/1b1f38df48384d8f75481e92c0cbf9e3494d37f3cf35cd02b0f5cba7d63f7349?s=96&d=mm&r=g","caption":"Jolanda"},"sameAs":["http:\/\/www.facebook.com\/jolanda.restano","https:\/\/x.com\/jolandarestano"],"url":"https:\/\/www.filastrocche.it\/contenuti\/author\/jolanda\/"}]}},"_links":{"self":[{"href":"https:\/\/www.filastrocche.it\/contenuti\/wp-json\/wp\/v2\/posts\/157375","targetHints":{"allow":["GET"]}}],"collection":[{"href":"https:\/\/www.filastrocche.it\/contenuti\/wp-json\/wp\/v2\/posts"}],"about":[{"href":"https:\/\/www.filastrocche.it\/contenuti\/wp-json\/wp\/v2\/types\/post"}],"author":[{"embeddable":true,"href":"https:\/\/www.filastrocche.it\/contenuti\/wp-json\/wp\/v2\/users\/5"}],"replies":[{"embeddable":true,"href":"https:\/\/www.filastrocche.it\/contenuti\/wp-json\/wp\/v2\/comments?post=157375"}],"version-history":[{"count":3,"href":"https:\/\/www.filastrocche.it\/contenuti\/wp-json\/wp\/v2\/posts\/157375\/revisions"}],"predecessor-version":[{"id":222623,"href":"https:\/\/www.filastrocche.it\/contenuti\/wp-json\/wp\/v2\/posts\/157375\/revisions\/222623"}],"wp:featuredmedia":[{"embeddable":true,"href":"https:\/\/www.filastrocche.it\/contenuti\/wp-json\/wp\/v2\/media\/157351"}],"wp:attachment":[{"href":"https:\/\/www.filastrocche.it\/contenuti\/wp-json\/wp\/v2\/media?parent=157375"}],"wp:term":[{"taxonomy":"category","embeddable":true,"href":"https:\/\/www.filastrocche.it\/contenuti\/wp-json\/wp\/v2\/categories?post=157375"},{"taxonomy":"post_tag","embeddable":true,"href":"https:\/\/www.filastrocche.it\/contenuti\/wp-json\/wp\/v2\/tags?post=157375"},{"taxonomy":"sponsors","embeddable":true,"href":"https:\/\/www.filastrocche.it\/contenuti\/wp-json\/wp\/v2\/sponsors?post=157375"}],"curies":[{"name":"wp","href":"https:\/\/api.w.org\/{rel}","templated":true}]}}