{"id":164871,"date":"2017-01-20T06:33:10","date_gmt":"2017-01-20T04:33:10","guid":{"rendered":"https:\/\/www.filastrocche.it\/contenuti\/?p=164871"},"modified":"2025-06-05T10:19:35","modified_gmt":"2025-06-05T08:19:35","slug":"questione-di-razza","status":"publish","type":"post","link":"https:\/\/www.filastrocche.it\/contenuti\/questione-di-razza\/","title":{"rendered":"Questione di razza"},"content":{"rendered":"<p><img loading=\"lazy\" decoding=\"async\" width=\"550\" height=\"550\" class=\"aligncenter wp-image-164235 size-full\" title=\"Questione di razza\" src=\"https:\/\/www.filastrocche.it\/contenuti\/wp-content\/uploads\/2016\/10\/collage-cani.jpg\" alt=\"Questione di razza\" srcset=\"https:\/\/www.filastrocche.it\/contenuti\/wp-content\/uploads\/2016\/10\/collage-cani.jpg 550w, https:\/\/www.filastrocche.it\/contenuti\/wp-content\/uploads\/2016\/10\/collage-cani-150x150.jpg 150w, https:\/\/www.filastrocche.it\/contenuti\/wp-content\/uploads\/2016\/10\/collage-cani-300x300.jpg 300w\" sizes=\"auto, (max-width: 550px) 100vw, 550px\" \/>&#8220;Che cane buffo! E dove l&#8217;hai trovato?&#8221;<br \/>\nEr vecchio me rispose: &#8220;\u00c8 brutto assai,<br \/>\nma nun me lascia mai: s&#8217;\u00e9 affezzionato.<br \/>\nL&#8217;unica compagnia che m&#8217;\u00e9 rimasta,<br \/>\nfra tanti amichi, \u00e9 &#8216;sto lupetto nero:<br \/>\nnun \u00e9 de razza, \u00e9 vero,<br \/>\nma m&#8217;\u00e9 fedele e basta.<\/p>\n<p>Io nun faccio questioni de colore:<br \/>\nl&#8217;azzioni bone e belle<br \/>\nvengheno su dar core<br \/>\nsotto qualunque pelle&#8221;.<\/p>\n<p>&nbsp;<\/p>\n<p>&nbsp;<\/p>\n<p><a href=\"https:\/\/www.filastrocche.it\/feste\/poesie-sugli-animali\/\"><img loading=\"lazy\" decoding=\"async\" width=\"150\" height=\"118\" class=\"alignnone size-full wp-image-182191\" src=\"https:\/\/www.filastrocche.it\/contenuti\/wp-content\/uploads\/2017\/07\/gatto-tigrato-150.jpg\" alt=\"\"   \/><\/a><br \/>\nSe cercate le pi\u00f9 belle <a href=\"https:\/\/www.filastrocche.it\/feste\/poesie-sugli-animali\/\"><strong>Poesie sugli Animali, cliccate qui<\/strong><\/a>!<\/p>\n<p><a href=\"https:\/\/www.filastrocche.it\/feste\/filastrocche-sugli-animali\/\"><img loading=\"lazy\" decoding=\"async\" width=\"150\" height=\"149\" class=\"alignnone size-full wp-image-182187\" src=\"https:\/\/www.filastrocche.it\/contenuti\/wp-content\/uploads\/2017\/07\/cane-muso-150.jpg\" alt=\"\"   \/><\/a><br \/>\nSe cercate le pi\u00f9 belle <a href=\"https:\/\/www.filastrocche.it\/feste\/filastrocche-sugli-animali\/\"><strong>Filastrocche sugli Animali, cliccate qui!<\/strong><\/a><\/p>\n","protected":false},"excerpt":{"rendered":"<p>&#8220;Che cane buffo! E dove l&#8217;hai trovato?&#8221; Er vecchio me rispose: &#8220;\u00c8 brutto assai, ma nun me lascia mai: s&#8217;\u00e9 affezzionato. L&#8217;unica compagnia che m&#8217;\u00e9 rimasta, fra tanti amichi, \u00e9 &#8216;sto lupetto nero: nun \u00e9 de razza, \u00e9 vero, ma m&#8217;\u00e9 fedele e basta. Io nun faccio questioni de colore: l&#8217;azzioni bone e belle vengheno [&hellip;]<\/p>\n","protected":false},"author":3289,"featured_media":164235,"comment_status":"open","ping_status":"open","sticky":false,"template":"","format":"standard","meta":{"footnotes":""},"categories":[9,52],"tags":[405,5471,187,189,3291],"sponsors":[],"class_list":["post-164871","post","type-post","status-publish","format-standard","has-post-thumbnail","hentry","category-poesie","category-poesie-dialettali","tag-animali","tag-cani","tag-poesia","tag-poesie-2","tag-trilussa","lingua-italiano","scopo-intrattenimento"],"yoast_head":"<!-- This site is optimized with the Yoast SEO plugin v26.2 - https:\/\/yoast.com\/wordpress\/plugins\/seo\/ -->\n<title>Questione di razza - I testi della tradizione di Filastrocche.it<\/title>\n<meta name=\"description\" content=\"Testo della poesia in romanesco dal titolo: Questione di razza, di Trilussa. Inizio: - Che cane buffo! E dove l&#039;hai trovato? ...\" \/>\n<meta name=\"robots\" content=\"index, follow, max-snippet:-1, max-image-preview:large, max-video-preview:-1\" \/>\n<link rel=\"canonical\" href=\"https:\/\/www.filastrocche.it\/contenuti\/questione-di-razza\/\" \/>\n<meta property=\"og:locale\" content=\"it_IT\" \/>\n<meta property=\"og:type\" content=\"article\" \/>\n<meta property=\"og:title\" content=\"Questione di razza - I testi della tradizione di Filastrocche.it\" \/>\n<meta property=\"og:description\" content=\"Testo della poesia in romanesco dal titolo: Questione di razza, di Trilussa. Inizio: - Che cane buffo! E dove l&#039;hai trovato? ...\" \/>\n<meta property=\"og:url\" content=\"https:\/\/www.filastrocche.it\/contenuti\/questione-di-razza\/\" \/>\n<meta property=\"og:site_name\" content=\"I testi della tradizione di Filastrocche.it\" \/>\n<meta property=\"article:published_time\" content=\"2017-01-20T04:33:10+00:00\" \/>\n<meta property=\"article:modified_time\" content=\"2025-06-05T08:19:35+00:00\" \/>\n<meta property=\"og:image\" content=\"https:\/\/www.filastrocche.it\/contenuti\/wp-content\/uploads\/2016\/10\/collage-cani.jpg\" \/>\n\t<meta property=\"og:image:width\" content=\"550\" \/>\n\t<meta property=\"og:image:height\" content=\"550\" \/>\n\t<meta property=\"og:image:type\" content=\"image\/jpeg\" \/>\n<meta name=\"author\" content=\"Ilaria Pavetto\" \/>\n<meta name=\"twitter:label1\" content=\"Scritto da\" \/>\n\t<meta name=\"twitter:data1\" content=\"Ilaria Pavetto\" \/>\n\t<meta name=\"twitter:label2\" content=\"Tempo di lettura stimato\" \/>\n\t<meta name=\"twitter:data2\" content=\"2 minuti\" \/>\n<!-- \/ Yoast SEO plugin. -->","yoast_head_json":{"title":"Questione di razza - I testi della tradizione di Filastrocche.it","description":"Testo della poesia in romanesco dal titolo: Questione di razza, di Trilussa. Inizio: - Che cane buffo! E dove l'hai trovato? ...","robots":{"index":"index","follow":"follow","max-snippet":"max-snippet:-1","max-image-preview":"max-image-preview:large","max-video-preview":"max-video-preview:-1"},"canonical":"https:\/\/www.filastrocche.it\/contenuti\/questione-di-razza\/","og_locale":"it_IT","og_type":"article","og_title":"Questione di razza - I testi della tradizione di Filastrocche.it","og_description":"Testo della poesia in romanesco dal titolo: Questione di razza, di Trilussa. Inizio: - Che cane buffo! E dove l'hai trovato? ...","og_url":"https:\/\/www.filastrocche.it\/contenuti\/questione-di-razza\/","og_site_name":"I testi della tradizione di Filastrocche.it","article_published_time":"2017-01-20T04:33:10+00:00","article_modified_time":"2025-06-05T08:19:35+00:00","og_image":[{"width":550,"height":550,"url":"https:\/\/www.filastrocche.it\/contenuti\/wp-content\/uploads\/2016\/10\/collage-cani.jpg","type":"image\/jpeg"}],"author":"Ilaria Pavetto","twitter_misc":{"Scritto da":"Ilaria Pavetto","Tempo di lettura stimato":"2 minuti"},"schema":{"@context":"https:\/\/schema.org","@graph":[{"@type":"WebPage","@id":"https:\/\/www.filastrocche.it\/contenuti\/questione-di-razza\/","url":"https:\/\/www.filastrocche.it\/contenuti\/questione-di-razza\/","name":"Questione di razza - I testi della tradizione di Filastrocche.it","isPartOf":{"@id":"https:\/\/www.filastrocche.it\/contenuti\/#website"},"primaryImageOfPage":{"@id":"https:\/\/www.filastrocche.it\/contenuti\/questione-di-razza\/#primaryimage"},"image":{"@id":"https:\/\/www.filastrocche.it\/contenuti\/questione-di-razza\/#primaryimage"},"thumbnailUrl":"https:\/\/www.filastrocche.it\/contenuti\/wp-content\/uploads\/2016\/10\/collage-cani.jpg","datePublished":"2017-01-20T04:33:10+00:00","dateModified":"2025-06-05T08:19:35+00:00","author":{"@id":"https:\/\/www.filastrocche.it\/contenuti\/#\/schema\/person\/50e504679a1975d8be9aa68e635143b1"},"description":"Testo della poesia in romanesco dal titolo: Questione di razza, di Trilussa. Inizio: - Che cane buffo! E dove l'hai trovato? ...","breadcrumb":{"@id":"https:\/\/www.filastrocche.it\/contenuti\/questione-di-razza\/#breadcrumb"},"inLanguage":"it-IT","potentialAction":[{"@type":"ReadAction","target":["https:\/\/www.filastrocche.it\/contenuti\/questione-di-razza\/"]}]},{"@type":"ImageObject","inLanguage":"it-IT","@id":"https:\/\/www.filastrocche.it\/contenuti\/questione-di-razza\/#primaryimage","url":"https:\/\/www.filastrocche.it\/contenuti\/wp-content\/uploads\/2016\/10\/collage-cani.jpg","contentUrl":"https:\/\/www.filastrocche.it\/contenuti\/wp-content\/uploads\/2016\/10\/collage-cani.jpg","width":550,"height":550},{"@type":"BreadcrumbList","@id":"https:\/\/www.filastrocche.it\/contenuti\/questione-di-razza\/#breadcrumb","itemListElement":[{"@type":"ListItem","position":1,"name":"Home","item":"https:\/\/www.filastrocche.it\/contenuti\/"},{"@type":"ListItem","position":2,"name":"Questione di razza"}]},{"@type":"WebSite","@id":"https:\/\/www.filastrocche.it\/contenuti\/#website","url":"https:\/\/www.filastrocche.it\/contenuti\/","name":"I testi della tradizione di Filastrocche.it","description":"Filastrocche, fiabe, canzoni e...","potentialAction":[{"@type":"SearchAction","target":{"@type":"EntryPoint","urlTemplate":"https:\/\/www.filastrocche.it\/contenuti\/?s={search_term_string}"},"query-input":{"@type":"PropertyValueSpecification","valueRequired":true,"valueName":"search_term_string"}}],"inLanguage":"it-IT"},{"@type":"Person","@id":"https:\/\/www.filastrocche.it\/contenuti\/#\/schema\/person\/50e504679a1975d8be9aa68e635143b1","name":"Ilaria Pavetto","image":{"@type":"ImageObject","inLanguage":"it-IT","@id":"https:\/\/www.filastrocche.it\/contenuti\/#\/schema\/person\/image\/","url":"https:\/\/secure.gravatar.com\/avatar\/20ba7c12b1ca97dadfdc48a7a9bac6727149538af92a439e5cba06ae64a82ea0?s=96&d=mm&r=g","contentUrl":"https:\/\/secure.gravatar.com\/avatar\/20ba7c12b1ca97dadfdc48a7a9bac6727149538af92a439e5cba06ae64a82ea0?s=96&d=mm&r=g","caption":"Ilaria Pavetto"},"url":"https:\/\/www.filastrocche.it\/contenuti\/author\/redazione-ilaria\/"}]}},"_links":{"self":[{"href":"https:\/\/www.filastrocche.it\/contenuti\/wp-json\/wp\/v2\/posts\/164871","targetHints":{"allow":["GET"]}}],"collection":[{"href":"https:\/\/www.filastrocche.it\/contenuti\/wp-json\/wp\/v2\/posts"}],"about":[{"href":"https:\/\/www.filastrocche.it\/contenuti\/wp-json\/wp\/v2\/types\/post"}],"author":[{"embeddable":true,"href":"https:\/\/www.filastrocche.it\/contenuti\/wp-json\/wp\/v2\/users\/3289"}],"replies":[{"embeddable":true,"href":"https:\/\/www.filastrocche.it\/contenuti\/wp-json\/wp\/v2\/comments?post=164871"}],"version-history":[{"count":1,"href":"https:\/\/www.filastrocche.it\/contenuti\/wp-json\/wp\/v2\/posts\/164871\/revisions"}],"predecessor-version":[{"id":250808,"href":"https:\/\/www.filastrocche.it\/contenuti\/wp-json\/wp\/v2\/posts\/164871\/revisions\/250808"}],"wp:featuredmedia":[{"embeddable":true,"href":"https:\/\/www.filastrocche.it\/contenuti\/wp-json\/wp\/v2\/media\/164235"}],"wp:attachment":[{"href":"https:\/\/www.filastrocche.it\/contenuti\/wp-json\/wp\/v2\/media?parent=164871"}],"wp:term":[{"taxonomy":"category","embeddable":true,"href":"https:\/\/www.filastrocche.it\/contenuti\/wp-json\/wp\/v2\/categories?post=164871"},{"taxonomy":"post_tag","embeddable":true,"href":"https:\/\/www.filastrocche.it\/contenuti\/wp-json\/wp\/v2\/tags?post=164871"},{"taxonomy":"sponsors","embeddable":true,"href":"https:\/\/www.filastrocche.it\/contenuti\/wp-json\/wp\/v2\/sponsors?post=164871"}],"curies":[{"name":"wp","href":"https:\/\/api.w.org\/{rel}","templated":true}]}}