{"id":177851,"date":"2017-04-14T06:22:54","date_gmt":"2017-04-14T04:22:54","guid":{"rendered":"https:\/\/www.filastrocche.it\/contenuti\/?p=177851"},"modified":"2020-09-01T18:55:22","modified_gmt":"2020-09-01T16:55:22","slug":"aria-di-pasqua","status":"publish","type":"post","link":"https:\/\/www.filastrocche.it\/contenuti\/aria-di-pasqua\/","title":{"rendered":"Aria di Pasqua"},"content":{"rendered":"<p><img loading=\"lazy\" decoding=\"async\" width=\"550\" height=\"413\" class=\"aligncenter wp-image-175581 size-full\" title=\"Aria di Pasqua\" src=\"https:\/\/www.filastrocche.it\/contenuti\/wp-content\/uploads\/2017\/03\/Pasqua_collage.jpg\" alt=\"Aria di Pasqua\" srcset=\"https:\/\/www.filastrocche.it\/contenuti\/wp-content\/uploads\/2017\/03\/Pasqua_collage.jpg 550w, https:\/\/www.filastrocche.it\/contenuti\/wp-content\/uploads\/2017\/03\/Pasqua_collage-300x225.jpg 300w\" sizes=\"auto, (max-width: 550px) 100vw, 550px\" \/>Pasqua nell\u2019aria<br \/>\nrinascono i fiori<br \/>\ne i prati si riempion<br \/>\ndi mille colori.<br \/>\nCampane a distesa<br \/>\nallegre e festanti<br \/>\nportano a tutti<br \/>\nmessaggi importanti<br \/>\nL\u2019amore trionfa<br \/>\nla vita \u00e8 pi\u00f9 forte<br \/>\nil perdono e la pace<br \/>\nriapron le porte.<br \/>\nCon gioia e speranza<br \/>\ne con fantasia<br \/>\ncoltiviamo la vita<br \/>\nperch\u00e9 Pasqua sia!<\/p>\n<p>&nbsp;<\/p>\n<p><strong>Emilio Pepe<\/strong> ha trasformato questo bel testo in una canzone.<br \/>\nPer ascoltarla, guardate questo video!<\/p>\n<div class=\"flex-video\"><iframe title=\"Aria di Pasqua\"   src=\"https:\/\/www.youtube.com\/embed\/_ddBpxQ6QHo?feature=oembed\" frameborder=\"0\" allow=\"accelerometer; autoplay; clipboard-write; encrypted-media; gyroscope; picture-in-picture; web-share\" referrerpolicy=\"strict-origin-when-cross-origin\" allowfullscreen><\/iframe><\/div>\n<p>&nbsp;<\/p>\n<p><a href=\"https:\/\/www.filastrocche.it\/feste\/poesie-di-pasqua\/\"><img loading=\"lazy\" decoding=\"async\" width=\"100\" height=\"133\" class=\"alignnone wp-image-175623 size-full\" title=\"Poesie di Pasqua\" src=\"https:\/\/www.filastrocche.it\/contenuti\/wp-content\/uploads\/2017\/03\/pasqua-1-100.jpg\" alt=\"Poesie di Pasqua\" \/><\/a><br \/>\nSe cercate le migliori <a href=\"https:\/\/www.filastrocche.it\/feste\/poesie-di-pasqua\/\"><strong>Poesie di Pasqua, cliccate qui<\/strong><\/a>!<\/p>\n<p><a href=\"https:\/\/www.filastrocche.it\/feste\/filastrocche-di-pasqua\/\"><img loading=\"lazy\" decoding=\"async\" width=\"100\" height=\"135\" class=\"alignnone wp-image-175625 size-full\" title=\"Filastrocche di Pasqua\" src=\"https:\/\/www.filastrocche.it\/contenuti\/wp-content\/uploads\/2017\/03\/pasqua-2-100.jpg\" alt=\"Filastrocche di Pasqua\" \/><\/a><br \/>\nSe cercate le pi\u00f9 belle <a href=\"https:\/\/www.filastrocche.it\/feste\/filastrocche-di-pasqua\/\"><strong>Filastrocche di Pasqua, cliccate qui<\/strong><\/a>!<\/p>\n<p><a href=\"https:\/\/www.filastrocche.it\/feste\/filastrocche-per-pasqua-tradizionali-e-dautore\/\"><img loading=\"lazy\" decoding=\"async\" width=\"150\" height=\"178\" class=\"alignnone wp-image-175621 size-full\" title=\"Filastrocche di Pasqua\" src=\"https:\/\/www.filastrocche.it\/contenuti\/wp-content\/uploads\/2017\/03\/pasqua_foto_5-150.jpg\" alt=\"Filastrocche di Pasqua\" \/><\/a><br \/>\nSe cercate delle <strong><a href=\"https:\/\/www.filastrocche.it\/feste\/filastrocche-per-pasqua-tradizionali-e-dautore\/\">Filastrocche e Poesie per Pasqua, cliccate qui<\/a><\/strong>!<\/p>\n<p><a href=\"https:\/\/www.filastrocche.it\/feste\/lavoretti-per-pasqua\/\"><img loading=\"lazy\" decoding=\"async\" width=\"180\" height=\"131\" class=\"alignnone wp-image-175631 size-full\" title=\"Lavoretti per Pasqua\" src=\"https:\/\/www.filastrocche.it\/contenuti\/wp-content\/uploads\/2017\/03\/lavoretti-pasqua-collage-180.jpg\" alt=\"Lavoretti per Pasqua\" \/><\/a><br \/>\nSe cercate dei <a href=\"https:\/\/www.filastrocche.it\/feste\/lavoretti-per-pasqua\/\"><strong>Lavoretti per Pasqua, cliccate qui<\/strong><\/a>!<\/p>\n<p><a href=\"https:\/\/www.filastrocche.it\/feste\/idee-regalo-e-decorazioni-per-pasqua\/\"><img loading=\"lazy\" decoding=\"async\" width=\"150\" height=\"195\" class=\"alignnone wp-image-175617 size-full\" title=\"Idee regalo per Pasqua\" src=\"https:\/\/www.filastrocche.it\/contenuti\/wp-content\/uploads\/2017\/03\/pasqua_foto_2-150.jpg\" alt=\"Idee regalo per Pasqua\" \/><\/a><br \/>\nSe cercate delle <a href=\"https:\/\/www.filastrocche.it\/feste\/idee-regalo-e-decorazioni-per-pasqua\/\"><strong>Idee regalo per Pasqua, cliccate qui<\/strong><\/a>!<\/p>\n<p><a href=\"https:\/\/www.filastrocche.it\/feste\/decorazioni-per-pasqua-fai-da-te\/\"><img loading=\"lazy\" decoding=\"async\" width=\"150\" height=\"143\" class=\"alignnone wp-image-175615 size-full\" title=\"Decorazioni per Pasqua\" src=\"https:\/\/www.filastrocche.it\/contenuti\/wp-content\/uploads\/2017\/03\/uovo_coniglietto-150.jpg\" alt=\"Decorazioni per Pasqua\" \/><\/a><br \/>\nSe cercate delle <a href=\"https:\/\/www.filastrocche.it\/feste\/decorazioni-per-pasqua-fai-da-te\/\"><strong>Decorazioni per Pasqua, cliccate qui<\/strong><\/a>!<\/p>\n<p><a href=\"https:\/\/www.filastrocche.it\/feste\/ricette-tradizionali-di-pasqua\/\"><img loading=\"lazy\" decoding=\"async\" width=\"120\" height=\"160\" class=\"alignnone wp-image-175613 size-full\" title=\"Ricette tradizionali per Pasqua\" src=\"https:\/\/www.filastrocche.it\/contenuti\/wp-content\/uploads\/2017\/03\/pasqua_foto_3-120.jpg\" alt=\"Ricette tradizionali per Pasqua\" \/><\/a><br \/>\nSe cercate le pi\u00f9 buone <a href=\"https:\/\/www.filastrocche.it\/feste\/ricette-tradizionali-di-pasqua\/\"><strong>Ricette tradizionali per Pasqua, cliccate qui<\/strong><\/a>!<\/p>\n<p><a href=\"https:\/\/www.filastrocche.it\/feste\/giochi-per-pasqua\/\"><img loading=\"lazy\" decoding=\"async\" width=\"130\" height=\"114\" class=\"alignnone wp-image-175611 size-full\" title=\"Giochi di Pasqua\" src=\"https:\/\/www.filastrocche.it\/contenuti\/wp-content\/uploads\/2017\/03\/pasqua_foto_4-130.jpg\" alt=\"Giochi di Pasqua\" \/><\/a><br \/>\nSe cercate i pi\u00f9 divertenti <a href=\"https:\/\/www.filastrocche.it\/feste\/giochi-per-pasqua\/\"><strong>Giochi di Pasqua, cliccate qui<\/strong><\/a>!<\/p>\n<p><a href=\"https:\/\/www.filastrocche.it\/feste\/disegni-da-colorare-per-pasqua\/\"><img loading=\"lazy\" decoding=\"async\" width=\"100\" height=\"134\" class=\"alignnone wp-image-175609 size-full\" title=\"Disegni da colorare per Pasqua\" src=\"https:\/\/www.filastrocche.it\/contenuti\/wp-content\/uploads\/2017\/03\/pasqua_disegni_uovo_pecorella_BN_1001.jpg\" alt=\"Disegni da colorare per Pasqua\" \/><\/a><br \/>\nSe cercate dei <a href=\"https:\/\/www.filastrocche.it\/feste\/disegni-da-colorare-per-pasqua\/\"><strong>Disegni da colorare per Pasqua, cliccate qui<\/strong><\/a>!<\/p>\n<p>&nbsp;<\/p>\n<p><a href=\"https:\/\/www.filastrocche.it\/feste\/speciale-pasqua\/\"><img loading=\"lazy\" decoding=\"async\" width=\"155\" height=\"60\" class=\"alignnone wp-image-175629 size-full\" title=\"Speciale Pasqua\" src=\"https:\/\/www.filastrocche.it\/contenuti\/wp-content\/uploads\/2017\/03\/pasqua.gif\" alt=\"Speciale Pasqua\" \/><\/a><br \/>\n<a href=\"https:\/\/www.filastrocche.it\/feste\/speciale-pasqua\/\"><strong>Visita lo Speciale Pasqua!<\/strong><\/a><\/p>\n","protected":false},"excerpt":{"rendered":"<p>Pasqua nell\u2019aria rinascono i fiori e i prati si riempion di mille colori. Campane a distesa allegre e festanti portano a tutti messaggi importanti L\u2019amore trionfa la vita \u00e8 pi\u00f9 forte il perdono e la pace riapron le porte. Con gioia e speranza e con fantasia coltiviamo la vita perch\u00e9 Pasqua sia! &nbsp; Emilio Pepe [&hellip;]<\/p>\n","protected":false},"author":3289,"featured_media":175581,"comment_status":"open","ping_status":"open","sticky":false,"template":"","format":"standard","meta":{"footnotes":""},"categories":[29],"tags":[175,527,503],"sponsors":[],"class_list":["post-177851","post","type-post","status-publish","format-standard","has-post-thumbnail","hentry","category-filastrocche-dei-poeti-in-erba","tag-filastrocca","tag-filastrocche-2","tag-pasqua-2","occasioni-pasqua","lingua-italiano","scopo-intrattenimento"],"yoast_head":"<!-- This site is optimized with the Yoast SEO plugin v26.2 - https:\/\/yoast.com\/wordpress\/plugins\/seo\/ -->\n<title>Aria di Pasqua - I testi per la festa di Pasqua in Filastrocche.it<\/title>\n<meta name=\"description\" content=\"Testo della filastrocca Aria di Pasqua per la festa di Pasqua in Filastrocche.it. Inizio: Pasqua nell\u2019aria rinascono i fiori e i prati si riempion...\" \/>\n<meta name=\"robots\" content=\"index, follow, max-snippet:-1, max-image-preview:large, max-video-preview:-1\" \/>\n<link rel=\"canonical\" href=\"https:\/\/www.filastrocche.it\/contenuti\/aria-di-pasqua\/\" \/>\n<meta property=\"og:locale\" content=\"it_IT\" \/>\n<meta property=\"og:type\" content=\"article\" \/>\n<meta property=\"og:title\" content=\"Aria di Pasqua - I testi per la festa di Pasqua in Filastrocche.it\" \/>\n<meta property=\"og:description\" content=\"Testo della filastrocca Aria di Pasqua per la festa di Pasqua in Filastrocche.it. Inizio: Pasqua nell\u2019aria rinascono i fiori e i prati si riempion...\" \/>\n<meta property=\"og:url\" content=\"https:\/\/www.filastrocche.it\/contenuti\/aria-di-pasqua\/\" \/>\n<meta property=\"og:site_name\" content=\"I testi della tradizione di Filastrocche.it\" \/>\n<meta property=\"article:published_time\" content=\"2017-04-14T04:22:54+00:00\" \/>\n<meta property=\"article:modified_time\" content=\"2020-09-01T16:55:22+00:00\" \/>\n<meta property=\"og:image\" content=\"https:\/\/www.filastrocche.it\/contenuti\/wp-content\/uploads\/2017\/03\/Pasqua_collage.jpg\" \/>\n\t<meta property=\"og:image:width\" content=\"550\" \/>\n\t<meta property=\"og:image:height\" content=\"413\" \/>\n\t<meta property=\"og:image:type\" content=\"image\/jpeg\" \/>\n<meta name=\"author\" content=\"Ilaria Pavetto\" \/>\n<meta name=\"twitter:label1\" content=\"Scritto da\" \/>\n\t<meta name=\"twitter:data1\" content=\"Ilaria Pavetto\" \/>\n\t<meta name=\"twitter:label2\" content=\"Tempo di lettura stimato\" \/>\n\t<meta name=\"twitter:data2\" content=\"1 minuto\" \/>\n<!-- \/ Yoast SEO plugin. -->","yoast_head_json":{"title":"Aria di Pasqua - I testi per la festa di Pasqua in Filastrocche.it","description":"Testo della filastrocca Aria di Pasqua per la festa di Pasqua in Filastrocche.it. Inizio: Pasqua nell\u2019aria rinascono i fiori e i prati si riempion...","robots":{"index":"index","follow":"follow","max-snippet":"max-snippet:-1","max-image-preview":"max-image-preview:large","max-video-preview":"max-video-preview:-1"},"canonical":"https:\/\/www.filastrocche.it\/contenuti\/aria-di-pasqua\/","og_locale":"it_IT","og_type":"article","og_title":"Aria di Pasqua - I testi per la festa di Pasqua in Filastrocche.it","og_description":"Testo della filastrocca Aria di Pasqua per la festa di Pasqua in Filastrocche.it. Inizio: Pasqua nell\u2019aria rinascono i fiori e i prati si riempion...","og_url":"https:\/\/www.filastrocche.it\/contenuti\/aria-di-pasqua\/","og_site_name":"I testi della tradizione di Filastrocche.it","article_published_time":"2017-04-14T04:22:54+00:00","article_modified_time":"2020-09-01T16:55:22+00:00","og_image":[{"width":550,"height":413,"url":"https:\/\/www.filastrocche.it\/contenuti\/wp-content\/uploads\/2017\/03\/Pasqua_collage.jpg","type":"image\/jpeg"}],"author":"Ilaria Pavetto","twitter_misc":{"Scritto da":"Ilaria Pavetto","Tempo di lettura stimato":"1 minuto"},"schema":{"@context":"https:\/\/schema.org","@graph":[{"@type":"WebPage","@id":"https:\/\/www.filastrocche.it\/contenuti\/aria-di-pasqua\/","url":"https:\/\/www.filastrocche.it\/contenuti\/aria-di-pasqua\/","name":"Aria di Pasqua - I testi per la festa di Pasqua in Filastrocche.it","isPartOf":{"@id":"https:\/\/www.filastrocche.it\/contenuti\/#website"},"primaryImageOfPage":{"@id":"https:\/\/www.filastrocche.it\/contenuti\/aria-di-pasqua\/#primaryimage"},"image":{"@id":"https:\/\/www.filastrocche.it\/contenuti\/aria-di-pasqua\/#primaryimage"},"thumbnailUrl":"https:\/\/www.filastrocche.it\/contenuti\/wp-content\/uploads\/2017\/03\/Pasqua_collage.jpg","datePublished":"2017-04-14T04:22:54+00:00","dateModified":"2020-09-01T16:55:22+00:00","author":{"@id":"https:\/\/www.filastrocche.it\/contenuti\/#\/schema\/person\/50e504679a1975d8be9aa68e635143b1"},"description":"Testo della filastrocca Aria di Pasqua per la festa di Pasqua in Filastrocche.it. Inizio: Pasqua nell\u2019aria rinascono i fiori e i prati si riempion...","breadcrumb":{"@id":"https:\/\/www.filastrocche.it\/contenuti\/aria-di-pasqua\/#breadcrumb"},"inLanguage":"it-IT","potentialAction":[{"@type":"ReadAction","target":["https:\/\/www.filastrocche.it\/contenuti\/aria-di-pasqua\/"]}]},{"@type":"ImageObject","inLanguage":"it-IT","@id":"https:\/\/www.filastrocche.it\/contenuti\/aria-di-pasqua\/#primaryimage","url":"https:\/\/www.filastrocche.it\/contenuti\/wp-content\/uploads\/2017\/03\/Pasqua_collage.jpg","contentUrl":"https:\/\/www.filastrocche.it\/contenuti\/wp-content\/uploads\/2017\/03\/Pasqua_collage.jpg","width":550,"height":413},{"@type":"BreadcrumbList","@id":"https:\/\/www.filastrocche.it\/contenuti\/aria-di-pasqua\/#breadcrumb","itemListElement":[{"@type":"ListItem","position":1,"name":"Home","item":"https:\/\/www.filastrocche.it\/contenuti\/"},{"@type":"ListItem","position":2,"name":"Aria di Pasqua"}]},{"@type":"WebSite","@id":"https:\/\/www.filastrocche.it\/contenuti\/#website","url":"https:\/\/www.filastrocche.it\/contenuti\/","name":"I testi della tradizione di Filastrocche.it","description":"Filastrocche, fiabe, canzoni e...","potentialAction":[{"@type":"SearchAction","target":{"@type":"EntryPoint","urlTemplate":"https:\/\/www.filastrocche.it\/contenuti\/?s={search_term_string}"},"query-input":{"@type":"PropertyValueSpecification","valueRequired":true,"valueName":"search_term_string"}}],"inLanguage":"it-IT"},{"@type":"Person","@id":"https:\/\/www.filastrocche.it\/contenuti\/#\/schema\/person\/50e504679a1975d8be9aa68e635143b1","name":"Ilaria Pavetto","image":{"@type":"ImageObject","inLanguage":"it-IT","@id":"https:\/\/www.filastrocche.it\/contenuti\/#\/schema\/person\/image\/","url":"https:\/\/secure.gravatar.com\/avatar\/20ba7c12b1ca97dadfdc48a7a9bac6727149538af92a439e5cba06ae64a82ea0?s=96&d=mm&r=g","contentUrl":"https:\/\/secure.gravatar.com\/avatar\/20ba7c12b1ca97dadfdc48a7a9bac6727149538af92a439e5cba06ae64a82ea0?s=96&d=mm&r=g","caption":"Ilaria Pavetto"},"url":"https:\/\/www.filastrocche.it\/contenuti\/author\/redazione-ilaria\/"}]}},"_links":{"self":[{"href":"https:\/\/www.filastrocche.it\/contenuti\/wp-json\/wp\/v2\/posts\/177851","targetHints":{"allow":["GET"]}}],"collection":[{"href":"https:\/\/www.filastrocche.it\/contenuti\/wp-json\/wp\/v2\/posts"}],"about":[{"href":"https:\/\/www.filastrocche.it\/contenuti\/wp-json\/wp\/v2\/types\/post"}],"author":[{"embeddable":true,"href":"https:\/\/www.filastrocche.it\/contenuti\/wp-json\/wp\/v2\/users\/3289"}],"replies":[{"embeddable":true,"href":"https:\/\/www.filastrocche.it\/contenuti\/wp-json\/wp\/v2\/comments?post=177851"}],"version-history":[{"count":2,"href":"https:\/\/www.filastrocche.it\/contenuti\/wp-json\/wp\/v2\/posts\/177851\/revisions"}],"predecessor-version":[{"id":232552,"href":"https:\/\/www.filastrocche.it\/contenuti\/wp-json\/wp\/v2\/posts\/177851\/revisions\/232552"}],"wp:featuredmedia":[{"embeddable":true,"href":"https:\/\/www.filastrocche.it\/contenuti\/wp-json\/wp\/v2\/media\/175581"}],"wp:attachment":[{"href":"https:\/\/www.filastrocche.it\/contenuti\/wp-json\/wp\/v2\/media?parent=177851"}],"wp:term":[{"taxonomy":"category","embeddable":true,"href":"https:\/\/www.filastrocche.it\/contenuti\/wp-json\/wp\/v2\/categories?post=177851"},{"taxonomy":"post_tag","embeddable":true,"href":"https:\/\/www.filastrocche.it\/contenuti\/wp-json\/wp\/v2\/tags?post=177851"},{"taxonomy":"sponsors","embeddable":true,"href":"https:\/\/www.filastrocche.it\/contenuti\/wp-json\/wp\/v2\/sponsors?post=177851"}],"curies":[{"name":"wp","href":"https:\/\/api.w.org\/{rel}","templated":true}]}}