{"id":187111,"date":"2018-06-26T06:00:26","date_gmt":"2018-06-26T04:00:26","guid":{"rendered":"https:\/\/www.filastrocche.it\/contenuti\/?p=187111"},"modified":"2022-03-17T10:53:36","modified_gmt":"2022-03-17T08:53:36","slug":"lo-schiaffo","status":"publish","type":"post","link":"https:\/\/www.filastrocche.it\/contenuti\/lo-schiaffo\/","title":{"rendered":"Lo schiaffo"},"content":{"rendered":"<h2><img loading=\"lazy\" decoding=\"async\" width=\"550\" height=\"550\" class=\"aligncenter wp-image-187119 size-full\" title=\"Lo schiaffo Il cammino dei diritti\" src=\"https:\/\/www.filastrocche.it\/contenuti\/wp-content\/uploads\/2017\/10\/Cammino-dei-diritti.jpg\" alt=\"Lo schiaffo Il cammino dei diritti\" srcset=\"https:\/\/www.filastrocche.it\/contenuti\/wp-content\/uploads\/2017\/10\/Cammino-dei-diritti.jpg 550w, https:\/\/www.filastrocche.it\/contenuti\/wp-content\/uploads\/2017\/10\/Cammino-dei-diritti-150x150.jpg 150w, https:\/\/www.filastrocche.it\/contenuti\/wp-content\/uploads\/2017\/10\/Cammino-dei-diritti-300x300.jpg 300w\" sizes=\"auto, (max-width: 550px) 100vw, 550px\" \/>Leggiamo insieme: <strong>Lo schiaffo<\/strong> di Janna Carioli<\/h2>\n<p>Se vuoi avere ragione<br \/>\nparla.<\/p>\n<p>Se vuoi convincermi<span class=\"text_exposed_show\"><br \/>\nparla.<\/span><\/p>\n<p>Se vuoi sapere<br \/>\nparla.<\/p>\n<p>Uno schiaffo non \u00e8<br \/>\nuna strada pi\u00f9 dritta,<br \/>\nuno schiaffo<br \/>\n\u00e8 una sconfitta.<\/p>\n<p>&nbsp;<\/p>\n<p><em>Tratta da<\/em><br \/>\n<img loading=\"lazy\" decoding=\"async\" width=\"300\" height=\"294\" class=\"alignleft wp-image-187121 size-medium\" title=\"Il cammino dei diritti\" src=\"https:\/\/www.filastrocche.it\/contenuti\/wp-content\/uploads\/2017\/10\/Cammino-dei-diritti_cover-300x294.jpg\" alt=\"Il cammino dei diritti\" srcset=\"https:\/\/www.filastrocche.it\/contenuti\/wp-content\/uploads\/2017\/10\/Cammino-dei-diritti_cover-300x294.jpg 300w, https:\/\/www.filastrocche.it\/contenuti\/wp-content\/uploads\/2017\/10\/Cammino-dei-diritti_cover.jpg 550w\" sizes=\"auto, (max-width: 300px) 100vw, 300px\" \/><\/p>\n<p>&nbsp;<\/p>\n<p>&nbsp;<\/p>\n<p>&nbsp;<\/p>\n<p>&nbsp;<\/p>\n<p>&nbsp;<\/p>\n<p>&nbsp;<\/p>\n<p>&nbsp;<\/p>\n<p>&nbsp;<\/p>\n<p><a href=\"https:\/\/www.filastrocche.it\/feste\/filastrocche-di-pace\/\"><img loading=\"lazy\" decoding=\"async\" width=\"170\" height=\"113\" class=\"alignnone wp-image-240116 size-full\" title=\"Filastrocche di Pace\" src=\"https:\/\/www.filastrocche.it\/contenuti\/wp-content\/uploads\/2015\/01\/filastrocche-di-pace-170.jpg\" alt=\"Filastrocche di Pace\" \/><\/a><br \/>\nSe cercate altre\u00a0<a href=\"https:\/\/www.filastrocche.it\/feste\/filastrocche-di-pace\/\"><strong>Filastrocche di Pace, cliccate qui<\/strong><\/a>!<\/p>\n<p><a href=\"https:\/\/www.filastrocche.it\/feste\/poesie-sulla-pace\/\"><img loading=\"lazy\" decoding=\"async\" width=\"150\" height=\"213\" class=\"alignnone wp-image-240118 size-full\" title=\"Poesie sulla Pace\" src=\"https:\/\/www.filastrocche.it\/contenuti\/wp-content\/uploads\/2015\/01\/poesie-sulla-pace-150.jpg\" alt=\"Poesie sulla Pace\" \/><\/a><br \/>\nSe cercate altre\u00a0<a href=\"https:\/\/www.filastrocche.it\/feste\/poesie-sulla-pace\/\"><strong>Poesie sulla Pace, cliccate qui<\/strong><\/a>!<\/p>\n<p><a href=\"https:\/\/www.filastrocche.it\/feste\/poesie-sui-diritti-dei-bambini\/\"><img loading=\"lazy\" decoding=\"async\" width=\"160\" height=\"107\" class=\"alignnone wp-image-216056 size-full\" title=\"Poesie sui Diritti dei Bambini\" src=\"https:\/\/www.filastrocche.it\/contenuti\/wp-content\/uploads\/2018\/11\/diritti-dei-bambini-2-160.jpg\" alt=\"Poesie sui Diritti dei Bambini\"   \/><\/a><br \/>\nPer le pi\u00f9 belle <a href=\"https:\/\/www.filastrocche.it\/feste\/poesie-sui-diritti-dei-bambini\/\"><strong>Poesie sui Diritti dei Bambini, clicca qui<\/strong><\/a>!<\/p>\n<p><a href=\"https:\/\/www.filastrocche.it\/feste\/filastrocche-sui-diritti-dei-bambini\"><img loading=\"lazy\" decoding=\"async\" width=\"150\" height=\"151\" class=\"alignnone wp-image-216057 size-full\" title=\"Filastrocche sui Diritti dei Bambini\" src=\"https:\/\/www.filastrocche.it\/contenuti\/wp-content\/uploads\/2018\/11\/diritti-dei-bambini-150.jpg\" alt=\"Filastrocche sui Diritti dei Bambini\"   \/><\/a><br \/>\nPer le migliori <a href=\"https:\/\/www.filastrocche.it\/feste\/filastrocche-sui-diritti-dei-bambini\"><strong>Filastrocche sui Diritti dei Bambini, clicca qui<\/strong><\/a>!<\/p>\n<p>&nbsp;<\/p>\n<p><a href=\"https:\/\/www.filastrocche.it\/feste\/speciale-scuola\/\"><img loading=\"lazy\" decoding=\"async\" width=\"169\" height=\"45\" class=\"alignnone wp-image-174673 size-full\" title=\"Speciale Scuola\" src=\"https:\/\/www.filastrocche.it\/contenuti\/wp-content\/uploads\/2014\/02\/scritta_specialescuola.gif\" alt=\"Speciale Scuola\"   \/><\/a><br \/>\n<a href=\"https:\/\/www.filastrocche.it\/feste\/speciale-scuola\/\"><strong>Visita lo speciale Scuola!<\/strong><\/a><\/p>\n","protected":false},"excerpt":{"rendered":"<p>Leggiamo insieme: Lo schiaffo di Janna Carioli Se vuoi avere ragione parla. Se vuoi convincermi parla. Se vuoi sapere parla. Uno schiaffo non \u00e8 una strada pi\u00f9 dritta, uno schiaffo \u00e8 una sconfitta. &nbsp; Tratta da &nbsp; &nbsp; &nbsp; &nbsp; &nbsp; &nbsp; &nbsp; &nbsp; Se cercate altre\u00a0Filastrocche di Pace, cliccate qui! Se cercate altre\u00a0Poesie sulla [&hellip;]<\/p>\n","protected":false},"author":3289,"featured_media":187119,"comment_status":"open","ping_status":"open","sticky":false,"template":"","format":"standard","meta":{"footnotes":""},"categories":[9,51],"tags":[6917,7498,6265,621,187,189],"sponsors":[],"class_list":["post-187111","post","type-post","status-publish","format-standard","has-post-thumbnail","hentry","category-poesie","category-poesie-dautore","tag-diritti-dei-bambini","tag-diritti-dellinfanzia","tag-janna-carioli","tag-pace","tag-poesia","tag-poesie-2","lingua-italiano","scopo-intrattenimento"],"yoast_head":"<!-- This site is optimized with the Yoast SEO plugin v26.2 - https:\/\/yoast.com\/wordpress\/plugins\/seo\/ -->\n<title>Lo schiaffo - I testi di Janna Carioli in Filastrocche.it<\/title>\n<meta name=\"description\" content=\"Testo della poesia Lo schiaffo di Janna Carioli in Filastrocche.it, da Il Cammino dei diritti, Edizioni Fatatrac, 2014, Illustrazioni di Andrea Rivola\" \/>\n<meta name=\"robots\" content=\"index, follow, max-snippet:-1, max-image-preview:large, max-video-preview:-1\" \/>\n<link rel=\"canonical\" href=\"https:\/\/www.filastrocche.it\/contenuti\/lo-schiaffo\/\" \/>\n<meta property=\"og:locale\" content=\"it_IT\" \/>\n<meta property=\"og:type\" content=\"article\" \/>\n<meta property=\"og:title\" content=\"Lo schiaffo - I testi di Janna Carioli in Filastrocche.it\" \/>\n<meta property=\"og:description\" content=\"Testo della poesia Lo schiaffo di Janna Carioli in Filastrocche.it, da Il Cammino dei diritti, Edizioni Fatatrac, 2014, Illustrazioni di Andrea Rivola\" \/>\n<meta property=\"og:url\" content=\"https:\/\/www.filastrocche.it\/contenuti\/lo-schiaffo\/\" \/>\n<meta property=\"og:site_name\" content=\"I testi della tradizione di Filastrocche.it\" \/>\n<meta property=\"article:published_time\" content=\"2018-06-26T04:00:26+00:00\" \/>\n<meta property=\"article:modified_time\" content=\"2022-03-17T08:53:36+00:00\" \/>\n<meta property=\"og:image\" content=\"https:\/\/www.filastrocche.it\/contenuti\/wp-content\/uploads\/2017\/10\/Cammino-dei-diritti.jpg\" \/>\n\t<meta property=\"og:image:width\" content=\"550\" \/>\n\t<meta property=\"og:image:height\" content=\"550\" \/>\n\t<meta property=\"og:image:type\" content=\"image\/jpeg\" \/>\n<meta name=\"author\" content=\"Ilaria Pavetto\" \/>\n<meta name=\"twitter:label1\" content=\"Scritto da\" \/>\n\t<meta name=\"twitter:data1\" content=\"Ilaria Pavetto\" \/>\n\t<meta name=\"twitter:label2\" content=\"Tempo di lettura stimato\" \/>\n\t<meta name=\"twitter:data2\" content=\"2 minuti\" \/>\n<!-- \/ Yoast SEO plugin. -->","yoast_head_json":{"title":"Lo schiaffo - I testi di Janna Carioli in Filastrocche.it","description":"Testo della poesia Lo schiaffo di Janna Carioli in Filastrocche.it, da Il Cammino dei diritti, Edizioni Fatatrac, 2014, Illustrazioni di Andrea Rivola","robots":{"index":"index","follow":"follow","max-snippet":"max-snippet:-1","max-image-preview":"max-image-preview:large","max-video-preview":"max-video-preview:-1"},"canonical":"https:\/\/www.filastrocche.it\/contenuti\/lo-schiaffo\/","og_locale":"it_IT","og_type":"article","og_title":"Lo schiaffo - I testi di Janna Carioli in Filastrocche.it","og_description":"Testo della poesia Lo schiaffo di Janna Carioli in Filastrocche.it, da Il Cammino dei diritti, Edizioni Fatatrac, 2014, Illustrazioni di Andrea Rivola","og_url":"https:\/\/www.filastrocche.it\/contenuti\/lo-schiaffo\/","og_site_name":"I testi della tradizione di Filastrocche.it","article_published_time":"2018-06-26T04:00:26+00:00","article_modified_time":"2022-03-17T08:53:36+00:00","og_image":[{"width":550,"height":550,"url":"https:\/\/www.filastrocche.it\/contenuti\/wp-content\/uploads\/2017\/10\/Cammino-dei-diritti.jpg","type":"image\/jpeg"}],"author":"Ilaria Pavetto","twitter_misc":{"Scritto da":"Ilaria Pavetto","Tempo di lettura stimato":"2 minuti"},"schema":{"@context":"https:\/\/schema.org","@graph":[{"@type":"WebPage","@id":"https:\/\/www.filastrocche.it\/contenuti\/lo-schiaffo\/","url":"https:\/\/www.filastrocche.it\/contenuti\/lo-schiaffo\/","name":"Lo schiaffo - I testi di Janna Carioli in Filastrocche.it","isPartOf":{"@id":"https:\/\/www.filastrocche.it\/contenuti\/#website"},"primaryImageOfPage":{"@id":"https:\/\/www.filastrocche.it\/contenuti\/lo-schiaffo\/#primaryimage"},"image":{"@id":"https:\/\/www.filastrocche.it\/contenuti\/lo-schiaffo\/#primaryimage"},"thumbnailUrl":"https:\/\/www.filastrocche.it\/contenuti\/wp-content\/uploads\/2017\/10\/Cammino-dei-diritti.jpg","datePublished":"2018-06-26T04:00:26+00:00","dateModified":"2022-03-17T08:53:36+00:00","author":{"@id":"https:\/\/www.filastrocche.it\/contenuti\/#\/schema\/person\/50e504679a1975d8be9aa68e635143b1"},"description":"Testo della poesia Lo schiaffo di Janna Carioli in Filastrocche.it, da Il Cammino dei diritti, Edizioni Fatatrac, 2014, Illustrazioni di Andrea Rivola","breadcrumb":{"@id":"https:\/\/www.filastrocche.it\/contenuti\/lo-schiaffo\/#breadcrumb"},"inLanguage":"it-IT","potentialAction":[{"@type":"ReadAction","target":["https:\/\/www.filastrocche.it\/contenuti\/lo-schiaffo\/"]}]},{"@type":"ImageObject","inLanguage":"it-IT","@id":"https:\/\/www.filastrocche.it\/contenuti\/lo-schiaffo\/#primaryimage","url":"https:\/\/www.filastrocche.it\/contenuti\/wp-content\/uploads\/2017\/10\/Cammino-dei-diritti.jpg","contentUrl":"https:\/\/www.filastrocche.it\/contenuti\/wp-content\/uploads\/2017\/10\/Cammino-dei-diritti.jpg","width":550,"height":550},{"@type":"BreadcrumbList","@id":"https:\/\/www.filastrocche.it\/contenuti\/lo-schiaffo\/#breadcrumb","itemListElement":[{"@type":"ListItem","position":1,"name":"Home","item":"https:\/\/www.filastrocche.it\/contenuti\/"},{"@type":"ListItem","position":2,"name":"Lo schiaffo"}]},{"@type":"WebSite","@id":"https:\/\/www.filastrocche.it\/contenuti\/#website","url":"https:\/\/www.filastrocche.it\/contenuti\/","name":"I testi della tradizione di Filastrocche.it","description":"Filastrocche, fiabe, canzoni e...","potentialAction":[{"@type":"SearchAction","target":{"@type":"EntryPoint","urlTemplate":"https:\/\/www.filastrocche.it\/contenuti\/?s={search_term_string}"},"query-input":{"@type":"PropertyValueSpecification","valueRequired":true,"valueName":"search_term_string"}}],"inLanguage":"it-IT"},{"@type":"Person","@id":"https:\/\/www.filastrocche.it\/contenuti\/#\/schema\/person\/50e504679a1975d8be9aa68e635143b1","name":"Ilaria Pavetto","image":{"@type":"ImageObject","inLanguage":"it-IT","@id":"https:\/\/www.filastrocche.it\/contenuti\/#\/schema\/person\/image\/","url":"https:\/\/secure.gravatar.com\/avatar\/20ba7c12b1ca97dadfdc48a7a9bac6727149538af92a439e5cba06ae64a82ea0?s=96&d=mm&r=g","contentUrl":"https:\/\/secure.gravatar.com\/avatar\/20ba7c12b1ca97dadfdc48a7a9bac6727149538af92a439e5cba06ae64a82ea0?s=96&d=mm&r=g","caption":"Ilaria Pavetto"},"url":"https:\/\/www.filastrocche.it\/contenuti\/author\/redazione-ilaria\/"}]}},"_links":{"self":[{"href":"https:\/\/www.filastrocche.it\/contenuti\/wp-json\/wp\/v2\/posts\/187111","targetHints":{"allow":["GET"]}}],"collection":[{"href":"https:\/\/www.filastrocche.it\/contenuti\/wp-json\/wp\/v2\/posts"}],"about":[{"href":"https:\/\/www.filastrocche.it\/contenuti\/wp-json\/wp\/v2\/types\/post"}],"author":[{"embeddable":true,"href":"https:\/\/www.filastrocche.it\/contenuti\/wp-json\/wp\/v2\/users\/3289"}],"replies":[{"embeddable":true,"href":"https:\/\/www.filastrocche.it\/contenuti\/wp-json\/wp\/v2\/comments?post=187111"}],"version-history":[{"count":3,"href":"https:\/\/www.filastrocche.it\/contenuti\/wp-json\/wp\/v2\/posts\/187111\/revisions"}],"predecessor-version":[{"id":240129,"href":"https:\/\/www.filastrocche.it\/contenuti\/wp-json\/wp\/v2\/posts\/187111\/revisions\/240129"}],"wp:featuredmedia":[{"embeddable":true,"href":"https:\/\/www.filastrocche.it\/contenuti\/wp-json\/wp\/v2\/media\/187119"}],"wp:attachment":[{"href":"https:\/\/www.filastrocche.it\/contenuti\/wp-json\/wp\/v2\/media?parent=187111"}],"wp:term":[{"taxonomy":"category","embeddable":true,"href":"https:\/\/www.filastrocche.it\/contenuti\/wp-json\/wp\/v2\/categories?post=187111"},{"taxonomy":"post_tag","embeddable":true,"href":"https:\/\/www.filastrocche.it\/contenuti\/wp-json\/wp\/v2\/tags?post=187111"},{"taxonomy":"sponsors","embeddable":true,"href":"https:\/\/www.filastrocche.it\/contenuti\/wp-json\/wp\/v2\/sponsors?post=187111"}],"curies":[{"name":"wp","href":"https:\/\/api.w.org\/{rel}","templated":true}]}}