{"id":207023,"date":"2018-05-07T06:15:23","date_gmt":"2018-05-07T04:15:23","guid":{"rendered":"https:\/\/www.filastrocche.it\/contenuti\/?p=207023"},"modified":"2018-05-02T15:15:40","modified_gmt":"2018-05-02T13:15:40","slug":"dalla-finestra","status":"publish","type":"post","link":"https:\/\/www.filastrocche.it\/contenuti\/dalla-finestra\/","title":{"rendered":"Dalla finestra"},"content":{"rendered":"<p><img loading=\"lazy\" decoding=\"async\" width=\"550\" height=\"367\" class=\"aligncenter wp-image-206877 size-full\" title=\"Dalla finestra\" src=\"https:\/\/www.filastrocche.it\/contenuti\/wp-content\/uploads\/2018\/04\/mamma-2-550.jpg\" alt=\"Dalla finestra\" srcset=\"https:\/\/www.filastrocche.it\/contenuti\/wp-content\/uploads\/2018\/04\/mamma-2-550.jpg 550w, https:\/\/www.filastrocche.it\/contenuti\/wp-content\/uploads\/2018\/04\/mamma-2-550-300x200.jpg 300w\" sizes=\"auto, (max-width: 550px) 100vw, 550px\" \/>Dalla finestra vedo un fresco prato,<br \/>\nvedo la strada, il campo seminato,<br \/>\ne gli alberi nel sol della mattina,<br \/>\nle case nuove e la bianca chiesina.<\/p>\n<p>Volan gli uccelli in lieta compagnia,<br \/>\nsu per l&#8217;azzurro del cielo profondo;<br \/>\ncanta con dolce voce mamma mia<br \/>\nE questo \u00e8 cos\u00ec bello, \u00e8 proprio il mondo!<\/p>\n<p>&nbsp;<\/p>\n<p>&nbsp;<\/p>\n<div class=\"mceTemp\"><\/div>\n<p><a href=\"https:\/\/www.filastrocche.it\/feste\/poesie-per-la-festa-della-mamma\/\"><img loading=\"lazy\" decoding=\"async\" width=\"150\" height=\"100\" class=\"alignnone wp-image-175847 size-full\" title=\"Poesie per la Festa della Mamma\" src=\"https:\/\/www.filastrocche.it\/contenuti\/wp-content\/uploads\/2017\/03\/mamma-con-figlio-150.jpg\" alt=\"Poesie per la Festa della Mamma\" \/><\/a><br \/>\nSe cercate le migliori <a href=\"https:\/\/www.filastrocche.it\/feste\/poesie-per-la-festa-della-mamma\/\"><strong>Poesie per la Festa della Mamma, cliccate qui<\/strong><\/a>!<\/p>\n<p><a href=\"https:\/\/www.filastrocche.it\/feste\/filastrocche-per-la-festa-della-mamma\/\"><img loading=\"lazy\" decoding=\"async\" width=\"150\" height=\"150\" class=\"alignnone wp-image-175849 size-full\" title=\"Filastrocche per la Festa della Mamma\" src=\"https:\/\/www.filastrocche.it\/contenuti\/wp-content\/uploads\/2017\/03\/mamma-2-bambini-illustrazione-150.jpg\" alt=\"Filastrocche per la Festa della Mamma\" \/><\/a><br \/>\nSe cercate le pi\u00f9 belle <a href=\"https:\/\/www.filastrocche.it\/feste\/filastrocche-per-la-festa-della-mamma\/\"><strong>Filastrocche per la Festa della Mamma, cliccate qui<\/strong><\/a>!<\/p>\n<p><a href=\"https:\/\/www.filastrocche.it\/feste\/frasi-per-la-festa-della-mamma\/\"><img loading=\"lazy\" decoding=\"async\" width=\"150\" height=\"95\" class=\"alignnone wp-image-175851 size-full\" title=\"Frasi per la Festa della Mamma\" src=\"https:\/\/www.filastrocche.it\/contenuti\/wp-content\/uploads\/2017\/03\/mamma-2-bambini-bianco-150.jpg\" alt=\"Frasi per la Festa della Mamma\" \/><\/a><br \/>\nSe cercate le migliori <a href=\"https:\/\/www.filastrocche.it\/feste\/frasi-per-la-festa-della-mamma\/\"><strong>Frasi per la Festa della Mamma, cliccate qui<\/strong><\/a>!<\/p>\n<p><a href=\"https:\/\/www.filastrocche.it\/feste\/filastrocche-per-la-festa-della-mamma-in-italiano-tradizionali-o-dautore\/\"><img loading=\"lazy\" decoding=\"async\" width=\"150\" height=\"142\" class=\"alignnone wp-image-175855 size-full\" title=\"filastrocche per la Festa della Mamma\" src=\"https:\/\/www.filastrocche.it\/contenuti\/wp-content\/uploads\/2017\/03\/mistrali-festa-della-mamma-cuori-150.jpg\" alt=\"filastrocche per la Festa della Mamma\" \/><\/a><br \/>\nSe cercate altre <a href=\"https:\/\/www.filastrocche.it\/feste\/filastrocche-per-la-festa-della-mamma-in-italiano-tradizionali-o-dautore\/\"><strong>filastrocche per la Festa della Mamma, tradizionali o d\u2019Autore, cliccate qui<\/strong><\/a>!<br \/>\nSe ne volete in lingua <strong><a title=\"Filastrocche per la Festa della Mamma\" href=\"https:\/\/www.filastrocche.it\/feste\/filastrocche-per-la-festa-della-mamma-in-inglese\/\">inglese, cliccate qui<\/a>.<br \/>\n<\/strong>Se ne volete in <a title=\"Filastrocche per la Festa della Mamma\" href=\"https:\/\/www.filastrocche.it\/feste\/filastrocche-per-la-festa-della-mamma-in-francese\/\"><strong>francese, cliccate qui.<\/strong><\/a><\/p>\n<p><a href=\"https:\/\/www.filastrocche.it\/feste\/filastrocche-per-la-festa-della-mamma-in-italiano\/\"><img loading=\"lazy\" decoding=\"async\" width=\"130\" height=\"178\" class=\"alignnone wp-image-175857 size-full\" title=\"Filastrocche per la Festa della Mamma\" src=\"https:\/\/www.filastrocche.it\/contenuti\/wp-content\/uploads\/2017\/03\/mistrali-festa-della-mamma-fiore-130.jpg\" alt=\"Filastrocche per la Festa della Mamma\" \/><\/a><br \/>\nSe cercate delle <strong>Filastrocche per la Festa della Mamma<\/strong> in <a title=\"Filastrocche per la Festa della Mamma\" href=\"https:\/\/www.filastrocche.it\/feste\/filastrocche-per-la-festa-della-mamma-in-italiano\/\"><strong>italiano, scritte dagli utenti del nostro sito, cliccate qui<\/strong>.<\/a><\/p>\n<p><a href=\"https:\/\/www.filastrocche.it\/feste\/lavoretti-per-la-festa-della-mamma-fai-da-te\/\"><img decoding=\"async\" class=\"alignnone wp-image-175859 size-full\" title=\"Lavoretti per la Festa della mamma\" src=\"https:\/\/www.filastrocche.it\/contenuti\/wp-content\/uploads\/2017\/03\/mistrali_mamma-130.jpg\" alt=\"Lavoretti per la Festa della mamma\" \/><\/a><br \/>\nSe cercate del <strong><a href=\"https:\/\/www.filastrocche.it\/feste\/lavoretti-per-la-festa-della-mamma-fai-da-te\/\">Lavoretti per la Festa della mamma fai da te, cliccate qui<\/a>!<\/strong><\/p>\n<p><a href=\"https:\/\/www.filastrocche.it\/feste\/lavoretti-per-la-festa-della-mamma-da-fare-con-carta-e-forbici\/\"><img loading=\"lazy\" decoding=\"async\" width=\"150\" height=\"142\" class=\"alignnone wp-image-175855 size-full\" title=\"filastrocche per la Festa della Mamma\" src=\"https:\/\/www.filastrocche.it\/contenuti\/wp-content\/uploads\/2017\/03\/mistrali-festa-della-mamma-cuori-150.jpg\" alt=\"filastrocche per la Festa della Mamma\" \/><\/a><br \/>\nSe cercate i migliori <a href=\"https:\/\/www.filastrocche.it\/feste\/lavoretti-per-la-festa-della-mamma-da-fare-con-carta-e-forbici\/\"><strong>Lavoretti per le Festa della Mamma da fare con carta e forbici, cliccate qui<\/strong><\/a>!<\/p>\n<p><a href=\"https:\/\/www.filastrocche.it\/feste\/idee-regalo-fai-da-te-per-la-festa-della-mamma\/\"><img loading=\"lazy\" decoding=\"async\" width=\"150\" height=\"184\" class=\"alignnone wp-image-175863 size-full\" title=\"idee regalo per la Festa della Mamma\" src=\"https:\/\/www.filastrocche.it\/contenuti\/wp-content\/uploads\/2017\/03\/mistrali-festa-mamma-mazzo-fiori-150.jpg\" alt=\"idee regalo per la Festa della Mamma\" \/><\/a><br \/>\nSe cercate delle <a href=\"https:\/\/www.filastrocche.it\/feste\/idee-regalo-fai-da-te-per-la-festa-della-mamma\/\"><strong>idee regalo per la Festa della Mamma, cliccate qui<\/strong><\/a>!<\/p>\n<p><a href=\"https:\/\/www.filastrocche.it\/feste\/ricette-per-la-festa-della-mamma\/\"><img loading=\"lazy\" decoding=\"async\" width=\"120\" height=\"142\" class=\"alignnone wp-image-175865 size-full\" title=\"Ricette per la Festa della Mamma\" src=\"https:\/\/www.filastrocche.it\/contenuti\/wp-content\/uploads\/2017\/03\/mistrali-ricette-piatto-pollo-120-1.jpg\" alt=\"Ricette per la Festa della Mamma\" \/><\/a><br \/>\nSe cercate le pi\u00f9 appetitose <a href=\"https:\/\/www.filastrocche.it\/feste\/ricette-per-la-festa-della-mamma\/\"><strong>Ricette per la Festa della Mamma, cliccate qui<\/strong><\/a>!<\/p>\n<p><a href=\"https:\/\/www.filastrocche.it\/feste\/disegni-da-colorare-per-la-festa-della-mamma\/\"><img loading=\"lazy\" decoding=\"async\" width=\"130\" height=\"166\" class=\"alignnone wp-image-175867 size-full\" title=\"Disegni da colorare per la Festa della mamma\" src=\"https:\/\/www.filastrocche.it\/contenuti\/wp-content\/uploads\/2017\/03\/disegna-da-colorare-mamma-130.jpg\" alt=\"Disegni da colorare per la Festa della mamma\" \/><\/a><br \/>\nSe cercate dei <a href=\"https:\/\/www.filastrocche.it\/feste\/disegni-da-colorare-per-la-festa-della-mamma\/\"><strong>Disegni da colorare per la Festa della mamma, cliccate qui<\/strong><\/a>!<\/p>\n<p>&nbsp;<\/p>\n<p><a href=\"https:\/\/www.filastrocche.it\/feste\/speciale-festa-della-mamma\/\"><img loading=\"lazy\" decoding=\"async\" width=\"270\" height=\"47\" class=\"alignnone wp-image-199239 size-full\" title=\"Speciale Festa della Mamma\" src=\"https:\/\/www.filastrocche.it\/contenuti\/wp-content\/uploads\/2012\/04\/festa_mamma.gif\" alt=\"Speciale Festa della Mamma\" \/><\/a><br \/>\n<a href=\"https:\/\/www.filastrocche.it\/feste\/speciale-festa-della-mamma\/\"><strong>Visita lo Speciale Festa della Mamma!<\/strong><\/a><\/p>\n","protected":false},"excerpt":{"rendered":"<p>Dalla finestra vedo un fresco prato, vedo la strada, il campo seminato, e gli alberi nel sol della mattina, le case nuove e la bianca chiesina. Volan gli uccelli in lieta compagnia, su per l&#8217;azzurro del cielo profondo; canta con dolce voce mamma mia E questo \u00e8 cos\u00ec bello, \u00e8 proprio il mondo! &nbsp; &nbsp; [&hellip;]<\/p>\n","protected":false},"author":3289,"featured_media":206877,"comment_status":"open","ping_status":"open","sticky":false,"template":"","format":"standard","meta":{"footnotes":""},"categories":[9,51],"tags":[479,3401,477,187,189],"sponsors":[],"class_list":["post-207023","post","type-post","status-publish","format-standard","has-post-thumbnail","hentry","category-poesie","category-poesie-dautore","tag-festa-della-mamma-2","tag-giuseppe-fanciulli","tag-mamma","tag-poesia","tag-poesie-2","occasioni-festa-della-mamma","lingua-italiano","scopo-intrattenimento"],"yoast_head":"<!-- This site is optimized with the Yoast SEO plugin v26.2 - https:\/\/yoast.com\/wordpress\/plugins\/seo\/ -->\n<title>Dalla finestra di Giuseppe Fanciulli - I testi d&#039;autore in Filastrocche.it<\/title>\n<meta name=\"description\" content=\"Testo della poesia Dalla finestra di Giuseppe Fanciulli, per la festa della mamma in Filastrocche.it. Inizio: Dalla finestra vedo un fresco prato, vedo la strada, il campo seminato, e gli alberi nel sol della mattina, le case nuove e la bianca chiesina...\" \/>\n<meta name=\"robots\" content=\"index, follow, max-snippet:-1, max-image-preview:large, max-video-preview:-1\" \/>\n<link rel=\"canonical\" href=\"https:\/\/www.filastrocche.it\/contenuti\/dalla-finestra\/\" \/>\n<meta property=\"og:locale\" content=\"it_IT\" \/>\n<meta property=\"og:type\" content=\"article\" \/>\n<meta property=\"og:title\" content=\"Dalla finestra di Giuseppe Fanciulli - I testi d&#039;autore in Filastrocche.it\" \/>\n<meta property=\"og:description\" content=\"Testo della poesia Dalla finestra di Giuseppe Fanciulli, per la festa della mamma in Filastrocche.it. Inizio: Dalla finestra vedo un fresco prato, vedo la strada, il campo seminato, e gli alberi nel sol della mattina, le case nuove e la bianca chiesina...\" \/>\n<meta property=\"og:url\" content=\"https:\/\/www.filastrocche.it\/contenuti\/dalla-finestra\/\" \/>\n<meta property=\"og:site_name\" content=\"I testi della tradizione di Filastrocche.it\" \/>\n<meta property=\"article:published_time\" content=\"2018-05-07T04:15:23+00:00\" \/>\n<meta property=\"og:image\" content=\"https:\/\/www.filastrocche.it\/contenuti\/wp-content\/uploads\/2018\/04\/mamma-2-550.jpg\" \/>\n\t<meta property=\"og:image:width\" content=\"550\" \/>\n\t<meta property=\"og:image:height\" content=\"367\" \/>\n\t<meta property=\"og:image:type\" content=\"image\/jpeg\" \/>\n<meta name=\"author\" content=\"Ilaria Pavetto\" \/>\n<meta name=\"twitter:label1\" content=\"Scritto da\" \/>\n\t<meta name=\"twitter:data1\" content=\"Ilaria Pavetto\" \/>\n\t<meta name=\"twitter:label2\" content=\"Tempo di lettura stimato\" \/>\n\t<meta name=\"twitter:data2\" content=\"1 minuto\" \/>\n<!-- \/ Yoast SEO plugin. -->","yoast_head_json":{"title":"Dalla finestra di Giuseppe Fanciulli - I testi d'autore in Filastrocche.it","description":"Testo della poesia Dalla finestra di Giuseppe Fanciulli, per la festa della mamma in Filastrocche.it. Inizio: Dalla finestra vedo un fresco prato, vedo la strada, il campo seminato, e gli alberi nel sol della mattina, le case nuove e la bianca chiesina...","robots":{"index":"index","follow":"follow","max-snippet":"max-snippet:-1","max-image-preview":"max-image-preview:large","max-video-preview":"max-video-preview:-1"},"canonical":"https:\/\/www.filastrocche.it\/contenuti\/dalla-finestra\/","og_locale":"it_IT","og_type":"article","og_title":"Dalla finestra di Giuseppe Fanciulli - I testi d'autore in Filastrocche.it","og_description":"Testo della poesia Dalla finestra di Giuseppe Fanciulli, per la festa della mamma in Filastrocche.it. Inizio: Dalla finestra vedo un fresco prato, vedo la strada, il campo seminato, e gli alberi nel sol della mattina, le case nuove e la bianca chiesina...","og_url":"https:\/\/www.filastrocche.it\/contenuti\/dalla-finestra\/","og_site_name":"I testi della tradizione di Filastrocche.it","article_published_time":"2018-05-07T04:15:23+00:00","og_image":[{"width":550,"height":367,"url":"https:\/\/www.filastrocche.it\/contenuti\/wp-content\/uploads\/2018\/04\/mamma-2-550.jpg","type":"image\/jpeg"}],"author":"Ilaria Pavetto","twitter_misc":{"Scritto da":"Ilaria Pavetto","Tempo di lettura stimato":"1 minuto"},"schema":{"@context":"https:\/\/schema.org","@graph":[{"@type":"WebPage","@id":"https:\/\/www.filastrocche.it\/contenuti\/dalla-finestra\/","url":"https:\/\/www.filastrocche.it\/contenuti\/dalla-finestra\/","name":"Dalla finestra di Giuseppe Fanciulli - I testi d'autore in Filastrocche.it","isPartOf":{"@id":"https:\/\/www.filastrocche.it\/contenuti\/#website"},"primaryImageOfPage":{"@id":"https:\/\/www.filastrocche.it\/contenuti\/dalla-finestra\/#primaryimage"},"image":{"@id":"https:\/\/www.filastrocche.it\/contenuti\/dalla-finestra\/#primaryimage"},"thumbnailUrl":"https:\/\/www.filastrocche.it\/contenuti\/wp-content\/uploads\/2018\/04\/mamma-2-550.jpg","datePublished":"2018-05-07T04:15:23+00:00","author":{"@id":"https:\/\/www.filastrocche.it\/contenuti\/#\/schema\/person\/50e504679a1975d8be9aa68e635143b1"},"description":"Testo della poesia Dalla finestra di Giuseppe Fanciulli, per la festa della mamma in Filastrocche.it. Inizio: Dalla finestra vedo un fresco prato, vedo la strada, il campo seminato, e gli alberi nel sol della mattina, le case nuove e la bianca chiesina...","breadcrumb":{"@id":"https:\/\/www.filastrocche.it\/contenuti\/dalla-finestra\/#breadcrumb"},"inLanguage":"it-IT","potentialAction":[{"@type":"ReadAction","target":["https:\/\/www.filastrocche.it\/contenuti\/dalla-finestra\/"]}]},{"@type":"ImageObject","inLanguage":"it-IT","@id":"https:\/\/www.filastrocche.it\/contenuti\/dalla-finestra\/#primaryimage","url":"https:\/\/www.filastrocche.it\/contenuti\/wp-content\/uploads\/2018\/04\/mamma-2-550.jpg","contentUrl":"https:\/\/www.filastrocche.it\/contenuti\/wp-content\/uploads\/2018\/04\/mamma-2-550.jpg","width":550,"height":367},{"@type":"BreadcrumbList","@id":"https:\/\/www.filastrocche.it\/contenuti\/dalla-finestra\/#breadcrumb","itemListElement":[{"@type":"ListItem","position":1,"name":"Home","item":"https:\/\/www.filastrocche.it\/contenuti\/"},{"@type":"ListItem","position":2,"name":"Dalla finestra"}]},{"@type":"WebSite","@id":"https:\/\/www.filastrocche.it\/contenuti\/#website","url":"https:\/\/www.filastrocche.it\/contenuti\/","name":"I testi della tradizione di Filastrocche.it","description":"Filastrocche, fiabe, canzoni e...","potentialAction":[{"@type":"SearchAction","target":{"@type":"EntryPoint","urlTemplate":"https:\/\/www.filastrocche.it\/contenuti\/?s={search_term_string}"},"query-input":{"@type":"PropertyValueSpecification","valueRequired":true,"valueName":"search_term_string"}}],"inLanguage":"it-IT"},{"@type":"Person","@id":"https:\/\/www.filastrocche.it\/contenuti\/#\/schema\/person\/50e504679a1975d8be9aa68e635143b1","name":"Ilaria Pavetto","image":{"@type":"ImageObject","inLanguage":"it-IT","@id":"https:\/\/www.filastrocche.it\/contenuti\/#\/schema\/person\/image\/","url":"https:\/\/secure.gravatar.com\/avatar\/20ba7c12b1ca97dadfdc48a7a9bac6727149538af92a439e5cba06ae64a82ea0?s=96&d=mm&r=g","contentUrl":"https:\/\/secure.gravatar.com\/avatar\/20ba7c12b1ca97dadfdc48a7a9bac6727149538af92a439e5cba06ae64a82ea0?s=96&d=mm&r=g","caption":"Ilaria Pavetto"},"url":"https:\/\/www.filastrocche.it\/contenuti\/author\/redazione-ilaria\/"}]}},"_links":{"self":[{"href":"https:\/\/www.filastrocche.it\/contenuti\/wp-json\/wp\/v2\/posts\/207023","targetHints":{"allow":["GET"]}}],"collection":[{"href":"https:\/\/www.filastrocche.it\/contenuti\/wp-json\/wp\/v2\/posts"}],"about":[{"href":"https:\/\/www.filastrocche.it\/contenuti\/wp-json\/wp\/v2\/types\/post"}],"author":[{"embeddable":true,"href":"https:\/\/www.filastrocche.it\/contenuti\/wp-json\/wp\/v2\/users\/3289"}],"replies":[{"embeddable":true,"href":"https:\/\/www.filastrocche.it\/contenuti\/wp-json\/wp\/v2\/comments?post=207023"}],"version-history":[{"count":2,"href":"https:\/\/www.filastrocche.it\/contenuti\/wp-json\/wp\/v2\/posts\/207023\/revisions"}],"predecessor-version":[{"id":207233,"href":"https:\/\/www.filastrocche.it\/contenuti\/wp-json\/wp\/v2\/posts\/207023\/revisions\/207233"}],"wp:featuredmedia":[{"embeddable":true,"href":"https:\/\/www.filastrocche.it\/contenuti\/wp-json\/wp\/v2\/media\/206877"}],"wp:attachment":[{"href":"https:\/\/www.filastrocche.it\/contenuti\/wp-json\/wp\/v2\/media?parent=207023"}],"wp:term":[{"taxonomy":"category","embeddable":true,"href":"https:\/\/www.filastrocche.it\/contenuti\/wp-json\/wp\/v2\/categories?post=207023"},{"taxonomy":"post_tag","embeddable":true,"href":"https:\/\/www.filastrocche.it\/contenuti\/wp-json\/wp\/v2\/tags?post=207023"},{"taxonomy":"sponsors","embeddable":true,"href":"https:\/\/www.filastrocche.it\/contenuti\/wp-json\/wp\/v2\/sponsors?post=207023"}],"curies":[{"name":"wp","href":"https:\/\/api.w.org\/{rel}","templated":true}]}}