{"id":212075,"date":"2019-03-22T06:00:57","date_gmt":"2019-03-22T04:00:57","guid":{"rendered":"https:\/\/www.filastrocche.it\/contenuti\/?p=212075"},"modified":"2019-03-22T11:27:45","modified_gmt":"2019-03-22T09:27:45","slug":"pioggia-di-primavera","status":"publish","type":"post","link":"https:\/\/www.filastrocche.it\/contenuti\/pioggia-di-primavera\/","title":{"rendered":"Pioggia di primavera"},"content":{"rendered":"<h2><img loading=\"lazy\" decoding=\"async\" width=\"640\" height=\"423\" class=\"aligncenter wp-image-213977 size-full\" title=\"Pioggia di primavera\" src=\"https:\/\/www.filastrocche.it\/contenuti\/wp-content\/uploads\/2018\/09\/pioggia-primavera.jpg\" alt=\"Pioggia di primavera\" srcset=\"https:\/\/www.filastrocche.it\/contenuti\/wp-content\/uploads\/2018\/09\/pioggia-primavera.jpg 640w, https:\/\/www.filastrocche.it\/contenuti\/wp-content\/uploads\/2018\/09\/pioggia-primavera-300x198.jpg 300w\" sizes=\"auto, (max-width: 640px) 100vw, 640px\" \/>Leggiamo insieme: <strong>Pioggia di primavera<\/strong> di Achille Campanile<\/h2>\n<p>La pioggia; picchiettandola con le lunghe<br \/>\ndita leggiere, faceva il solletico<br \/>\nalla terra e le diceva piano piano:<br \/>\n&#8220;Destati&#8221;. E mormorava: &#8220;Svegliati!&#8221; E poi:<br \/>\n&#8220;Su, su, \u00e8 l&#8217;ora, vestiti!&#8221;. E la terra fingeva<br \/>\nancora di dormire perch\u00e9 nulla era pi\u00f9 dolce<br \/>\ndi quella carezza leggiera e di quel dormiveglia!<br \/>\nAlla fine apr\u00ec gli occhi delle margherite<br \/>\ne nei giardini rest\u00f2 un odore di terra bagnata.<\/p>\n<p>&nbsp;<\/p>\n<p>&nbsp;<\/p>\n<p><a href=\"https:\/\/www.filastrocche.it\/feste\/filastrocche-di-primavera\/\"><img loading=\"lazy\" decoding=\"async\" width=\"150\" height=\"100\" class=\"alignnone wp-image-174665 size-full\" title=\"Filastrocche di Primavera\" src=\"https:\/\/www.filastrocche.it\/contenuti\/wp-content\/uploads\/2014\/02\/filastrocche-sulla-primavera-150.jpg\" alt=\"Filastrocche di Primavera\" \/><\/a><br \/>\nSe cerchi le pi\u00f9 belle <a href=\"https:\/\/www.filastrocche.it\/feste\/filastrocche-di-primavera\/\"><strong>Filastrocche di Primavera, clicca qui<\/strong><\/a>!<\/p>\n<p><a href=\"https:\/\/www.filastrocche.it\/feste\/filastrocche-estate\/\"><img loading=\"lazy\" decoding=\"async\" width=\"150\" height=\"100\" class=\"alignnone wp-image-174671 size-full\" title=\"Filastrocche dell'Estate\" src=\"https:\/\/www.filastrocche.it\/contenuti\/wp-content\/uploads\/2014\/02\/filastrocche-sull-estate-150.jpg\" alt=\"Filastrocche dell'Estate\" \/><\/a><br \/>\nSe cerchi le pi\u00f9 belle <strong><a href=\"https:\/\/www.filastrocche.it\/feste\/filastrocche-estate\/\">Filastrocche dell\u2019Estate, clicca qui!<\/a><\/strong><\/p>\n<p><a href=\"https:\/\/www.filastrocche.it\/feste\/filastrocche-autunno\/\"><img loading=\"lazy\" decoding=\"async\" width=\"150\" height=\"150\" class=\"alignnone wp-image-174669 size-full\" title=\"Filastrocche sull'Autunno\" src=\"https:\/\/www.filastrocche.it\/contenuti\/wp-content\/uploads\/2014\/02\/filastrocche-sull-autunno-150.jpg\" alt=\"Filastrocche sull'Autunno\" \/><\/a><br \/>\nSe cerchi le pi\u00f9 belle <a href=\"https:\/\/www.filastrocche.it\/feste\/filastrocche-autunno\/\"><strong>Filastrocche sull\u2019Autunno, clicca qui!<\/strong><\/a><\/p>\n<p><a href=\"https:\/\/www.filastrocche.it\/feste\/filastrocche-di-inverno\/\"><img loading=\"lazy\" decoding=\"async\" width=\"150\" height=\"113\" class=\"alignnone wp-image-174667 size-full\" title=\"Filastrocche sull'Inverno\" src=\"https:\/\/www.filastrocche.it\/contenuti\/wp-content\/uploads\/2014\/02\/filastrocche-sull-inverno-150-ok.jpg\" alt=\"Filastrocche sull'Inverno\" \/><\/a><br \/>\nSe cerchi le pi\u00f9 belle<strong> <a href=\"https:\/\/www.filastrocche.it\/feste\/filastrocche-di-inverno\/\">Filastrocche sull\u2019Inverno, clicca qui<\/a><\/strong>!<\/p>\n<p><a href=\"https:\/\/www.filastrocche.it\/feste\/filastrocche-sulle-stagioni\/\"><img loading=\"lazy\" decoding=\"async\" width=\"150\" height=\"100\" class=\"alignnone wp-image-174677 size-full\" title=\"Filastrocche sulle Stagioni\" src=\"https:\/\/www.filastrocche.it\/contenuti\/wp-content\/uploads\/2014\/02\/stagioni-150.jpg\" alt=\"Filastrocche sulle Stagioni\" \/><\/a><br \/>\nSe cerchi le migliori <a href=\"https:\/\/www.filastrocche.it\/feste\/filastrocche-sulle-stagioni\/\"><strong>Filastrocche sulle Stagioni, clicca qui<\/strong><\/a>!<\/p>\n<p>&nbsp;<\/p>\n<p><a href=\"https:\/\/www.filastrocche.it\/feste\/speciale-scuola\/\"><img loading=\"lazy\" decoding=\"async\" width=\"169\" height=\"45\" class=\"alignnone wp-image-174673 size-full\" title=\"Speciale Scuola\" src=\"https:\/\/www.filastrocche.it\/contenuti\/wp-content\/uploads\/2014\/02\/scritta_specialescuola.gif\" alt=\"Speciale Scuola\" \/><\/a><br \/>\n<a href=\"https:\/\/www.filastrocche.it\/feste\/speciale-scuola\/\"><strong>Visita lo speciale Scuola!<\/strong><\/a><\/p>\n","protected":false},"excerpt":{"rendered":"<p>Leggiamo insieme: Pioggia di primavera di Achille Campanile La pioggia; picchiettandola con le lunghe dita leggiere, faceva il solletico alla terra e le diceva piano piano: &#8220;Destati&#8221;. E mormorava: &#8220;Svegliati!&#8221; E poi: &#8220;Su, su, \u00e8 l&#8217;ora, vestiti!&#8221;. E la terra fingeva ancora di dormire perch\u00e9 nulla era pi\u00f9 dolce di quella carezza leggiera e di [&hellip;]<\/p>\n","protected":false},"author":3289,"featured_media":213977,"comment_status":"open","ping_status":"open","sticky":false,"template":"","format":"standard","meta":{"footnotes":""},"categories":[9,51],"tags":[7441,2011,187,189,893,191],"sponsors":[],"class_list":["post-212075","post","type-post","status-publish","format-standard","has-post-thumbnail","hentry","category-poesie","category-poesie-dautore","tag-achille-campanile","tag-pioggia","tag-poesia","tag-poesie-2","tag-primavera","tag-stagioni-2","occasioni-stagioni","lingua-italiano","scopo-intrattenimento"],"yoast_head":"<!-- This site is optimized with the Yoast SEO plugin v26.2 - https:\/\/yoast.com\/wordpress\/plugins\/seo\/ -->\n<title>Pioggia di primavera - Una poesia di Achille Campanile in Filastrocche.it<\/title>\n<meta name=\"description\" content=\"Testo della poesia Pioggia di primavera di Achille Campanile in Filastrocche.it. Inizio: La pioggia; picchiettandola con le lunghedita leggiere...\" \/>\n<meta name=\"robots\" content=\"index, follow, max-snippet:-1, max-image-preview:large, max-video-preview:-1\" \/>\n<link rel=\"canonical\" href=\"https:\/\/www.filastrocche.it\/contenuti\/pioggia-di-primavera\/\" \/>\n<meta property=\"og:locale\" content=\"it_IT\" \/>\n<meta property=\"og:type\" content=\"article\" \/>\n<meta property=\"og:title\" content=\"Pioggia di primavera - Una poesia di Achille Campanile in Filastrocche.it\" \/>\n<meta property=\"og:description\" content=\"Testo della poesia Pioggia di primavera di Achille Campanile in Filastrocche.it. Inizio: La pioggia; picchiettandola con le lunghedita leggiere...\" \/>\n<meta property=\"og:url\" content=\"https:\/\/www.filastrocche.it\/contenuti\/pioggia-di-primavera\/\" \/>\n<meta property=\"og:site_name\" content=\"I testi della tradizione di Filastrocche.it\" \/>\n<meta property=\"article:published_time\" content=\"2019-03-22T04:00:57+00:00\" \/>\n<meta property=\"article:modified_time\" content=\"2019-03-22T09:27:45+00:00\" \/>\n<meta property=\"og:image\" content=\"https:\/\/www.filastrocche.it\/contenuti\/wp-content\/uploads\/2018\/09\/pioggia-primavera.jpg\" \/>\n\t<meta property=\"og:image:width\" content=\"640\" \/>\n\t<meta property=\"og:image:height\" content=\"423\" \/>\n\t<meta property=\"og:image:type\" content=\"image\/jpeg\" \/>\n<meta name=\"author\" content=\"Ilaria Pavetto\" \/>\n<meta name=\"twitter:label1\" content=\"Scritto da\" \/>\n\t<meta name=\"twitter:data1\" content=\"Ilaria Pavetto\" \/>\n\t<meta name=\"twitter:label2\" content=\"Tempo di lettura stimato\" \/>\n\t<meta name=\"twitter:data2\" content=\"1 minuto\" \/>\n<!-- \/ Yoast SEO plugin. -->","yoast_head_json":{"title":"Pioggia di primavera - Una poesia di Achille Campanile in Filastrocche.it","description":"Testo della poesia Pioggia di primavera di Achille Campanile in Filastrocche.it. Inizio: La pioggia; picchiettandola con le lunghedita leggiere...","robots":{"index":"index","follow":"follow","max-snippet":"max-snippet:-1","max-image-preview":"max-image-preview:large","max-video-preview":"max-video-preview:-1"},"canonical":"https:\/\/www.filastrocche.it\/contenuti\/pioggia-di-primavera\/","og_locale":"it_IT","og_type":"article","og_title":"Pioggia di primavera - Una poesia di Achille Campanile in Filastrocche.it","og_description":"Testo della poesia Pioggia di primavera di Achille Campanile in Filastrocche.it. Inizio: La pioggia; picchiettandola con le lunghedita leggiere...","og_url":"https:\/\/www.filastrocche.it\/contenuti\/pioggia-di-primavera\/","og_site_name":"I testi della tradizione di Filastrocche.it","article_published_time":"2019-03-22T04:00:57+00:00","article_modified_time":"2019-03-22T09:27:45+00:00","og_image":[{"width":640,"height":423,"url":"https:\/\/www.filastrocche.it\/contenuti\/wp-content\/uploads\/2018\/09\/pioggia-primavera.jpg","type":"image\/jpeg"}],"author":"Ilaria Pavetto","twitter_misc":{"Scritto da":"Ilaria Pavetto","Tempo di lettura stimato":"1 minuto"},"schema":{"@context":"https:\/\/schema.org","@graph":[{"@type":"WebPage","@id":"https:\/\/www.filastrocche.it\/contenuti\/pioggia-di-primavera\/","url":"https:\/\/www.filastrocche.it\/contenuti\/pioggia-di-primavera\/","name":"Pioggia di primavera - Una poesia di Achille Campanile in Filastrocche.it","isPartOf":{"@id":"https:\/\/www.filastrocche.it\/contenuti\/#website"},"primaryImageOfPage":{"@id":"https:\/\/www.filastrocche.it\/contenuti\/pioggia-di-primavera\/#primaryimage"},"image":{"@id":"https:\/\/www.filastrocche.it\/contenuti\/pioggia-di-primavera\/#primaryimage"},"thumbnailUrl":"https:\/\/www.filastrocche.it\/contenuti\/wp-content\/uploads\/2018\/09\/pioggia-primavera.jpg","datePublished":"2019-03-22T04:00:57+00:00","dateModified":"2019-03-22T09:27:45+00:00","author":{"@id":"https:\/\/www.filastrocche.it\/contenuti\/#\/schema\/person\/50e504679a1975d8be9aa68e635143b1"},"description":"Testo della poesia Pioggia di primavera di Achille Campanile in Filastrocche.it. Inizio: La pioggia; picchiettandola con le lunghedita leggiere...","breadcrumb":{"@id":"https:\/\/www.filastrocche.it\/contenuti\/pioggia-di-primavera\/#breadcrumb"},"inLanguage":"it-IT","potentialAction":[{"@type":"ReadAction","target":["https:\/\/www.filastrocche.it\/contenuti\/pioggia-di-primavera\/"]}]},{"@type":"ImageObject","inLanguage":"it-IT","@id":"https:\/\/www.filastrocche.it\/contenuti\/pioggia-di-primavera\/#primaryimage","url":"https:\/\/www.filastrocche.it\/contenuti\/wp-content\/uploads\/2018\/09\/pioggia-primavera.jpg","contentUrl":"https:\/\/www.filastrocche.it\/contenuti\/wp-content\/uploads\/2018\/09\/pioggia-primavera.jpg","width":640,"height":423},{"@type":"BreadcrumbList","@id":"https:\/\/www.filastrocche.it\/contenuti\/pioggia-di-primavera\/#breadcrumb","itemListElement":[{"@type":"ListItem","position":1,"name":"Home","item":"https:\/\/www.filastrocche.it\/contenuti\/"},{"@type":"ListItem","position":2,"name":"Pioggia di primavera"}]},{"@type":"WebSite","@id":"https:\/\/www.filastrocche.it\/contenuti\/#website","url":"https:\/\/www.filastrocche.it\/contenuti\/","name":"I testi della tradizione di Filastrocche.it","description":"Filastrocche, fiabe, canzoni e...","potentialAction":[{"@type":"SearchAction","target":{"@type":"EntryPoint","urlTemplate":"https:\/\/www.filastrocche.it\/contenuti\/?s={search_term_string}"},"query-input":{"@type":"PropertyValueSpecification","valueRequired":true,"valueName":"search_term_string"}}],"inLanguage":"it-IT"},{"@type":"Person","@id":"https:\/\/www.filastrocche.it\/contenuti\/#\/schema\/person\/50e504679a1975d8be9aa68e635143b1","name":"Ilaria Pavetto","image":{"@type":"ImageObject","inLanguage":"it-IT","@id":"https:\/\/www.filastrocche.it\/contenuti\/#\/schema\/person\/image\/","url":"https:\/\/secure.gravatar.com\/avatar\/20ba7c12b1ca97dadfdc48a7a9bac6727149538af92a439e5cba06ae64a82ea0?s=96&d=mm&r=g","contentUrl":"https:\/\/secure.gravatar.com\/avatar\/20ba7c12b1ca97dadfdc48a7a9bac6727149538af92a439e5cba06ae64a82ea0?s=96&d=mm&r=g","caption":"Ilaria Pavetto"},"url":"https:\/\/www.filastrocche.it\/contenuti\/author\/redazione-ilaria\/"}]}},"_links":{"self":[{"href":"https:\/\/www.filastrocche.it\/contenuti\/wp-json\/wp\/v2\/posts\/212075","targetHints":{"allow":["GET"]}}],"collection":[{"href":"https:\/\/www.filastrocche.it\/contenuti\/wp-json\/wp\/v2\/posts"}],"about":[{"href":"https:\/\/www.filastrocche.it\/contenuti\/wp-json\/wp\/v2\/types\/post"}],"author":[{"embeddable":true,"href":"https:\/\/www.filastrocche.it\/contenuti\/wp-json\/wp\/v2\/users\/3289"}],"replies":[{"embeddable":true,"href":"https:\/\/www.filastrocche.it\/contenuti\/wp-json\/wp\/v2\/comments?post=212075"}],"version-history":[{"count":3,"href":"https:\/\/www.filastrocche.it\/contenuti\/wp-json\/wp\/v2\/posts\/212075\/revisions"}],"predecessor-version":[{"id":220934,"href":"https:\/\/www.filastrocche.it\/contenuti\/wp-json\/wp\/v2\/posts\/212075\/revisions\/220934"}],"wp:featuredmedia":[{"embeddable":true,"href":"https:\/\/www.filastrocche.it\/contenuti\/wp-json\/wp\/v2\/media\/213977"}],"wp:attachment":[{"href":"https:\/\/www.filastrocche.it\/contenuti\/wp-json\/wp\/v2\/media?parent=212075"}],"wp:term":[{"taxonomy":"category","embeddable":true,"href":"https:\/\/www.filastrocche.it\/contenuti\/wp-json\/wp\/v2\/categories?post=212075"},{"taxonomy":"post_tag","embeddable":true,"href":"https:\/\/www.filastrocche.it\/contenuti\/wp-json\/wp\/v2\/tags?post=212075"},{"taxonomy":"sponsors","embeddable":true,"href":"https:\/\/www.filastrocche.it\/contenuti\/wp-json\/wp\/v2\/sponsors?post=212075"}],"curies":[{"name":"wp","href":"https:\/\/api.w.org\/{rel}","templated":true}]}}