{"id":215228,"date":"2019-02-15T06:00:23","date_gmt":"2019-02-15T04:00:23","guid":{"rendered":"https:\/\/www.filastrocche.it\/contenuti\/?p=215228"},"modified":"2018-10-18T10:58:38","modified_gmt":"2018-10-18T08:58:38","slug":"giorno-di-festa","status":"publish","type":"post","link":"https:\/\/www.filastrocche.it\/contenuti\/giorno-di-festa\/","title":{"rendered":"Giorno di festa"},"content":{"rendered":"<p><a href=\"https:\/\/www.filastrocche.it\/contenuti\/wp-content\/uploads\/2018\/10\/pezzani-innocenza-giorno-di-festa-550.jpg\"><img loading=\"lazy\" decoding=\"async\" width=\"550\" height=\"857\" class=\"aligncenter wp-image-215167 size-full\" title=\"Giorno di festa\" src=\"https:\/\/www.filastrocche.it\/contenuti\/wp-content\/uploads\/2018\/10\/pezzani-innocenza-giorno-di-festa-550.jpg\" alt=\"Giorno di festa\" srcset=\"https:\/\/www.filastrocche.it\/contenuti\/wp-content\/uploads\/2018\/10\/pezzani-innocenza-giorno-di-festa-550.jpg 550w, https:\/\/www.filastrocche.it\/contenuti\/wp-content\/uploads\/2018\/10\/pezzani-innocenza-giorno-di-festa-550-193x300.jpg 193w\" sizes=\"auto, (max-width: 550px) 100vw, 550px\" \/><\/a><\/p>\n<h2>Leggiamo insieme: <strong>Giorno di festa<\/strong> di Renzo Pezzani<\/h2>\n<p>Come chi dal sentier d&#8217;una foresta<br \/>\ntocca una valle fresca e sorridente,<br \/>\nbello \u00e8 scostar dagli occhi lentamente<br \/>\nun dolce sogno e accorgersi ch&#8217;\u00e8 festa.<\/p>\n<p>\u00c8 festa di campane e di paese<br \/>\nche la gente negli occhi ha tutto il cuore.<br \/>\nOgnuno veste il suo pi\u00f9 bel colore,<br \/>\nla chiesa \u00e8 calda di candele accese.<\/p>\n<p>Smemorato dei campi, \u00e8 sul sagrato<br \/>\nun altro sole e qui come un famiglio<br \/>\ngioca coi bimbi e ai vecchi d\u00e0 consiglio:<br \/>\nconosce i campi dove han lavorato.<\/p>\n<p>Tu, disciolta la treccia in verde lume<br \/>\ndi specchio, scopri nuove grazie al volto,<br \/>\ncome chi bacia l&#8217;acqua e beve a un fiume<br \/>\nnello splendor d&#8217;un cielo capovolto.<\/p>\n<p>Bella la vesticciola di lanetta<br \/>\nche tua madre ha comprato ad una fiera<br \/>\nor sono quattr&#8217;anni, e che cuc\u00ec la sera<br \/>\npungendosi le dita, poveretta.<\/p>\n<p>E sette baste fece a quella gonna<br \/>\ne una all\u2019anno ne disf\u00e0, che cresci<br \/>\ne da bimba che sei ti farai donna.<br \/>\nSei tu la primavera quando esci<\/p>\n<p>e di freschi color rallegri il giorno.<br \/>\n\u00c8 tua la festa, se oggi al cascinale<br \/>\nnon toccherai la cenere del forno,<br \/>\nn\u00e9 il sapone t&#8217;andr\u00e0 per il canale.<\/p>\n<p>Lentamente ondeggiando in due colonne<br \/>\nmuove dall\u2019ombra al sol la processione.<br \/>\nIn quel gaio ruscello d&#8217;orazione<br \/>\nt&#8217;han messo l\u00ec tra gli angeli e le donne,<\/p>\n<p>e senza cero, che ti basta un fiore.<br \/>\nAll\u2019apparir dei bimbi sul sagrato<br \/>\nla torre getta un grido disperato:<br \/>\ncrede che le rapiscano il Signore.<\/p>\n<p>Mentre precedi la Madonna in trono<br \/>\nche per scettro ha un bambino cos\u00ec bello,<br \/>\ne sfogli dal tuo piccolo cestello<br \/>\nla rosa rossa che hai portato in dono;<\/p>\n<p>e canti, come i grilli prigionieri,<br \/>\nin quel corretto che l\u2019ascolta Iddio,<br \/>\nsi volge il sole in accorato addio.<br \/>\nL&#8217;ombra cammina gi\u00e0 per i sentieri,<\/p>\n<p>i prati oscura, acceca le fontane<br \/>\ne tra le case va, straniera scalza;<br \/>\nla divorante sua statura innalza<br \/>\ne affida il suo lamento alle campane.<\/p>\n<p>E se fu bello il d\u00ec, soave \u00e8 questa<br \/>\nd&#8217;accorati ricordi ora segreta,<br \/>\nquest&#8217;ora d&#8217;agonia del d\u00ec di festa,<br \/>\nquesto morir d\u2019una giornata lieta.<\/p>\n<p>Deponi il nastro, la collana, il tulle<br \/>\nripetendo nel cuor, mentre ti spogli<br \/>\nlenta come una rosa che ti sfogli,<br \/>\nla laude d&#8217;un coretto di fanciulle.<\/p>\n<p>&nbsp;<\/p>\n<p><a href=\"https:\/\/www.filastrocche.it\/contenuti\/wp-content\/uploads\/2018\/10\/pezzani-innocenza-copertina-550.jpg\"><img loading=\"lazy\" decoding=\"async\" width=\"550\" height=\"804\" class=\"aligncenter wp-image-214942 size-full\" title=\"Innocenza\" src=\"https:\/\/www.filastrocche.it\/contenuti\/wp-content\/uploads\/2018\/10\/pezzani-innocenza-copertina-550.jpg\" alt=\"Innocenza\" srcset=\"https:\/\/www.filastrocche.it\/contenuti\/wp-content\/uploads\/2018\/10\/pezzani-innocenza-copertina-550.jpg 550w, https:\/\/www.filastrocche.it\/contenuti\/wp-content\/uploads\/2018\/10\/pezzani-innocenza-copertina-550-205x300.jpg 205w\" sizes=\"auto, (max-width: 550px) 100vw, 550px\" \/><\/a><\/p>\n<p>&nbsp;<\/p>\n<p><a href=\"https:\/\/www.filastrocche.it\/feste\/poesie-di-renzo-pezzani\/\"><img loading=\"lazy\" decoding=\"async\" width=\"150\" height=\"215\" class=\"alignnone wp-image-212079 size-full\" title=\"Poesie di Renzo Pezzani\" src=\"https:\/\/www.filastrocche.it\/contenuti\/wp-content\/uploads\/2001\/02\/i-mesi-renzo-pezzani-150.jpg\" alt=\"Poesie di Renzo Pezzani\"   \/><\/a><br \/>\nPer leggere altre <a href=\"https:\/\/www.filastrocche.it\/feste\/poesie-di-renzo-pezzani\/\"><strong>Poesie di Renzo Pezzani, clicca qui<\/strong><\/a>!<\/p>\n<p><a href=\"https:\/\/www.filastrocche.it\/feste\/filastrocche-di-renzo-pezzani\/\"><img loading=\"lazy\" decoding=\"async\" width=\"150\" height=\"148\" class=\"alignnone wp-image-212081 size-full\" title=\"Filastrocche di Renzo Pezzani\" src=\"https:\/\/www.filastrocche.it\/contenuti\/wp-content\/uploads\/2001\/02\/la-settimana-renzo-pezzani-150.jpg\" alt=\"Filastrocche di Renzo Pezzani\"   \/><\/a><br \/>\nPer leggere altre <a href=\"https:\/\/www.filastrocche.it\/feste\/filastrocche-di-renzo-pezzani\/\"><strong>Filastrocche di Renzo Pezzani, clicca qui<\/strong><\/a>!<\/p>\n<p>&nbsp;<\/p>\n<p><a href=\"https:\/\/www.filastrocche.it\/feste\/speciale-scuola\/\"><img loading=\"lazy\" decoding=\"async\" width=\"169\" height=\"45\" class=\"alignnone wp-image-174673 size-full\" title=\"Speciale Scuola\" src=\"https:\/\/www.filastrocche.it\/contenuti\/wp-content\/uploads\/2014\/02\/scritta_specialescuola.gif\" alt=\"Speciale Scuola\"   \/><\/a><br \/>\n<a href=\"https:\/\/www.filastrocche.it\/feste\/speciale-scuola\/\"><strong>Visita lo speciale Scuola!<\/strong><\/a><\/p>\n","protected":false},"excerpt":{"rendered":"<p>Leggiamo insieme: Giorno di festa di Renzo Pezzani Come chi dal sentier d&#8217;una foresta tocca una valle fresca e sorridente, bello \u00e8 scostar dagli occhi lentamente un dolce sogno e accorgersi ch&#8217;\u00e8 festa. \u00c8 festa di campane e di paese che la gente negli occhi ha tutto il cuore. Ognuno veste il suo pi\u00f9 bel [&hellip;]<\/p>\n","protected":false},"author":5,"featured_media":215167,"comment_status":"open","ping_status":"open","sticky":false,"template":"","format":"standard","meta":{"footnotes":""},"categories":[9,51],"tags":[475,187,189,3397],"sponsors":[],"class_list":["post-215228","post","type-post","status-publish","format-standard","has-post-thumbnail","hentry","category-poesie","category-poesie-dautore","tag-festa","tag-poesia","tag-poesie-2","tag-renzo-pezzani","lingua-italiano","scopo-intrattenimento"],"yoast_head":"<!-- This site is optimized with the Yoast SEO plugin v26.2 - https:\/\/yoast.com\/wordpress\/plugins\/seo\/ -->\n<title>Giorno di festa di Renzo Pezzani - Poesie d&#039;Autore su Filastrocche.it<\/title>\n<meta name=\"description\" content=\"Testo della poesia dal titolo: Giorno di festa di Renzo Pezzani, tratta dal libro: Innocenza della Societ\u00e0 Editrice Internazionale, edizione del 1950...\" \/>\n<meta name=\"robots\" content=\"index, follow, max-snippet:-1, max-image-preview:large, max-video-preview:-1\" \/>\n<link rel=\"canonical\" href=\"https:\/\/www.filastrocche.it\/contenuti\/giorno-di-festa\/\" \/>\n<meta property=\"og:locale\" content=\"it_IT\" \/>\n<meta property=\"og:type\" content=\"article\" \/>\n<meta property=\"og:title\" content=\"Giorno di festa di Renzo Pezzani - Poesie d&#039;Autore su Filastrocche.it\" \/>\n<meta property=\"og:description\" content=\"Testo della poesia dal titolo: Giorno di festa di Renzo Pezzani, tratta dal libro: Innocenza della Societ\u00e0 Editrice Internazionale, edizione del 1950...\" \/>\n<meta property=\"og:url\" content=\"https:\/\/www.filastrocche.it\/contenuti\/giorno-di-festa\/\" \/>\n<meta property=\"og:site_name\" content=\"I testi della tradizione di Filastrocche.it\" \/>\n<meta property=\"article:author\" content=\"http:\/\/www.facebook.com\/jolanda.restano\" \/>\n<meta property=\"article:published_time\" content=\"2019-02-15T04:00:23+00:00\" \/>\n<meta property=\"og:image\" content=\"https:\/\/www.filastrocche.it\/contenuti\/wp-content\/uploads\/2018\/10\/pezzani-innocenza-giorno-di-festa-550.jpg\" \/>\n\t<meta property=\"og:image:width\" content=\"550\" \/>\n\t<meta property=\"og:image:height\" content=\"857\" \/>\n\t<meta property=\"og:image:type\" content=\"image\/jpeg\" \/>\n<meta name=\"author\" content=\"Jolanda\" \/>\n<meta name=\"twitter:label1\" content=\"Scritto da\" \/>\n\t<meta name=\"twitter:data1\" content=\"Jolanda\" \/>\n\t<meta name=\"twitter:label2\" content=\"Tempo di lettura stimato\" \/>\n\t<meta name=\"twitter:data2\" content=\"2 minuti\" \/>\n<!-- \/ Yoast SEO plugin. -->","yoast_head_json":{"title":"Giorno di festa di Renzo Pezzani - Poesie d'Autore su Filastrocche.it","description":"Testo della poesia dal titolo: Giorno di festa di Renzo Pezzani, tratta dal libro: Innocenza della Societ\u00e0 Editrice Internazionale, edizione del 1950...","robots":{"index":"index","follow":"follow","max-snippet":"max-snippet:-1","max-image-preview":"max-image-preview:large","max-video-preview":"max-video-preview:-1"},"canonical":"https:\/\/www.filastrocche.it\/contenuti\/giorno-di-festa\/","og_locale":"it_IT","og_type":"article","og_title":"Giorno di festa di Renzo Pezzani - Poesie d'Autore su Filastrocche.it","og_description":"Testo della poesia dal titolo: Giorno di festa di Renzo Pezzani, tratta dal libro: Innocenza della Societ\u00e0 Editrice Internazionale, edizione del 1950...","og_url":"https:\/\/www.filastrocche.it\/contenuti\/giorno-di-festa\/","og_site_name":"I testi della tradizione di Filastrocche.it","article_author":"http:\/\/www.facebook.com\/jolanda.restano","article_published_time":"2019-02-15T04:00:23+00:00","og_image":[{"width":550,"height":857,"url":"https:\/\/www.filastrocche.it\/contenuti\/wp-content\/uploads\/2018\/10\/pezzani-innocenza-giorno-di-festa-550.jpg","type":"image\/jpeg"}],"author":"Jolanda","twitter_misc":{"Scritto da":"Jolanda","Tempo di lettura stimato":"2 minuti"},"schema":{"@context":"https:\/\/schema.org","@graph":[{"@type":"WebPage","@id":"https:\/\/www.filastrocche.it\/contenuti\/giorno-di-festa\/","url":"https:\/\/www.filastrocche.it\/contenuti\/giorno-di-festa\/","name":"Giorno di festa di Renzo Pezzani - Poesie d'Autore su Filastrocche.it","isPartOf":{"@id":"https:\/\/www.filastrocche.it\/contenuti\/#website"},"primaryImageOfPage":{"@id":"https:\/\/www.filastrocche.it\/contenuti\/giorno-di-festa\/#primaryimage"},"image":{"@id":"https:\/\/www.filastrocche.it\/contenuti\/giorno-di-festa\/#primaryimage"},"thumbnailUrl":"https:\/\/www.filastrocche.it\/contenuti\/wp-content\/uploads\/2018\/10\/pezzani-innocenza-giorno-di-festa-550.jpg","datePublished":"2019-02-15T04:00:23+00:00","author":{"@id":"https:\/\/www.filastrocche.it\/contenuti\/#\/schema\/person\/13a7995b740342851d3a3c001f9dd658"},"description":"Testo della poesia dal titolo: Giorno di festa di Renzo Pezzani, tratta dal libro: Innocenza della Societ\u00e0 Editrice Internazionale, edizione del 1950...","breadcrumb":{"@id":"https:\/\/www.filastrocche.it\/contenuti\/giorno-di-festa\/#breadcrumb"},"inLanguage":"it-IT","potentialAction":[{"@type":"ReadAction","target":["https:\/\/www.filastrocche.it\/contenuti\/giorno-di-festa\/"]}]},{"@type":"ImageObject","inLanguage":"it-IT","@id":"https:\/\/www.filastrocche.it\/contenuti\/giorno-di-festa\/#primaryimage","url":"https:\/\/www.filastrocche.it\/contenuti\/wp-content\/uploads\/2018\/10\/pezzani-innocenza-giorno-di-festa-550.jpg","contentUrl":"https:\/\/www.filastrocche.it\/contenuti\/wp-content\/uploads\/2018\/10\/pezzani-innocenza-giorno-di-festa-550.jpg","width":550,"height":857},{"@type":"BreadcrumbList","@id":"https:\/\/www.filastrocche.it\/contenuti\/giorno-di-festa\/#breadcrumb","itemListElement":[{"@type":"ListItem","position":1,"name":"Home","item":"https:\/\/www.filastrocche.it\/contenuti\/"},{"@type":"ListItem","position":2,"name":"Giorno di festa"}]},{"@type":"WebSite","@id":"https:\/\/www.filastrocche.it\/contenuti\/#website","url":"https:\/\/www.filastrocche.it\/contenuti\/","name":"I testi della tradizione di Filastrocche.it","description":"Filastrocche, fiabe, canzoni e...","potentialAction":[{"@type":"SearchAction","target":{"@type":"EntryPoint","urlTemplate":"https:\/\/www.filastrocche.it\/contenuti\/?s={search_term_string}"},"query-input":{"@type":"PropertyValueSpecification","valueRequired":true,"valueName":"search_term_string"}}],"inLanguage":"it-IT"},{"@type":"Person","@id":"https:\/\/www.filastrocche.it\/contenuti\/#\/schema\/person\/13a7995b740342851d3a3c001f9dd658","name":"Jolanda","image":{"@type":"ImageObject","inLanguage":"it-IT","@id":"https:\/\/www.filastrocche.it\/contenuti\/#\/schema\/person\/image\/","url":"https:\/\/secure.gravatar.com\/avatar\/1b1f38df48384d8f75481e92c0cbf9e3494d37f3cf35cd02b0f5cba7d63f7349?s=96&d=mm&r=g","contentUrl":"https:\/\/secure.gravatar.com\/avatar\/1b1f38df48384d8f75481e92c0cbf9e3494d37f3cf35cd02b0f5cba7d63f7349?s=96&d=mm&r=g","caption":"Jolanda"},"sameAs":["http:\/\/www.facebook.com\/jolanda.restano","https:\/\/x.com\/jolandarestano"],"url":"https:\/\/www.filastrocche.it\/contenuti\/author\/jolanda\/"}]}},"_links":{"self":[{"href":"https:\/\/www.filastrocche.it\/contenuti\/wp-json\/wp\/v2\/posts\/215228","targetHints":{"allow":["GET"]}}],"collection":[{"href":"https:\/\/www.filastrocche.it\/contenuti\/wp-json\/wp\/v2\/posts"}],"about":[{"href":"https:\/\/www.filastrocche.it\/contenuti\/wp-json\/wp\/v2\/types\/post"}],"author":[{"embeddable":true,"href":"https:\/\/www.filastrocche.it\/contenuti\/wp-json\/wp\/v2\/users\/5"}],"replies":[{"embeddable":true,"href":"https:\/\/www.filastrocche.it\/contenuti\/wp-json\/wp\/v2\/comments?post=215228"}],"version-history":[{"count":1,"href":"https:\/\/www.filastrocche.it\/contenuti\/wp-json\/wp\/v2\/posts\/215228\/revisions"}],"predecessor-version":[{"id":215229,"href":"https:\/\/www.filastrocche.it\/contenuti\/wp-json\/wp\/v2\/posts\/215228\/revisions\/215229"}],"wp:featuredmedia":[{"embeddable":true,"href":"https:\/\/www.filastrocche.it\/contenuti\/wp-json\/wp\/v2\/media\/215167"}],"wp:attachment":[{"href":"https:\/\/www.filastrocche.it\/contenuti\/wp-json\/wp\/v2\/media?parent=215228"}],"wp:term":[{"taxonomy":"category","embeddable":true,"href":"https:\/\/www.filastrocche.it\/contenuti\/wp-json\/wp\/v2\/categories?post=215228"},{"taxonomy":"post_tag","embeddable":true,"href":"https:\/\/www.filastrocche.it\/contenuti\/wp-json\/wp\/v2\/tags?post=215228"},{"taxonomy":"sponsors","embeddable":true,"href":"https:\/\/www.filastrocche.it\/contenuti\/wp-json\/wp\/v2\/sponsors?post=215228"}],"curies":[{"name":"wp","href":"https:\/\/api.w.org\/{rel}","templated":true}]}}