{"id":215571,"date":"2020-11-12T06:00:04","date_gmt":"2020-11-12T04:00:04","guid":{"rendered":"https:\/\/www.filastrocche.it\/contenuti\/?p=215571"},"modified":"2020-11-17T12:50:10","modified_gmt":"2020-11-17T10:50:10","slug":"ai-lauri","status":"publish","type":"post","link":"https:\/\/www.filastrocche.it\/contenuti\/ai-lauri\/","title":{"rendered":"Ai lauri"},"content":{"rendered":"<h2><img loading=\"lazy\" decoding=\"async\" width=\"550\" height=\"412\" class=\"aligncenter wp-image-215761 size-full\" title=\"Ai lauri\" src=\"https:\/\/www.filastrocche.it\/contenuti\/wp-content\/uploads\/2018\/10\/lauro.jpg\" alt=\"Ai lauri\" srcset=\"https:\/\/www.filastrocche.it\/contenuti\/wp-content\/uploads\/2018\/10\/lauro.jpg 550w, https:\/\/www.filastrocche.it\/contenuti\/wp-content\/uploads\/2018\/10\/lauro-300x225.jpg 300w\" sizes=\"auto, (max-width: 550px) 100vw, 550px\" \/>Leggiamo insieme: <strong>Ai lauri<\/strong> di Gabriele D&#8217;Annunzio<\/h2>\n<p>Lauri, che ne la grande ombra severa<br \/>\naccoglieste il pensoso adolescente,<br \/>\nparlatemi di lui, la prima sera.<\/p>\n<p>Parlatemi di lui benignamente<br \/>\nvecchi lauri, per\u00f2 ch&#8217;egli forse ode;<br \/>\nper\u00f2 ch&#8217;egli \u00e8 lontano e pur presente.<\/p>\n<p>Quanto v&#8217;amava il giovine custode!<br \/>\nE quante volte a la sua fronte amica<br \/>\ntendeste i rami in ascoltar la lode!<\/p>\n<p>Egli leggea quel libro ove pudica<br \/>\nl&#8217;Anima geme, lacrima e des\u00eca<br \/>\nchiusa nel velo d&#8217;una Grazia antica.<\/p>\n<p>Lento d&#8217;intorno il bel giardin sal\u00eca<br \/>\nfiorendo, come un sogno dal cuor sale;<br \/>\nrigato da la pura melod\u00eca,<\/p>\n<p>in una luce insolita spirtale<br \/>\nche non era del cielo ma sul mondo<br \/>\neffusa da la pagina immortale.<\/p>\n<p>O lauri, io son colui. Non pi\u00f9 m&#8217;ascondo.<br \/>\nIo son colui che lesse il libro e vide<br \/>\nquella luce e gio\u00ec nel cor profondo.<\/p>\n<p>Tutto \u00e8 perduto? Il raggio ultimo irride<br \/>\nnel gran bacino l&#8217;acqua putre e scarsa;<br \/>\nil paone su l&#8217;alto muro stride;<\/p>\n<p>tra la gramigna livida e riarsa<br \/>\ngiacciono spenti i cari iddii del loco&#8230;<br \/>\nOgni divinit\u00e0 dunque \u00e8 scomparsa?<\/p>\n<p>Sol giunge suono di campane fioco.<br \/>\nA qual dolore l&#8217;onda pia si frange!<br \/>\nL&#8217;ombra invade una casa a poco a poco,<br \/>\nla triste casa ove mia madre piange.<\/p>\n<p>&nbsp;<\/p>\n<p>&nbsp;<\/p>\n<p><a href=\"https:\/\/www.filastrocche.it\/feste\/filastrocche-sugli-alberi\/\"><img loading=\"lazy\" decoding=\"async\" width=\"150\" height=\"100\" class=\"alignnone wp-image-179839 size-full\" title=\"filastrocche sugli Alberi\" src=\"https:\/\/www.filastrocche.it\/contenuti\/wp-content\/uploads\/2014\/10\/albero-quercia-150.jpg\" alt=\"filastrocche sugli Alberi\" \/><\/a><br \/>\nSe cercate le pi\u00f9 belle <a href=\"https:\/\/www.filastrocche.it\/feste\/filastrocche-sugli-alberi\/\"><strong>filastrocche sugli Alberi, cliccate qui<\/strong><\/a>!<\/p>\n<p><a href=\"https:\/\/www.filastrocche.it\/feste\/poesie-sugli-alberi\/\"><img loading=\"lazy\" decoding=\"async\" width=\"150\" height=\"100\" class=\"alignnone wp-image-187213 size-full\" title=\"Poesie sugli Alberi\" src=\"https:\/\/www.filastrocche.it\/contenuti\/wp-content\/uploads\/2014\/10\/alberi-150.jpg\" alt=\"Poesie sugli Alberi\" \/><\/a><br \/>\nSe cercate le migliori <a href=\"https:\/\/www.filastrocche.it\/feste\/poesie-sugli-alberi\/\"><strong>Poesie sugli Alberi, cliccate qui<\/strong><\/a>!<\/p>\n","protected":false},"excerpt":{"rendered":"<p>Leggiamo insieme: Ai lauri di Gabriele D&#8217;Annunzio Lauri, che ne la grande ombra severa accoglieste il pensoso adolescente, parlatemi di lui, la prima sera. Parlatemi di lui benignamente vecchi lauri, per\u00f2 ch&#8217;egli forse ode; per\u00f2 ch&#8217;egli \u00e8 lontano e pur presente. Quanto v&#8217;amava il giovine custode! E quante volte a la sua fronte amica tendeste [&hellip;]<\/p>\n","protected":false},"author":3289,"featured_media":215761,"comment_status":"open","ping_status":"open","sticky":false,"template":"","format":"standard","meta":{"footnotes":""},"categories":[9,51],"tags":[203,6809,3405,187,189],"sponsors":[],"class_list":["post-215571","post","type-post","status-publish","format-standard","has-post-thumbnail","hentry","category-poesie","category-poesie-dautore","tag-albero","tag-festa-degli-alberi","tag-gabriele-dannunzio","tag-poesia","tag-poesie-2","lingua-italiano","scopo-intrattenimento"],"yoast_head":"<!-- This site is optimized with the Yoast SEO plugin v26.2 - https:\/\/yoast.com\/wordpress\/plugins\/seo\/ -->\n<title>Ai lauri - poesia di Gabriele D&#039;Annunzio in Filastrocche.it<\/title>\n<meta name=\"description\" content=\"Testo della poesia Ai lauri di Gabriele D&#039;Annunzio in Filastrocche.it. Inizio: Lauri, che ne la grande ombra severa accoglieste il pensoso adolescente...\" \/>\n<meta name=\"robots\" content=\"index, follow, max-snippet:-1, max-image-preview:large, max-video-preview:-1\" \/>\n<link rel=\"canonical\" href=\"https:\/\/www.filastrocche.it\/contenuti\/ai-lauri\/\" \/>\n<meta property=\"og:locale\" content=\"it_IT\" \/>\n<meta property=\"og:type\" content=\"article\" \/>\n<meta property=\"og:title\" content=\"Ai lauri - poesia di Gabriele D&#039;Annunzio in Filastrocche.it\" \/>\n<meta property=\"og:description\" content=\"Testo della poesia Ai lauri di Gabriele D&#039;Annunzio in Filastrocche.it. Inizio: Lauri, che ne la grande ombra severa accoglieste il pensoso adolescente...\" \/>\n<meta property=\"og:url\" content=\"https:\/\/www.filastrocche.it\/contenuti\/ai-lauri\/\" \/>\n<meta property=\"og:site_name\" content=\"I testi della tradizione di Filastrocche.it\" \/>\n<meta property=\"article:published_time\" content=\"2020-11-12T04:00:04+00:00\" \/>\n<meta property=\"article:modified_time\" content=\"2020-11-17T10:50:10+00:00\" \/>\n<meta property=\"og:image\" content=\"https:\/\/www.filastrocche.it\/contenuti\/wp-content\/uploads\/2018\/10\/lauro.jpg\" \/>\n\t<meta property=\"og:image:width\" content=\"550\" \/>\n\t<meta property=\"og:image:height\" content=\"412\" \/>\n\t<meta property=\"og:image:type\" content=\"image\/jpeg\" \/>\n<meta name=\"author\" content=\"Ilaria Pavetto\" \/>\n<meta name=\"twitter:label1\" content=\"Scritto da\" \/>\n\t<meta name=\"twitter:data1\" content=\"Ilaria Pavetto\" \/>\n\t<meta name=\"twitter:label2\" content=\"Tempo di lettura stimato\" \/>\n\t<meta name=\"twitter:data2\" content=\"1 minuto\" \/>\n<!-- \/ Yoast SEO plugin. -->","yoast_head_json":{"title":"Ai lauri - poesia di Gabriele D'Annunzio in Filastrocche.it","description":"Testo della poesia Ai lauri di Gabriele D'Annunzio in Filastrocche.it. Inizio: Lauri, che ne la grande ombra severa accoglieste il pensoso adolescente...","robots":{"index":"index","follow":"follow","max-snippet":"max-snippet:-1","max-image-preview":"max-image-preview:large","max-video-preview":"max-video-preview:-1"},"canonical":"https:\/\/www.filastrocche.it\/contenuti\/ai-lauri\/","og_locale":"it_IT","og_type":"article","og_title":"Ai lauri - poesia di Gabriele D'Annunzio in Filastrocche.it","og_description":"Testo della poesia Ai lauri di Gabriele D'Annunzio in Filastrocche.it. Inizio: Lauri, che ne la grande ombra severa accoglieste il pensoso adolescente...","og_url":"https:\/\/www.filastrocche.it\/contenuti\/ai-lauri\/","og_site_name":"I testi della tradizione di Filastrocche.it","article_published_time":"2020-11-12T04:00:04+00:00","article_modified_time":"2020-11-17T10:50:10+00:00","og_image":[{"width":550,"height":412,"url":"https:\/\/www.filastrocche.it\/contenuti\/wp-content\/uploads\/2018\/10\/lauro.jpg","type":"image\/jpeg"}],"author":"Ilaria Pavetto","twitter_misc":{"Scritto da":"Ilaria Pavetto","Tempo di lettura stimato":"1 minuto"},"schema":{"@context":"https:\/\/schema.org","@graph":[{"@type":"WebPage","@id":"https:\/\/www.filastrocche.it\/contenuti\/ai-lauri\/","url":"https:\/\/www.filastrocche.it\/contenuti\/ai-lauri\/","name":"Ai lauri - poesia di Gabriele D'Annunzio in Filastrocche.it","isPartOf":{"@id":"https:\/\/www.filastrocche.it\/contenuti\/#website"},"primaryImageOfPage":{"@id":"https:\/\/www.filastrocche.it\/contenuti\/ai-lauri\/#primaryimage"},"image":{"@id":"https:\/\/www.filastrocche.it\/contenuti\/ai-lauri\/#primaryimage"},"thumbnailUrl":"https:\/\/www.filastrocche.it\/contenuti\/wp-content\/uploads\/2018\/10\/lauro.jpg","datePublished":"2020-11-12T04:00:04+00:00","dateModified":"2020-11-17T10:50:10+00:00","author":{"@id":"https:\/\/www.filastrocche.it\/contenuti\/#\/schema\/person\/50e504679a1975d8be9aa68e635143b1"},"description":"Testo della poesia Ai lauri di Gabriele D'Annunzio in Filastrocche.it. Inizio: Lauri, che ne la grande ombra severa accoglieste il pensoso adolescente...","breadcrumb":{"@id":"https:\/\/www.filastrocche.it\/contenuti\/ai-lauri\/#breadcrumb"},"inLanguage":"it-IT","potentialAction":[{"@type":"ReadAction","target":["https:\/\/www.filastrocche.it\/contenuti\/ai-lauri\/"]}]},{"@type":"ImageObject","inLanguage":"it-IT","@id":"https:\/\/www.filastrocche.it\/contenuti\/ai-lauri\/#primaryimage","url":"https:\/\/www.filastrocche.it\/contenuti\/wp-content\/uploads\/2018\/10\/lauro.jpg","contentUrl":"https:\/\/www.filastrocche.it\/contenuti\/wp-content\/uploads\/2018\/10\/lauro.jpg","width":550,"height":412},{"@type":"BreadcrumbList","@id":"https:\/\/www.filastrocche.it\/contenuti\/ai-lauri\/#breadcrumb","itemListElement":[{"@type":"ListItem","position":1,"name":"Home","item":"https:\/\/www.filastrocche.it\/contenuti\/"},{"@type":"ListItem","position":2,"name":"Ai lauri"}]},{"@type":"WebSite","@id":"https:\/\/www.filastrocche.it\/contenuti\/#website","url":"https:\/\/www.filastrocche.it\/contenuti\/","name":"I testi della tradizione di Filastrocche.it","description":"Filastrocche, fiabe, canzoni e...","potentialAction":[{"@type":"SearchAction","target":{"@type":"EntryPoint","urlTemplate":"https:\/\/www.filastrocche.it\/contenuti\/?s={search_term_string}"},"query-input":{"@type":"PropertyValueSpecification","valueRequired":true,"valueName":"search_term_string"}}],"inLanguage":"it-IT"},{"@type":"Person","@id":"https:\/\/www.filastrocche.it\/contenuti\/#\/schema\/person\/50e504679a1975d8be9aa68e635143b1","name":"Ilaria Pavetto","image":{"@type":"ImageObject","inLanguage":"it-IT","@id":"https:\/\/www.filastrocche.it\/contenuti\/#\/schema\/person\/image\/","url":"https:\/\/secure.gravatar.com\/avatar\/20ba7c12b1ca97dadfdc48a7a9bac6727149538af92a439e5cba06ae64a82ea0?s=96&d=mm&r=g","contentUrl":"https:\/\/secure.gravatar.com\/avatar\/20ba7c12b1ca97dadfdc48a7a9bac6727149538af92a439e5cba06ae64a82ea0?s=96&d=mm&r=g","caption":"Ilaria Pavetto"},"url":"https:\/\/www.filastrocche.it\/contenuti\/author\/redazione-ilaria\/"}]}},"_links":{"self":[{"href":"https:\/\/www.filastrocche.it\/contenuti\/wp-json\/wp\/v2\/posts\/215571","targetHints":{"allow":["GET"]}}],"collection":[{"href":"https:\/\/www.filastrocche.it\/contenuti\/wp-json\/wp\/v2\/posts"}],"about":[{"href":"https:\/\/www.filastrocche.it\/contenuti\/wp-json\/wp\/v2\/types\/post"}],"author":[{"embeddable":true,"href":"https:\/\/www.filastrocche.it\/contenuti\/wp-json\/wp\/v2\/users\/3289"}],"replies":[{"embeddable":true,"href":"https:\/\/www.filastrocche.it\/contenuti\/wp-json\/wp\/v2\/comments?post=215571"}],"version-history":[{"count":3,"href":"https:\/\/www.filastrocche.it\/contenuti\/wp-json\/wp\/v2\/posts\/215571\/revisions"}],"predecessor-version":[{"id":233689,"href":"https:\/\/www.filastrocche.it\/contenuti\/wp-json\/wp\/v2\/posts\/215571\/revisions\/233689"}],"wp:featuredmedia":[{"embeddable":true,"href":"https:\/\/www.filastrocche.it\/contenuti\/wp-json\/wp\/v2\/media\/215761"}],"wp:attachment":[{"href":"https:\/\/www.filastrocche.it\/contenuti\/wp-json\/wp\/v2\/media?parent=215571"}],"wp:term":[{"taxonomy":"category","embeddable":true,"href":"https:\/\/www.filastrocche.it\/contenuti\/wp-json\/wp\/v2\/categories?post=215571"},{"taxonomy":"post_tag","embeddable":true,"href":"https:\/\/www.filastrocche.it\/contenuti\/wp-json\/wp\/v2\/tags?post=215571"},{"taxonomy":"sponsors","embeddable":true,"href":"https:\/\/www.filastrocche.it\/contenuti\/wp-json\/wp\/v2\/sponsors?post=215571"}],"curies":[{"name":"wp","href":"https:\/\/api.w.org\/{rel}","templated":true}]}}