{"id":216781,"date":"2019-01-01T06:14:39","date_gmt":"2019-01-01T04:14:39","guid":{"rendered":"https:\/\/www.filastrocche.it\/contenuti\/?p=216781"},"modified":"2022-03-17T10:53:17","modified_gmt":"2022-03-17T08:53:17","slug":"la-pace-21","status":"publish","type":"post","link":"https:\/\/www.filastrocche.it\/contenuti\/la-pace-21\/","title":{"rendered":"La pace"},"content":{"rendered":"<p><img loading=\"lazy\" decoding=\"async\" width=\"640\" height=\"416\" class=\"aligncenter wp-image-216928 size-full\" title=\"La pace\" src=\"https:\/\/www.filastrocche.it\/contenuti\/wp-content\/uploads\/2018\/12\/pace_mondo.jpg\" alt=\"La pace\" srcset=\"https:\/\/www.filastrocche.it\/contenuti\/wp-content\/uploads\/2018\/12\/pace_mondo.jpg 640w, https:\/\/www.filastrocche.it\/contenuti\/wp-content\/uploads\/2018\/12\/pace_mondo-300x195.jpg 300w\" sizes=\"auto, (max-width: 640px) 100vw, 640px\" \/>Non importa chi tu sia,<br \/>\nuomo, donna,<br \/>\nvecchio o fanciullo,<br \/>\noperaio o contadino,<br \/>\nsoldato, studente o commerciante;<br \/>\nnon importa quale sia il tuo credo politico<br \/>\no quello religioso<br \/>\nse ti chiedono qual \u00e8 la cosa<br \/>\npi\u00f9 importante per l&#8217;umanit\u00e0,<br \/>\nrispondi<br \/>\nprima<br \/>\ndopo<br \/>\nsempre:<br \/>\nLa pace!<\/p>\n<p>&nbsp;<\/p>\n<p><a href=\"https:\/\/www.filastrocche.it\/feste\/filastrocche-di-pace\/\"><img loading=\"lazy\" decoding=\"async\" width=\"170\" height=\"113\" class=\"alignnone wp-image-240116 size-full\" title=\"Filastrocche di Pace\" src=\"https:\/\/www.filastrocche.it\/contenuti\/wp-content\/uploads\/2015\/01\/filastrocche-di-pace-170.jpg\" alt=\"Filastrocche di Pace\" \/><\/a><br \/>\nSe cercate altre\u00a0<a href=\"https:\/\/www.filastrocche.it\/feste\/filastrocche-di-pace\/\"><strong>Filastrocche di Pace, cliccate qui<\/strong><\/a>!<\/p>\n<p><a href=\"https:\/\/www.filastrocche.it\/feste\/poesie-sulla-pace\/\"><img loading=\"lazy\" decoding=\"async\" width=\"150\" height=\"213\" class=\"alignnone wp-image-240118 size-full\" title=\"Poesie sulla Pace\" src=\"https:\/\/www.filastrocche.it\/contenuti\/wp-content\/uploads\/2015\/01\/poesie-sulla-pace-150.jpg\" alt=\"Poesie sulla Pace\" \/><\/a><br \/>\nSe cercate altre\u00a0<a href=\"https:\/\/www.filastrocche.it\/feste\/poesie-sulla-pace\/\"><strong>Poesie sulla Pace, cliccate qui<\/strong><\/a>!<\/p>\n<p>&nbsp;<\/p>\n","protected":false},"excerpt":{"rendered":"<p>Non importa chi tu sia, uomo, donna, vecchio o fanciullo, operaio o contadino, soldato, studente o commerciante; non importa quale sia il tuo credo politico o quello religioso se ti chiedono qual \u00e8 la cosa pi\u00f9 importante per l&#8217;umanit\u00e0, rispondi prima dopo sempre: La pace! &nbsp; Se cercate altre\u00a0Filastrocche di Pace, cliccate qui! Se cercate [&hellip;]<\/p>\n","protected":false},"author":3289,"featured_media":216928,"comment_status":"open","ping_status":"open","sticky":false,"template":"","format":"standard","meta":{"footnotes":""},"categories":[9,51],"tags":[7558,5257,621,187,189],"sponsors":[],"class_list":["post-216781","post","type-post","status-publish","format-standard","has-post-thumbnail","hentry","category-poesie","category-poesie-dautore","tag-giornata-mondiale-della-pace","tag-li-tien-min","tag-pace","tag-poesia","tag-poesie-2","lingua-italiano","scopo-intrattenimento"],"yoast_head":"<!-- This site is optimized with the Yoast SEO plugin v26.2 - https:\/\/yoast.com\/wordpress\/plugins\/seo\/ -->\n<title>La pace - poesia sulla pace di Li Tien Min in Filastrocche.it<\/title>\n<meta name=\"description\" content=\"Testo della poesia La pace di Li Tien Min in Filastrocche.it. Inizio: Non importa chi tu sia, uomo, donna, vecchio o fanciullo, operaio o contadino...\" \/>\n<meta name=\"robots\" content=\"index, follow, max-snippet:-1, max-image-preview:large, max-video-preview:-1\" \/>\n<link rel=\"canonical\" href=\"https:\/\/www.filastrocche.it\/contenuti\/la-pace-21\/\" \/>\n<meta property=\"og:locale\" content=\"it_IT\" \/>\n<meta property=\"og:type\" content=\"article\" \/>\n<meta property=\"og:title\" content=\"La pace - poesia sulla pace di Li Tien Min in Filastrocche.it\" \/>\n<meta property=\"og:description\" content=\"Testo della poesia La pace di Li Tien Min in Filastrocche.it. Inizio: Non importa chi tu sia, uomo, donna, vecchio o fanciullo, operaio o contadino...\" \/>\n<meta property=\"og:url\" content=\"https:\/\/www.filastrocche.it\/contenuti\/la-pace-21\/\" \/>\n<meta property=\"og:site_name\" content=\"I testi della tradizione di Filastrocche.it\" \/>\n<meta property=\"article:published_time\" content=\"2019-01-01T04:14:39+00:00\" \/>\n<meta property=\"article:modified_time\" content=\"2022-03-17T08:53:17+00:00\" \/>\n<meta property=\"og:image\" content=\"https:\/\/www.filastrocche.it\/contenuti\/wp-content\/uploads\/2018\/12\/pace_mondo.jpg\" \/>\n\t<meta property=\"og:image:width\" content=\"640\" \/>\n\t<meta property=\"og:image:height\" content=\"416\" \/>\n\t<meta property=\"og:image:type\" content=\"image\/jpeg\" \/>\n<meta name=\"author\" content=\"Ilaria Pavetto\" \/>\n<meta name=\"twitter:label1\" content=\"Scritto da\" \/>\n\t<meta name=\"twitter:data1\" content=\"Ilaria Pavetto\" \/>\n\t<meta name=\"twitter:label2\" content=\"Tempo di lettura stimato\" \/>\n\t<meta name=\"twitter:data2\" content=\"1 minuto\" \/>\n<!-- \/ Yoast SEO plugin. -->","yoast_head_json":{"title":"La pace - poesia sulla pace di Li Tien Min in Filastrocche.it","description":"Testo della poesia La pace di Li Tien Min in Filastrocche.it. Inizio: Non importa chi tu sia, uomo, donna, vecchio o fanciullo, operaio o contadino...","robots":{"index":"index","follow":"follow","max-snippet":"max-snippet:-1","max-image-preview":"max-image-preview:large","max-video-preview":"max-video-preview:-1"},"canonical":"https:\/\/www.filastrocche.it\/contenuti\/la-pace-21\/","og_locale":"it_IT","og_type":"article","og_title":"La pace - poesia sulla pace di Li Tien Min in Filastrocche.it","og_description":"Testo della poesia La pace di Li Tien Min in Filastrocche.it. Inizio: Non importa chi tu sia, uomo, donna, vecchio o fanciullo, operaio o contadino...","og_url":"https:\/\/www.filastrocche.it\/contenuti\/la-pace-21\/","og_site_name":"I testi della tradizione di Filastrocche.it","article_published_time":"2019-01-01T04:14:39+00:00","article_modified_time":"2022-03-17T08:53:17+00:00","og_image":[{"width":640,"height":416,"url":"https:\/\/www.filastrocche.it\/contenuti\/wp-content\/uploads\/2018\/12\/pace_mondo.jpg","type":"image\/jpeg"}],"author":"Ilaria Pavetto","twitter_misc":{"Scritto da":"Ilaria Pavetto","Tempo di lettura stimato":"1 minuto"},"schema":{"@context":"https:\/\/schema.org","@graph":[{"@type":"WebPage","@id":"https:\/\/www.filastrocche.it\/contenuti\/la-pace-21\/","url":"https:\/\/www.filastrocche.it\/contenuti\/la-pace-21\/","name":"La pace - poesia sulla pace di Li Tien Min in Filastrocche.it","isPartOf":{"@id":"https:\/\/www.filastrocche.it\/contenuti\/#website"},"primaryImageOfPage":{"@id":"https:\/\/www.filastrocche.it\/contenuti\/la-pace-21\/#primaryimage"},"image":{"@id":"https:\/\/www.filastrocche.it\/contenuti\/la-pace-21\/#primaryimage"},"thumbnailUrl":"https:\/\/www.filastrocche.it\/contenuti\/wp-content\/uploads\/2018\/12\/pace_mondo.jpg","datePublished":"2019-01-01T04:14:39+00:00","dateModified":"2022-03-17T08:53:17+00:00","author":{"@id":"https:\/\/www.filastrocche.it\/contenuti\/#\/schema\/person\/50e504679a1975d8be9aa68e635143b1"},"description":"Testo della poesia La pace di Li Tien Min in Filastrocche.it. Inizio: Non importa chi tu sia, uomo, donna, vecchio o fanciullo, operaio o contadino...","breadcrumb":{"@id":"https:\/\/www.filastrocche.it\/contenuti\/la-pace-21\/#breadcrumb"},"inLanguage":"it-IT","potentialAction":[{"@type":"ReadAction","target":["https:\/\/www.filastrocche.it\/contenuti\/la-pace-21\/"]}]},{"@type":"ImageObject","inLanguage":"it-IT","@id":"https:\/\/www.filastrocche.it\/contenuti\/la-pace-21\/#primaryimage","url":"https:\/\/www.filastrocche.it\/contenuti\/wp-content\/uploads\/2018\/12\/pace_mondo.jpg","contentUrl":"https:\/\/www.filastrocche.it\/contenuti\/wp-content\/uploads\/2018\/12\/pace_mondo.jpg","width":640,"height":416},{"@type":"BreadcrumbList","@id":"https:\/\/www.filastrocche.it\/contenuti\/la-pace-21\/#breadcrumb","itemListElement":[{"@type":"ListItem","position":1,"name":"Home","item":"https:\/\/www.filastrocche.it\/contenuti\/"},{"@type":"ListItem","position":2,"name":"La pace"}]},{"@type":"WebSite","@id":"https:\/\/www.filastrocche.it\/contenuti\/#website","url":"https:\/\/www.filastrocche.it\/contenuti\/","name":"I testi della tradizione di Filastrocche.it","description":"Filastrocche, fiabe, canzoni e...","potentialAction":[{"@type":"SearchAction","target":{"@type":"EntryPoint","urlTemplate":"https:\/\/www.filastrocche.it\/contenuti\/?s={search_term_string}"},"query-input":{"@type":"PropertyValueSpecification","valueRequired":true,"valueName":"search_term_string"}}],"inLanguage":"it-IT"},{"@type":"Person","@id":"https:\/\/www.filastrocche.it\/contenuti\/#\/schema\/person\/50e504679a1975d8be9aa68e635143b1","name":"Ilaria Pavetto","image":{"@type":"ImageObject","inLanguage":"it-IT","@id":"https:\/\/www.filastrocche.it\/contenuti\/#\/schema\/person\/image\/","url":"https:\/\/secure.gravatar.com\/avatar\/20ba7c12b1ca97dadfdc48a7a9bac6727149538af92a439e5cba06ae64a82ea0?s=96&d=mm&r=g","contentUrl":"https:\/\/secure.gravatar.com\/avatar\/20ba7c12b1ca97dadfdc48a7a9bac6727149538af92a439e5cba06ae64a82ea0?s=96&d=mm&r=g","caption":"Ilaria Pavetto"},"url":"https:\/\/www.filastrocche.it\/contenuti\/author\/redazione-ilaria\/"}]}},"_links":{"self":[{"href":"https:\/\/www.filastrocche.it\/contenuti\/wp-json\/wp\/v2\/posts\/216781","targetHints":{"allow":["GET"]}}],"collection":[{"href":"https:\/\/www.filastrocche.it\/contenuti\/wp-json\/wp\/v2\/posts"}],"about":[{"href":"https:\/\/www.filastrocche.it\/contenuti\/wp-json\/wp\/v2\/types\/post"}],"author":[{"embeddable":true,"href":"https:\/\/www.filastrocche.it\/contenuti\/wp-json\/wp\/v2\/users\/3289"}],"replies":[{"embeddable":true,"href":"https:\/\/www.filastrocche.it\/contenuti\/wp-json\/wp\/v2\/comments?post=216781"}],"version-history":[{"count":3,"href":"https:\/\/www.filastrocche.it\/contenuti\/wp-json\/wp\/v2\/posts\/216781\/revisions"}],"predecessor-version":[{"id":240127,"href":"https:\/\/www.filastrocche.it\/contenuti\/wp-json\/wp\/v2\/posts\/216781\/revisions\/240127"}],"wp:featuredmedia":[{"embeddable":true,"href":"https:\/\/www.filastrocche.it\/contenuti\/wp-json\/wp\/v2\/media\/216928"}],"wp:attachment":[{"href":"https:\/\/www.filastrocche.it\/contenuti\/wp-json\/wp\/v2\/media?parent=216781"}],"wp:term":[{"taxonomy":"category","embeddable":true,"href":"https:\/\/www.filastrocche.it\/contenuti\/wp-json\/wp\/v2\/categories?post=216781"},{"taxonomy":"post_tag","embeddable":true,"href":"https:\/\/www.filastrocche.it\/contenuti\/wp-json\/wp\/v2\/tags?post=216781"},{"taxonomy":"sponsors","embeddable":true,"href":"https:\/\/www.filastrocche.it\/contenuti\/wp-json\/wp\/v2\/sponsors?post=216781"}],"curies":[{"name":"wp","href":"https:\/\/api.w.org\/{rel}","templated":true}]}}