{"id":222259,"date":"2020-12-04T06:00:06","date_gmt":"2020-12-04T04:00:06","guid":{"rendered":"https:\/\/www.filastrocche.it\/contenuti\/?p=222259"},"modified":"2020-12-04T10:47:21","modified_gmt":"2020-12-04T08:47:21","slug":"natale-del-pastorello","status":"publish","type":"post","link":"https:\/\/www.filastrocche.it\/contenuti\/natale-del-pastorello\/","title":{"rendered":"Natale del pastorello"},"content":{"rendered":"<p><a href=\"https:\/\/www.filastrocche.it\/contenuti\/wp-content\/uploads\/2019\/04\/natale-del-pastorello-10.jpg\"><img loading=\"lazy\" decoding=\"async\" width=\"530\" height=\"447\" class=\"aligncenter wp-image-222260 size-full\" title=\"Natale del pastorello\" src=\"https:\/\/www.filastrocche.it\/contenuti\/wp-content\/uploads\/2019\/04\/natale-del-pastorello-10.jpg\" alt=\"Natale del pastorello\" srcset=\"https:\/\/www.filastrocche.it\/contenuti\/wp-content\/uploads\/2019\/04\/natale-del-pastorello-10.jpg 530w, https:\/\/www.filastrocche.it\/contenuti\/wp-content\/uploads\/2019\/04\/natale-del-pastorello-10-300x253.jpg 300w\" sizes=\"auto, (max-width: 530px) 100vw, 530px\" \/><\/a><\/p>\n<h2>Leggiamo insieme: <strong>Natale del pastorello<\/strong> di Jolanda Colombini Monti<\/h2>\n<p>Vien Natale. Non sorridi pastorello?<br \/>\nA che pensi con quegli occhi presso al pianto?<br \/>\nSenza lumi scintillanti \u00e8 l&#8217;alberello.<br \/>\nIo mi sento solo solo e triste, tanto.<\/p>\n<p>Ma Natale \u00e8 festa grande, padroncino!<br \/>\nCertamente qui stanotte scender\u00e0<br \/>\ncoi suoi angeli, dal ciel, Ges\u00f9 Bambino<br \/>\ne sul tavolo dei doni lascer\u00e0.<\/p>\n<p>Questa casa \u00e8 troppo piccola, sperduta<br \/>\ned il bosco la nasconde in mezzo ai pini.<br \/>\nRester\u00e0 a Ges\u00f9 Bambino sconosciuta.<br \/>\nMio buon Pucci, come siamo poverini!<\/p>\n<p><a href=\"https:\/\/www.filastrocche.it\/contenuti\/wp-content\/uploads\/2019\/04\/natale-del-pastorello-1.jpg\"><img loading=\"lazy\" decoding=\"async\" width=\"453\" height=\"536\" class=\"aligncenter wp-image-222269 size-full\" title=\"Natale del pastorello\" src=\"https:\/\/www.filastrocche.it\/contenuti\/wp-content\/uploads\/2019\/04\/natale-del-pastorello-1.jpg\" alt=\"Natale del pastorello\" srcset=\"https:\/\/www.filastrocche.it\/contenuti\/wp-content\/uploads\/2019\/04\/natale-del-pastorello-1.jpg 453w, https:\/\/www.filastrocche.it\/contenuti\/wp-content\/uploads\/2019\/04\/natale-del-pastorello-1-254x300.jpg 254w\" sizes=\"auto, (max-width: 453px) 100vw, 453px\" \/><\/a><\/p>\n<p>E pensare che, stanotte, gi\u00f9 in citt\u00e0,<br \/>\nnelle case ferve un gran movimento.<br \/>\nMentre i bimbi vanno a letto in ansiet\u00e0<br \/>\nmolti vegliano in lavoro ed in fermento.<\/p>\n<p>Dentro i forni delle gran pasticcerie<br \/>\ncuocion dolci e panettoni, non lo sai?<br \/>\nTorte, chicche, un monte di goloserie<br \/>\nche tu ed io nemmen sognato abbiamo mai!<\/p>\n<p>Pucci caro, io se penso a tutto questo<br \/>\nnon resisto qui lontano proprio pi\u00f9!<br \/>\nSai che faccio? Svelto svelto ora mi vesto.<br \/>\nVoglio scendere in citt\u00e0. Qui resta tu!<\/p>\n<p><a href=\"https:\/\/www.filastrocche.it\/contenuti\/wp-content\/uploads\/2019\/04\/natale-del-pastorello-2.jpg\"><img loading=\"lazy\" decoding=\"async\" width=\"442\" height=\"543\" class=\"aligncenter wp-image-222268 size-full\" title=\"Natale del pastorello\" src=\"https:\/\/www.filastrocche.it\/contenuti\/wp-content\/uploads\/2019\/04\/natale-del-pastorello-2.jpg\" alt=\"Natale del pastorello\" srcset=\"https:\/\/www.filastrocche.it\/contenuti\/wp-content\/uploads\/2019\/04\/natale-del-pastorello-2.jpg 442w, https:\/\/www.filastrocche.it\/contenuti\/wp-content\/uploads\/2019\/04\/natale-del-pastorello-2-244x300.jpg 244w\" sizes=\"auto, (max-width: 442px) 100vw, 442px\" \/><\/a><\/p>\n<p>Ma la strada \u00e8 lunga lunga. Punge il gelo<br \/>\ne la neve, sotto i passi, sembra vetro.<br \/>\nSpuntan gi\u00e0 stelline tremule nel cielo.<br \/>\nVien la notte, Pastorello. Torna indietro!<\/p>\n<p>Ma il piccino non riflette. Non s&#8217;arresta.<br \/>\nDice: &#8220;A vivere isolato fin quass\u00f9<br \/>\nnon mi godo lo splendore della festa,<br \/>\nnon arriva col suo carico, Ges\u00f9!&#8221;.<\/p>\n<p>Ma, ad un tratto, s&#8217;ode un tonfo ed un lamento.<br \/>\n\u00c8 un bambino, il Pastorello, ch&#8217;\u00e8 svenuto.<br \/>\nLe bestiole gli fan cerchio in un momento.<br \/>\nQui bisogna urgentemente dargli aiuto!<\/p>\n<p><a href=\"https:\/\/www.filastrocche.it\/contenuti\/wp-content\/uploads\/2019\/04\/natale-del-pastorello-3.jpg\"><img loading=\"lazy\" decoding=\"async\" width=\"439\" height=\"535\" class=\"aligncenter wp-image-222267 size-full\" title=\"Natale del pastorello\" src=\"https:\/\/www.filastrocche.it\/contenuti\/wp-content\/uploads\/2019\/04\/natale-del-pastorello-3.jpg\" alt=\"Natale del pastorello\" srcset=\"https:\/\/www.filastrocche.it\/contenuti\/wp-content\/uploads\/2019\/04\/natale-del-pastorello-3.jpg 439w, https:\/\/www.filastrocche.it\/contenuti\/wp-content\/uploads\/2019\/04\/natale-del-pastorello-3-246x300.jpg 246w\" sizes=\"auto, (max-width: 439px) 100vw, 439px\" \/><\/a><\/p>\n<p>Che facciamo? \u00c8 la notte di Natale<br \/>\ned il cielo \u00e8 tutto pieno d&#8217;angioletti<br \/>\nche s&#8217;abbassano con lieve batter d&#8217;ale,<br \/>\nsilenziosi, sui comignoli dei tetti.<\/p>\n<p>Consegnando stan le strenne dei bambini.<br \/>\nSon partiti un&#8217;ora fa, dal Paradiso!<br \/>\nCip&#8230; cip&#8230; cip&#8230; bisbiglian piano gli uccellini<br \/>\nse corressimo da loro a dar l&#8217;avviso?<\/p>\n<p>Ecco gli angeli. Cip&#8230; cip&#8230; parlagli tu.<br \/>\nSenza dubbio, cip&#8230; cip&#8230;cip&#8230; ti ascolteranno&#8230;<br \/>\nCome fidi messaggeri di Ges\u00f9<br \/>\nsono certo che in aiuto ci verranno.<\/p>\n<p><a href=\"https:\/\/www.filastrocche.it\/contenuti\/wp-content\/uploads\/2019\/04\/natale-del-pastorello-4.jpg\"><img loading=\"lazy\" decoding=\"async\" width=\"450\" height=\"527\" class=\"aligncenter wp-image-222266 size-full\" title=\"Natale del pastorello\" src=\"https:\/\/www.filastrocche.it\/contenuti\/wp-content\/uploads\/2019\/04\/natale-del-pastorello-4.jpg\" alt=\"Natale del pastorello\" srcset=\"https:\/\/www.filastrocche.it\/contenuti\/wp-content\/uploads\/2019\/04\/natale-del-pastorello-4.jpg 450w, https:\/\/www.filastrocche.it\/contenuti\/wp-content\/uploads\/2019\/04\/natale-del-pastorello-4-256x300.jpg 256w\" sizes=\"auto, (max-width: 450px) 100vw, 450px\" \/><\/a><\/p>\n<p>I due angeli, deposti tutti i doni,<br \/>\nor nel cielo si preparano a tornare,<br \/>\nma gli amabili uccellini, vispi e buoni,<br \/>\na uno d&#8217;essi trovan modo di parlare.<\/p>\n<p>Che volete creaturine del buon Dio?<br \/>\nUn messaggio forse urgente per Natale?<br \/>\nNo angioletto. Un pastorello buono e pio<br \/>\ngi\u00f9 nel bosco s&#8217;\u00e8 disteso. Forse ha male!<\/p>\n<p>Non sappiamo donde il piccolo veniva<br \/>\ne nemmeno possiam dirti dove andava.<br \/>\nLo Scoiattolo l&#8217;ha visto che dormiva<br \/>\ne ogni tanto nel dormire sospirava.<\/p>\n<p><a href=\"https:\/\/www.filastrocche.it\/contenuti\/wp-content\/uploads\/2019\/04\/natale-del-pastorello-5.jpg\"><img loading=\"lazy\" decoding=\"async\" width=\"478\" height=\"562\" class=\"aligncenter wp-image-222265 size-full\" title=\"Natale del pastorello\" src=\"https:\/\/www.filastrocche.it\/contenuti\/wp-content\/uploads\/2019\/04\/natale-del-pastorello-5.jpg\" alt=\"Natale del pastorello\" srcset=\"https:\/\/www.filastrocche.it\/contenuti\/wp-content\/uploads\/2019\/04\/natale-del-pastorello-5.jpg 478w, https:\/\/www.filastrocche.it\/contenuti\/wp-content\/uploads\/2019\/04\/natale-del-pastorello-5-255x300.jpg 255w\" sizes=\"auto, (max-width: 478px) 100vw, 478px\" \/><\/a><\/p>\n<p>L&#8217;angioletto dice: &#8220;Vengo, miei carini,<br \/>\nvengo subito a vedere cosa c&#8217;\u00e8.<br \/>\nGli angioletti san comprendere i bambini.<br \/>\nVia partiamo insieme in volo tutti e tre&#8221;.<\/p>\n<p>Ecco l&#8217;angelo vicino al pastorello.<br \/>\nLe bestiole gli dan tutte il benvenuto.<br \/>\nPuoi spiegarci che cos&#8217;ha quel bambinello<br \/>\nche nel bosco questa notte s&#8217;\u00e8 sperduto?<\/p>\n<p>Cucciolini, amici cari, quel bimbetto<br \/>\nsi sentiva troppo solo, abbandonato.<br \/>\nRiportatelo alla baita poveretto;<br \/>\nriscaldatelo con tutto il vostro fiato.<\/p>\n<p><a href=\"https:\/\/www.filastrocche.it\/contenuti\/wp-content\/uploads\/2019\/04\/natale-del-pastorello-6.jpg\"><img loading=\"lazy\" decoding=\"async\" width=\"450\" height=\"531\" class=\"aligncenter wp-image-222264 size-full\" title=\"Natale del pastorello\" src=\"https:\/\/www.filastrocche.it\/contenuti\/wp-content\/uploads\/2019\/04\/natale-del-pastorello-6.jpg\" alt=\"Natale del pastorello\" srcset=\"https:\/\/www.filastrocche.it\/contenuti\/wp-content\/uploads\/2019\/04\/natale-del-pastorello-6.jpg 450w, https:\/\/www.filastrocche.it\/contenuti\/wp-content\/uploads\/2019\/04\/natale-del-pastorello-6-254x300.jpg 254w\" sizes=\"auto, (max-width: 450px) 100vw, 450px\" \/><\/a><\/p>\n<p>Che fa, dopo, l&#8217;angioletto in fretta in fretta?<br \/>\nTorna su nel regno azzurro dei balocchi.<br \/>\n\u00c8 rimasto ancor qualcosa&#8230; una trombetta,<br \/>\nun trenino, una scatola coi fiocchi.<\/p>\n<p>Per fortuna, dice lieto l&#8217;angioletto,<br \/>\nqualche gioco resta sempre qui in giacenza,<br \/>\naltrimenti il pastorello, poveretto,<br \/>\nrischierebbe, per Natale, di star senza&#8230;<\/p>\n<p>Oh! chiss\u00e0 se faccio in tempo. Che ora \u00e8?<br \/>\nDebbo giunger certo prima del mattino.<br \/>\nMetto in gerla tutto quel che ancora c&#8217;\u00e8<br \/>\ne al ritorno informer\u00f2 Ges\u00f9 Bambino.<\/p>\n<p><a href=\"https:\/\/www.filastrocche.it\/contenuti\/wp-content\/uploads\/2019\/04\/natale-del-pastorello-7.jpg\"><img loading=\"lazy\" decoding=\"async\" width=\"454\" height=\"530\" class=\"aligncenter wp-image-222263 size-full\" title=\"Natale del pastorello\" src=\"https:\/\/www.filastrocche.it\/contenuti\/wp-content\/uploads\/2019\/04\/natale-del-pastorello-7.jpg\" alt=\"Natale del pastorello\" srcset=\"https:\/\/www.filastrocche.it\/contenuti\/wp-content\/uploads\/2019\/04\/natale-del-pastorello-7.jpg 454w, https:\/\/www.filastrocche.it\/contenuti\/wp-content\/uploads\/2019\/04\/natale-del-pastorello-7-257x300.jpg 257w\" sizes=\"auto, (max-width: 454px) 100vw, 454px\" \/><\/a><\/p>\n<p>Quando il piccolo pastore s&#8217;\u00e8 svegliato,<br \/>\nun solletico ha sentito alle manine&#8230;<br \/>\nDi bestiole s&#8217;\u00e8 trovato circondato<br \/>\ns&#8217;\u00e8 sentito accarezzare da zampine.<\/p>\n<p>Cucciolini, cuccioletti che volete?<br \/>\nperch\u00e9 state tutti intorno ad osservarmi?<br \/>\nNon ho sonno, non ho fame, non ho sete.<br \/>\nCi\u00f2 che voglio, no, voi non potete darmi!<\/p>\n<p>Ma perch\u00e9 mi sospingete sulla via?<br \/>\nIo volevo scender l\u00e0 nella citt\u00e0.<br \/>\nNella piccola sperduta casa mia<br \/>\ntroppo squallido il Natale mi sar\u00e0.<\/p>\n<p><a href=\"https:\/\/www.filastrocche.it\/contenuti\/wp-content\/uploads\/2019\/04\/natale-del-pastorello-8.jpg\"><img loading=\"lazy\" decoding=\"async\" width=\"468\" height=\"546\" class=\"aligncenter wp-image-222262 size-full\" title=\"Natale del pastorello\" src=\"https:\/\/www.filastrocche.it\/contenuti\/wp-content\/uploads\/2019\/04\/natale-del-pastorello-8.jpg\" alt=\"Natale del pastorello\" srcset=\"https:\/\/www.filastrocche.it\/contenuti\/wp-content\/uploads\/2019\/04\/natale-del-pastorello-8.jpg 468w, https:\/\/www.filastrocche.it\/contenuti\/wp-content\/uploads\/2019\/04\/natale-del-pastorello-8-257x300.jpg 257w\" sizes=\"auto, (max-width: 468px) 100vw, 468px\" \/><\/a><\/p>\n<p>Cosa vedono i miei occhi? Ma chi \u00e8 stato?<br \/>\nPucci dondola la coda e fa un sorriso.<br \/>\nUn bell&#8217;angelo stanotte qui \u00e8 passato&#8230;<br \/>\npoi in volo \u00e8 risalito in Paradiso.<\/p>\n<p>L&#8217;alberello che ho lasciato disadorno,<br \/>\nora splende di lumini e fili d&#8217;argento!<br \/>\nBuon Natale, Pastorello! Che bel giorno!<br \/>\nNon ti senti il cuore ilare e contento?<\/p>\n<p>Pastorello perch\u00e9 stai senza parole?<br \/>\nSembran chiedergli i bei cuccioli vicino.<br \/>\nEntra, entra Pastorello: Ges\u00f9 vuole<br \/>\nche a Natale sia felice ogni bambino!<\/p>\n<p><a href=\"https:\/\/www.filastrocche.it\/contenuti\/wp-content\/uploads\/2019\/04\/natale-del-pastorello-9.jpg\"><img loading=\"lazy\" decoding=\"async\" width=\"486\" height=\"573\" class=\"aligncenter wp-image-222261 size-full\" title=\"Natale del pastorello\" src=\"https:\/\/www.filastrocche.it\/contenuti\/wp-content\/uploads\/2019\/04\/natale-del-pastorello-9.jpg\" alt=\"Natale del pastorello\" srcset=\"https:\/\/www.filastrocche.it\/contenuti\/wp-content\/uploads\/2019\/04\/natale-del-pastorello-9.jpg 486w, https:\/\/www.filastrocche.it\/contenuti\/wp-content\/uploads\/2019\/04\/natale-del-pastorello-9-254x300.jpg 254w\" sizes=\"auto, (max-width: 486px) 100vw, 486px\" \/><\/a><\/p>\n<p><em>Illustrazioni di Mariapia (Maria Pia Franzoni Tomba)<\/em><\/p>\n<p><a href=\"https:\/\/www.filastrocche.it\/contenuti\/wp-content\/uploads\/2019\/04\/natale-del-pastorello-copertina.jpg\"><img loading=\"lazy\" decoding=\"async\" width=\"387\" height=\"508\" class=\"aligncenter wp-image-222270 size-full\" title=\"Natale del pastorello\" src=\"https:\/\/www.filastrocche.it\/contenuti\/wp-content\/uploads\/2019\/04\/natale-del-pastorello-copertina.jpg\" alt=\"Natale del pastorello\" srcset=\"https:\/\/www.filastrocche.it\/contenuti\/wp-content\/uploads\/2019\/04\/natale-del-pastorello-copertina.jpg 387w, https:\/\/www.filastrocche.it\/contenuti\/wp-content\/uploads\/2019\/04\/natale-del-pastorello-copertina-229x300.jpg 229w\" sizes=\"auto, (max-width: 387px) 100vw, 387px\" \/><\/a><\/p>\n<p>&nbsp;<\/p>\n<p><a href=\"https:\/\/www.filastrocche.it\/feste\/filastrocche-di-jolanda-colombini-monti\/\"><img loading=\"lazy\" decoding=\"async\" width=\"150\" height=\"174\" class=\"alignnone wp-image-228864 size-full\" title=\"Filastrocche di Jolanda Colombini Monti\" src=\"https:\/\/www.filastrocche.it\/contenuti\/wp-content\/uploads\/2016\/03\/filastrocche-di-jolanda-colombini-monti-150.jpg\" alt=\"Filastrocche di Jolanda Colombini Monti\"   \/><\/a><br \/>\nPer altre <a href=\"https:\/\/www.filastrocche.it\/feste\/filastrocche-di-jolanda-colombini-monti\/\"><strong>Filastrocche di Jolanda Colombini Monti, clicca qui<\/strong><\/a>!<\/p>\n<p><a href=\"https:\/\/www.filastrocche.it\/feste\/poesie-di-jolanda-colombini-monti\/\"><img loading=\"lazy\" decoding=\"async\" width=\"150\" height=\"177\" class=\"alignnone wp-image-228865 size-full\" title=\"Poesie di Jolanda Colombini Monti\" src=\"https:\/\/www.filastrocche.it\/contenuti\/wp-content\/uploads\/2016\/03\/poesie-di-jolanda-colombini-monti-150.jpg\" alt=\"Poesie di Jolanda Colombini Monti\"   \/><\/a><br \/>\nPer altre <strong><a href=\"https:\/\/www.filastrocche.it\/feste\/poesie-di-jolanda-colombini-monti\/\">Poesie di Jolanda Colombini Monti, clicca qui<\/a><\/strong>!<\/p>\n<p>&nbsp;<\/p>\n<p><a href=\"https:\/\/www.filastrocche.it\/feste\/poesie-di-natale\/\"><img loading=\"lazy\" decoding=\"async\" width=\"150\" height=\"100\" class=\"alignnone wp-image-188165 size-full\" title=\"Poesie di Natale\" src=\"https:\/\/www.filastrocche.it\/contenuti\/wp-content\/uploads\/2017\/11\/poesie-natale-150.jpg\" alt=\"Poesie di Natale\" \/><\/a><br \/>\nPer le migliori <a href=\"https:\/\/www.filastrocche.it\/feste\/poesie-di-natale\/\"><strong>Poesie di Natale, clicca qui<\/strong><\/a>!<\/p>\n<p><a href=\"https:\/\/www.filastrocche.it\/feste\/filastrocche-di-natale\/\"><img loading=\"lazy\" decoding=\"async\" width=\"150\" height=\"143\" class=\"alignnone wp-image-188163 size-full\" title=\"Filastrocche di Natale\" src=\"https:\/\/www.filastrocche.it\/contenuti\/wp-content\/uploads\/2017\/11\/filastrocche-natale-150.jpg\" alt=\"Filastrocche di Natale\" \/><\/a><br \/>\nPer le pi\u00f9 belle <a href=\"https:\/\/www.filastrocche.it\/feste\/filastrocche-di-natale\/\"><strong>Filastrocche di Natale, clicca qui<\/strong><\/a>!<\/p>\n<p><a href=\"https:\/\/www.filastrocche.it\/feste\/canzoni-di-natale\/\"><img loading=\"lazy\" decoding=\"async\" width=\"150\" height=\"150\" class=\"alignnone wp-image-188161 size-full\" title=\"Canzoni di Natale\" src=\"https:\/\/www.filastrocche.it\/contenuti\/wp-content\/uploads\/2017\/11\/canzoni-natale-150.jpg\" alt=\"Canzoni di Natale\" \/><\/a><br \/>\nPer le pi\u00f9 belle <a href=\"https:\/\/www.filastrocche.it\/feste\/canzoni-di-natale\/\"><strong>Canzoni di Natale, clicca qui<\/strong><\/a>!<\/p>\n<p><a href=\"https:\/\/www.filastrocche.it\/feste\/ascolta-le-filastrocche-di-natale\/\"><img loading=\"lazy\" decoding=\"async\" width=\"100\" height=\"138\" class=\"alignnone wp-image-188159 size-full\" title=\"Ascolta le filastrocche di Natale\" src=\"https:\/\/www.filastrocche.it\/contenuti\/wp-content\/uploads\/2017\/11\/recite-natale-120.jpg\" alt=\"Ascolta le filastrocche di Natale\" \/><\/a><br \/>\nPer ASCOLTARE le <a href=\"https:\/\/www.filastrocche.it\/feste\/ascolta-le-filastrocche-di-natale\/\"><strong>recite di alcune tra le pi\u00f9 famose filastrocche di Natale, clicca qui<\/strong><\/a>!<\/p>\n<p><a href=\"https:\/\/www.filastrocche.it\/feste\/filastrocche-di-capodanno\/\"><img loading=\"lazy\" decoding=\"async\" width=\"150\" height=\"99\" class=\"alignnone wp-image-188157 size-full\" title=\"Filastrocche di Capodanno\" src=\"https:\/\/www.filastrocche.it\/contenuti\/wp-content\/uploads\/2017\/11\/filastrocche-capodanno-150.jpg\" alt=\"Filastrocche di Capodanno\" \/><\/a><br \/>\nPer le pi\u00f9 belle <a href=\"https:\/\/www.filastrocche.it\/feste\/filastrocche-di-capodanno\/\"><strong>Filastrocche di Capodanno, cliccate qui<\/strong><\/a>!<\/p>\n<p><a href=\"https:\/\/www.filastrocche.it\/feste\/poesie-di-capodanno\/\"><img loading=\"lazy\" decoding=\"async\" width=\"150\" height=\"150\" class=\"alignnone wp-image-188155 size-full\" title=\"Poesie di Capodanno\" src=\"https:\/\/www.filastrocche.it\/contenuti\/wp-content\/uploads\/2017\/11\/poesie-capodanno-150.jpg\" alt=\"Poesie di Capodanno\" \/><\/a><br \/>\nPer le migliori <a href=\"https:\/\/www.filastrocche.it\/feste\/poesie-di-capodanno\/\"><strong>Poesie di Capodanno, cliccate qui<\/strong><\/a>!<\/p>\n<p><a href=\"https:\/\/www.filastrocche.it\/feste\/poesie-su-epifania\/\"><img loading=\"lazy\" decoding=\"async\" width=\"150\" height=\"150\" class=\"alignnone wp-image-188153 size-full\" title=\"Poesie su Epifania\" src=\"https:\/\/www.filastrocche.it\/contenuti\/wp-content\/uploads\/2017\/11\/poesie-epifania-re-magi-cometa-150.jpg\" alt=\"Poesie su Epifania\" \/><\/a><br \/>\nPer le pi\u00f9 belle <a href=\"https:\/\/www.filastrocche.it\/feste\/poesie-su-epifania\/\"><strong>Poesie su Epifania, Re Magi e Stella Cometa, cliccate qui<\/strong><\/a>!<\/p>\n<p><a href=\"https:\/\/www.filastrocche.it\/feste\/filastrocche-su-epifania\/\"><img loading=\"lazy\" decoding=\"async\" width=\"150\" height=\"150\" class=\"alignnone wp-image-188151 size-full\" title=\"Filastrocche su Epifania\" src=\"https:\/\/www.filastrocche.it\/contenuti\/wp-content\/uploads\/2017\/11\/filastrocche-epifania-re-magi-stella-cometa-150.jpg\" alt=\"Filastrocche su Epifania\" \/><\/a><a href=\"https:\/\/www.filastrocche.it\/contenuti\/wp-content\/uploads\/2017\/11\/filastrocche-epifania-re-magi-stella-cometa-150.jpg\"><br \/>\n<\/a>Per le migliori <a href=\"https:\/\/www.filastrocche.it\/feste\/filastrocche-su-epifania\/\"><strong>Filastrocche su Epifania, Re Magi e stella cometa, clicca qui<\/strong><\/a>!<\/p>\n<p><a href=\"https:\/\/www.filastrocche.it\/feste\/filastrocche-sulla-befana\/\"><img loading=\"lazy\" decoding=\"async\" width=\"150\" height=\"132\" class=\"alignnone wp-image-188149 size-full\" title=\"Filastrocche sulla Befana\" src=\"https:\/\/www.filastrocche.it\/contenuti\/wp-content\/uploads\/2017\/11\/filastrocche-befana-150.jpg\" alt=\"Filastrocche sulla Befana\" \/><\/a><br \/>\nPer le pi\u00f9 belle <a href=\"https:\/\/www.filastrocche.it\/feste\/filastrocche-sulla-befana\/\"><strong>Filastrocche sulla Befana, clicca qui<\/strong><\/a>!<\/p>\n<p><a href=\"https:\/\/www.filastrocche.it\/feste\/poesie-sulla-befana\/\"><img loading=\"lazy\" decoding=\"async\" width=\"150\" height=\"150\" class=\"alignnone wp-image-188147 size-full\" title=\"Poesie sulla Befana\" src=\"https:\/\/www.filastrocche.it\/contenuti\/wp-content\/uploads\/2017\/11\/poesie-befana-150.jpg\" alt=\"Poesie sulla Befana\" \/><\/a><br \/>\nPer le migliori <a href=\"https:\/\/www.filastrocche.it\/feste\/poesie-sulla-befana\/\"><strong>Poesie sulla Befana, clicca qui<\/strong><\/a>!<\/p>\n<p>&nbsp;<\/p>\n<p><strong>E ANCORA:<\/strong><\/p>\n<p><a href=\"https:\/\/www.filastrocche.it\/feste\/speciale-calendario-avvento\/\"><img loading=\"lazy\" decoding=\"async\" width=\"150\" height=\"148\" class=\"alignnone wp-image-187803 size-full\" title=\"Calendario dell'Avvento\" src=\"https:\/\/www.filastrocche.it\/contenuti\/wp-content\/uploads\/2017\/11\/natale-calendario-avvento-150.jpg\" alt=\"Calendario dell'Avvento\" \/><\/a><br \/>\nPer scoprire <a href=\"https:\/\/www.filastrocche.it\/feste\/speciale-calendario-avvento\/\"><strong>TUTTO sul Calendario dell\u2019Avvento, clicca qui<\/strong><\/a>!<\/p>\n<p><a href=\"https:\/\/www.filastrocche.it\/feste\/lavoretti-di-natale\/\"><img loading=\"lazy\" decoding=\"async\" width=\"150\" height=\"119\" class=\"alignnone wp-image-188145 size-full\" title=\"Lavoretti di Natale\" src=\"https:\/\/www.filastrocche.it\/contenuti\/wp-content\/uploads\/2017\/11\/lavoretti-di-natale-150.jpg\" alt=\"Lavoretti di Natale\" \/><\/a><br \/>\nPer i migliori <a href=\"https:\/\/www.filastrocche.it\/feste\/lavoretti-di-natale\/\"><strong>Lavoretti di Natale, clicca qui<\/strong><\/a>!<\/p>\n<p><a href=\"https:\/\/www.filastrocche.it\/feste\/addobbi-natalizi-fai-da-te\/\"><img loading=\"lazy\" decoding=\"async\" width=\"150\" height=\"110\" class=\"alignnone wp-image-188143 size-full\" title=\"Addobbi natalizi\" src=\"https:\/\/www.filastrocche.it\/contenuti\/wp-content\/uploads\/2017\/11\/addobbi-natalizi-150.jpg\" alt=\"Addobbi natalizi\" \/><\/a><br \/>\nPer i pi\u00f9 begli <a href=\"https:\/\/www.filastrocche.it\/feste\/addobbi-natalizi-fai-da-te\/\"><strong>Addobbi natalizi, clicca qui<\/strong><\/a>!<\/p>\n<p><a href=\"https:\/\/www.filastrocche.it\/feste\/decorazioni-e-addobbi-fai-da-te-per-natale\/\"><img loading=\"lazy\" decoding=\"async\" width=\"100\" height=\"133\" class=\"alignnone wp-image-188141 size-full\" title=\"decorazioni natalizie fai da te\" src=\"https:\/\/www.filastrocche.it\/contenuti\/wp-content\/uploads\/2017\/11\/decorazioni-natale-3-100.jpg\" alt=\"decorazioni natalizie fai da te\" \/><\/a><br \/>\nPer le pi\u00f9 belle <a href=\"https:\/\/www.filastrocche.it\/feste\/decorazioni-e-addobbi-fai-da-te-per-natale\/\"><strong>Decorazioni natalizie fai da te, clicca qui<\/strong><\/a>!<\/p>\n<p><a href=\"https:\/\/www.filastrocche.it\/feste\/creazioni-di-natale\/\"><img loading=\"lazy\" decoding=\"async\" width=\"100\" height=\"88\" class=\"alignnone wp-image-188139 size-full\" title=\"creazioni di Natale fai da te\" src=\"https:\/\/www.filastrocche.it\/contenuti\/wp-content\/uploads\/2017\/11\/creazioni-natale-angioletto-100.jpg\" alt=\"creazioni di Natale fai da te\" \/><\/a><br \/>\nPer altre <a href=\"https:\/\/www.filastrocche.it\/feste\/creazioni-di-natale\/\"><strong>Creazioni di Natale fai da te, clicca qui<\/strong><\/a>!<\/p>\n<p><a href=\"https:\/\/www.filastrocche.it\/feste\/disegni-di-natale-da-colorare\/\"><img loading=\"lazy\" decoding=\"async\" width=\"150\" height=\"130\" class=\"alignnone wp-image-188137 size-full\" title=\"Disegni di Natale da colorare\" src=\"https:\/\/www.filastrocche.it\/contenuti\/wp-content\/uploads\/2017\/11\/disegni-di-natale-150.jpg\" alt=\"Disegni di Natale da colorare\" \/><\/a><br \/>\nPer i pi\u00f9 bei <a href=\"https:\/\/www.filastrocche.it\/feste\/disegni-di-natale-da-colorare\/\"><strong>Disegni di Natale da colorare, clicca qui<\/strong><\/a>!<\/p>\n<p>&nbsp;<\/p>\n<p><a href=\"https:\/\/www.filastrocche.it\/feste\/c\/natale\/\"><strong>Visita lo Speciale Natale!<\/strong><\/a><br \/>\n<a href=\"https:\/\/www.filastrocche.it\/feste\/c\/natale\/\"><img loading=\"lazy\" decoding=\"async\" width=\"144\" height=\"58\" class=\"alignnone wp-image-188135 size-full\" title=\"Speciale Natale\" src=\"https:\/\/www.filastrocche.it\/contenuti\/wp-content\/uploads\/2017\/11\/natale.gif\" alt=\"Speciale Natale\" \/><\/a><\/p>\n<p><a href=\"https:\/\/www.filastrocche.it\/feste\/c\/capodanno\/\"><strong>Visita lo Speciale Capodanno!<\/strong><\/a><br \/>\n<a href=\"https:\/\/www.filastrocche.it\/feste\/c\/capodanno\/\"><img loading=\"lazy\" decoding=\"async\" width=\"227\" height=\"46\" class=\"alignnone wp-image-188133 size-full\" title=\"Speciale Capodanno\" src=\"https:\/\/www.filastrocche.it\/contenuti\/wp-content\/uploads\/2017\/11\/capodanno.gif\" alt=\"Speciale Capodanno\" \/><\/a><\/p>\n<p><a href=\"https:\/\/www.filastrocche.it\/feste\/c\/epifania-befana-remagi\/\"><strong>Visita lo Speciale Befana e Epifania!<\/strong><\/a><br \/>\n<a href=\"https:\/\/www.filastrocche.it\/feste\/c\/epifania-befana-remagi\/\"><img loading=\"lazy\" decoding=\"async\" width=\"278\" height=\"52\" class=\"alignnone wp-image-188131 size-full\" title=\"Speciale Befana e Epifania\" src=\"https:\/\/www.filastrocche.it\/contenuti\/wp-content\/uploads\/2017\/11\/befana.gif\" alt=\"Speciale Befana e Epifania\" \/><\/a><\/p>\n","protected":false},"excerpt":{"rendered":"<p>Leggiamo insieme: Natale del pastorello di Jolanda Colombini Monti Vien Natale. Non sorridi pastorello? A che pensi con quegli occhi presso al pianto? Senza lumi scintillanti \u00e8 l&#8217;alberello. Io mi sento solo solo e triste, tanto. Ma Natale \u00e8 festa grande, padroncino! Certamente qui stanotte scender\u00e0 coi suoi angeli, dal ciel, Ges\u00f9 Bambino e sul [&hellip;]<\/p>\n","protected":false},"author":5,"featured_media":222261,"comment_status":"open","ping_status":"open","sticky":false,"template":"","format":"standard","meta":{"footnotes":""},"categories":[5,28],"tags":[175,527,5205,7656,7654,227],"sponsors":[],"class_list":["post-222259","post","type-post","status-publish","format-standard","has-post-thumbnail","hentry","category-filastrocche","category-filastrocche-dautore","tag-filastrocca","tag-filastrocche-2","tag-jolanda-colombini-monti","tag-maria-pia-franzoni-tomba","tag-mariapia","tag-natale-2","occasioni-natale","lingua-italiano","scopo-intrattenimento"],"yoast_head":"<!-- This site is optimized with the Yoast SEO plugin v26.2 - https:\/\/yoast.com\/wordpress\/plugins\/seo\/ -->\n<title>Natale del pastorello di Jolanda Colombini Monti - Filastrocche.it<\/title>\n<meta name=\"description\" content=\"Testo della filastrocca dal titolo: Natale del pastorello di Jolanda Colombini Monti. Versi iniziali: Vien Natale. Non sorridi pastorello? A che pensi...\" \/>\n<meta name=\"robots\" content=\"index, follow, max-snippet:-1, max-image-preview:large, max-video-preview:-1\" \/>\n<link rel=\"canonical\" href=\"https:\/\/www.filastrocche.it\/contenuti\/natale-del-pastorello\/\" \/>\n<meta property=\"og:locale\" content=\"it_IT\" \/>\n<meta property=\"og:type\" content=\"article\" \/>\n<meta property=\"og:title\" content=\"Natale del pastorello di Jolanda Colombini Monti - Filastrocche.it\" \/>\n<meta property=\"og:description\" content=\"Testo della filastrocca dal titolo: Natale del pastorello di Jolanda Colombini Monti. Versi iniziali: Vien Natale. Non sorridi pastorello? A che pensi...\" \/>\n<meta property=\"og:url\" content=\"https:\/\/www.filastrocche.it\/contenuti\/natale-del-pastorello\/\" \/>\n<meta property=\"og:site_name\" content=\"I testi della tradizione di Filastrocche.it\" \/>\n<meta property=\"article:author\" content=\"http:\/\/www.facebook.com\/jolanda.restano\" \/>\n<meta property=\"article:published_time\" content=\"2020-12-04T04:00:06+00:00\" \/>\n<meta property=\"article:modified_time\" content=\"2020-12-04T08:47:21+00:00\" \/>\n<meta property=\"og:image\" content=\"https:\/\/www.filastrocche.it\/contenuti\/wp-content\/uploads\/2019\/04\/natale-del-pastorello-9.jpg\" \/>\n\t<meta property=\"og:image:width\" content=\"486\" \/>\n\t<meta property=\"og:image:height\" content=\"573\" \/>\n\t<meta property=\"og:image:type\" content=\"image\/jpeg\" \/>\n<meta name=\"author\" content=\"Jolanda\" \/>\n<meta name=\"twitter:label1\" content=\"Scritto da\" \/>\n\t<meta name=\"twitter:data1\" content=\"Jolanda\" \/>\n\t<meta name=\"twitter:label2\" content=\"Tempo di lettura stimato\" \/>\n\t<meta name=\"twitter:data2\" content=\"5 minuti\" \/>\n<!-- \/ Yoast SEO plugin. -->","yoast_head_json":{"title":"Natale del pastorello di Jolanda Colombini Monti - Filastrocche.it","description":"Testo della filastrocca dal titolo: Natale del pastorello di Jolanda Colombini Monti. Versi iniziali: Vien Natale. Non sorridi pastorello? A che pensi...","robots":{"index":"index","follow":"follow","max-snippet":"max-snippet:-1","max-image-preview":"max-image-preview:large","max-video-preview":"max-video-preview:-1"},"canonical":"https:\/\/www.filastrocche.it\/contenuti\/natale-del-pastorello\/","og_locale":"it_IT","og_type":"article","og_title":"Natale del pastorello di Jolanda Colombini Monti - Filastrocche.it","og_description":"Testo della filastrocca dal titolo: Natale del pastorello di Jolanda Colombini Monti. Versi iniziali: Vien Natale. Non sorridi pastorello? A che pensi...","og_url":"https:\/\/www.filastrocche.it\/contenuti\/natale-del-pastorello\/","og_site_name":"I testi della tradizione di Filastrocche.it","article_author":"http:\/\/www.facebook.com\/jolanda.restano","article_published_time":"2020-12-04T04:00:06+00:00","article_modified_time":"2020-12-04T08:47:21+00:00","og_image":[{"width":486,"height":573,"url":"https:\/\/www.filastrocche.it\/contenuti\/wp-content\/uploads\/2019\/04\/natale-del-pastorello-9.jpg","type":"image\/jpeg"}],"author":"Jolanda","twitter_misc":{"Scritto da":"Jolanda","Tempo di lettura stimato":"5 minuti"},"schema":{"@context":"https:\/\/schema.org","@graph":[{"@type":"WebPage","@id":"https:\/\/www.filastrocche.it\/contenuti\/natale-del-pastorello\/","url":"https:\/\/www.filastrocche.it\/contenuti\/natale-del-pastorello\/","name":"Natale del pastorello di Jolanda Colombini Monti - Filastrocche.it","isPartOf":{"@id":"https:\/\/www.filastrocche.it\/contenuti\/#website"},"primaryImageOfPage":{"@id":"https:\/\/www.filastrocche.it\/contenuti\/natale-del-pastorello\/#primaryimage"},"image":{"@id":"https:\/\/www.filastrocche.it\/contenuti\/natale-del-pastorello\/#primaryimage"},"thumbnailUrl":"https:\/\/www.filastrocche.it\/contenuti\/wp-content\/uploads\/2019\/04\/natale-del-pastorello-9.jpg","datePublished":"2020-12-04T04:00:06+00:00","dateModified":"2020-12-04T08:47:21+00:00","author":{"@id":"https:\/\/www.filastrocche.it\/contenuti\/#\/schema\/person\/13a7995b740342851d3a3c001f9dd658"},"description":"Testo della filastrocca dal titolo: Natale del pastorello di Jolanda Colombini Monti. Versi iniziali: Vien Natale. Non sorridi pastorello? A che pensi...","breadcrumb":{"@id":"https:\/\/www.filastrocche.it\/contenuti\/natale-del-pastorello\/#breadcrumb"},"inLanguage":"it-IT","potentialAction":[{"@type":"ReadAction","target":["https:\/\/www.filastrocche.it\/contenuti\/natale-del-pastorello\/"]}]},{"@type":"ImageObject","inLanguage":"it-IT","@id":"https:\/\/www.filastrocche.it\/contenuti\/natale-del-pastorello\/#primaryimage","url":"https:\/\/www.filastrocche.it\/contenuti\/wp-content\/uploads\/2019\/04\/natale-del-pastorello-9.jpg","contentUrl":"https:\/\/www.filastrocche.it\/contenuti\/wp-content\/uploads\/2019\/04\/natale-del-pastorello-9.jpg","width":486,"height":573},{"@type":"BreadcrumbList","@id":"https:\/\/www.filastrocche.it\/contenuti\/natale-del-pastorello\/#breadcrumb","itemListElement":[{"@type":"ListItem","position":1,"name":"Home","item":"https:\/\/www.filastrocche.it\/contenuti\/"},{"@type":"ListItem","position":2,"name":"Natale del pastorello"}]},{"@type":"WebSite","@id":"https:\/\/www.filastrocche.it\/contenuti\/#website","url":"https:\/\/www.filastrocche.it\/contenuti\/","name":"I testi della tradizione di Filastrocche.it","description":"Filastrocche, fiabe, canzoni e...","potentialAction":[{"@type":"SearchAction","target":{"@type":"EntryPoint","urlTemplate":"https:\/\/www.filastrocche.it\/contenuti\/?s={search_term_string}"},"query-input":{"@type":"PropertyValueSpecification","valueRequired":true,"valueName":"search_term_string"}}],"inLanguage":"it-IT"},{"@type":"Person","@id":"https:\/\/www.filastrocche.it\/contenuti\/#\/schema\/person\/13a7995b740342851d3a3c001f9dd658","name":"Jolanda","image":{"@type":"ImageObject","inLanguage":"it-IT","@id":"https:\/\/www.filastrocche.it\/contenuti\/#\/schema\/person\/image\/","url":"https:\/\/secure.gravatar.com\/avatar\/1b1f38df48384d8f75481e92c0cbf9e3494d37f3cf35cd02b0f5cba7d63f7349?s=96&d=mm&r=g","contentUrl":"https:\/\/secure.gravatar.com\/avatar\/1b1f38df48384d8f75481e92c0cbf9e3494d37f3cf35cd02b0f5cba7d63f7349?s=96&d=mm&r=g","caption":"Jolanda"},"sameAs":["http:\/\/www.facebook.com\/jolanda.restano","https:\/\/x.com\/jolandarestano"],"url":"https:\/\/www.filastrocche.it\/contenuti\/author\/jolanda\/"}]}},"_links":{"self":[{"href":"https:\/\/www.filastrocche.it\/contenuti\/wp-json\/wp\/v2\/posts\/222259","targetHints":{"allow":["GET"]}}],"collection":[{"href":"https:\/\/www.filastrocche.it\/contenuti\/wp-json\/wp\/v2\/posts"}],"about":[{"href":"https:\/\/www.filastrocche.it\/contenuti\/wp-json\/wp\/v2\/types\/post"}],"author":[{"embeddable":true,"href":"https:\/\/www.filastrocche.it\/contenuti\/wp-json\/wp\/v2\/users\/5"}],"replies":[{"embeddable":true,"href":"https:\/\/www.filastrocche.it\/contenuti\/wp-json\/wp\/v2\/comments?post=222259"}],"version-history":[{"count":4,"href":"https:\/\/www.filastrocche.it\/contenuti\/wp-json\/wp\/v2\/posts\/222259\/revisions"}],"predecessor-version":[{"id":238600,"href":"https:\/\/www.filastrocche.it\/contenuti\/wp-json\/wp\/v2\/posts\/222259\/revisions\/238600"}],"wp:featuredmedia":[{"embeddable":true,"href":"https:\/\/www.filastrocche.it\/contenuti\/wp-json\/wp\/v2\/media\/222261"}],"wp:attachment":[{"href":"https:\/\/www.filastrocche.it\/contenuti\/wp-json\/wp\/v2\/media?parent=222259"}],"wp:term":[{"taxonomy":"category","embeddable":true,"href":"https:\/\/www.filastrocche.it\/contenuti\/wp-json\/wp\/v2\/categories?post=222259"},{"taxonomy":"post_tag","embeddable":true,"href":"https:\/\/www.filastrocche.it\/contenuti\/wp-json\/wp\/v2\/tags?post=222259"},{"taxonomy":"sponsors","embeddable":true,"href":"https:\/\/www.filastrocche.it\/contenuti\/wp-json\/wp\/v2\/sponsors?post=222259"}],"curies":[{"name":"wp","href":"https:\/\/api.w.org\/{rel}","templated":true}]}}