{"id":230130,"date":"2020-03-20T17:17:41","date_gmt":"2020-03-20T15:17:41","guid":{"rendered":"https:\/\/www.filastrocche.it\/contenuti\/?p=230130"},"modified":"2020-03-20T17:17:41","modified_gmt":"2020-03-20T15:17:41","slug":"il-coronavirus-se-ne-va-per-le-citta","status":"publish","type":"post","link":"https:\/\/www.filastrocche.it\/contenuti\/il-coronavirus-se-ne-va-per-le-citta\/","title":{"rendered":"Il coronavirus se ne va per le citt\u00e0"},"content":{"rendered":"<p><a href=\"https:\/\/www.filastrocche.it\/contenuti\/wp-content\/uploads\/2020\/03\/pandemia-coronavirus.jpg\"><img loading=\"lazy\" decoding=\"async\" width=\"640\" height=\"452\" class=\"aligncenter wp-image-229956 size-full\" title=\"Il coronavirus se ne va per le citt\u00e0\" src=\"https:\/\/www.filastrocche.it\/contenuti\/wp-content\/uploads\/2020\/03\/pandemia-coronavirus.jpg\" alt=\"Il coronavirus se ne va per le citt\u00e0\" srcset=\"https:\/\/www.filastrocche.it\/contenuti\/wp-content\/uploads\/2020\/03\/pandemia-coronavirus.jpg 640w, https:\/\/www.filastrocche.it\/contenuti\/wp-content\/uploads\/2020\/03\/pandemia-coronavirus-300x212.jpg 300w\" sizes=\"auto, (max-width: 640px) 100vw, 640px\" \/><\/a><\/p>\n<p>Il coronavirus se ne va per le citt\u00e0<br \/>\nA contagiarne la met\u00e0,<br \/>\nLe mani ti devi lavare<br \/>\nO se no ti puoi ammalare.<\/p>\n<p>Sto scrivendo questa poesia<br \/>\nPerch\u00e9 fa l\u2019effetto di una magia<br \/>\nPuoi uscire per fare la spesa<br \/>\nSe no devi rimanere a casa,<br \/>\nPuoi giocare col tuo fratellino<br \/>\nSe non fa il birichino,<br \/>\nGiochiamo a carte oppure balliamo<br \/>\nBasta che un po\u2019 ci divertiamo<\/p>\n<p>Caro virus non ti temiamo<br \/>\nAnche se non possiamo pi\u00f9 tenerci per mano!<br \/>\nSai a noi non fai paura<br \/>\nNon puoi passare oltre le nostre mura!<\/p>\n<p>&nbsp;<\/p>\n<p><a href=\"https:\/\/www.filastrocche.it\/feste\/speciale-coronavirus\/\"><img loading=\"lazy\" decoding=\"async\" width=\"150\" height=\"150\" class=\"alignnone wp-image-229979 size-full\" title=\"Speciale Coronavirus\" src=\"https:\/\/www.filastrocche.it\/contenuti\/wp-content\/uploads\/2020\/03\/speciale-coronavirus-150.jpg\" alt=\"Speciale Coronavirus\" \/><\/a><br \/>\nPer lo\u00a0<a href=\"https:\/\/www.filastrocche.it\/feste\/speciale-coronavirus\/\"><strong>Speciale Coronavirus, clicca qui<\/strong><\/a>!<\/p>\n","protected":false},"excerpt":{"rendered":"<p>Il coronavirus se ne va per le citt\u00e0 A contagiarne la met\u00e0, Le mani ti devi lavare O se no ti puoi ammalare. Sto scrivendo questa poesia Perch\u00e9 fa l\u2019effetto di una magia Puoi uscire per fare la spesa Se no devi rimanere a casa, Puoi giocare col tuo fratellino Se non fa il birichino, [&hellip;]<\/p>\n","protected":false},"author":5,"featured_media":229956,"comment_status":"open","ping_status":"open","sticky":false,"template":"","format":"standard","meta":{"footnotes":""},"categories":[9,48],"tags":[7835,7852],"sponsors":[],"class_list":["post-230130","post","type-post","status-publish","format-standard","has-post-thumbnail","hentry","category-poesie","category-poesie-dei-poeti-in-erba","tag-coronavirus","tag-pandemia","lingua-italiano","scopo-intrattenimento"],"yoast_head":"<!-- This site is optimized with the Yoast SEO plugin v26.2 - https:\/\/yoast.com\/wordpress\/plugins\/seo\/ -->\n<title>Il coronavirus se ne va per le citt\u00e0 - Filastrocche su Filastrocche.it<\/title>\n<meta name=\"description\" content=\"Testo della poesia dal titolo: Il coronavirus se ne va per le citt\u00e0 scritta da Elettra Versi iniziali: Il coronavirus se ne va per le citt\u00e0 A contagiarne...\" \/>\n<meta name=\"robots\" content=\"index, follow, max-snippet:-1, max-image-preview:large, max-video-preview:-1\" \/>\n<link rel=\"canonical\" href=\"https:\/\/www.filastrocche.it\/contenuti\/il-coronavirus-se-ne-va-per-le-citta\/\" \/>\n<meta property=\"og:locale\" content=\"it_IT\" \/>\n<meta property=\"og:type\" content=\"article\" \/>\n<meta property=\"og:title\" content=\"Il coronavirus se ne va per le citt\u00e0 - Filastrocche su Filastrocche.it\" \/>\n<meta property=\"og:description\" content=\"Testo della poesia dal titolo: Il coronavirus se ne va per le citt\u00e0 scritta da Elettra Versi iniziali: Il coronavirus se ne va per le citt\u00e0 A contagiarne...\" \/>\n<meta property=\"og:url\" content=\"https:\/\/www.filastrocche.it\/contenuti\/il-coronavirus-se-ne-va-per-le-citta\/\" \/>\n<meta property=\"og:site_name\" content=\"I testi della tradizione di Filastrocche.it\" \/>\n<meta property=\"article:author\" content=\"http:\/\/www.facebook.com\/jolanda.restano\" \/>\n<meta property=\"article:published_time\" content=\"2020-03-20T15:17:41+00:00\" \/>\n<meta property=\"og:image\" content=\"https:\/\/www.filastrocche.it\/contenuti\/wp-content\/uploads\/2020\/03\/pandemia-coronavirus.jpg\" \/>\n\t<meta property=\"og:image:width\" content=\"640\" \/>\n\t<meta property=\"og:image:height\" content=\"452\" \/>\n\t<meta property=\"og:image:type\" content=\"image\/jpeg\" \/>\n<meta name=\"author\" content=\"Jolanda\" \/>\n<meta name=\"twitter:label1\" content=\"Scritto da\" \/>\n\t<meta name=\"twitter:data1\" content=\"Jolanda\" \/>\n\t<meta name=\"twitter:label2\" content=\"Tempo di lettura stimato\" \/>\n\t<meta name=\"twitter:data2\" content=\"1 minuto\" \/>\n<!-- \/ Yoast SEO plugin. -->","yoast_head_json":{"title":"Il coronavirus se ne va per le citt\u00e0 - Filastrocche su Filastrocche.it","description":"Testo della poesia dal titolo: Il coronavirus se ne va per le citt\u00e0 scritta da Elettra Versi iniziali: Il coronavirus se ne va per le citt\u00e0 A contagiarne...","robots":{"index":"index","follow":"follow","max-snippet":"max-snippet:-1","max-image-preview":"max-image-preview:large","max-video-preview":"max-video-preview:-1"},"canonical":"https:\/\/www.filastrocche.it\/contenuti\/il-coronavirus-se-ne-va-per-le-citta\/","og_locale":"it_IT","og_type":"article","og_title":"Il coronavirus se ne va per le citt\u00e0 - Filastrocche su Filastrocche.it","og_description":"Testo della poesia dal titolo: Il coronavirus se ne va per le citt\u00e0 scritta da Elettra Versi iniziali: Il coronavirus se ne va per le citt\u00e0 A contagiarne...","og_url":"https:\/\/www.filastrocche.it\/contenuti\/il-coronavirus-se-ne-va-per-le-citta\/","og_site_name":"I testi della tradizione di Filastrocche.it","article_author":"http:\/\/www.facebook.com\/jolanda.restano","article_published_time":"2020-03-20T15:17:41+00:00","og_image":[{"width":640,"height":452,"url":"https:\/\/www.filastrocche.it\/contenuti\/wp-content\/uploads\/2020\/03\/pandemia-coronavirus.jpg","type":"image\/jpeg"}],"author":"Jolanda","twitter_misc":{"Scritto da":"Jolanda","Tempo di lettura stimato":"1 minuto"},"schema":{"@context":"https:\/\/schema.org","@graph":[{"@type":"WebPage","@id":"https:\/\/www.filastrocche.it\/contenuti\/il-coronavirus-se-ne-va-per-le-citta\/","url":"https:\/\/www.filastrocche.it\/contenuti\/il-coronavirus-se-ne-va-per-le-citta\/","name":"Il coronavirus se ne va per le citt\u00e0 - Filastrocche su Filastrocche.it","isPartOf":{"@id":"https:\/\/www.filastrocche.it\/contenuti\/#website"},"primaryImageOfPage":{"@id":"https:\/\/www.filastrocche.it\/contenuti\/il-coronavirus-se-ne-va-per-le-citta\/#primaryimage"},"image":{"@id":"https:\/\/www.filastrocche.it\/contenuti\/il-coronavirus-se-ne-va-per-le-citta\/#primaryimage"},"thumbnailUrl":"https:\/\/www.filastrocche.it\/contenuti\/wp-content\/uploads\/2020\/03\/pandemia-coronavirus.jpg","datePublished":"2020-03-20T15:17:41+00:00","author":{"@id":"https:\/\/www.filastrocche.it\/contenuti\/#\/schema\/person\/13a7995b740342851d3a3c001f9dd658"},"description":"Testo della poesia dal titolo: Il coronavirus se ne va per le citt\u00e0 scritta da Elettra Versi iniziali: Il coronavirus se ne va per le citt\u00e0 A contagiarne...","breadcrumb":{"@id":"https:\/\/www.filastrocche.it\/contenuti\/il-coronavirus-se-ne-va-per-le-citta\/#breadcrumb"},"inLanguage":"it-IT","potentialAction":[{"@type":"ReadAction","target":["https:\/\/www.filastrocche.it\/contenuti\/il-coronavirus-se-ne-va-per-le-citta\/"]}]},{"@type":"ImageObject","inLanguage":"it-IT","@id":"https:\/\/www.filastrocche.it\/contenuti\/il-coronavirus-se-ne-va-per-le-citta\/#primaryimage","url":"https:\/\/www.filastrocche.it\/contenuti\/wp-content\/uploads\/2020\/03\/pandemia-coronavirus.jpg","contentUrl":"https:\/\/www.filastrocche.it\/contenuti\/wp-content\/uploads\/2020\/03\/pandemia-coronavirus.jpg","width":640,"height":452},{"@type":"BreadcrumbList","@id":"https:\/\/www.filastrocche.it\/contenuti\/il-coronavirus-se-ne-va-per-le-citta\/#breadcrumb","itemListElement":[{"@type":"ListItem","position":1,"name":"Home","item":"https:\/\/www.filastrocche.it\/contenuti\/"},{"@type":"ListItem","position":2,"name":"Il coronavirus se ne va per le citt\u00e0"}]},{"@type":"WebSite","@id":"https:\/\/www.filastrocche.it\/contenuti\/#website","url":"https:\/\/www.filastrocche.it\/contenuti\/","name":"I testi della tradizione di Filastrocche.it","description":"Filastrocche, fiabe, canzoni e...","potentialAction":[{"@type":"SearchAction","target":{"@type":"EntryPoint","urlTemplate":"https:\/\/www.filastrocche.it\/contenuti\/?s={search_term_string}"},"query-input":{"@type":"PropertyValueSpecification","valueRequired":true,"valueName":"search_term_string"}}],"inLanguage":"it-IT"},{"@type":"Person","@id":"https:\/\/www.filastrocche.it\/contenuti\/#\/schema\/person\/13a7995b740342851d3a3c001f9dd658","name":"Jolanda","image":{"@type":"ImageObject","inLanguage":"it-IT","@id":"https:\/\/www.filastrocche.it\/contenuti\/#\/schema\/person\/image\/","url":"https:\/\/secure.gravatar.com\/avatar\/1b1f38df48384d8f75481e92c0cbf9e3494d37f3cf35cd02b0f5cba7d63f7349?s=96&d=mm&r=g","contentUrl":"https:\/\/secure.gravatar.com\/avatar\/1b1f38df48384d8f75481e92c0cbf9e3494d37f3cf35cd02b0f5cba7d63f7349?s=96&d=mm&r=g","caption":"Jolanda"},"sameAs":["http:\/\/www.facebook.com\/jolanda.restano","https:\/\/x.com\/jolandarestano"],"url":"https:\/\/www.filastrocche.it\/contenuti\/author\/jolanda\/"}]}},"_links":{"self":[{"href":"https:\/\/www.filastrocche.it\/contenuti\/wp-json\/wp\/v2\/posts\/230130","targetHints":{"allow":["GET"]}}],"collection":[{"href":"https:\/\/www.filastrocche.it\/contenuti\/wp-json\/wp\/v2\/posts"}],"about":[{"href":"https:\/\/www.filastrocche.it\/contenuti\/wp-json\/wp\/v2\/types\/post"}],"author":[{"embeddable":true,"href":"https:\/\/www.filastrocche.it\/contenuti\/wp-json\/wp\/v2\/users\/5"}],"replies":[{"embeddable":true,"href":"https:\/\/www.filastrocche.it\/contenuti\/wp-json\/wp\/v2\/comments?post=230130"}],"version-history":[{"count":3,"href":"https:\/\/www.filastrocche.it\/contenuti\/wp-json\/wp\/v2\/posts\/230130\/revisions"}],"predecessor-version":[{"id":230133,"href":"https:\/\/www.filastrocche.it\/contenuti\/wp-json\/wp\/v2\/posts\/230130\/revisions\/230133"}],"wp:featuredmedia":[{"embeddable":true,"href":"https:\/\/www.filastrocche.it\/contenuti\/wp-json\/wp\/v2\/media\/229956"}],"wp:attachment":[{"href":"https:\/\/www.filastrocche.it\/contenuti\/wp-json\/wp\/v2\/media?parent=230130"}],"wp:term":[{"taxonomy":"category","embeddable":true,"href":"https:\/\/www.filastrocche.it\/contenuti\/wp-json\/wp\/v2\/categories?post=230130"},{"taxonomy":"post_tag","embeddable":true,"href":"https:\/\/www.filastrocche.it\/contenuti\/wp-json\/wp\/v2\/tags?post=230130"},{"taxonomy":"sponsors","embeddable":true,"href":"https:\/\/www.filastrocche.it\/contenuti\/wp-json\/wp\/v2\/sponsors?post=230130"}],"curies":[{"name":"wp","href":"https:\/\/api.w.org\/{rel}","templated":true}]}}