{"id":232947,"date":"2020-12-14T05:35:14","date_gmt":"2020-12-14T03:35:14","guid":{"rendered":"https:\/\/www.filastrocche.it\/contenuti\/?p=232947"},"modified":"2020-09-30T12:35:37","modified_gmt":"2020-09-30T10:35:37","slug":"natale-e-molto-di-piu","status":"publish","type":"post","link":"https:\/\/www.filastrocche.it\/contenuti\/natale-e-molto-di-piu\/","title":{"rendered":"Natale \u00e8 molto di pi\u00f9"},"content":{"rendered":"<p><img loading=\"lazy\" decoding=\"async\" width=\"640\" height=\"480\" class=\"aligncenter wp-image-216439 size-full\" title=\"Natale \u00e8 molto di pi\u00f9\" src=\"https:\/\/www.filastrocche.it\/contenuti\/wp-content\/uploads\/2018\/11\/Natale_angelo.jpg\" alt=\"Natale \u00e8 molto di pi\u00f9\" srcset=\"https:\/\/www.filastrocche.it\/contenuti\/wp-content\/uploads\/2018\/11\/Natale_angelo.jpg 640w, https:\/\/www.filastrocche.it\/contenuti\/wp-content\/uploads\/2018\/11\/Natale_angelo-300x225.jpg 300w\" sizes=\"auto, (max-width: 640px) 100vw, 640px\" \/><br \/>\n\u00c8 pace nei cuori \u00e8 festa nell&#8217;aria<br \/>\ns\u2019accendono luci e colori<br \/>\nma Natale non \u00e8 solo un pacco regalo<br \/>\n\u00e8 molto di pi\u00f9 molto di pi\u00f9.<\/p>\n<p>Fammi nascere con te<br \/>\nfammi nascere<br \/>\ncon gioia io camminer\u00f2<br \/>\ncon te<br \/>\nfammi nascere con te<br \/>\nfammi nascere<br \/>\ncon gioia io camminer\u00f2<br \/>\ncon te.<\/p>\n<p>Io vengo da te con le mani vuote<br \/>\nnon ho un dono speciale<br \/>\nma so che Natale \u00e8 scegliere te<br \/>\ne donarmi agli altri con semplicit\u00e0.<\/p>\n<p>Fammi nascere con te<br \/>\nfammi nascere<br \/>\ncon gioia io camminer\u00f2<br \/>\ncon te<br \/>\nfammi nascere con te<br \/>\nfammi nascere<br \/>\ncon gioia io camminer\u00f2<br \/>\ncon te.<\/p>\n<p>&nbsp;<\/p>\n<p>Tratta dal CD \u201cCaro Ges\u00f9\u201d, Edizioni Paoline<br \/>\n<a href=\"https:\/\/www.paolinestore.it\/shop\/caro-gesu-6126.html\" target=\"_blank\" rel=\"noopener noreferrer\">Link all\u2019acquisto<\/a><br \/>\n<img loading=\"lazy\" decoding=\"async\" width=\"367\" height=\"407\" class=\"alignleft wp-image-232941\" src=\"https:\/\/www.filastrocche.it\/contenuti\/wp-content\/uploads\/2020\/09\/Caro-Gesu_-Edizioni-Paoline.jpg\" sizes=\"auto, (max-width: 269px) 100vw, 269px\" srcset=\"https:\/\/www.filastrocche.it\/contenuti\/wp-content\/uploads\/2020\/09\/Caro-Gesu_-Edizioni-Paoline.jpg 367w, https:\/\/www.filastrocche.it\/contenuti\/wp-content\/uploads\/2020\/09\/Caro-Gesu_-Edizioni-Paoline-271x300.jpg 271w\" alt=\"\" \/><\/p>\n<p><img loading=\"lazy\" decoding=\"async\" width=\"378\" height=\"32\" class=\"size-full wp-image-52189 aligncenter\" src=\"https:\/\/www.filastrocche.it\/contenuti\/wp-content\/uploads\/2012\/05\/fiori1.gif\" alt=\"\" srcset=\"https:\/\/www.filastrocche.it\/contenuti\/wp-content\/uploads\/2012\/05\/fiori1.gif 378w, https:\/\/www.filastrocche.it\/contenuti\/wp-content\/uploads\/2012\/05\/fiori1-300x25.gif 300w\" sizes=\"auto, (max-width: 378px) 100vw, 378px\" \/><\/p>\n<p><em><strong>E ora cantiamo insieme:<\/strong><\/em><\/p>\n<div class=\"flex-video\"><iframe title=\"NATALE \u00c8 MOLTO DI PI\u00d9 di Gabriella Locuratolo\"   src=\"https:\/\/www.youtube.com\/embed\/PDhZMjb51bw?feature=oembed\" frameborder=\"0\" allow=\"accelerometer; autoplay; clipboard-write; encrypted-media; gyroscope; picture-in-picture; web-share\" referrerpolicy=\"strict-origin-when-cross-origin\" allowfullscreen><\/iframe><\/div>\n<p>&nbsp;<\/p>\n<p><a href=\"https:\/\/www.filastrocche.it\/feste\/canzoni-di-natale\/\"><img loading=\"lazy\" decoding=\"async\" width=\"150\" height=\"150\" class=\"alignnone wp-image-188161 size-full\" title=\"Canzoni di Natale\" src=\"https:\/\/www.filastrocche.it\/contenuti\/wp-content\/uploads\/2017\/11\/canzoni-natale-150.jpg\" alt=\"Canzoni di Natale\" \/><\/a><br \/>\nPer le pi\u00f9 belle\u00a0<a href=\"https:\/\/www.filastrocche.it\/feste\/canzoni-di-natale\/\"><strong>Canzoni di Natale, clicca qui<\/strong><\/a>!<\/p>\n<p><a href=\"https:\/\/www.filastrocche.it\/feste\/poesie-di-natale\/\"><img loading=\"lazy\" decoding=\"async\" width=\"150\" height=\"100\" class=\"alignnone wp-image-188165 size-full\" title=\"Poesie di Natale\" src=\"https:\/\/www.filastrocche.it\/contenuti\/wp-content\/uploads\/2017\/11\/poesie-natale-150.jpg\" alt=\"Poesie di Natale\" \/><\/a><br \/>\nPer le migliori\u00a0<a href=\"https:\/\/www.filastrocche.it\/feste\/poesie-di-natale\/\"><strong>Poesie di Natale, clicca qui<\/strong><\/a>!<\/p>\n<p><a href=\"https:\/\/www.filastrocche.it\/feste\/filastrocche-di-natale\/\"><img loading=\"lazy\" decoding=\"async\" width=\"150\" height=\"143\" class=\"alignnone wp-image-188163 size-full\" title=\"Filastrocche di Natale\" src=\"https:\/\/www.filastrocche.it\/contenuti\/wp-content\/uploads\/2017\/11\/filastrocche-natale-150.jpg\" alt=\"Filastrocche di Natale\" \/><\/a><br \/>\nPer le pi\u00f9 belle\u00a0<a href=\"https:\/\/www.filastrocche.it\/feste\/filastrocche-di-natale\/\"><strong>Filastrocche di Natale, clicca qui<\/strong><\/a>!<\/p>\n<p><a href=\"https:\/\/www.filastrocche.it\/feste\/ascolta-le-filastrocche-di-natale\/\"><img loading=\"lazy\" decoding=\"async\" width=\"100\" height=\"138\" class=\"alignnone wp-image-188159 size-full\" title=\"Ascolta le filastrocche di Natale\" src=\"https:\/\/www.filastrocche.it\/contenuti\/wp-content\/uploads\/2017\/11\/recite-natale-120.jpg\" alt=\"Ascolta le filastrocche di Natale\" \/><\/a><br \/>\nPer ASCOLTARE le\u00a0<a href=\"https:\/\/www.filastrocche.it\/feste\/ascolta-le-filastrocche-di-natale\/\"><strong>recite di alcune tra le pi\u00f9 famose filastrocche di Natale, clicca qui<\/strong><\/a>!<\/p>\n<p><a href=\"https:\/\/www.filastrocche.it\/feste\/filastrocche-di-capodanno\/\"><img loading=\"lazy\" decoding=\"async\" width=\"150\" height=\"99\" class=\"alignnone wp-image-188157 size-full\" title=\"Filastrocche di Capodanno\" src=\"https:\/\/www.filastrocche.it\/contenuti\/wp-content\/uploads\/2017\/11\/filastrocche-capodanno-150.jpg\" alt=\"Filastrocche di Capodanno\" \/><\/a><br \/>\nPer le pi\u00f9 belle\u00a0<a href=\"https:\/\/www.filastrocche.it\/feste\/filastrocche-di-capodanno\/\"><strong>Filastrocche di Capodanno, cliccate qui<\/strong><\/a>!<\/p>\n<p><a href=\"https:\/\/www.filastrocche.it\/feste\/poesie-di-capodanno\/\"><img loading=\"lazy\" decoding=\"async\" width=\"150\" height=\"150\" class=\"alignnone wp-image-188155 size-full\" title=\"Poesie di Capodanno\" src=\"https:\/\/www.filastrocche.it\/contenuti\/wp-content\/uploads\/2017\/11\/poesie-capodanno-150.jpg\" alt=\"Poesie di Capodanno\" \/><\/a><br \/>\nPer le migliori\u00a0<a href=\"https:\/\/www.filastrocche.it\/feste\/poesie-di-capodanno\/\"><strong>Poesie di Capodanno, cliccate qui<\/strong><\/a>!<\/p>\n<p><a href=\"https:\/\/www.filastrocche.it\/feste\/poesie-su-epifania\/\"><img loading=\"lazy\" decoding=\"async\" width=\"150\" height=\"150\" class=\"alignnone wp-image-188153 size-full\" title=\"Poesie su Epifania\" src=\"https:\/\/www.filastrocche.it\/contenuti\/wp-content\/uploads\/2017\/11\/poesie-epifania-re-magi-cometa-150.jpg\" alt=\"Poesie su Epifania\" \/><\/a><br \/>\nPer le pi\u00f9 belle\u00a0<a href=\"https:\/\/www.filastrocche.it\/feste\/poesie-su-epifania\/\"><strong>Poesie su Epifania, Re Magi e Stella Cometa, cliccate qui<\/strong><\/a>!<\/p>\n<p><a href=\"https:\/\/www.filastrocche.it\/feste\/filastrocche-su-epifania\/\"><img loading=\"lazy\" decoding=\"async\" width=\"150\" height=\"150\" class=\"alignnone wp-image-188151 size-full\" title=\"Filastrocche su Epifania\" src=\"https:\/\/www.filastrocche.it\/contenuti\/wp-content\/uploads\/2017\/11\/filastrocche-epifania-re-magi-stella-cometa-150.jpg\" alt=\"Filastrocche su Epifania\" \/><\/a><a href=\"https:\/\/www.filastrocche.it\/contenuti\/wp-content\/uploads\/2017\/11\/filastrocche-epifania-re-magi-stella-cometa-150.jpg\"><br \/>\n<\/a>Per le migliori\u00a0<a href=\"https:\/\/www.filastrocche.it\/feste\/filastrocche-su-epifania\/\"><strong>Filastrocche su Epifania, Re Magi e stella cometa, clicca qui<\/strong><\/a>!<\/p>\n<p><a href=\"https:\/\/www.filastrocche.it\/feste\/filastrocche-sulla-befana\/\"><img loading=\"lazy\" decoding=\"async\" width=\"150\" height=\"132\" class=\"alignnone wp-image-188149 size-full\" title=\"Filastrocche sulla Befana\" src=\"https:\/\/www.filastrocche.it\/contenuti\/wp-content\/uploads\/2017\/11\/filastrocche-befana-150.jpg\" alt=\"Filastrocche sulla Befana\" \/><\/a><br \/>\nPer le pi\u00f9 belle\u00a0<a href=\"https:\/\/www.filastrocche.it\/feste\/filastrocche-sulla-befana\/\"><strong>Filastrocche sulla Befana, clicca qui<\/strong><\/a>!<\/p>\n<p><a href=\"https:\/\/www.filastrocche.it\/feste\/poesie-sulla-befana\/\"><img loading=\"lazy\" decoding=\"async\" width=\"150\" height=\"150\" class=\"alignnone wp-image-188147 size-full\" title=\"Poesie sulla Befana\" src=\"https:\/\/www.filastrocche.it\/contenuti\/wp-content\/uploads\/2017\/11\/poesie-befana-150.jpg\" alt=\"Poesie sulla Befana\" \/><\/a><br \/>\nPer le migliori\u00a0<a href=\"https:\/\/www.filastrocche.it\/feste\/poesie-sulla-befana\/\"><strong>Poesie sulla Befana, clicca qui<\/strong><\/a>!<\/p>\n<p>&nbsp;<\/p>\n<p><strong>E ANCORA:<\/strong><\/p>\n<p><a href=\"https:\/\/www.filastrocche.it\/feste\/speciale-calendario-avvento\/\"><img loading=\"lazy\" decoding=\"async\" width=\"150\" height=\"148\" class=\"alignnone wp-image-187803 size-full\" title=\"Calendario dell'Avvento\" src=\"https:\/\/www.filastrocche.it\/contenuti\/wp-content\/uploads\/2017\/11\/natale-calendario-avvento-150.jpg\" alt=\"Calendario dell'Avvento\" \/><\/a><br \/>\nPer scoprire\u00a0<a href=\"https:\/\/www.filastrocche.it\/feste\/speciale-calendario-avvento\/\"><strong>TUTTO sul Calendario dell\u2019Avvento, clicca qui<\/strong><\/a>!<\/p>\n<p><a href=\"https:\/\/www.filastrocche.it\/feste\/lavoretti-di-natale\/\"><img loading=\"lazy\" decoding=\"async\" width=\"150\" height=\"119\" class=\"alignnone wp-image-188145 size-full\" title=\"Lavoretti di Natale\" src=\"https:\/\/www.filastrocche.it\/contenuti\/wp-content\/uploads\/2017\/11\/lavoretti-di-natale-150.jpg\" alt=\"Lavoretti di Natale\" \/><\/a><br \/>\nPer i migliori\u00a0<a href=\"https:\/\/www.filastrocche.it\/feste\/lavoretti-di-natale\/\"><strong>Lavoretti di Natale, clicca qui<\/strong><\/a>!<\/p>\n<p><a href=\"https:\/\/www.filastrocche.it\/feste\/addobbi-natalizi-fai-da-te\/\"><img loading=\"lazy\" decoding=\"async\" width=\"150\" height=\"110\" class=\"alignnone wp-image-188143 size-full\" title=\"Addobbi natalizi\" src=\"https:\/\/www.filastrocche.it\/contenuti\/wp-content\/uploads\/2017\/11\/addobbi-natalizi-150.jpg\" alt=\"Addobbi natalizi\" \/><\/a><br \/>\nPer i pi\u00f9 begli\u00a0<a href=\"https:\/\/www.filastrocche.it\/feste\/addobbi-natalizi-fai-da-te\/\"><strong>Addobbi natalizi, clicca qui<\/strong><\/a>!<\/p>\n<p><a href=\"https:\/\/www.filastrocche.it\/feste\/decorazioni-e-addobbi-fai-da-te-per-natale\/\"><img loading=\"lazy\" decoding=\"async\" width=\"100\" height=\"133\" class=\"alignnone wp-image-188141 size-full\" title=\"decorazioni natalizie fai da te\" src=\"https:\/\/www.filastrocche.it\/contenuti\/wp-content\/uploads\/2017\/11\/decorazioni-natale-3-100.jpg\" alt=\"decorazioni natalizie fai da te\" \/><\/a><br \/>\nPer le pi\u00f9 belle\u00a0<a href=\"https:\/\/www.filastrocche.it\/feste\/decorazioni-e-addobbi-fai-da-te-per-natale\/\"><strong>Decorazioni natalizie fai da te, clicca qui<\/strong><\/a>!<\/p>\n<p><a href=\"https:\/\/www.filastrocche.it\/feste\/creazioni-di-natale\/\"><img loading=\"lazy\" decoding=\"async\" width=\"100\" height=\"88\" class=\"alignnone wp-image-188139 size-full\" title=\"creazioni di Natale fai da te\" src=\"https:\/\/www.filastrocche.it\/contenuti\/wp-content\/uploads\/2017\/11\/creazioni-natale-angioletto-100.jpg\" alt=\"creazioni di Natale fai da te\" \/><\/a><br \/>\nPer altre\u00a0<a href=\"https:\/\/www.filastrocche.it\/feste\/creazioni-di-natale\/\"><strong>Creazioni di Natale fai da te, clicca qui<\/strong><\/a>!<\/p>\n<p><a href=\"https:\/\/www.filastrocche.it\/feste\/disegni-di-natale-da-colorare\/\"><img loading=\"lazy\" decoding=\"async\" width=\"150\" height=\"130\" class=\"alignnone wp-image-188137 size-full\" title=\"Disegni di Natale da colorare\" src=\"https:\/\/www.filastrocche.it\/contenuti\/wp-content\/uploads\/2017\/11\/disegni-di-natale-150.jpg\" alt=\"Disegni di Natale da colorare\" \/><\/a><br \/>\nPer i pi\u00f9 bei\u00a0<a href=\"https:\/\/www.filastrocche.it\/feste\/disegni-di-natale-da-colorare\/\"><strong>Disegni di Natale da colorare, clicca qui<\/strong><\/a>!<\/p>\n<p>&nbsp;<\/p>\n<p><a href=\"https:\/\/www.filastrocche.it\/feste\/c\/natale\/\"><strong>Visita lo Speciale Natale!<\/strong><\/a><br \/>\n<a href=\"https:\/\/www.filastrocche.it\/feste\/c\/natale\/\"><img loading=\"lazy\" decoding=\"async\" width=\"144\" height=\"58\" class=\"alignnone wp-image-188135 size-full\" title=\"Speciale Natale\" src=\"https:\/\/www.filastrocche.it\/contenuti\/wp-content\/uploads\/2017\/11\/natale.gif\" alt=\"Speciale Natale\" \/><\/a><\/p>\n<p><a href=\"https:\/\/www.filastrocche.it\/feste\/c\/capodanno\/\"><strong>Visita lo Speciale Capodanno!<\/strong><\/a><br \/>\n<a href=\"https:\/\/www.filastrocche.it\/feste\/c\/capodanno\/\"><img loading=\"lazy\" decoding=\"async\" width=\"227\" height=\"46\" class=\"alignnone wp-image-188133 size-full\" title=\"Speciale Capodanno\" src=\"https:\/\/www.filastrocche.it\/contenuti\/wp-content\/uploads\/2017\/11\/capodanno.gif\" alt=\"Speciale Capodanno\" \/><\/a><\/p>\n<p><a href=\"https:\/\/www.filastrocche.it\/feste\/c\/epifania-befana-remagi\/\"><strong>Visita lo Speciale Befana e Epifania!<\/strong><\/a><br \/>\n<a href=\"https:\/\/www.filastrocche.it\/feste\/c\/epifania-befana-remagi\/\"><img loading=\"lazy\" decoding=\"async\" width=\"278\" height=\"52\" class=\"alignnone wp-image-188131 size-full\" title=\"Speciale Befana e Epifania\" src=\"https:\/\/www.filastrocche.it\/contenuti\/wp-content\/uploads\/2017\/11\/befana.gif\" alt=\"Speciale Befana e Epifania\" \/><\/a><\/p>\n<p>&nbsp;<\/p>\n","protected":false},"excerpt":{"rendered":"<p>\u00c8 pace nei cuori \u00e8 festa nell&#8217;aria s\u2019accendono luci e colori ma Natale non \u00e8 solo un pacco regalo \u00e8 molto di pi\u00f9 molto di pi\u00f9. Fammi nascere con te fammi nascere con gioia io camminer\u00f2 con te fammi nascere con te fammi nascere con gioia io camminer\u00f2 con te. Io vengo da te con [&hellip;]<\/p>\n","protected":false},"author":3289,"featured_media":216439,"comment_status":"open","ping_status":"open","sticky":false,"template":"","format":"standard","meta":{"footnotes":""},"categories":[6,34],"tags":[155,2709,227],"sponsors":[],"class_list":["post-232947","post","type-post","status-publish","format-standard","has-post-thumbnail","hentry","category-canzoni","category-canzoni-dei-poeti-in-erba","tag-canzone","tag-canzoni-2","tag-natale-2","occasioni-natale","lingua-italiano","scopo-intrattenimento"],"yoast_head":"<!-- This site is optimized with the Yoast SEO plugin v26.2 - https:\/\/yoast.com\/wordpress\/plugins\/seo\/ -->\n<title>Natale \u00e8 molto di pi\u00f9 - canzone di Gabriella Locuratolo<\/title>\n<meta name=\"robots\" content=\"index, follow, max-snippet:-1, max-image-preview:large, max-video-preview:-1\" \/>\n<link rel=\"canonical\" href=\"https:\/\/www.filastrocche.it\/contenuti\/natale-e-molto-di-piu\/\" \/>\n<meta property=\"og:locale\" content=\"it_IT\" \/>\n<meta property=\"og:type\" content=\"article\" \/>\n<meta property=\"og:title\" content=\"Natale \u00e8 molto di pi\u00f9 - canzone di Gabriella Locuratolo\" \/>\n<meta property=\"og:description\" content=\"\u00c8 pace nei cuori \u00e8 festa nell&#8217;aria s\u2019accendono luci e colori ma Natale non \u00e8 solo un pacco regalo \u00e8 molto di pi\u00f9 molto di pi\u00f9. Fammi nascere con te fammi nascere con gioia io camminer\u00f2 con te fammi nascere con te fammi nascere con gioia io camminer\u00f2 con te. Io vengo da te con [&hellip;]\" \/>\n<meta property=\"og:url\" content=\"https:\/\/www.filastrocche.it\/contenuti\/natale-e-molto-di-piu\/\" \/>\n<meta property=\"og:site_name\" content=\"I testi della tradizione di Filastrocche.it\" \/>\n<meta property=\"article:published_time\" content=\"2020-12-14T03:35:14+00:00\" \/>\n<meta property=\"og:image\" content=\"https:\/\/www.filastrocche.it\/contenuti\/wp-content\/uploads\/2018\/11\/Natale_angelo.jpg\" \/>\n\t<meta property=\"og:image:width\" content=\"640\" \/>\n\t<meta property=\"og:image:height\" content=\"480\" \/>\n\t<meta property=\"og:image:type\" content=\"image\/jpeg\" \/>\n<meta name=\"author\" content=\"Ilaria Pavetto\" \/>\n<meta name=\"twitter:label1\" content=\"Scritto da\" \/>\n\t<meta name=\"twitter:data1\" content=\"Ilaria Pavetto\" \/>\n\t<meta name=\"twitter:label2\" content=\"Tempo di lettura stimato\" \/>\n\t<meta name=\"twitter:data2\" content=\"2 minuti\" \/>\n<!-- \/ Yoast SEO plugin. -->","yoast_head_json":{"title":"Natale \u00e8 molto di pi\u00f9 - canzone di Gabriella Locuratolo","robots":{"index":"index","follow":"follow","max-snippet":"max-snippet:-1","max-image-preview":"max-image-preview:large","max-video-preview":"max-video-preview:-1"},"canonical":"https:\/\/www.filastrocche.it\/contenuti\/natale-e-molto-di-piu\/","og_locale":"it_IT","og_type":"article","og_title":"Natale \u00e8 molto di pi\u00f9 - canzone di Gabriella Locuratolo","og_description":"\u00c8 pace nei cuori \u00e8 festa nell&#8217;aria s\u2019accendono luci e colori ma Natale non \u00e8 solo un pacco regalo \u00e8 molto di pi\u00f9 molto di pi\u00f9. Fammi nascere con te fammi nascere con gioia io camminer\u00f2 con te fammi nascere con te fammi nascere con gioia io camminer\u00f2 con te. Io vengo da te con [&hellip;]","og_url":"https:\/\/www.filastrocche.it\/contenuti\/natale-e-molto-di-piu\/","og_site_name":"I testi della tradizione di Filastrocche.it","article_published_time":"2020-12-14T03:35:14+00:00","og_image":[{"width":640,"height":480,"url":"https:\/\/www.filastrocche.it\/contenuti\/wp-content\/uploads\/2018\/11\/Natale_angelo.jpg","type":"image\/jpeg"}],"author":"Ilaria Pavetto","twitter_misc":{"Scritto da":"Ilaria Pavetto","Tempo di lettura stimato":"2 minuti"},"schema":{"@context":"https:\/\/schema.org","@graph":[{"@type":"WebPage","@id":"https:\/\/www.filastrocche.it\/contenuti\/natale-e-molto-di-piu\/","url":"https:\/\/www.filastrocche.it\/contenuti\/natale-e-molto-di-piu\/","name":"Natale \u00e8 molto di pi\u00f9 - canzone di Gabriella Locuratolo","isPartOf":{"@id":"https:\/\/www.filastrocche.it\/contenuti\/#website"},"primaryImageOfPage":{"@id":"https:\/\/www.filastrocche.it\/contenuti\/natale-e-molto-di-piu\/#primaryimage"},"image":{"@id":"https:\/\/www.filastrocche.it\/contenuti\/natale-e-molto-di-piu\/#primaryimage"},"thumbnailUrl":"https:\/\/www.filastrocche.it\/contenuti\/wp-content\/uploads\/2018\/11\/Natale_angelo.jpg","datePublished":"2020-12-14T03:35:14+00:00","author":{"@id":"https:\/\/www.filastrocche.it\/contenuti\/#\/schema\/person\/50e504679a1975d8be9aa68e635143b1"},"breadcrumb":{"@id":"https:\/\/www.filastrocche.it\/contenuti\/natale-e-molto-di-piu\/#breadcrumb"},"inLanguage":"it-IT","potentialAction":[{"@type":"ReadAction","target":["https:\/\/www.filastrocche.it\/contenuti\/natale-e-molto-di-piu\/"]}]},{"@type":"ImageObject","inLanguage":"it-IT","@id":"https:\/\/www.filastrocche.it\/contenuti\/natale-e-molto-di-piu\/#primaryimage","url":"https:\/\/www.filastrocche.it\/contenuti\/wp-content\/uploads\/2018\/11\/Natale_angelo.jpg","contentUrl":"https:\/\/www.filastrocche.it\/contenuti\/wp-content\/uploads\/2018\/11\/Natale_angelo.jpg","width":640,"height":480},{"@type":"BreadcrumbList","@id":"https:\/\/www.filastrocche.it\/contenuti\/natale-e-molto-di-piu\/#breadcrumb","itemListElement":[{"@type":"ListItem","position":1,"name":"Home","item":"https:\/\/www.filastrocche.it\/contenuti\/"},{"@type":"ListItem","position":2,"name":"Natale \u00e8 molto di pi\u00f9"}]},{"@type":"WebSite","@id":"https:\/\/www.filastrocche.it\/contenuti\/#website","url":"https:\/\/www.filastrocche.it\/contenuti\/","name":"I testi della tradizione di Filastrocche.it","description":"Filastrocche, fiabe, canzoni e...","potentialAction":[{"@type":"SearchAction","target":{"@type":"EntryPoint","urlTemplate":"https:\/\/www.filastrocche.it\/contenuti\/?s={search_term_string}"},"query-input":{"@type":"PropertyValueSpecification","valueRequired":true,"valueName":"search_term_string"}}],"inLanguage":"it-IT"},{"@type":"Person","@id":"https:\/\/www.filastrocche.it\/contenuti\/#\/schema\/person\/50e504679a1975d8be9aa68e635143b1","name":"Ilaria Pavetto","image":{"@type":"ImageObject","inLanguage":"it-IT","@id":"https:\/\/www.filastrocche.it\/contenuti\/#\/schema\/person\/image\/","url":"https:\/\/secure.gravatar.com\/avatar\/20ba7c12b1ca97dadfdc48a7a9bac6727149538af92a439e5cba06ae64a82ea0?s=96&d=mm&r=g","contentUrl":"https:\/\/secure.gravatar.com\/avatar\/20ba7c12b1ca97dadfdc48a7a9bac6727149538af92a439e5cba06ae64a82ea0?s=96&d=mm&r=g","caption":"Ilaria Pavetto"},"url":"https:\/\/www.filastrocche.it\/contenuti\/author\/redazione-ilaria\/"}]}},"_links":{"self":[{"href":"https:\/\/www.filastrocche.it\/contenuti\/wp-json\/wp\/v2\/posts\/232947","targetHints":{"allow":["GET"]}}],"collection":[{"href":"https:\/\/www.filastrocche.it\/contenuti\/wp-json\/wp\/v2\/posts"}],"about":[{"href":"https:\/\/www.filastrocche.it\/contenuti\/wp-json\/wp\/v2\/types\/post"}],"author":[{"embeddable":true,"href":"https:\/\/www.filastrocche.it\/contenuti\/wp-json\/wp\/v2\/users\/3289"}],"replies":[{"embeddable":true,"href":"https:\/\/www.filastrocche.it\/contenuti\/wp-json\/wp\/v2\/comments?post=232947"}],"version-history":[{"count":3,"href":"https:\/\/www.filastrocche.it\/contenuti\/wp-json\/wp\/v2\/posts\/232947\/revisions"}],"predecessor-version":[{"id":232952,"href":"https:\/\/www.filastrocche.it\/contenuti\/wp-json\/wp\/v2\/posts\/232947\/revisions\/232952"}],"wp:featuredmedia":[{"embeddable":true,"href":"https:\/\/www.filastrocche.it\/contenuti\/wp-json\/wp\/v2\/media\/216439"}],"wp:attachment":[{"href":"https:\/\/www.filastrocche.it\/contenuti\/wp-json\/wp\/v2\/media?parent=232947"}],"wp:term":[{"taxonomy":"category","embeddable":true,"href":"https:\/\/www.filastrocche.it\/contenuti\/wp-json\/wp\/v2\/categories?post=232947"},{"taxonomy":"post_tag","embeddable":true,"href":"https:\/\/www.filastrocche.it\/contenuti\/wp-json\/wp\/v2\/tags?post=232947"},{"taxonomy":"sponsors","embeddable":true,"href":"https:\/\/www.filastrocche.it\/contenuti\/wp-json\/wp\/v2\/sponsors?post=232947"}],"curies":[{"name":"wp","href":"https:\/\/api.w.org\/{rel}","templated":true}]}}