{"id":232989,"date":"2020-11-20T05:57:14","date_gmt":"2020-11-20T03:57:14","guid":{"rendered":"https:\/\/www.filastrocche.it\/contenuti\/?p=232989"},"modified":"2020-10-02T14:16:16","modified_gmt":"2020-10-02T12:16:16","slug":"e-festa","status":"publish","type":"post","link":"https:\/\/www.filastrocche.it\/contenuti\/e-festa\/","title":{"rendered":"\u00c8 festa"},"content":{"rendered":"<p><img loading=\"lazy\" decoding=\"async\" width=\"640\" height=\"428\" class=\"aligncenter wp-image-233113 size-full\" title=\"\u00c8 festa\" src=\"https:\/\/www.filastrocche.it\/contenuti\/wp-content\/uploads\/2020\/09\/coro.jpg\" alt=\"\u00c8 festa\" srcset=\"https:\/\/www.filastrocche.it\/contenuti\/wp-content\/uploads\/2020\/09\/coro.jpg 640w, https:\/\/www.filastrocche.it\/contenuti\/wp-content\/uploads\/2020\/09\/coro-300x201.jpg 300w\" sizes=\"auto, (max-width: 640px) 100vw, 640px\" \/><br \/>\nAlza le mani e<br \/>\nbattile pi\u00f9 che puoi<br \/>\nvieni anche tu<br \/>\ncon noi perch\u00e9<br \/>\noggi \u00e8 festa \u00e8 festa per noi<br \/>\n\u00e8 bello cantare fare rumore<br \/>\ncorrere e ridere<br \/>\nsmile.<\/p>\n<p>Dammi la mano e<br \/>\nstringila con me<br \/>\n\u00e8 bello stare qui<br \/>\ninsieme perch\u00e9<br \/>\noggi \u00e8 festa \u00e8 festa per noi<br \/>\n\u00e8 bello cantare fare rumore<br \/>\ncorrere e ridere<br \/>\nsmile.<\/p>\n<p>Ma non deve finire qui<br \/>\nla gioia che c\u2019\u00e8 in noi<br \/>\nse triste tu sarai<br \/>\nricorda deve<br \/>\nesser festa dentro il tuo cuore<br \/>\n\u00e8 bello cantare fare rumore<br \/>\ncorrere e ridere<br \/>\nsmile.<\/p>\n<p>&nbsp;<\/p>\n<p><em><strong>E ora cantiamo insieme:<\/strong><\/em><\/p>\n<div class=\"flex-video\"><iframe title=\"\u00c8 FESTA di Gabriella Locuratolo\"   src=\"https:\/\/www.youtube.com\/embed\/oT0m-6JJKEs?feature=oembed\" frameborder=\"0\" allow=\"accelerometer; autoplay; clipboard-write; encrypted-media; gyroscope; picture-in-picture; web-share\" referrerpolicy=\"strict-origin-when-cross-origin\" allowfullscreen><\/iframe><\/div>\n","protected":false},"excerpt":{"rendered":"<p>Alza le mani e battile pi\u00f9 che puoi vieni anche tu con noi perch\u00e9 oggi \u00e8 festa \u00e8 festa per noi \u00e8 bello cantare fare rumore correre e ridere smile. Dammi la mano e stringila con me \u00e8 bello stare qui insieme perch\u00e9 oggi \u00e8 festa \u00e8 festa per noi \u00e8 bello cantare fare rumore [&hellip;]<\/p>\n","protected":false},"author":3289,"featured_media":233113,"comment_status":"open","ping_status":"open","sticky":false,"template":"","format":"standard","meta":{"footnotes":""},"categories":[6,34],"tags":[155,2709,475],"sponsors":[],"class_list":["post-232989","post","type-post","status-publish","format-standard","has-post-thumbnail","hentry","category-canzoni","category-canzoni-dei-poeti-in-erba","tag-canzone","tag-canzoni-2","tag-festa","lingua-italiano","scopo-intrattenimento"],"yoast_head":"<!-- This site is optimized with the Yoast SEO plugin v26.2 - https:\/\/yoast.com\/wordpress\/plugins\/seo\/ -->\n<title>\u00c8 festa - Canzone di Gabriella Locuratolo in Filastrocche.it<\/title>\n<meta name=\"description\" content=\"Testo della canzone \u00c8 festa di Gabriella Locuratolo in Filastrocche.it. Inizio: Alza le mani e battile pi\u00f9 che puoi vieni anche tu con noi...\" \/>\n<meta name=\"robots\" content=\"index, follow, max-snippet:-1, max-image-preview:large, max-video-preview:-1\" \/>\n<link rel=\"canonical\" href=\"https:\/\/www.filastrocche.it\/contenuti\/e-festa\/\" \/>\n<meta property=\"og:locale\" content=\"it_IT\" \/>\n<meta property=\"og:type\" content=\"article\" \/>\n<meta property=\"og:title\" content=\"\u00c8 festa - Canzone di Gabriella Locuratolo in Filastrocche.it\" \/>\n<meta property=\"og:description\" content=\"Testo della canzone \u00c8 festa di Gabriella Locuratolo in Filastrocche.it. Inizio: Alza le mani e battile pi\u00f9 che puoi vieni anche tu con noi...\" \/>\n<meta property=\"og:url\" content=\"https:\/\/www.filastrocche.it\/contenuti\/e-festa\/\" \/>\n<meta property=\"og:site_name\" content=\"I testi della tradizione di Filastrocche.it\" \/>\n<meta property=\"article:published_time\" content=\"2020-11-20T03:57:14+00:00\" \/>\n<meta property=\"og:image\" content=\"https:\/\/www.filastrocche.it\/contenuti\/wp-content\/uploads\/2020\/09\/coro.jpg\" \/>\n\t<meta property=\"og:image:width\" content=\"640\" \/>\n\t<meta property=\"og:image:height\" content=\"428\" \/>\n\t<meta property=\"og:image:type\" content=\"image\/jpeg\" \/>\n<meta name=\"author\" content=\"Ilaria Pavetto\" \/>\n<meta name=\"twitter:label1\" content=\"Scritto da\" \/>\n\t<meta name=\"twitter:data1\" content=\"Ilaria Pavetto\" \/>\n<!-- \/ Yoast SEO plugin. -->","yoast_head_json":{"title":"\u00c8 festa - Canzone di Gabriella Locuratolo in Filastrocche.it","description":"Testo della canzone \u00c8 festa di Gabriella Locuratolo in Filastrocche.it. Inizio: Alza le mani e battile pi\u00f9 che puoi vieni anche tu con noi...","robots":{"index":"index","follow":"follow","max-snippet":"max-snippet:-1","max-image-preview":"max-image-preview:large","max-video-preview":"max-video-preview:-1"},"canonical":"https:\/\/www.filastrocche.it\/contenuti\/e-festa\/","og_locale":"it_IT","og_type":"article","og_title":"\u00c8 festa - Canzone di Gabriella Locuratolo in Filastrocche.it","og_description":"Testo della canzone \u00c8 festa di Gabriella Locuratolo in Filastrocche.it. Inizio: Alza le mani e battile pi\u00f9 che puoi vieni anche tu con noi...","og_url":"https:\/\/www.filastrocche.it\/contenuti\/e-festa\/","og_site_name":"I testi della tradizione di Filastrocche.it","article_published_time":"2020-11-20T03:57:14+00:00","og_image":[{"width":640,"height":428,"url":"https:\/\/www.filastrocche.it\/contenuti\/wp-content\/uploads\/2020\/09\/coro.jpg","type":"image\/jpeg"}],"author":"Ilaria Pavetto","twitter_misc":{"Scritto da":"Ilaria Pavetto"},"schema":{"@context":"https:\/\/schema.org","@graph":[{"@type":"WebPage","@id":"https:\/\/www.filastrocche.it\/contenuti\/e-festa\/","url":"https:\/\/www.filastrocche.it\/contenuti\/e-festa\/","name":"\u00c8 festa - Canzone di Gabriella Locuratolo in Filastrocche.it","isPartOf":{"@id":"https:\/\/www.filastrocche.it\/contenuti\/#website"},"primaryImageOfPage":{"@id":"https:\/\/www.filastrocche.it\/contenuti\/e-festa\/#primaryimage"},"image":{"@id":"https:\/\/www.filastrocche.it\/contenuti\/e-festa\/#primaryimage"},"thumbnailUrl":"https:\/\/www.filastrocche.it\/contenuti\/wp-content\/uploads\/2020\/09\/coro.jpg","datePublished":"2020-11-20T03:57:14+00:00","author":{"@id":"https:\/\/www.filastrocche.it\/contenuti\/#\/schema\/person\/50e504679a1975d8be9aa68e635143b1"},"description":"Testo della canzone \u00c8 festa di Gabriella Locuratolo in Filastrocche.it. Inizio: Alza le mani e battile pi\u00f9 che puoi vieni anche tu con noi...","breadcrumb":{"@id":"https:\/\/www.filastrocche.it\/contenuti\/e-festa\/#breadcrumb"},"inLanguage":"it-IT","potentialAction":[{"@type":"ReadAction","target":["https:\/\/www.filastrocche.it\/contenuti\/e-festa\/"]}]},{"@type":"ImageObject","inLanguage":"it-IT","@id":"https:\/\/www.filastrocche.it\/contenuti\/e-festa\/#primaryimage","url":"https:\/\/www.filastrocche.it\/contenuti\/wp-content\/uploads\/2020\/09\/coro.jpg","contentUrl":"https:\/\/www.filastrocche.it\/contenuti\/wp-content\/uploads\/2020\/09\/coro.jpg","width":640,"height":428},{"@type":"BreadcrumbList","@id":"https:\/\/www.filastrocche.it\/contenuti\/e-festa\/#breadcrumb","itemListElement":[{"@type":"ListItem","position":1,"name":"Home","item":"https:\/\/www.filastrocche.it\/contenuti\/"},{"@type":"ListItem","position":2,"name":"\u00c8 festa"}]},{"@type":"WebSite","@id":"https:\/\/www.filastrocche.it\/contenuti\/#website","url":"https:\/\/www.filastrocche.it\/contenuti\/","name":"I testi della tradizione di Filastrocche.it","description":"Filastrocche, fiabe, canzoni e...","potentialAction":[{"@type":"SearchAction","target":{"@type":"EntryPoint","urlTemplate":"https:\/\/www.filastrocche.it\/contenuti\/?s={search_term_string}"},"query-input":{"@type":"PropertyValueSpecification","valueRequired":true,"valueName":"search_term_string"}}],"inLanguage":"it-IT"},{"@type":"Person","@id":"https:\/\/www.filastrocche.it\/contenuti\/#\/schema\/person\/50e504679a1975d8be9aa68e635143b1","name":"Ilaria Pavetto","image":{"@type":"ImageObject","inLanguage":"it-IT","@id":"https:\/\/www.filastrocche.it\/contenuti\/#\/schema\/person\/image\/","url":"https:\/\/secure.gravatar.com\/avatar\/20ba7c12b1ca97dadfdc48a7a9bac6727149538af92a439e5cba06ae64a82ea0?s=96&d=mm&r=g","contentUrl":"https:\/\/secure.gravatar.com\/avatar\/20ba7c12b1ca97dadfdc48a7a9bac6727149538af92a439e5cba06ae64a82ea0?s=96&d=mm&r=g","caption":"Ilaria Pavetto"},"url":"https:\/\/www.filastrocche.it\/contenuti\/author\/redazione-ilaria\/"}]}},"_links":{"self":[{"href":"https:\/\/www.filastrocche.it\/contenuti\/wp-json\/wp\/v2\/posts\/232989","targetHints":{"allow":["GET"]}}],"collection":[{"href":"https:\/\/www.filastrocche.it\/contenuti\/wp-json\/wp\/v2\/posts"}],"about":[{"href":"https:\/\/www.filastrocche.it\/contenuti\/wp-json\/wp\/v2\/types\/post"}],"author":[{"embeddable":true,"href":"https:\/\/www.filastrocche.it\/contenuti\/wp-json\/wp\/v2\/users\/3289"}],"replies":[{"embeddable":true,"href":"https:\/\/www.filastrocche.it\/contenuti\/wp-json\/wp\/v2\/comments?post=232989"}],"version-history":[{"count":3,"href":"https:\/\/www.filastrocche.it\/contenuti\/wp-json\/wp\/v2\/posts\/232989\/revisions"}],"predecessor-version":[{"id":233114,"href":"https:\/\/www.filastrocche.it\/contenuti\/wp-json\/wp\/v2\/posts\/232989\/revisions\/233114"}],"wp:featuredmedia":[{"embeddable":true,"href":"https:\/\/www.filastrocche.it\/contenuti\/wp-json\/wp\/v2\/media\/233113"}],"wp:attachment":[{"href":"https:\/\/www.filastrocche.it\/contenuti\/wp-json\/wp\/v2\/media?parent=232989"}],"wp:term":[{"taxonomy":"category","embeddable":true,"href":"https:\/\/www.filastrocche.it\/contenuti\/wp-json\/wp\/v2\/categories?post=232989"},{"taxonomy":"post_tag","embeddable":true,"href":"https:\/\/www.filastrocche.it\/contenuti\/wp-json\/wp\/v2\/tags?post=232989"},{"taxonomy":"sponsors","embeddable":true,"href":"https:\/\/www.filastrocche.it\/contenuti\/wp-json\/wp\/v2\/sponsors?post=232989"}],"curies":[{"name":"wp","href":"https:\/\/api.w.org\/{rel}","templated":true}]}}