{"id":234919,"date":"2021-12-13T05:21:59","date_gmt":"2021-12-13T03:21:59","guid":{"rendered":"https:\/\/www.filastrocche.it\/contenuti\/?p=234919"},"modified":"2021-02-12T12:23:06","modified_gmt":"2021-02-12T10:23:06","slug":"natale-77","status":"publish","type":"post","link":"https:\/\/www.filastrocche.it\/contenuti\/natale-77\/","title":{"rendered":"Natale"},"content":{"rendered":"<p><img loading=\"lazy\" decoding=\"async\" width=\"539\" height=\"744\" class=\"aligncenter wp-image-234920 size-full\" title=\"Natale\" src=\"https:\/\/www.filastrocche.it\/contenuti\/wp-content\/uploads\/2021\/02\/natale.jpg\" alt=\"Natale\" srcset=\"https:\/\/www.filastrocche.it\/contenuti\/wp-content\/uploads\/2021\/02\/natale.jpg 539w, https:\/\/www.filastrocche.it\/contenuti\/wp-content\/uploads\/2021\/02\/natale-217x300.jpg 217w\" sizes=\"auto, (max-width: 539px) 100vw, 539px\" \/><\/p>\n<h2>Leggiamo insieme: <strong>Natale<\/strong><\/h2>\n<p>Ho visto una piccola stella<br \/>\nbrillare brillare lass\u00f9,<br \/>\nfra l&#8217;altre pi\u00f9 fulgida e bella:<br \/>\nguidava le genti a Ges\u00f9.<\/p>\n<p>Io pure ti reco, o Bambino,<br \/>\nL&#8217;omaggio del piccolo cuore:<br \/>\nti vengo commosso vicino,<br \/>\nti dico l&#8217;immenso mio amore.<\/p>\n<p>&nbsp;<\/p>\n<p><img loading=\"lazy\" decoding=\"async\" width=\"531\" height=\"753\" class=\"aligncenter wp-image-234910 size-full\" title=\"Il mio Sentiero\" src=\"https:\/\/www.filastrocche.it\/contenuti\/wp-content\/uploads\/2021\/02\/il-mio-sentiero-copertina.jpg\" alt=\"Il mio Sentiero\" srcset=\"https:\/\/www.filastrocche.it\/contenuti\/wp-content\/uploads\/2021\/02\/il-mio-sentiero-copertina.jpg 531w, https:\/\/www.filastrocche.it\/contenuti\/wp-content\/uploads\/2021\/02\/il-mio-sentiero-copertina-212x300.jpg 212w\" sizes=\"auto, (max-width: 531px) 100vw, 531px\" \/><\/p>\n<p><em>Immagini tratte da: Il mio Sentiero &#8211; Letture per il primo ciclo delle scuole elementari &#8211; Prima classe. A cura di: Livia Marini, Albertina Varisco, Maria Luisa Villa, Mario Milani, Carlo Rivera, Giampaolo Rovatti &#8211; Casa Editrice Agostoni (Milano) &#8211; Anni &#8217;50\/&#8217;60<\/em><\/p>\n<p>&nbsp;<\/p>\n<p>&nbsp;<\/p>\n<p><a href=\"https:\/\/www.filastrocche.it\/feste\/poesie-di-natale\/\"><img loading=\"lazy\" decoding=\"async\" width=\"150\" height=\"100\" class=\"alignnone wp-image-188165 size-full\" title=\"Poesie di Natale\" src=\"https:\/\/www.filastrocche.it\/contenuti\/wp-content\/uploads\/2017\/11\/poesie-natale-150.jpg\" alt=\"Poesie di Natale\"   \/><\/a><br \/>\nPer le migliori <a href=\"https:\/\/www.filastrocche.it\/feste\/poesie-di-natale\/\"><strong>Poesie di Natale, clicca qui<\/strong><\/a>!<\/p>\n<p><a href=\"https:\/\/www.filastrocche.it\/feste\/filastrocche-di-natale\/\"><img loading=\"lazy\" decoding=\"async\" width=\"150\" height=\"143\" class=\"alignnone wp-image-188163 size-full\" title=\"Filastrocche di Natale\" src=\"https:\/\/www.filastrocche.it\/contenuti\/wp-content\/uploads\/2017\/11\/filastrocche-natale-150.jpg\" alt=\"Filastrocche di Natale\"   \/><\/a><br \/>\nPer le pi\u00f9 belle <a href=\"https:\/\/www.filastrocche.it\/feste\/filastrocche-di-natale\/\"><strong>Filastrocche di Natale, clicca qui<\/strong><\/a>!<\/p>\n<p><a href=\"https:\/\/www.filastrocche.it\/feste\/canzoni-di-natale\/\"><img loading=\"lazy\" decoding=\"async\" width=\"150\" height=\"150\" class=\"alignnone wp-image-188161 size-full\" title=\"Canzoni di Natale\" src=\"https:\/\/www.filastrocche.it\/contenuti\/wp-content\/uploads\/2017\/11\/canzoni-natale-150.jpg\" alt=\"Canzoni di Natale\"   \/><\/a><br \/>\nPer le pi\u00f9 belle <a href=\"https:\/\/www.filastrocche.it\/feste\/canzoni-di-natale\/\"><strong>Canzoni di Natale, clicca qui<\/strong><\/a>!<\/p>\n<p><a href=\"https:\/\/www.filastrocche.it\/feste\/ascolta-le-filastrocche-di-natale\/\"><img loading=\"lazy\" decoding=\"async\" width=\"100\" height=\"138\" class=\"alignnone wp-image-188159 size-full\" title=\"Ascolta le filastrocche di Natale\" src=\"https:\/\/www.filastrocche.it\/contenuti\/wp-content\/uploads\/2017\/11\/recite-natale-120.jpg\" alt=\"Ascolta le filastrocche di Natale\"   \/><\/a><br \/>\nPer ASCOLTARE le <a href=\"https:\/\/www.filastrocche.it\/feste\/ascolta-le-filastrocche-di-natale\/\"><strong>recite di alcune tra le pi\u00f9 famose filastrocche di Natale, clicca qui<\/strong><\/a>!<\/p>\n<p><a href=\"https:\/\/www.filastrocche.it\/feste\/filastrocche-di-capodanno\/\"><img loading=\"lazy\" decoding=\"async\" width=\"150\" height=\"99\" class=\"alignnone wp-image-188157 size-full\" title=\"Filastrocche di Capodanno\" src=\"https:\/\/www.filastrocche.it\/contenuti\/wp-content\/uploads\/2017\/11\/filastrocche-capodanno-150.jpg\" alt=\"Filastrocche di Capodanno\"   \/><\/a><br \/>\nPer le pi\u00f9 belle <a href=\"https:\/\/www.filastrocche.it\/feste\/filastrocche-di-capodanno\/\"><strong>Filastrocche di Capodanno, cliccate qui<\/strong><\/a>!<\/p>\n<p><a href=\"https:\/\/www.filastrocche.it\/feste\/poesie-di-capodanno\/\"><img loading=\"lazy\" decoding=\"async\" width=\"150\" height=\"150\" class=\"alignnone wp-image-188155 size-full\" title=\"Poesie di Capodanno\" src=\"https:\/\/www.filastrocche.it\/contenuti\/wp-content\/uploads\/2017\/11\/poesie-capodanno-150.jpg\" alt=\"Poesie di Capodanno\"   \/><\/a><br \/>\nPer le migliori <a href=\"https:\/\/www.filastrocche.it\/feste\/poesie-di-capodanno\/\"><strong>Poesie di Capodanno, cliccate qui<\/strong><\/a>!<\/p>\n<p><a href=\"https:\/\/www.filastrocche.it\/feste\/poesie-su-epifania\/\"><img loading=\"lazy\" decoding=\"async\" width=\"150\" height=\"150\" class=\"alignnone wp-image-188153 size-full\" title=\"Poesie su Epifania\" src=\"https:\/\/www.filastrocche.it\/contenuti\/wp-content\/uploads\/2017\/11\/poesie-epifania-re-magi-cometa-150.jpg\" alt=\"Poesie su Epifania\"   \/><\/a><br \/>\nPer le pi\u00f9 belle <a href=\"https:\/\/www.filastrocche.it\/feste\/poesie-su-epifania\/\"><strong>Poesie su Epifania, Re Magi e Stella Cometa, cliccate qui<\/strong><\/a>!<\/p>\n<p><a href=\"https:\/\/www.filastrocche.it\/feste\/filastrocche-su-epifania\/\"><img loading=\"lazy\" decoding=\"async\" width=\"150\" height=\"150\" class=\"alignnone wp-image-188151 size-full\" title=\"Filastrocche su Epifania\" src=\"https:\/\/www.filastrocche.it\/contenuti\/wp-content\/uploads\/2017\/11\/filastrocche-epifania-re-magi-stella-cometa-150.jpg\" alt=\"Filastrocche su Epifania\"   \/><\/a><a href=\"https:\/\/www.filastrocche.it\/contenuti\/wp-content\/uploads\/2017\/11\/filastrocche-epifania-re-magi-stella-cometa-150.jpg\"><br \/>\n<\/a>Per le migliori <a href=\"https:\/\/www.filastrocche.it\/feste\/filastrocche-su-epifania\/\"><strong>Filastrocche su Epifania, Re Magi e stella cometa, clicca qui<\/strong><\/a>!<\/p>\n<p><a href=\"https:\/\/www.filastrocche.it\/feste\/filastrocche-sulla-befana\/\"><img loading=\"lazy\" decoding=\"async\" width=\"150\" height=\"132\" class=\"alignnone wp-image-188149 size-full\" title=\"Filastrocche sulla Befana\" src=\"https:\/\/www.filastrocche.it\/contenuti\/wp-content\/uploads\/2017\/11\/filastrocche-befana-150.jpg\" alt=\"Filastrocche sulla Befana\"   \/><\/a><br \/>\nPer le pi\u00f9 belle <a href=\"https:\/\/www.filastrocche.it\/feste\/filastrocche-sulla-befana\/\"><strong>Filastrocche sulla Befana, clicca qui<\/strong><\/a>!<\/p>\n<p><a href=\"https:\/\/www.filastrocche.it\/feste\/poesie-sulla-befana\/\"><img loading=\"lazy\" decoding=\"async\" width=\"150\" height=\"150\" class=\"alignnone wp-image-188147 size-full\" title=\"Poesie sulla Befana\" src=\"https:\/\/www.filastrocche.it\/contenuti\/wp-content\/uploads\/2017\/11\/poesie-befana-150.jpg\" alt=\"Poesie sulla Befana\"   \/><\/a><br \/>\nPer le migliori <a href=\"https:\/\/www.filastrocche.it\/feste\/poesie-sulla-befana\/\"><strong>Poesie sulla Befana, clicca qui<\/strong><\/a>!<\/p>\n<p>&nbsp;<\/p>\n<p><strong>E ANCORA:<\/strong><\/p>\n<p><a href=\"https:\/\/www.filastrocche.it\/feste\/speciale-calendario-avvento\/\"><img loading=\"lazy\" decoding=\"async\" width=\"150\" height=\"148\" class=\"alignnone wp-image-187803 size-full\" title=\"Calendario dell'Avvento\" src=\"https:\/\/www.filastrocche.it\/contenuti\/wp-content\/uploads\/2017\/11\/natale-calendario-avvento-150.jpg\" alt=\"Calendario dell'Avvento\"   \/><\/a><br \/>\nPer scoprire <a href=\"https:\/\/www.filastrocche.it\/feste\/speciale-calendario-avvento\/\"><strong>TUTTO sul Calendario dell\u2019Avvento, clicca qui<\/strong><\/a>!<\/p>\n<p><a href=\"https:\/\/www.filastrocche.it\/feste\/lavoretti-di-natale\/\"><img loading=\"lazy\" decoding=\"async\" width=\"150\" height=\"119\" class=\"alignnone wp-image-188145 size-full\" title=\"Lavoretti di Natale\" src=\"https:\/\/www.filastrocche.it\/contenuti\/wp-content\/uploads\/2017\/11\/lavoretti-di-natale-150.jpg\" alt=\"Lavoretti di Natale\"   \/><\/a><br \/>\nPer i migliori <a href=\"https:\/\/www.filastrocche.it\/feste\/lavoretti-di-natale\/\"><strong>Lavoretti di Natale, clicca qui<\/strong><\/a>!<\/p>\n<p><a href=\"https:\/\/www.filastrocche.it\/feste\/addobbi-natalizi-fai-da-te\/\"><img loading=\"lazy\" decoding=\"async\" width=\"150\" height=\"110\" class=\"alignnone wp-image-188143 size-full\" title=\"Addobbi natalizi\" src=\"https:\/\/www.filastrocche.it\/contenuti\/wp-content\/uploads\/2017\/11\/addobbi-natalizi-150.jpg\" alt=\"Addobbi natalizi\"   \/><\/a><br \/>\nPer i pi\u00f9 begli <a href=\"https:\/\/www.filastrocche.it\/feste\/addobbi-natalizi-fai-da-te\/\"><strong>Addobbi natalizi, clicca qui<\/strong><\/a>!<\/p>\n<p><a href=\"https:\/\/www.filastrocche.it\/feste\/decorazioni-e-addobbi-fai-da-te-per-natale\/\"><img loading=\"lazy\" decoding=\"async\" width=\"100\" height=\"133\" class=\"alignnone wp-image-188141 size-full\" title=\"decorazioni natalizie fai da te\" src=\"https:\/\/www.filastrocche.it\/contenuti\/wp-content\/uploads\/2017\/11\/decorazioni-natale-3-100.jpg\" alt=\"decorazioni natalizie fai da te\"   \/><\/a><br \/>\nPer le pi\u00f9 belle <a href=\"https:\/\/www.filastrocche.it\/feste\/decorazioni-e-addobbi-fai-da-te-per-natale\/\"><strong>Decorazioni natalizie fai da te, clicca qui<\/strong><\/a>!<\/p>\n<p><a href=\"https:\/\/www.filastrocche.it\/feste\/creazioni-di-natale\/\"><img loading=\"lazy\" decoding=\"async\" width=\"100\" height=\"88\" class=\"alignnone wp-image-188139 size-full\" title=\"creazioni di Natale fai da te\" src=\"https:\/\/www.filastrocche.it\/contenuti\/wp-content\/uploads\/2017\/11\/creazioni-natale-angioletto-100.jpg\" alt=\"creazioni di Natale fai da te\"   \/><\/a><br \/>\nPer altre <a href=\"https:\/\/www.filastrocche.it\/feste\/creazioni-di-natale\/\"><strong>Creazioni di Natale fai da te, clicca qui<\/strong><\/a>!<\/p>\n<p><a href=\"https:\/\/www.filastrocche.it\/feste\/disegni-di-natale-da-colorare\/\"><img loading=\"lazy\" decoding=\"async\" width=\"150\" height=\"130\" class=\"alignnone wp-image-188137 size-full\" title=\"Disegni di Natale da colorare\" src=\"https:\/\/www.filastrocche.it\/contenuti\/wp-content\/uploads\/2017\/11\/disegni-di-natale-150.jpg\" alt=\"Disegni di Natale da colorare\"   \/><\/a><br \/>\nPer i pi\u00f9 bei <a href=\"https:\/\/www.filastrocche.it\/feste\/disegni-di-natale-da-colorare\/\"><strong>Disegni di Natale da colorare, clicca qui<\/strong><\/a>!<\/p>\n<p>&nbsp;<\/p>\n<p><a href=\"https:\/\/www.filastrocche.it\/feste\/speciale-natale\/\"><strong>Visita lo Speciale Natale!<\/strong><\/a><br \/>\n<a href=\"https:\/\/www.filastrocche.it\/feste\/speciale-natale\/\"><img loading=\"lazy\" decoding=\"async\" width=\"144\" height=\"58\" class=\"alignnone wp-image-188135 size-full\" title=\"Speciale Natale\" src=\"https:\/\/www.filastrocche.it\/contenuti\/wp-content\/uploads\/2017\/11\/natale.gif\" alt=\"Speciale Natale\"   \/><\/a><\/p>\n<p><a href=\"https:\/\/www.filastrocche.it\/feste\/speciale-capodanno\/\"><strong>Visita lo Speciale Capodanno!<\/strong><\/a><br \/>\n<a href=\"https:\/\/www.filastrocche.it\/feste\/speciale-capodanno\/\"><img loading=\"lazy\" decoding=\"async\" width=\"227\" height=\"46\" class=\"alignnone wp-image-188133 size-full\" title=\"Speciale Capodanno\" src=\"https:\/\/www.filastrocche.it\/contenuti\/wp-content\/uploads\/2017\/11\/capodanno.gif\" alt=\"Speciale Capodanno\"   \/><\/a><\/p>\n<p><a href=\"https:\/\/www.filastrocche.it\/feste\/speciale-befana\/\"><strong>Visita lo Speciale Befana e Epifania!<\/strong><\/a><br \/>\n<a href=\"https:\/\/www.filastrocche.it\/feste\/speciale-befana\/\"><img loading=\"lazy\" decoding=\"async\" width=\"278\" height=\"52\" class=\"alignnone wp-image-188131 size-full\" title=\"Speciale Befana e Epifania\" src=\"https:\/\/www.filastrocche.it\/contenuti\/wp-content\/uploads\/2017\/11\/befana.gif\" alt=\"Speciale Befana e Epifania\"   \/><\/a><\/p>\n<p>&nbsp;<\/p>\n","protected":false},"excerpt":{"rendered":"<p>Leggiamo insieme: Natale Ho visto una piccola stella brillare brillare lass\u00f9, fra l&#8217;altre pi\u00f9 fulgida e bella: guidava le genti a Ges\u00f9. Io pure ti reco, o Bambino, L&#8217;omaggio del piccolo cuore: ti vengo commosso vicino, ti dico l&#8217;immenso mio amore. &nbsp; Immagini tratte da: Il mio Sentiero &#8211; Letture per il primo ciclo delle [&hellip;]<\/p>\n","protected":false},"author":5,"featured_media":234920,"comment_status":"open","ping_status":"open","sticky":false,"template":"","format":"standard","meta":{"footnotes":""},"categories":[5,28],"tags":[175,527,227,187,189],"sponsors":[],"class_list":["post-234919","post","type-post","status-publish","format-standard","has-post-thumbnail","hentry","category-filastrocche","category-filastrocche-dautore","tag-filastrocca","tag-filastrocche-2","tag-natale-2","tag-poesia","tag-poesie-2","occasioni-natale","lingua-italiano","scopo-intrattenimento"],"yoast_head":"<!-- This site is optimized with the Yoast SEO plugin v26.2 - https:\/\/yoast.com\/wordpress\/plugins\/seo\/ -->\n<title>Natale - Le pi\u00f9 belle poesie di Natale su Filastrocche.it<\/title>\n<meta name=\"description\" content=\"Testo della poesia dal titolo: Natale. Versi iniziali: Ho visto una piccola stella brillare brillare lass\u00f9, fra l&#039;altre pi\u00f9 fulgida...\" \/>\n<meta name=\"robots\" content=\"index, follow, max-snippet:-1, max-image-preview:large, max-video-preview:-1\" \/>\n<link rel=\"canonical\" href=\"https:\/\/www.filastrocche.it\/contenuti\/natale-77\/\" \/>\n<meta property=\"og:locale\" content=\"it_IT\" \/>\n<meta property=\"og:type\" content=\"article\" \/>\n<meta property=\"og:title\" content=\"Natale - Le pi\u00f9 belle poesie di Natale su Filastrocche.it\" \/>\n<meta property=\"og:description\" content=\"Testo della poesia dal titolo: Natale. Versi iniziali: Ho visto una piccola stella brillare brillare lass\u00f9, fra l&#039;altre pi\u00f9 fulgida...\" \/>\n<meta property=\"og:url\" content=\"https:\/\/www.filastrocche.it\/contenuti\/natale-77\/\" \/>\n<meta property=\"og:site_name\" content=\"I testi della tradizione di Filastrocche.it\" \/>\n<meta property=\"article:author\" content=\"http:\/\/www.facebook.com\/jolanda.restano\" \/>\n<meta property=\"article:published_time\" content=\"2021-12-13T03:21:59+00:00\" \/>\n<meta property=\"og:image\" content=\"https:\/\/www.filastrocche.it\/contenuti\/wp-content\/uploads\/2021\/02\/natale.jpg\" \/>\n\t<meta property=\"og:image:width\" content=\"539\" \/>\n\t<meta property=\"og:image:height\" content=\"744\" \/>\n\t<meta property=\"og:image:type\" content=\"image\/jpeg\" \/>\n<meta name=\"author\" content=\"Jolanda\" \/>\n<meta name=\"twitter:label1\" content=\"Scritto da\" \/>\n\t<meta name=\"twitter:data1\" content=\"Jolanda\" \/>\n\t<meta name=\"twitter:label2\" content=\"Tempo di lettura stimato\" \/>\n\t<meta name=\"twitter:data2\" content=\"6 minuti\" \/>\n<!-- \/ Yoast SEO plugin. -->","yoast_head_json":{"title":"Natale - Le pi\u00f9 belle poesie di Natale su Filastrocche.it","description":"Testo della poesia dal titolo: Natale. Versi iniziali: Ho visto una piccola stella brillare brillare lass\u00f9, fra l'altre pi\u00f9 fulgida...","robots":{"index":"index","follow":"follow","max-snippet":"max-snippet:-1","max-image-preview":"max-image-preview:large","max-video-preview":"max-video-preview:-1"},"canonical":"https:\/\/www.filastrocche.it\/contenuti\/natale-77\/","og_locale":"it_IT","og_type":"article","og_title":"Natale - Le pi\u00f9 belle poesie di Natale su Filastrocche.it","og_description":"Testo della poesia dal titolo: Natale. Versi iniziali: Ho visto una piccola stella brillare brillare lass\u00f9, fra l'altre pi\u00f9 fulgida...","og_url":"https:\/\/www.filastrocche.it\/contenuti\/natale-77\/","og_site_name":"I testi della tradizione di Filastrocche.it","article_author":"http:\/\/www.facebook.com\/jolanda.restano","article_published_time":"2021-12-13T03:21:59+00:00","og_image":[{"width":539,"height":744,"url":"https:\/\/www.filastrocche.it\/contenuti\/wp-content\/uploads\/2021\/02\/natale.jpg","type":"image\/jpeg"}],"author":"Jolanda","twitter_misc":{"Scritto da":"Jolanda","Tempo di lettura stimato":"6 minuti"},"schema":{"@context":"https:\/\/schema.org","@graph":[{"@type":"WebPage","@id":"https:\/\/www.filastrocche.it\/contenuti\/natale-77\/","url":"https:\/\/www.filastrocche.it\/contenuti\/natale-77\/","name":"Natale - Le pi\u00f9 belle poesie di Natale su Filastrocche.it","isPartOf":{"@id":"https:\/\/www.filastrocche.it\/contenuti\/#website"},"primaryImageOfPage":{"@id":"https:\/\/www.filastrocche.it\/contenuti\/natale-77\/#primaryimage"},"image":{"@id":"https:\/\/www.filastrocche.it\/contenuti\/natale-77\/#primaryimage"},"thumbnailUrl":"https:\/\/www.filastrocche.it\/contenuti\/wp-content\/uploads\/2021\/02\/natale.jpg","datePublished":"2021-12-13T03:21:59+00:00","author":{"@id":"https:\/\/www.filastrocche.it\/contenuti\/#\/schema\/person\/13a7995b740342851d3a3c001f9dd658"},"description":"Testo della poesia dal titolo: Natale. Versi iniziali: Ho visto una piccola stella brillare brillare lass\u00f9, fra l'altre pi\u00f9 fulgida...","breadcrumb":{"@id":"https:\/\/www.filastrocche.it\/contenuti\/natale-77\/#breadcrumb"},"inLanguage":"it-IT","potentialAction":[{"@type":"ReadAction","target":["https:\/\/www.filastrocche.it\/contenuti\/natale-77\/"]}]},{"@type":"ImageObject","inLanguage":"it-IT","@id":"https:\/\/www.filastrocche.it\/contenuti\/natale-77\/#primaryimage","url":"https:\/\/www.filastrocche.it\/contenuti\/wp-content\/uploads\/2021\/02\/natale.jpg","contentUrl":"https:\/\/www.filastrocche.it\/contenuti\/wp-content\/uploads\/2021\/02\/natale.jpg","width":539,"height":744},{"@type":"BreadcrumbList","@id":"https:\/\/www.filastrocche.it\/contenuti\/natale-77\/#breadcrumb","itemListElement":[{"@type":"ListItem","position":1,"name":"Home","item":"https:\/\/www.filastrocche.it\/contenuti\/"},{"@type":"ListItem","position":2,"name":"Natale"}]},{"@type":"WebSite","@id":"https:\/\/www.filastrocche.it\/contenuti\/#website","url":"https:\/\/www.filastrocche.it\/contenuti\/","name":"I testi della tradizione di Filastrocche.it","description":"Filastrocche, fiabe, canzoni e...","potentialAction":[{"@type":"SearchAction","target":{"@type":"EntryPoint","urlTemplate":"https:\/\/www.filastrocche.it\/contenuti\/?s={search_term_string}"},"query-input":{"@type":"PropertyValueSpecification","valueRequired":true,"valueName":"search_term_string"}}],"inLanguage":"it-IT"},{"@type":"Person","@id":"https:\/\/www.filastrocche.it\/contenuti\/#\/schema\/person\/13a7995b740342851d3a3c001f9dd658","name":"Jolanda","image":{"@type":"ImageObject","inLanguage":"it-IT","@id":"https:\/\/www.filastrocche.it\/contenuti\/#\/schema\/person\/image\/","url":"https:\/\/secure.gravatar.com\/avatar\/1b1f38df48384d8f75481e92c0cbf9e3494d37f3cf35cd02b0f5cba7d63f7349?s=96&d=mm&r=g","contentUrl":"https:\/\/secure.gravatar.com\/avatar\/1b1f38df48384d8f75481e92c0cbf9e3494d37f3cf35cd02b0f5cba7d63f7349?s=96&d=mm&r=g","caption":"Jolanda"},"sameAs":["http:\/\/www.facebook.com\/jolanda.restano","https:\/\/x.com\/jolandarestano"],"url":"https:\/\/www.filastrocche.it\/contenuti\/author\/jolanda\/"}]}},"_links":{"self":[{"href":"https:\/\/www.filastrocche.it\/contenuti\/wp-json\/wp\/v2\/posts\/234919","targetHints":{"allow":["GET"]}}],"collection":[{"href":"https:\/\/www.filastrocche.it\/contenuti\/wp-json\/wp\/v2\/posts"}],"about":[{"href":"https:\/\/www.filastrocche.it\/contenuti\/wp-json\/wp\/v2\/types\/post"}],"author":[{"embeddable":true,"href":"https:\/\/www.filastrocche.it\/contenuti\/wp-json\/wp\/v2\/users\/5"}],"replies":[{"embeddable":true,"href":"https:\/\/www.filastrocche.it\/contenuti\/wp-json\/wp\/v2\/comments?post=234919"}],"version-history":[{"count":3,"href":"https:\/\/www.filastrocche.it\/contenuti\/wp-json\/wp\/v2\/posts\/234919\/revisions"}],"predecessor-version":[{"id":234981,"href":"https:\/\/www.filastrocche.it\/contenuti\/wp-json\/wp\/v2\/posts\/234919\/revisions\/234981"}],"wp:featuredmedia":[{"embeddable":true,"href":"https:\/\/www.filastrocche.it\/contenuti\/wp-json\/wp\/v2\/media\/234920"}],"wp:attachment":[{"href":"https:\/\/www.filastrocche.it\/contenuti\/wp-json\/wp\/v2\/media?parent=234919"}],"wp:term":[{"taxonomy":"category","embeddable":true,"href":"https:\/\/www.filastrocche.it\/contenuti\/wp-json\/wp\/v2\/categories?post=234919"},{"taxonomy":"post_tag","embeddable":true,"href":"https:\/\/www.filastrocche.it\/contenuti\/wp-json\/wp\/v2\/tags?post=234919"},{"taxonomy":"sponsors","embeddable":true,"href":"https:\/\/www.filastrocche.it\/contenuti\/wp-json\/wp\/v2\/sponsors?post=234919"}],"curies":[{"name":"wp","href":"https:\/\/api.w.org\/{rel}","templated":true}]}}