{"id":236751,"date":"2021-06-03T05:55:57","date_gmt":"2021-06-03T03:55:57","guid":{"rendered":"https:\/\/www.filastrocche.it\/contenuti\/?p=236751"},"modified":"2021-05-20T16:56:15","modified_gmt":"2021-05-20T14:56:15","slug":"il-vento-13","status":"publish","type":"post","link":"https:\/\/www.filastrocche.it\/contenuti\/il-vento-13\/","title":{"rendered":"Il vento"},"content":{"rendered":"<p><img loading=\"lazy\" decoding=\"async\" width=\"550\" height=\"370\" class=\"aligncenter wp-image-229004 size-full\" title=\"Il vento\" src=\"https:\/\/www.filastrocche.it\/contenuti\/wp-content\/uploads\/2014\/02\/vento-di-marzo-2-550.jpg\" alt=\"Il vento\" srcset=\"https:\/\/www.filastrocche.it\/contenuti\/wp-content\/uploads\/2014\/02\/vento-di-marzo-2-550.jpg 550w, https:\/\/www.filastrocche.it\/contenuti\/wp-content\/uploads\/2014\/02\/vento-di-marzo-2-550-300x202.jpg 300w\" sizes=\"auto, (max-width: 550px) 100vw, 550px\" \/>Che il vento<br \/>\nspiri forte o soffi lento,<br \/>\nche canti o si lamenti,<br \/>\nche rinfreschi od arroventi,<br \/>\nbarriere e confini non si d\u00e0,<br \/>\ngeloso com&#8217;\u00e8 della sua libert\u00e0.<br \/>\nChe sia di fiori profumato,<br \/>\nche abbia l\u2019odor dell\u2019erba del prato<br \/>\no del mar l\u2019agro gusto salato,<br \/>\n\u00e8 l\u2019immenso respiro del creato.<\/p>\n","protected":false},"excerpt":{"rendered":"<p>Che il vento spiri forte o soffi lento, che canti o si lamenti, che rinfreschi od arroventi, barriere e confini non si d\u00e0, geloso com&#8217;\u00e8 della sua libert\u00e0. Che sia di fiori profumato, che abbia l\u2019odor dell\u2019erba del prato o del mar l\u2019agro gusto salato, \u00e8 l\u2019immenso respiro del creato.<\/p>\n","protected":false},"author":3289,"featured_media":229004,"comment_status":"open","ping_status":"open","sticky":false,"template":"","format":"standard","meta":{"footnotes":""},"categories":[9,51],"tags":[8067,187,189,2085],"sponsors":[],"class_list":["post-236751","post","type-post","status-publish","format-standard","has-post-thumbnail","hentry","category-poesie","category-poesie-dautore","tag-federico-nenzioni","tag-poesia","tag-poesie-2","tag-vento","lingua-italiano","scopo-intrattenimento"],"yoast_head":"<!-- This site is optimized with the Yoast SEO plugin v26.2 - https:\/\/yoast.com\/wordpress\/plugins\/seo\/ -->\n<title>Il vento - Poesia di Federico Nenzioni in Filastrocche.it<\/title>\n<meta name=\"description\" content=\"Testo della poesia Il vento di Federico Nenzioni in Filastrocche.it. Inizio: Che il vento spiri forte o soffi lento...\" \/>\n<meta name=\"robots\" content=\"index, follow, max-snippet:-1, max-image-preview:large, max-video-preview:-1\" \/>\n<link rel=\"canonical\" href=\"https:\/\/www.filastrocche.it\/contenuti\/il-vento-13\/\" \/>\n<meta property=\"og:locale\" content=\"it_IT\" \/>\n<meta property=\"og:type\" content=\"article\" \/>\n<meta property=\"og:title\" content=\"Il vento - Poesia di Federico Nenzioni in Filastrocche.it\" \/>\n<meta property=\"og:description\" content=\"Testo della poesia Il vento di Federico Nenzioni in Filastrocche.it. Inizio: Che il vento spiri forte o soffi lento...\" \/>\n<meta property=\"og:url\" content=\"https:\/\/www.filastrocche.it\/contenuti\/il-vento-13\/\" \/>\n<meta property=\"og:site_name\" content=\"I testi della tradizione di Filastrocche.it\" \/>\n<meta property=\"article:published_time\" content=\"2021-06-03T03:55:57+00:00\" \/>\n<meta property=\"og:image\" content=\"https:\/\/www.filastrocche.it\/contenuti\/wp-content\/uploads\/2014\/02\/vento-di-marzo-2-550.jpg\" \/>\n\t<meta property=\"og:image:width\" content=\"550\" \/>\n\t<meta property=\"og:image:height\" content=\"370\" \/>\n\t<meta property=\"og:image:type\" content=\"image\/jpeg\" \/>\n<meta name=\"author\" content=\"Ilaria Pavetto\" \/>\n<meta name=\"twitter:label1\" content=\"Scritto da\" \/>\n\t<meta name=\"twitter:data1\" content=\"Ilaria Pavetto\" \/>\n\t<meta name=\"twitter:label2\" content=\"Tempo di lettura stimato\" \/>\n\t<meta name=\"twitter:data2\" content=\"1 minuto\" \/>\n<!-- \/ Yoast SEO plugin. -->","yoast_head_json":{"title":"Il vento - Poesia di Federico Nenzioni in Filastrocche.it","description":"Testo della poesia Il vento di Federico Nenzioni in Filastrocche.it. Inizio: Che il vento spiri forte o soffi lento...","robots":{"index":"index","follow":"follow","max-snippet":"max-snippet:-1","max-image-preview":"max-image-preview:large","max-video-preview":"max-video-preview:-1"},"canonical":"https:\/\/www.filastrocche.it\/contenuti\/il-vento-13\/","og_locale":"it_IT","og_type":"article","og_title":"Il vento - Poesia di Federico Nenzioni in Filastrocche.it","og_description":"Testo della poesia Il vento di Federico Nenzioni in Filastrocche.it. Inizio: Che il vento spiri forte o soffi lento...","og_url":"https:\/\/www.filastrocche.it\/contenuti\/il-vento-13\/","og_site_name":"I testi della tradizione di Filastrocche.it","article_published_time":"2021-06-03T03:55:57+00:00","og_image":[{"width":550,"height":370,"url":"https:\/\/www.filastrocche.it\/contenuti\/wp-content\/uploads\/2014\/02\/vento-di-marzo-2-550.jpg","type":"image\/jpeg"}],"author":"Ilaria Pavetto","twitter_misc":{"Scritto da":"Ilaria Pavetto","Tempo di lettura stimato":"1 minuto"},"schema":{"@context":"https:\/\/schema.org","@graph":[{"@type":"WebPage","@id":"https:\/\/www.filastrocche.it\/contenuti\/il-vento-13\/","url":"https:\/\/www.filastrocche.it\/contenuti\/il-vento-13\/","name":"Il vento - Poesia di Federico Nenzioni in Filastrocche.it","isPartOf":{"@id":"https:\/\/www.filastrocche.it\/contenuti\/#website"},"primaryImageOfPage":{"@id":"https:\/\/www.filastrocche.it\/contenuti\/il-vento-13\/#primaryimage"},"image":{"@id":"https:\/\/www.filastrocche.it\/contenuti\/il-vento-13\/#primaryimage"},"thumbnailUrl":"https:\/\/www.filastrocche.it\/contenuti\/wp-content\/uploads\/2014\/02\/vento-di-marzo-2-550.jpg","datePublished":"2021-06-03T03:55:57+00:00","author":{"@id":"https:\/\/www.filastrocche.it\/contenuti\/#\/schema\/person\/50e504679a1975d8be9aa68e635143b1"},"description":"Testo della poesia Il vento di Federico Nenzioni in Filastrocche.it. Inizio: Che il vento spiri forte o soffi lento...","breadcrumb":{"@id":"https:\/\/www.filastrocche.it\/contenuti\/il-vento-13\/#breadcrumb"},"inLanguage":"it-IT","potentialAction":[{"@type":"ReadAction","target":["https:\/\/www.filastrocche.it\/contenuti\/il-vento-13\/"]}]},{"@type":"ImageObject","inLanguage":"it-IT","@id":"https:\/\/www.filastrocche.it\/contenuti\/il-vento-13\/#primaryimage","url":"https:\/\/www.filastrocche.it\/contenuti\/wp-content\/uploads\/2014\/02\/vento-di-marzo-2-550.jpg","contentUrl":"https:\/\/www.filastrocche.it\/contenuti\/wp-content\/uploads\/2014\/02\/vento-di-marzo-2-550.jpg","width":550,"height":370},{"@type":"BreadcrumbList","@id":"https:\/\/www.filastrocche.it\/contenuti\/il-vento-13\/#breadcrumb","itemListElement":[{"@type":"ListItem","position":1,"name":"Home","item":"https:\/\/www.filastrocche.it\/contenuti\/"},{"@type":"ListItem","position":2,"name":"Il vento"}]},{"@type":"WebSite","@id":"https:\/\/www.filastrocche.it\/contenuti\/#website","url":"https:\/\/www.filastrocche.it\/contenuti\/","name":"I testi della tradizione di Filastrocche.it","description":"Filastrocche, fiabe, canzoni e...","potentialAction":[{"@type":"SearchAction","target":{"@type":"EntryPoint","urlTemplate":"https:\/\/www.filastrocche.it\/contenuti\/?s={search_term_string}"},"query-input":{"@type":"PropertyValueSpecification","valueRequired":true,"valueName":"search_term_string"}}],"inLanguage":"it-IT"},{"@type":"Person","@id":"https:\/\/www.filastrocche.it\/contenuti\/#\/schema\/person\/50e504679a1975d8be9aa68e635143b1","name":"Ilaria Pavetto","image":{"@type":"ImageObject","inLanguage":"it-IT","@id":"https:\/\/www.filastrocche.it\/contenuti\/#\/schema\/person\/image\/","url":"https:\/\/secure.gravatar.com\/avatar\/20ba7c12b1ca97dadfdc48a7a9bac6727149538af92a439e5cba06ae64a82ea0?s=96&d=mm&r=g","contentUrl":"https:\/\/secure.gravatar.com\/avatar\/20ba7c12b1ca97dadfdc48a7a9bac6727149538af92a439e5cba06ae64a82ea0?s=96&d=mm&r=g","caption":"Ilaria Pavetto"},"url":"https:\/\/www.filastrocche.it\/contenuti\/author\/redazione-ilaria\/"}]}},"_links":{"self":[{"href":"https:\/\/www.filastrocche.it\/contenuti\/wp-json\/wp\/v2\/posts\/236751","targetHints":{"allow":["GET"]}}],"collection":[{"href":"https:\/\/www.filastrocche.it\/contenuti\/wp-json\/wp\/v2\/posts"}],"about":[{"href":"https:\/\/www.filastrocche.it\/contenuti\/wp-json\/wp\/v2\/types\/post"}],"author":[{"embeddable":true,"href":"https:\/\/www.filastrocche.it\/contenuti\/wp-json\/wp\/v2\/users\/3289"}],"replies":[{"embeddable":true,"href":"https:\/\/www.filastrocche.it\/contenuti\/wp-json\/wp\/v2\/comments?post=236751"}],"version-history":[{"count":2,"href":"https:\/\/www.filastrocche.it\/contenuti\/wp-json\/wp\/v2\/posts\/236751\/revisions"}],"predecessor-version":[{"id":236753,"href":"https:\/\/www.filastrocche.it\/contenuti\/wp-json\/wp\/v2\/posts\/236751\/revisions\/236753"}],"wp:featuredmedia":[{"embeddable":true,"href":"https:\/\/www.filastrocche.it\/contenuti\/wp-json\/wp\/v2\/media\/229004"}],"wp:attachment":[{"href":"https:\/\/www.filastrocche.it\/contenuti\/wp-json\/wp\/v2\/media?parent=236751"}],"wp:term":[{"taxonomy":"category","embeddable":true,"href":"https:\/\/www.filastrocche.it\/contenuti\/wp-json\/wp\/v2\/categories?post=236751"},{"taxonomy":"post_tag","embeddable":true,"href":"https:\/\/www.filastrocche.it\/contenuti\/wp-json\/wp\/v2\/tags?post=236751"},{"taxonomy":"sponsors","embeddable":true,"href":"https:\/\/www.filastrocche.it\/contenuti\/wp-json\/wp\/v2\/sponsors?post=236751"}],"curies":[{"name":"wp","href":"https:\/\/api.w.org\/{rel}","templated":true}]}}