{"id":239644,"date":"2022-02-25T05:23:10","date_gmt":"2022-02-25T03:23:10","guid":{"rendered":"https:\/\/www.filastrocche.it\/contenuti\/?p=239644"},"modified":"2022-03-17T10:52:13","modified_gmt":"2022-03-17T08:52:13","slug":"girotondo-della-terra","status":"publish","type":"post","link":"https:\/\/www.filastrocche.it\/contenuti\/girotondo-della-terra\/","title":{"rendered":"Girotondo della Terra"},"content":{"rendered":"<h2><a href=\"https:\/\/www.filastrocche.it\/contenuti\/wp-content\/uploads\/2018\/06\/solidarieta-550.jpg\"><img loading=\"lazy\" decoding=\"async\" width=\"550\" height=\"550\" class=\"aligncenter wp-image-209937 size-full\" title=\"Girotondo della Terra\" src=\"https:\/\/www.filastrocche.it\/contenuti\/wp-content\/uploads\/2018\/06\/solidarieta-550.jpg\" alt=\"Girotondo della Terra\" srcset=\"https:\/\/www.filastrocche.it\/contenuti\/wp-content\/uploads\/2018\/06\/solidarieta-550.jpg 550w, https:\/\/www.filastrocche.it\/contenuti\/wp-content\/uploads\/2018\/06\/solidarieta-550-150x150.jpg 150w, https:\/\/www.filastrocche.it\/contenuti\/wp-content\/uploads\/2018\/06\/solidarieta-550-300x300.jpg 300w\" sizes=\"auto, (max-width: 550px) 100vw, 550px\" \/><\/a>Leggiamo insieme: <strong>Girotondo della Terra<\/strong> di Jolanda Restano<\/h2>\n<p>Girotondo della Terra<br \/>\nW la Pace, Abbasso la guerra!<br \/>\nUn sol popolo pi\u00f9 unito<br \/>\nE il razzismo abolito!<\/p>\n<p>Non pi\u00f9 lotte e ostilit\u00e0<br \/>\nMa concordia e libert\u00e0<br \/>\nNon pi\u00f9 odio, non pi\u00f9 guerra<br \/>\nGirotondo della terra<\/p>\n<p><a href=\"https:\/\/www.filastrocche.it\/feste\/filastrocche-di-pace\/\"><img loading=\"lazy\" decoding=\"async\" width=\"170\" height=\"113\" class=\"alignnone wp-image-240116 size-full\" title=\"Filastrocche di Pace\" src=\"https:\/\/www.filastrocche.it\/contenuti\/wp-content\/uploads\/2015\/01\/filastrocche-di-pace-170.jpg\" alt=\"Filastrocche di Pace\" \/><\/a><br \/>\nSe cercate altre\u00a0<a href=\"https:\/\/www.filastrocche.it\/feste\/filastrocche-di-pace\/\"><strong>Filastrocche di Pace, cliccate qui<\/strong><\/a>!<\/p>\n<p><a href=\"https:\/\/www.filastrocche.it\/feste\/poesie-sulla-pace\/\"><img loading=\"lazy\" decoding=\"async\" width=\"150\" height=\"213\" class=\"alignnone wp-image-240118 size-full\" title=\"Poesie sulla Pace\" src=\"https:\/\/www.filastrocche.it\/contenuti\/wp-content\/uploads\/2015\/01\/poesie-sulla-pace-150.jpg\" alt=\"Poesie sulla Pace\" \/><\/a><br \/>\nSe cercate altre\u00a0<a href=\"https:\/\/www.filastrocche.it\/feste\/poesie-sulla-pace\/\"><strong>Poesie sulla Pace, cliccate qui<\/strong><\/a>!<\/p>\n<p><a href=\"https:\/\/www.filastrocche.it\/feste\/filastrocche-di-jolanda-restano\/\"><img loading=\"lazy\" decoding=\"async\" width=\"150\" height=\"141\" class=\"alignnone wp-image-222546 size-full\" title=\"Filastrocche di Jolanda Restano\" src=\"https:\/\/www.filastrocche.it\/contenuti\/wp-content\/uploads\/2018\/05\/filastrocche-di-jolanda-restano-150.jpg\" alt=\"Filastrocche di Jolanda Restano\" \/><\/a><br \/>\nPer leggere le pi\u00f9 belle\u00a0<a href=\"https:\/\/www.filastrocche.it\/feste\/filastrocche-di-jolanda-restano\/\"><strong>Filastrocche di Jolanda Restano, clicca qui<\/strong><\/a>!<\/p>\n<p><a href=\"https:\/\/www.filastrocche.it\/feste\/poesie-di-jolanda-restano\/\"><img loading=\"lazy\" decoding=\"async\" width=\"150\" height=\"152\" class=\"alignnone wp-image-222547 size-full\" title=\"Poesie di Jolanda Restano\" src=\"https:\/\/www.filastrocche.it\/contenuti\/wp-content\/uploads\/2018\/05\/poesie-di-jolanda-restano-150.jpg\" alt=\"Poesie di Jolanda Restano\" \/><\/a><br \/>\nPer leggere le pi\u00f9 belle\u00a0<a href=\"https:\/\/www.filastrocche.it\/feste\/poesie-di-jolanda-restano\/\"><strong>Poesie di Jolanda Restano, clicca qui<\/strong><\/a>!<\/p>\n","protected":false},"excerpt":{"rendered":"<p>Leggiamo insieme: Girotondo della Terra di Jolanda Restano Girotondo della Terra W la Pace, Abbasso la guerra! Un sol popolo pi\u00f9 unito E il razzismo abolito! Non pi\u00f9 lotte e ostilit\u00e0 Ma concordia e libert\u00e0 Non pi\u00f9 odio, non pi\u00f9 guerra Girotondo della terra Se cercate altre\u00a0Filastrocche di Pace, cliccate qui! Se cercate altre\u00a0Poesie sulla [&hellip;]<\/p>\n","protected":false},"author":5,"featured_media":209937,"comment_status":"open","ping_status":"open","sticky":false,"template":"","format":"standard","meta":{"footnotes":""},"categories":[5,28],"tags":[619,1591,621,787],"sponsors":[],"class_list":["post-239644","post","type-post","status-publish","format-standard","has-post-thumbnail","hentry","category-filastrocche","category-filastrocche-dautore","tag-girotondo","tag-jolanda-restano","tag-pace","tag-terra","lingua-italiano","scopo-intrattenimento"],"yoast_head":"<!-- This site is optimized with the Yoast SEO plugin v26.2 - https:\/\/yoast.com\/wordpress\/plugins\/seo\/ -->\n<title>Girotondo della Terra di Jolanda Restano - Filastrocche.it<\/title>\n<meta name=\"description\" content=\"Testo della filastrocca dal titolo: Girotondo della Terra di Jolanda Restano. Versi iniziali: Girotondo della Terra W la Pace, Abbasso...\" \/>\n<meta name=\"robots\" content=\"index, follow, max-snippet:-1, max-image-preview:large, max-video-preview:-1\" \/>\n<link rel=\"canonical\" href=\"https:\/\/www.filastrocche.it\/contenuti\/girotondo-della-terra\/\" \/>\n<meta property=\"og:locale\" content=\"it_IT\" \/>\n<meta property=\"og:type\" content=\"article\" \/>\n<meta property=\"og:title\" content=\"Girotondo della Terra di Jolanda Restano - Filastrocche.it\" \/>\n<meta property=\"og:description\" content=\"Testo della filastrocca dal titolo: Girotondo della Terra di Jolanda Restano. Versi iniziali: Girotondo della Terra W la Pace, Abbasso...\" \/>\n<meta property=\"og:url\" content=\"https:\/\/www.filastrocche.it\/contenuti\/girotondo-della-terra\/\" \/>\n<meta property=\"og:site_name\" content=\"I testi della tradizione di Filastrocche.it\" \/>\n<meta property=\"article:author\" content=\"http:\/\/www.facebook.com\/jolanda.restano\" \/>\n<meta property=\"article:published_time\" content=\"2022-02-25T03:23:10+00:00\" \/>\n<meta property=\"article:modified_time\" content=\"2022-03-17T08:52:13+00:00\" \/>\n<meta property=\"og:image\" content=\"https:\/\/www.filastrocche.it\/contenuti\/wp-content\/uploads\/2018\/06\/solidarieta-550.jpg\" \/>\n\t<meta property=\"og:image:width\" content=\"550\" \/>\n\t<meta property=\"og:image:height\" content=\"550\" \/>\n\t<meta property=\"og:image:type\" content=\"image\/jpeg\" \/>\n<meta name=\"author\" content=\"Jolanda\" \/>\n<meta name=\"twitter:label1\" content=\"Scritto da\" \/>\n\t<meta name=\"twitter:data1\" content=\"Jolanda\" \/>\n\t<meta name=\"twitter:label2\" content=\"Tempo di lettura stimato\" \/>\n\t<meta name=\"twitter:data2\" content=\"2 minuti\" \/>\n<!-- \/ Yoast SEO plugin. -->","yoast_head_json":{"title":"Girotondo della Terra di Jolanda Restano - Filastrocche.it","description":"Testo della filastrocca dal titolo: Girotondo della Terra di Jolanda Restano. Versi iniziali: Girotondo della Terra W la Pace, Abbasso...","robots":{"index":"index","follow":"follow","max-snippet":"max-snippet:-1","max-image-preview":"max-image-preview:large","max-video-preview":"max-video-preview:-1"},"canonical":"https:\/\/www.filastrocche.it\/contenuti\/girotondo-della-terra\/","og_locale":"it_IT","og_type":"article","og_title":"Girotondo della Terra di Jolanda Restano - Filastrocche.it","og_description":"Testo della filastrocca dal titolo: Girotondo della Terra di Jolanda Restano. Versi iniziali: Girotondo della Terra W la Pace, Abbasso...","og_url":"https:\/\/www.filastrocche.it\/contenuti\/girotondo-della-terra\/","og_site_name":"I testi della tradizione di Filastrocche.it","article_author":"http:\/\/www.facebook.com\/jolanda.restano","article_published_time":"2022-02-25T03:23:10+00:00","article_modified_time":"2022-03-17T08:52:13+00:00","og_image":[{"width":550,"height":550,"url":"https:\/\/www.filastrocche.it\/contenuti\/wp-content\/uploads\/2018\/06\/solidarieta-550.jpg","type":"image\/jpeg"}],"author":"Jolanda","twitter_misc":{"Scritto da":"Jolanda","Tempo di lettura stimato":"2 minuti"},"schema":{"@context":"https:\/\/schema.org","@graph":[{"@type":"WebPage","@id":"https:\/\/www.filastrocche.it\/contenuti\/girotondo-della-terra\/","url":"https:\/\/www.filastrocche.it\/contenuti\/girotondo-della-terra\/","name":"Girotondo della Terra di Jolanda Restano - Filastrocche.it","isPartOf":{"@id":"https:\/\/www.filastrocche.it\/contenuti\/#website"},"primaryImageOfPage":{"@id":"https:\/\/www.filastrocche.it\/contenuti\/girotondo-della-terra\/#primaryimage"},"image":{"@id":"https:\/\/www.filastrocche.it\/contenuti\/girotondo-della-terra\/#primaryimage"},"thumbnailUrl":"https:\/\/www.filastrocche.it\/contenuti\/wp-content\/uploads\/2018\/06\/solidarieta-550.jpg","datePublished":"2022-02-25T03:23:10+00:00","dateModified":"2022-03-17T08:52:13+00:00","author":{"@id":"https:\/\/www.filastrocche.it\/contenuti\/#\/schema\/person\/13a7995b740342851d3a3c001f9dd658"},"description":"Testo della filastrocca dal titolo: Girotondo della Terra di Jolanda Restano. Versi iniziali: Girotondo della Terra W la Pace, Abbasso...","breadcrumb":{"@id":"https:\/\/www.filastrocche.it\/contenuti\/girotondo-della-terra\/#breadcrumb"},"inLanguage":"it-IT","potentialAction":[{"@type":"ReadAction","target":["https:\/\/www.filastrocche.it\/contenuti\/girotondo-della-terra\/"]}]},{"@type":"ImageObject","inLanguage":"it-IT","@id":"https:\/\/www.filastrocche.it\/contenuti\/girotondo-della-terra\/#primaryimage","url":"https:\/\/www.filastrocche.it\/contenuti\/wp-content\/uploads\/2018\/06\/solidarieta-550.jpg","contentUrl":"https:\/\/www.filastrocche.it\/contenuti\/wp-content\/uploads\/2018\/06\/solidarieta-550.jpg","width":550,"height":550},{"@type":"BreadcrumbList","@id":"https:\/\/www.filastrocche.it\/contenuti\/girotondo-della-terra\/#breadcrumb","itemListElement":[{"@type":"ListItem","position":1,"name":"Home","item":"https:\/\/www.filastrocche.it\/contenuti\/"},{"@type":"ListItem","position":2,"name":"Girotondo della Terra"}]},{"@type":"WebSite","@id":"https:\/\/www.filastrocche.it\/contenuti\/#website","url":"https:\/\/www.filastrocche.it\/contenuti\/","name":"I testi della tradizione di Filastrocche.it","description":"Filastrocche, fiabe, canzoni e...","potentialAction":[{"@type":"SearchAction","target":{"@type":"EntryPoint","urlTemplate":"https:\/\/www.filastrocche.it\/contenuti\/?s={search_term_string}"},"query-input":{"@type":"PropertyValueSpecification","valueRequired":true,"valueName":"search_term_string"}}],"inLanguage":"it-IT"},{"@type":"Person","@id":"https:\/\/www.filastrocche.it\/contenuti\/#\/schema\/person\/13a7995b740342851d3a3c001f9dd658","name":"Jolanda","image":{"@type":"ImageObject","inLanguage":"it-IT","@id":"https:\/\/www.filastrocche.it\/contenuti\/#\/schema\/person\/image\/","url":"https:\/\/secure.gravatar.com\/avatar\/1b1f38df48384d8f75481e92c0cbf9e3494d37f3cf35cd02b0f5cba7d63f7349?s=96&d=mm&r=g","contentUrl":"https:\/\/secure.gravatar.com\/avatar\/1b1f38df48384d8f75481e92c0cbf9e3494d37f3cf35cd02b0f5cba7d63f7349?s=96&d=mm&r=g","caption":"Jolanda"},"sameAs":["http:\/\/www.facebook.com\/jolanda.restano","https:\/\/x.com\/jolandarestano"],"url":"https:\/\/www.filastrocche.it\/contenuti\/author\/jolanda\/"}]}},"_links":{"self":[{"href":"https:\/\/www.filastrocche.it\/contenuti\/wp-json\/wp\/v2\/posts\/239644","targetHints":{"allow":["GET"]}}],"collection":[{"href":"https:\/\/www.filastrocche.it\/contenuti\/wp-json\/wp\/v2\/posts"}],"about":[{"href":"https:\/\/www.filastrocche.it\/contenuti\/wp-json\/wp\/v2\/types\/post"}],"author":[{"embeddable":true,"href":"https:\/\/www.filastrocche.it\/contenuti\/wp-json\/wp\/v2\/users\/5"}],"replies":[{"embeddable":true,"href":"https:\/\/www.filastrocche.it\/contenuti\/wp-json\/wp\/v2\/comments?post=239644"}],"version-history":[{"count":3,"href":"https:\/\/www.filastrocche.it\/contenuti\/wp-json\/wp\/v2\/posts\/239644\/revisions"}],"predecessor-version":[{"id":240125,"href":"https:\/\/www.filastrocche.it\/contenuti\/wp-json\/wp\/v2\/posts\/239644\/revisions\/240125"}],"wp:featuredmedia":[{"embeddable":true,"href":"https:\/\/www.filastrocche.it\/contenuti\/wp-json\/wp\/v2\/media\/209937"}],"wp:attachment":[{"href":"https:\/\/www.filastrocche.it\/contenuti\/wp-json\/wp\/v2\/media?parent=239644"}],"wp:term":[{"taxonomy":"category","embeddable":true,"href":"https:\/\/www.filastrocche.it\/contenuti\/wp-json\/wp\/v2\/categories?post=239644"},{"taxonomy":"post_tag","embeddable":true,"href":"https:\/\/www.filastrocche.it\/contenuti\/wp-json\/wp\/v2\/tags?post=239644"},{"taxonomy":"sponsors","embeddable":true,"href":"https:\/\/www.filastrocche.it\/contenuti\/wp-json\/wp\/v2\/sponsors?post=239644"}],"curies":[{"name":"wp","href":"https:\/\/api.w.org\/{rel}","templated":true}]}}