{"id":242202,"date":"2022-12-07T05:45:01","date_gmt":"2022-12-07T03:45:01","guid":{"rendered":"https:\/\/www.filastrocche.it\/contenuti\/?p=242202"},"modified":"2022-12-02T14:49:08","modified_gmt":"2022-12-02T12:49:08","slug":"laggettivo-e-il-suo-contrario","status":"publish","type":"post","link":"https:\/\/www.filastrocche.it\/contenuti\/laggettivo-e-il-suo-contrario\/","title":{"rendered":"L\u2019aggettivo e il suo contrario"},"content":{"rendered":"<h2><a href=\"https:\/\/www.filastrocche.it\/contenuti\/wp-content\/uploads\/2022\/12\/laggettivo-e-i-suoi-contrari.jpeg\"><img loading=\"lazy\" decoding=\"async\" width=\"366\" height=\"545\" class=\"aligncenter wp-image-242292 size-full\" title=\"L\u2019aggettivo e il suo contrario\" src=\"https:\/\/www.filastrocche.it\/contenuti\/wp-content\/uploads\/2022\/12\/laggettivo-e-i-suoi-contrari.jpeg\" alt=\"L\u2019aggettivo e il suo contrario\" srcset=\"https:\/\/www.filastrocche.it\/contenuti\/wp-content\/uploads\/2022\/12\/laggettivo-e-i-suoi-contrari.jpeg 366w, https:\/\/www.filastrocche.it\/contenuti\/wp-content\/uploads\/2022\/12\/laggettivo-e-i-suoi-contrari-201x300.jpeg 201w\" sizes=\"auto, (max-width: 366px) 100vw, 366px\" \/><\/a><\/h2>\n<h2>Leggiamo insieme <strong>L\u2019aggettivo e il suo contrario<\/strong> di Giuseppe Bordi<\/h2>\n<p>Il chiodo \u00e8 magro, non \u00e8 grasso<br \/>\nil cielo \u00e8 alto e non \u00e8 basso<br \/>\nla neve \u00e8 bianca, non \u00e8 nera<br \/>\nla bugia \u00e8 falsa e non \u00e8 vera<br \/>\nla torta \u00e8 dolce, non \u00e8 amara<br \/>\nl\u2019ora \u00e8 frequente e non \u00e8 rara<br \/>\nla lana \u00e8 morbida, non \u00e8 dura<br \/>\nl\u2019alba \u00e8 chiara e non \u00e8 scura<br \/>\nOgni nome ha un aggettivo<br \/>\ne sul quaderno me lo scrivo<br \/>\npoi lo scrivo sul diario<br \/>\ne ci metto il suo contrario.<\/p>\n<p><a href=\"https:\/\/www.filastrocche.it\/feste\/filastrocche-di-giuseppe-bordi\/\"><img loading=\"lazy\" decoding=\"async\" width=\"150\" height=\"227\" class=\"alignnone wp-image-220141 size-full\" title=\"Filastrocche di Giuseppe Bordi\" src=\"https:\/\/www.filastrocche.it\/contenuti\/wp-content\/uploads\/2019\/03\/filastrocche-di-giuseppe-bordi-150.jpg\" alt=\"Filastrocche di Giuseppe Bordi\" \/><\/a><br \/>\nPer leggere le pi\u00f9 belle\u00a0<a href=\"https:\/\/www.filastrocche.it\/feste\/filastrocche-di-giuseppe-bordi\/\"><strong>Filastrocche di Giuseppe Bordi, clicca qui<\/strong><\/a>!<\/p>\n<p><a href=\"https:\/\/www.filastrocche.it\/feste\/poesie-di-giuseppe-bordi\/\"><img loading=\"lazy\" decoding=\"async\" width=\"150\" height=\"223\" class=\"alignnone wp-image-220142 size-full\" title=\"Poesie di Giuseppe Bordi\" src=\"https:\/\/www.filastrocche.it\/contenuti\/wp-content\/uploads\/2019\/03\/poesie-di-giuseppe-bordi-150.jpg\" alt=\"Poesie di Giuseppe Bordi\" \/><\/a><br \/>\nPer leggere le migliori\u00a0<a href=\"https:\/\/www.filastrocche.it\/feste\/poesie-di-giuseppe-bordi\/\"><strong>Poesie di Giuseppe Bordi, clicca qui<\/strong><\/a>!<\/p>\n<p><a href=\"https:\/\/www.filastrocche.it\/feste\/filastrocche-per-imparare\/\"><img loading=\"lazy\" decoding=\"async\" width=\"150\" height=\"117\" class=\"alignnone wp-image-226849 size-full\" title=\"Filastrocche per Imparare\" src=\"https:\/\/www.filastrocche.it\/contenuti\/wp-content\/uploads\/2016\/08\/filastrocche-per-imparare-150.jpg\" alt=\"Filastrocche per Imparare\" \/><\/a><br \/>\nPer le pi\u00f9 belle\u00a0<a href=\"https:\/\/www.filastrocche.it\/feste\/filastrocche-per-imparare\/\"><strong>Filastrocche per Imparare, cliccate qui<\/strong><\/a>!<\/p>\n<p><a href=\"https:\/\/www.filastrocche.it\/feste\/poesie-didattiche\/\"><img loading=\"lazy\" decoding=\"async\" width=\"150\" height=\"120\" class=\"alignnone wp-image-226850 size-full\" title=\"Poesie Didattiche\" src=\"https:\/\/www.filastrocche.it\/contenuti\/wp-content\/uploads\/2016\/08\/poesie-didattiche-150.jpg\" alt=\"Poesie Didattiche\" \/><\/a><br \/>\nPer le migliori\u00a0<a href=\"https:\/\/www.filastrocche.it\/feste\/poesie-didattiche\/\"><strong>Poesie Didattiche, cliccate qui<\/strong><\/a>!<\/p>\n<p>&nbsp;<\/p>\n<p><a href=\"https:\/\/www.filastrocche.it\/feste\/poesie-sulla-scuola\/\"><img loading=\"lazy\" decoding=\"async\" width=\"150\" height=\"107\" class=\"alignnone wp-image-179861 size-full\" title=\"Poesie sulla Scuola\" src=\"https:\/\/www.filastrocche.it\/contenuti\/wp-content\/uploads\/2008\/01\/scuola-cattedra-banco-150.jpg\" alt=\"Poesie sulla Scuola\" \/><\/a><br \/>\nSe cerchi le migliori\u00a0<a href=\"https:\/\/www.filastrocche.it\/feste\/poesie-sulla-scuola\/\"><strong>Poesie sulla Scuola, clicca qui<\/strong><\/a>!<\/p>\n<p><a href=\"https:\/\/www.filastrocche.it\/feste\/filastrocche-sulla-scuola\/\"><img loading=\"lazy\" decoding=\"async\" width=\"150\" height=\"125\" class=\"alignnone wp-image-179859 size-full\" title=\"Filastrocche sulla Scuola\" src=\"https:\/\/www.filastrocche.it\/contenuti\/wp-content\/uploads\/2008\/01\/scuola-edifico-150.jpg\" alt=\"Filastrocche sulla Scuola\" \/><\/a><br \/>\nSe cerchi le migliori\u00a0<a href=\"https:\/\/www.filastrocche.it\/feste\/filastrocche-sulla-scuola\/\"><strong>Filastrocche sulla Scuola, clicca qui<\/strong><\/a>!<\/p>\n<p><a href=\"https:\/\/www.filastrocche.it\/feste\/filastrocche-e-poesie-per-la-scuola\/\"><img loading=\"lazy\" decoding=\"async\" width=\"150\" height=\"100\" class=\"alignnone wp-image-179863 size-full\" title=\"poesie per la Scuola\" src=\"https:\/\/www.filastrocche.it\/contenuti\/wp-content\/uploads\/2008\/01\/scuola-penna-150.jpg\" alt=\"poesie per la Scuola\" \/><\/a><br \/>\nSe cerchi altre\u00a0<a href=\"https:\/\/www.filastrocche.it\/feste\/filastrocche-e-poesie-per-la-scuola\/\"><strong>filastrocche e poesie per la Scuola, clicca qui<\/strong><\/a>!<\/p>\n<p>&nbsp;<\/p>\n<p><a href=\"https:\/\/www.filastrocche.it\/feste\/speciale-scuola\/\"><img loading=\"lazy\" decoding=\"async\" width=\"169\" height=\"45\" class=\"alignnone wp-image-174673 size-full\" title=\"Speciale Scuola\" src=\"https:\/\/www.filastrocche.it\/contenuti\/wp-content\/uploads\/2014\/02\/scritta_specialescuola.gif\" alt=\"Speciale Scuola\" \/><\/a><br \/>\n<a href=\"https:\/\/www.filastrocche.it\/feste\/speciale-scuola\/\"><strong>Visita lo speciale Scuola!<\/strong><\/a><\/p>\n","protected":false},"excerpt":{"rendered":"<p>Leggiamo insieme L\u2019aggettivo e il suo contrario di Giuseppe Bordi Il chiodo \u00e8 magro, non \u00e8 grasso il cielo \u00e8 alto e non \u00e8 basso la neve \u00e8 bianca, non \u00e8 nera la bugia \u00e8 falsa e non \u00e8 vera la torta \u00e8 dolce, non \u00e8 amara l\u2019ora \u00e8 frequente e non \u00e8 rara la [&hellip;]<\/p>\n","protected":false},"author":3289,"featured_media":242292,"comment_status":"open","ping_status":"open","sticky":false,"template":"","format":"standard","meta":{"footnotes":""},"categories":[5,28],"tags":[3463,8390,175,7767,6267],"sponsors":[],"class_list":["post-242202","post","type-post","status-publish","format-standard","has-post-thumbnail","hentry","category-filastrocche","category-filastrocche-dautore","tag-aggettivi","tag-contrari","tag-filastrocca","tag-filastrocche-didattiche","tag-giuseppe-bordi","lingua-italiano","scopo-intrattenimento"],"yoast_head":"<!-- This site is optimized with the Yoast SEO plugin v26.2 - https:\/\/yoast.com\/wordpress\/plugins\/seo\/ -->\n<title>L\u2019aggettivo e il suo contrario, Filastrocca di G.Bordi in Filastrocche.it<\/title>\n<meta name=\"description\" content=\"Testo della filastrocca L\u2019aggettivo e il suo contrario di Giuseppe Bordi in Filastrocche.it. Inizio: Il chiodo \u00e8 magro, non \u00e8 grasso...\" \/>\n<meta name=\"robots\" content=\"index, follow, max-snippet:-1, max-image-preview:large, max-video-preview:-1\" \/>\n<link rel=\"canonical\" href=\"https:\/\/www.filastrocche.it\/contenuti\/laggettivo-e-il-suo-contrario\/\" \/>\n<meta property=\"og:locale\" content=\"it_IT\" \/>\n<meta property=\"og:type\" content=\"article\" \/>\n<meta property=\"og:title\" content=\"L\u2019aggettivo e il suo contrario, Filastrocca di G.Bordi in Filastrocche.it\" \/>\n<meta property=\"og:description\" content=\"Testo della filastrocca L\u2019aggettivo e il suo contrario di Giuseppe Bordi in Filastrocche.it. Inizio: Il chiodo \u00e8 magro, non \u00e8 grasso...\" \/>\n<meta property=\"og:url\" content=\"https:\/\/www.filastrocche.it\/contenuti\/laggettivo-e-il-suo-contrario\/\" \/>\n<meta property=\"og:site_name\" content=\"I testi della tradizione di Filastrocche.it\" \/>\n<meta property=\"article:published_time\" content=\"2022-12-07T03:45:01+00:00\" \/>\n<meta property=\"og:image\" content=\"https:\/\/www.filastrocche.it\/contenuti\/wp-content\/uploads\/2022\/12\/laggettivo-e-i-suoi-contrari.jpeg\" \/>\n\t<meta property=\"og:image:width\" content=\"366\" \/>\n\t<meta property=\"og:image:height\" content=\"545\" \/>\n\t<meta property=\"og:image:type\" content=\"image\/jpeg\" \/>\n<meta name=\"author\" content=\"Ilaria Pavetto\" \/>\n<meta name=\"twitter:label1\" content=\"Scritto da\" \/>\n\t<meta name=\"twitter:data1\" content=\"Ilaria Pavetto\" \/>\n\t<meta name=\"twitter:label2\" content=\"Tempo di lettura stimato\" \/>\n\t<meta name=\"twitter:data2\" content=\"3 minuti\" \/>\n<!-- \/ Yoast SEO plugin. -->","yoast_head_json":{"title":"L\u2019aggettivo e il suo contrario, Filastrocca di G.Bordi in Filastrocche.it","description":"Testo della filastrocca L\u2019aggettivo e il suo contrario di Giuseppe Bordi in Filastrocche.it. Inizio: Il chiodo \u00e8 magro, non \u00e8 grasso...","robots":{"index":"index","follow":"follow","max-snippet":"max-snippet:-1","max-image-preview":"max-image-preview:large","max-video-preview":"max-video-preview:-1"},"canonical":"https:\/\/www.filastrocche.it\/contenuti\/laggettivo-e-il-suo-contrario\/","og_locale":"it_IT","og_type":"article","og_title":"L\u2019aggettivo e il suo contrario, Filastrocca di G.Bordi in Filastrocche.it","og_description":"Testo della filastrocca L\u2019aggettivo e il suo contrario di Giuseppe Bordi in Filastrocche.it. Inizio: Il chiodo \u00e8 magro, non \u00e8 grasso...","og_url":"https:\/\/www.filastrocche.it\/contenuti\/laggettivo-e-il-suo-contrario\/","og_site_name":"I testi della tradizione di Filastrocche.it","article_published_time":"2022-12-07T03:45:01+00:00","og_image":[{"width":366,"height":545,"url":"https:\/\/www.filastrocche.it\/contenuti\/wp-content\/uploads\/2022\/12\/laggettivo-e-i-suoi-contrari.jpeg","type":"image\/jpeg"}],"author":"Ilaria Pavetto","twitter_misc":{"Scritto da":"Ilaria Pavetto","Tempo di lettura stimato":"3 minuti"},"schema":{"@context":"https:\/\/schema.org","@graph":[{"@type":"WebPage","@id":"https:\/\/www.filastrocche.it\/contenuti\/laggettivo-e-il-suo-contrario\/","url":"https:\/\/www.filastrocche.it\/contenuti\/laggettivo-e-il-suo-contrario\/","name":"L\u2019aggettivo e il suo contrario, Filastrocca di G.Bordi in Filastrocche.it","isPartOf":{"@id":"https:\/\/www.filastrocche.it\/contenuti\/#website"},"primaryImageOfPage":{"@id":"https:\/\/www.filastrocche.it\/contenuti\/laggettivo-e-il-suo-contrario\/#primaryimage"},"image":{"@id":"https:\/\/www.filastrocche.it\/contenuti\/laggettivo-e-il-suo-contrario\/#primaryimage"},"thumbnailUrl":"https:\/\/www.filastrocche.it\/contenuti\/wp-content\/uploads\/2022\/12\/laggettivo-e-i-suoi-contrari.jpeg","datePublished":"2022-12-07T03:45:01+00:00","author":{"@id":"https:\/\/www.filastrocche.it\/contenuti\/#\/schema\/person\/50e504679a1975d8be9aa68e635143b1"},"description":"Testo della filastrocca L\u2019aggettivo e il suo contrario di Giuseppe Bordi in Filastrocche.it. Inizio: Il chiodo \u00e8 magro, non \u00e8 grasso...","breadcrumb":{"@id":"https:\/\/www.filastrocche.it\/contenuti\/laggettivo-e-il-suo-contrario\/#breadcrumb"},"inLanguage":"it-IT","potentialAction":[{"@type":"ReadAction","target":["https:\/\/www.filastrocche.it\/contenuti\/laggettivo-e-il-suo-contrario\/"]}]},{"@type":"ImageObject","inLanguage":"it-IT","@id":"https:\/\/www.filastrocche.it\/contenuti\/laggettivo-e-il-suo-contrario\/#primaryimage","url":"https:\/\/www.filastrocche.it\/contenuti\/wp-content\/uploads\/2022\/12\/laggettivo-e-i-suoi-contrari.jpeg","contentUrl":"https:\/\/www.filastrocche.it\/contenuti\/wp-content\/uploads\/2022\/12\/laggettivo-e-i-suoi-contrari.jpeg","width":366,"height":545},{"@type":"BreadcrumbList","@id":"https:\/\/www.filastrocche.it\/contenuti\/laggettivo-e-il-suo-contrario\/#breadcrumb","itemListElement":[{"@type":"ListItem","position":1,"name":"Home","item":"https:\/\/www.filastrocche.it\/contenuti\/"},{"@type":"ListItem","position":2,"name":"L\u2019aggettivo e il suo contrario"}]},{"@type":"WebSite","@id":"https:\/\/www.filastrocche.it\/contenuti\/#website","url":"https:\/\/www.filastrocche.it\/contenuti\/","name":"I testi della tradizione di Filastrocche.it","description":"Filastrocche, fiabe, canzoni e...","potentialAction":[{"@type":"SearchAction","target":{"@type":"EntryPoint","urlTemplate":"https:\/\/www.filastrocche.it\/contenuti\/?s={search_term_string}"},"query-input":{"@type":"PropertyValueSpecification","valueRequired":true,"valueName":"search_term_string"}}],"inLanguage":"it-IT"},{"@type":"Person","@id":"https:\/\/www.filastrocche.it\/contenuti\/#\/schema\/person\/50e504679a1975d8be9aa68e635143b1","name":"Ilaria Pavetto","image":{"@type":"ImageObject","inLanguage":"it-IT","@id":"https:\/\/www.filastrocche.it\/contenuti\/#\/schema\/person\/image\/","url":"https:\/\/secure.gravatar.com\/avatar\/20ba7c12b1ca97dadfdc48a7a9bac6727149538af92a439e5cba06ae64a82ea0?s=96&d=mm&r=g","contentUrl":"https:\/\/secure.gravatar.com\/avatar\/20ba7c12b1ca97dadfdc48a7a9bac6727149538af92a439e5cba06ae64a82ea0?s=96&d=mm&r=g","caption":"Ilaria Pavetto"},"url":"https:\/\/www.filastrocche.it\/contenuti\/author\/redazione-ilaria\/"}]}},"_links":{"self":[{"href":"https:\/\/www.filastrocche.it\/contenuti\/wp-json\/wp\/v2\/posts\/242202","targetHints":{"allow":["GET"]}}],"collection":[{"href":"https:\/\/www.filastrocche.it\/contenuti\/wp-json\/wp\/v2\/posts"}],"about":[{"href":"https:\/\/www.filastrocche.it\/contenuti\/wp-json\/wp\/v2\/types\/post"}],"author":[{"embeddable":true,"href":"https:\/\/www.filastrocche.it\/contenuti\/wp-json\/wp\/v2\/users\/3289"}],"replies":[{"embeddable":true,"href":"https:\/\/www.filastrocche.it\/contenuti\/wp-json\/wp\/v2\/comments?post=242202"}],"version-history":[{"count":2,"href":"https:\/\/www.filastrocche.it\/contenuti\/wp-json\/wp\/v2\/posts\/242202\/revisions"}],"predecessor-version":[{"id":242293,"href":"https:\/\/www.filastrocche.it\/contenuti\/wp-json\/wp\/v2\/posts\/242202\/revisions\/242293"}],"wp:featuredmedia":[{"embeddable":true,"href":"https:\/\/www.filastrocche.it\/contenuti\/wp-json\/wp\/v2\/media\/242292"}],"wp:attachment":[{"href":"https:\/\/www.filastrocche.it\/contenuti\/wp-json\/wp\/v2\/media?parent=242202"}],"wp:term":[{"taxonomy":"category","embeddable":true,"href":"https:\/\/www.filastrocche.it\/contenuti\/wp-json\/wp\/v2\/categories?post=242202"},{"taxonomy":"post_tag","embeddable":true,"href":"https:\/\/www.filastrocche.it\/contenuti\/wp-json\/wp\/v2\/tags?post=242202"},{"taxonomy":"sponsors","embeddable":true,"href":"https:\/\/www.filastrocche.it\/contenuti\/wp-json\/wp\/v2\/sponsors?post=242202"}],"curies":[{"name":"wp","href":"https:\/\/api.w.org\/{rel}","templated":true}]}}