{"id":243786,"date":"2023-07-17T05:58:26","date_gmt":"2023-07-17T03:58:26","guid":{"rendered":"https:\/\/www.filastrocche.it\/contenuti\/?p=243786"},"modified":"2023-05-15T16:59:35","modified_gmt":"2023-05-15T14:59:35","slug":"lestate-9","status":"publish","type":"post","link":"https:\/\/www.filastrocche.it\/contenuti\/lestate-9\/","title":{"rendered":"L&#8217;Estate"},"content":{"rendered":"<h2><img loading=\"lazy\" decoding=\"async\" width=\"640\" height=\"425\" class=\"aligncenter wp-image-243802 size-full\" title=\"L'Estate\" src=\"https:\/\/www.filastrocche.it\/contenuti\/wp-content\/uploads\/2023\/05\/Alba-Montagne.jpg\" alt=\"L'Estate\" srcset=\"https:\/\/www.filastrocche.it\/contenuti\/wp-content\/uploads\/2023\/05\/Alba-Montagne.jpg 640w, https:\/\/www.filastrocche.it\/contenuti\/wp-content\/uploads\/2023\/05\/Alba-Montagne-300x199.jpg 300w\" sizes=\"auto, (max-width: 640px) 100vw, 640px\" \/>Leggiamo insieme <strong>L&#8217;Estate<\/strong> di Juan Ram\u00f3n Jim\u00e9nez<\/h2>\n<p>Freschezza dell&#8217;alba!<br \/>\nSparivano le stelle,<br \/>\narrossava la montagna;<br \/>\nl\u00e0 sul pozzo dell&#8217;orto,<br \/>\nla rondine cantava.<\/p>\n<p>&nbsp;<\/p>\n<p><a href=\"https:\/\/www.filastrocche.it\/feste\/filastrocche-estate\/\"><img loading=\"lazy\" decoding=\"async\" width=\"150\" height=\"100\" class=\"alignnone wp-image-174671 size-full\" title=\"Filastrocche dell'Estate\" src=\"https:\/\/www.filastrocche.it\/contenuti\/wp-content\/uploads\/2014\/02\/filastrocche-sull-estate-150.jpg\" alt=\"Filastrocche dell'Estate\" \/><\/a><br \/>\nSe cerchi le pi\u00f9 belle <strong><a href=\"https:\/\/www.filastrocche.it\/feste\/filastrocche-estate\/\">Filastrocche dell\u2019Estate, clicca qui!<\/a><\/strong><\/p>\n<p><a href=\"https:\/\/www.filastrocche.it\/feste\/poesie-estate\/\"><img loading=\"lazy\" decoding=\"async\" width=\"150\" height=\"108\" class=\"alignnone wp-image-226741 size-full\" title=\"Poesie sull\u2019Estate\" src=\"https:\/\/www.filastrocche.it\/contenuti\/wp-content\/uploads\/2019\/10\/estate-2-150.jpg\" alt=\"Poesie sull\u2019Estate\"   \/><\/a><br \/>\nSe cerchi le migliori <a href=\"https:\/\/www.filastrocche.it\/feste\/poesie-estate\/\"><strong>Poesie sull\u2019Estate, clicca qui<\/strong><\/a>!<\/p>\n<p>&nbsp;<\/p>\n<p><a href=\"https:\/\/www.filastrocche.it\/feste\/filastrocche-di-inverno\/\"><img loading=\"lazy\" decoding=\"async\" width=\"150\" height=\"113\" class=\"alignnone wp-image-174667 size-full\" title=\"Filastrocche sull'Inverno\" src=\"https:\/\/www.filastrocche.it\/contenuti\/wp-content\/uploads\/2014\/02\/filastrocche-sull-inverno-150-ok.jpg\" alt=\"Filastrocche sull'Inverno\" \/><\/a><br \/>\nSe cerchi le pi\u00f9 belle<strong> <a href=\"https:\/\/www.filastrocche.it\/feste\/filastrocche-di-inverno\/\">Filastrocche sull\u2019Inverno, clicca qui<\/a><\/strong>!<\/p>\n<p><a href=\"https:\/\/www.filastrocche.it\/feste\/filastrocche-autunno\/\"><img loading=\"lazy\" decoding=\"async\" width=\"150\" height=\"150\" class=\"alignnone wp-image-174669 size-full\" title=\"Filastrocche sull'Autunno\" src=\"https:\/\/www.filastrocche.it\/contenuti\/wp-content\/uploads\/2014\/02\/filastrocche-sull-autunno-150.jpg\" alt=\"Filastrocche sull'Autunno\" \/><\/a><br \/>\nSe cerchi le pi\u00f9 belle <a href=\"https:\/\/www.filastrocche.it\/feste\/filastrocche-autunno\/\"><strong>Filastrocche sull\u2019Autunno, clicca qui!<\/strong><\/a><\/p>\n<p><a href=\"https:\/\/www.filastrocche.it\/feste\/filastrocche-di-primavera\/\"><img loading=\"lazy\" decoding=\"async\" width=\"150\" height=\"100\" class=\"alignnone wp-image-174665 size-full\" title=\"Filastrocche di Primavera\" src=\"https:\/\/www.filastrocche.it\/contenuti\/wp-content\/uploads\/2014\/02\/filastrocche-sulla-primavera-150.jpg\" alt=\"Filastrocche di Primavera\" \/><\/a><br \/>\nSe cerchi le pi\u00f9 belle <a href=\"https:\/\/www.filastrocche.it\/feste\/filastrocche-di-primavera\/\"><strong>Filastrocche di Primavera, clicca qui<\/strong><\/a>!<\/p>\n<p>&nbsp;<\/p>\n<p><a href=\"https:\/\/www.filastrocche.it\/feste\/filastrocche-sulle-stagioni\/\"><img loading=\"lazy\" decoding=\"async\" width=\"150\" height=\"100\" class=\"alignnone wp-image-174677 size-full\" title=\"Filastrocche sulle Stagioni\" src=\"https:\/\/www.filastrocche.it\/contenuti\/wp-content\/uploads\/2014\/02\/stagioni-150.jpg\" alt=\"Filastrocche sulle Stagioni\" \/><\/a><br \/>\nSe cerchi le migliori <a href=\"https:\/\/www.filastrocche.it\/feste\/filastrocche-sulle-stagioni\/\"><strong>Filastrocche sulle Stagioni, clicca qui<\/strong><\/a>!<\/p>\n<p><a href=\"https:\/\/www.filastrocche.it\/feste\/poesie-sulle-stagioni\/\"><img loading=\"lazy\" decoding=\"async\" width=\"150\" height=\"99\" class=\"alignnone wp-image-185979 size-full\" title=\"Poesie sulle Stagioni\" src=\"https:\/\/www.filastrocche.it\/contenuti\/wp-content\/uploads\/2017\/10\/stagioni-poesie-150.jpg\" alt=\"Poesie sulle Stagioni\"   \/><\/a><br \/>\nSe cerchi le migliori <strong><a href=\"https:\/\/www.filastrocche.it\/feste\/poesie-sulle-stagioni\/\">Poesie sulle Stagioni, clicca qui<\/a><\/strong>!<\/p>\n<p>&nbsp;<\/p>\n<p><a href=\"https:\/\/www.filastrocche.it\/feste\/speciale-scuola\/\"><img loading=\"lazy\" decoding=\"async\" width=\"169\" height=\"45\" class=\"alignnone wp-image-174673 size-full\" title=\"Speciale Scuola\" src=\"https:\/\/www.filastrocche.it\/contenuti\/wp-content\/uploads\/2014\/02\/scritta_specialescuola.gif\" alt=\"Speciale Scuola\" \/><\/a><br \/>\n<a href=\"https:\/\/www.filastrocche.it\/feste\/speciale-scuola\/\"><strong>Visita lo speciale Scuola!<\/strong><\/a><\/p>\n<p>&nbsp;<\/p>\n","protected":false},"excerpt":{"rendered":"<p>Leggiamo insieme L&#8217;Estate di Juan Ram\u00f3n Jim\u00e9nez Freschezza dell&#8217;alba! Sparivano le stelle, arrossava la montagna; l\u00e0 sul pozzo dell&#8217;orto, la rondine cantava. &nbsp; Se cerchi le pi\u00f9 belle Filastrocche dell\u2019Estate, clicca qui! Se cerchi le migliori Poesie sull\u2019Estate, clicca qui! &nbsp; Se cerchi le pi\u00f9 belle Filastrocche sull\u2019Inverno, clicca qui! Se cerchi le pi\u00f9 belle [&hellip;]<\/p>\n","protected":false},"author":3289,"featured_media":243802,"comment_status":"open","ping_status":"open","sticky":false,"template":"","format":"standard","meta":{"footnotes":""},"categories":[9,51],"tags":[1099,5229,187],"sponsors":[],"class_list":["post-243786","post","type-post","status-publish","format-standard","has-post-thumbnail","hentry","category-poesie","category-poesie-dautore","tag-estate","tag-juan-ramon-jimenez","tag-poesia","occasioni-stagioni","lingua-italiano","scopo-intrattenimento"],"yoast_head":"<!-- This site is optimized with the Yoast SEO plugin v26.2 - https:\/\/yoast.com\/wordpress\/plugins\/seo\/ -->\n<title>L&#039;Estate - Poesia di Juan Ram\u00f3n Jim\u00e9nez in Filastrocche.it<\/title>\n<meta name=\"description\" content=\"Testo della poesia L&#039;Estate di Juan Ram\u00f3n Jim\u00e9nezin Filastroche.it. Inizio: Freschezza dell&#039;alba! Sparivano le stelle...\" \/>\n<meta name=\"robots\" content=\"index, follow, max-snippet:-1, max-image-preview:large, max-video-preview:-1\" \/>\n<link rel=\"canonical\" href=\"https:\/\/www.filastrocche.it\/contenuti\/lestate-9\/\" \/>\n<meta property=\"og:locale\" content=\"it_IT\" \/>\n<meta property=\"og:type\" content=\"article\" \/>\n<meta property=\"og:title\" content=\"L&#039;Estate - Poesia di Juan Ram\u00f3n Jim\u00e9nez in Filastrocche.it\" \/>\n<meta property=\"og:description\" content=\"Testo della poesia L&#039;Estate di Juan Ram\u00f3n Jim\u00e9nezin Filastroche.it. Inizio: Freschezza dell&#039;alba! Sparivano le stelle...\" \/>\n<meta property=\"og:url\" content=\"https:\/\/www.filastrocche.it\/contenuti\/lestate-9\/\" \/>\n<meta property=\"og:site_name\" content=\"I testi della tradizione di Filastrocche.it\" \/>\n<meta property=\"article:published_time\" content=\"2023-07-17T03:58:26+00:00\" \/>\n<meta property=\"og:image\" content=\"https:\/\/www.filastrocche.it\/contenuti\/wp-content\/uploads\/2023\/05\/Alba-Montagne.jpg\" \/>\n\t<meta property=\"og:image:width\" content=\"640\" \/>\n\t<meta property=\"og:image:height\" content=\"425\" \/>\n\t<meta property=\"og:image:type\" content=\"image\/jpeg\" \/>\n<meta name=\"author\" content=\"Ilaria Pavetto\" \/>\n<meta name=\"twitter:label1\" content=\"Scritto da\" \/>\n\t<meta name=\"twitter:data1\" content=\"Ilaria Pavetto\" \/>\n\t<meta name=\"twitter:label2\" content=\"Tempo di lettura stimato\" \/>\n\t<meta name=\"twitter:data2\" content=\"3 minuti\" \/>\n<!-- \/ Yoast SEO plugin. -->","yoast_head_json":{"title":"L'Estate - Poesia di Juan Ram\u00f3n Jim\u00e9nez in Filastrocche.it","description":"Testo della poesia L'Estate di Juan Ram\u00f3n Jim\u00e9nezin Filastroche.it. Inizio: Freschezza dell'alba! Sparivano le stelle...","robots":{"index":"index","follow":"follow","max-snippet":"max-snippet:-1","max-image-preview":"max-image-preview:large","max-video-preview":"max-video-preview:-1"},"canonical":"https:\/\/www.filastrocche.it\/contenuti\/lestate-9\/","og_locale":"it_IT","og_type":"article","og_title":"L'Estate - Poesia di Juan Ram\u00f3n Jim\u00e9nez in Filastrocche.it","og_description":"Testo della poesia L'Estate di Juan Ram\u00f3n Jim\u00e9nezin Filastroche.it. Inizio: Freschezza dell'alba! Sparivano le stelle...","og_url":"https:\/\/www.filastrocche.it\/contenuti\/lestate-9\/","og_site_name":"I testi della tradizione di Filastrocche.it","article_published_time":"2023-07-17T03:58:26+00:00","og_image":[{"width":640,"height":425,"url":"https:\/\/www.filastrocche.it\/contenuti\/wp-content\/uploads\/2023\/05\/Alba-Montagne.jpg","type":"image\/jpeg"}],"author":"Ilaria Pavetto","twitter_misc":{"Scritto da":"Ilaria Pavetto","Tempo di lettura stimato":"3 minuti"},"schema":{"@context":"https:\/\/schema.org","@graph":[{"@type":"WebPage","@id":"https:\/\/www.filastrocche.it\/contenuti\/lestate-9\/","url":"https:\/\/www.filastrocche.it\/contenuti\/lestate-9\/","name":"L'Estate - Poesia di Juan Ram\u00f3n Jim\u00e9nez in Filastrocche.it","isPartOf":{"@id":"https:\/\/www.filastrocche.it\/contenuti\/#website"},"primaryImageOfPage":{"@id":"https:\/\/www.filastrocche.it\/contenuti\/lestate-9\/#primaryimage"},"image":{"@id":"https:\/\/www.filastrocche.it\/contenuti\/lestate-9\/#primaryimage"},"thumbnailUrl":"https:\/\/www.filastrocche.it\/contenuti\/wp-content\/uploads\/2023\/05\/Alba-Montagne.jpg","datePublished":"2023-07-17T03:58:26+00:00","author":{"@id":"https:\/\/www.filastrocche.it\/contenuti\/#\/schema\/person\/50e504679a1975d8be9aa68e635143b1"},"description":"Testo della poesia L'Estate di Juan Ram\u00f3n Jim\u00e9nezin Filastroche.it. Inizio: Freschezza dell'alba! Sparivano le stelle...","breadcrumb":{"@id":"https:\/\/www.filastrocche.it\/contenuti\/lestate-9\/#breadcrumb"},"inLanguage":"it-IT","potentialAction":[{"@type":"ReadAction","target":["https:\/\/www.filastrocche.it\/contenuti\/lestate-9\/"]}]},{"@type":"ImageObject","inLanguage":"it-IT","@id":"https:\/\/www.filastrocche.it\/contenuti\/lestate-9\/#primaryimage","url":"https:\/\/www.filastrocche.it\/contenuti\/wp-content\/uploads\/2023\/05\/Alba-Montagne.jpg","contentUrl":"https:\/\/www.filastrocche.it\/contenuti\/wp-content\/uploads\/2023\/05\/Alba-Montagne.jpg","width":640,"height":425},{"@type":"BreadcrumbList","@id":"https:\/\/www.filastrocche.it\/contenuti\/lestate-9\/#breadcrumb","itemListElement":[{"@type":"ListItem","position":1,"name":"Home","item":"https:\/\/www.filastrocche.it\/contenuti\/"},{"@type":"ListItem","position":2,"name":"L&#8217;Estate"}]},{"@type":"WebSite","@id":"https:\/\/www.filastrocche.it\/contenuti\/#website","url":"https:\/\/www.filastrocche.it\/contenuti\/","name":"I testi della tradizione di Filastrocche.it","description":"Filastrocche, fiabe, canzoni e...","potentialAction":[{"@type":"SearchAction","target":{"@type":"EntryPoint","urlTemplate":"https:\/\/www.filastrocche.it\/contenuti\/?s={search_term_string}"},"query-input":{"@type":"PropertyValueSpecification","valueRequired":true,"valueName":"search_term_string"}}],"inLanguage":"it-IT"},{"@type":"Person","@id":"https:\/\/www.filastrocche.it\/contenuti\/#\/schema\/person\/50e504679a1975d8be9aa68e635143b1","name":"Ilaria Pavetto","image":{"@type":"ImageObject","inLanguage":"it-IT","@id":"https:\/\/www.filastrocche.it\/contenuti\/#\/schema\/person\/image\/","url":"https:\/\/secure.gravatar.com\/avatar\/20ba7c12b1ca97dadfdc48a7a9bac6727149538af92a439e5cba06ae64a82ea0?s=96&d=mm&r=g","contentUrl":"https:\/\/secure.gravatar.com\/avatar\/20ba7c12b1ca97dadfdc48a7a9bac6727149538af92a439e5cba06ae64a82ea0?s=96&d=mm&r=g","caption":"Ilaria Pavetto"},"url":"https:\/\/www.filastrocche.it\/contenuti\/author\/redazione-ilaria\/"}]}},"_links":{"self":[{"href":"https:\/\/www.filastrocche.it\/contenuti\/wp-json\/wp\/v2\/posts\/243786","targetHints":{"allow":["GET"]}}],"collection":[{"href":"https:\/\/www.filastrocche.it\/contenuti\/wp-json\/wp\/v2\/posts"}],"about":[{"href":"https:\/\/www.filastrocche.it\/contenuti\/wp-json\/wp\/v2\/types\/post"}],"author":[{"embeddable":true,"href":"https:\/\/www.filastrocche.it\/contenuti\/wp-json\/wp\/v2\/users\/3289"}],"replies":[{"embeddable":true,"href":"https:\/\/www.filastrocche.it\/contenuti\/wp-json\/wp\/v2\/comments?post=243786"}],"version-history":[{"count":3,"href":"https:\/\/www.filastrocche.it\/contenuti\/wp-json\/wp\/v2\/posts\/243786\/revisions"}],"predecessor-version":[{"id":243803,"href":"https:\/\/www.filastrocche.it\/contenuti\/wp-json\/wp\/v2\/posts\/243786\/revisions\/243803"}],"wp:featuredmedia":[{"embeddable":true,"href":"https:\/\/www.filastrocche.it\/contenuti\/wp-json\/wp\/v2\/media\/243802"}],"wp:attachment":[{"href":"https:\/\/www.filastrocche.it\/contenuti\/wp-json\/wp\/v2\/media?parent=243786"}],"wp:term":[{"taxonomy":"category","embeddable":true,"href":"https:\/\/www.filastrocche.it\/contenuti\/wp-json\/wp\/v2\/categories?post=243786"},{"taxonomy":"post_tag","embeddable":true,"href":"https:\/\/www.filastrocche.it\/contenuti\/wp-json\/wp\/v2\/tags?post=243786"},{"taxonomy":"sponsors","embeddable":true,"href":"https:\/\/www.filastrocche.it\/contenuti\/wp-json\/wp\/v2\/sponsors?post=243786"}],"curies":[{"name":"wp","href":"https:\/\/api.w.org\/{rel}","templated":true}]}}