{"id":250622,"date":"2025-06-18T05:41:59","date_gmt":"2025-06-18T03:41:59","guid":{"rendered":"https:\/\/www.filastrocche.it\/contenuti\/?p=250622"},"modified":"2025-05-26T12:42:48","modified_gmt":"2025-05-26T10:42:48","slug":"il-ragno-5","status":"publish","type":"post","link":"https:\/\/www.filastrocche.it\/contenuti\/il-ragno-5\/","title":{"rendered":"Il ragno"},"content":{"rendered":"<h2><img loading=\"lazy\" decoding=\"async\" width=\"480\" height=\"640\" class=\"aligncenter wp-image-250672 size-full\" title=\"Il ragno\" src=\"https:\/\/www.filastrocche.it\/contenuti\/wp-content\/uploads\/2025\/05\/Ragnatela_.jpg\" alt=\"Il ragno\" srcset=\"https:\/\/www.filastrocche.it\/contenuti\/wp-content\/uploads\/2025\/05\/Ragnatela_.jpg 480w, https:\/\/www.filastrocche.it\/contenuti\/wp-content\/uploads\/2025\/05\/Ragnatela_-225x300.jpg 225w\" sizes=\"auto, (max-width: 480px) 100vw, 480px\" \/>Leggiamo insieme <strong>Il ragno<\/strong> di Alessandro Parronchi<\/h2>\n<p>Nell&#8217;ombra aperta tra due rami immoti<br \/>\nho ritrovato la tela di ragno<br \/>\nche vidi ieri, ma il ragno non c&#8217;era.<br \/>\nE da tutto appariva<br \/>\nche non sarebbe ritornato pi\u00f9.<\/p>\n<p>E ora senza ragno<br \/>\nche far\u00e0 il ramo e l&#8217;ombra tra i due rami,<br \/>\nche far\u00e0 il bosco e che far\u00e0 la tela<br \/>\nche dell&#8217;ombra misura le distanze?<br \/>\nSi leva il vento e porta gi\u00f9 le spoglie<br \/>\ne qualcuna s&#8217;impiglia nella tela<br \/>\nun po&#8217; la sciupa, un orlo ne scompiglia.<\/p>\n<p>Ragno ritorna, tu del bosco sei<br \/>\nl&#8217;anima ancora, l&#8217;anima dell&#8217;ombra,<br \/>\ntu geometra sapiente dello spazio<br \/>\nche tra due rami pu\u00f2 alterare il vento<br \/>\ndai dell&#8217;ombra la stabile misura.<br \/>\nE l&#8217;autunno lo so che porta via<br \/>\ntutto, ma perch\u00e9 duri nel ricordo,<br \/>\nquel ciuffo, in cima, ha toccato di rosso.<\/p>\n<p>&nbsp;<\/p>\n<p>&nbsp;<\/p>\n<p><a href=\"https:\/\/www.filastrocche.it\/feste\/poesie-sugli-animali\/\"><img loading=\"lazy\" decoding=\"async\" width=\"150\" height=\"118\" class=\"alignnone size-full wp-image-182191\" src=\"https:\/\/www.filastrocche.it\/contenuti\/wp-content\/uploads\/2017\/07\/gatto-tigrato-150.jpg\" alt=\"\"   \/><\/a><br \/>\nSe cercate le pi\u00f9 belle\u00a0<a href=\"https:\/\/www.filastrocche.it\/feste\/poesie-sugli-animali\/\"><strong>Poesie sugli Animali, cliccate qui<\/strong><\/a>!<\/p>\n<p><a href=\"https:\/\/www.filastrocche.it\/feste\/filastrocche-sugli-animali\/\"><img loading=\"lazy\" decoding=\"async\" width=\"150\" height=\"149\" class=\"alignnone size-full wp-image-182187\" src=\"https:\/\/www.filastrocche.it\/contenuti\/wp-content\/uploads\/2017\/07\/cane-muso-150.jpg\" alt=\"\"   \/><\/a><br \/>\nSe cercate le pi\u00f9 belle\u00a0<a href=\"https:\/\/www.filastrocche.it\/feste\/filastrocche-sugli-animali\/\"><strong>Filastrocche sugli Animali, cliccate qui<\/strong><\/a>!<\/p>\n","protected":false},"excerpt":{"rendered":"<p>Leggiamo insieme Il ragno di Alessandro Parronchi Nell&#8217;ombra aperta tra due rami immoti ho ritrovato la tela di ragno che vidi ieri, ma il ragno non c&#8217;era. E da tutto appariva che non sarebbe ritornato pi\u00f9. E ora senza ragno che far\u00e0 il ramo e l&#8217;ombra tra i due rami, che far\u00e0 il bosco e [&hellip;]<\/p>\n","protected":false},"author":3289,"featured_media":250672,"comment_status":"open","ping_status":"open","sticky":false,"template":"","format":"standard","meta":{"footnotes":""},"categories":[9,51],"tags":[7509,187,3723],"sponsors":[],"class_list":["post-250622","post","type-post","status-publish","format-standard","has-post-thumbnail","hentry","category-poesie","category-poesie-dautore","tag-alessandro-parronchi","tag-poesia","tag-ragno","lingua-italiano","scopo-intrattenimento"],"yoast_head":"<!-- This site is optimized with the Yoast SEO plugin v26.2 - https:\/\/yoast.com\/wordpress\/plugins\/seo\/ -->\n<title>Il ragno - I testi della tradizione di Filastrocche.it Il ragno - Poesia di Alessandro Parronchi in Filastrocche.it<\/title>\n<meta name=\"description\" content=\"Testo della poesia Il ragno di Alessandro Parronchi in Filastrocche.it. Inizio: Nell&#039;ombra aperta fra due rami...\" \/>\n<meta name=\"robots\" content=\"index, follow, max-snippet:-1, max-image-preview:large, max-video-preview:-1\" \/>\n<link rel=\"canonical\" href=\"https:\/\/www.filastrocche.it\/contenuti\/il-ragno-5\/\" \/>\n<meta property=\"og:locale\" content=\"it_IT\" \/>\n<meta property=\"og:type\" content=\"article\" \/>\n<meta property=\"og:title\" content=\"Il ragno - I testi della tradizione di Filastrocche.it Il ragno - Poesia di Alessandro Parronchi in Filastrocche.it\" \/>\n<meta property=\"og:description\" content=\"Testo della poesia Il ragno di Alessandro Parronchi in Filastrocche.it. Inizio: Nell&#039;ombra aperta fra due rami...\" \/>\n<meta property=\"og:url\" content=\"https:\/\/www.filastrocche.it\/contenuti\/il-ragno-5\/\" \/>\n<meta property=\"og:site_name\" content=\"I testi della tradizione di Filastrocche.it\" \/>\n<meta property=\"article:published_time\" content=\"2025-06-18T03:41:59+00:00\" \/>\n<meta property=\"og:image\" content=\"https:\/\/www.filastrocche.it\/contenuti\/wp-content\/uploads\/2025\/05\/Ragnatela_.jpg\" \/>\n\t<meta property=\"og:image:width\" content=\"480\" \/>\n\t<meta property=\"og:image:height\" content=\"640\" \/>\n\t<meta property=\"og:image:type\" content=\"image\/jpeg\" \/>\n<meta name=\"author\" content=\"Ilaria Pavetto\" \/>\n<meta name=\"twitter:label1\" content=\"Scritto da\" \/>\n\t<meta name=\"twitter:data1\" content=\"Ilaria Pavetto\" \/>\n\t<meta name=\"twitter:label2\" content=\"Tempo di lettura stimato\" \/>\n\t<meta name=\"twitter:data2\" content=\"2 minuti\" \/>\n<!-- \/ Yoast SEO plugin. -->","yoast_head_json":{"title":"Il ragno - I testi della tradizione di Filastrocche.it Il ragno - Poesia di Alessandro Parronchi in Filastrocche.it","description":"Testo della poesia Il ragno di Alessandro Parronchi in Filastrocche.it. Inizio: Nell'ombra aperta fra due rami...","robots":{"index":"index","follow":"follow","max-snippet":"max-snippet:-1","max-image-preview":"max-image-preview:large","max-video-preview":"max-video-preview:-1"},"canonical":"https:\/\/www.filastrocche.it\/contenuti\/il-ragno-5\/","og_locale":"it_IT","og_type":"article","og_title":"Il ragno - I testi della tradizione di Filastrocche.it Il ragno - Poesia di Alessandro Parronchi in Filastrocche.it","og_description":"Testo della poesia Il ragno di Alessandro Parronchi in Filastrocche.it. Inizio: Nell'ombra aperta fra due rami...","og_url":"https:\/\/www.filastrocche.it\/contenuti\/il-ragno-5\/","og_site_name":"I testi della tradizione di Filastrocche.it","article_published_time":"2025-06-18T03:41:59+00:00","og_image":[{"width":480,"height":640,"url":"https:\/\/www.filastrocche.it\/contenuti\/wp-content\/uploads\/2025\/05\/Ragnatela_.jpg","type":"image\/jpeg"}],"author":"Ilaria Pavetto","twitter_misc":{"Scritto da":"Ilaria Pavetto","Tempo di lettura stimato":"2 minuti"},"schema":{"@context":"https:\/\/schema.org","@graph":[{"@type":"WebPage","@id":"https:\/\/www.filastrocche.it\/contenuti\/il-ragno-5\/","url":"https:\/\/www.filastrocche.it\/contenuti\/il-ragno-5\/","name":"Il ragno - I testi della tradizione di Filastrocche.it Il ragno - Poesia di Alessandro Parronchi in Filastrocche.it","isPartOf":{"@id":"https:\/\/www.filastrocche.it\/contenuti\/#website"},"primaryImageOfPage":{"@id":"https:\/\/www.filastrocche.it\/contenuti\/il-ragno-5\/#primaryimage"},"image":{"@id":"https:\/\/www.filastrocche.it\/contenuti\/il-ragno-5\/#primaryimage"},"thumbnailUrl":"https:\/\/www.filastrocche.it\/contenuti\/wp-content\/uploads\/2025\/05\/Ragnatela_.jpg","datePublished":"2025-06-18T03:41:59+00:00","author":{"@id":"https:\/\/www.filastrocche.it\/contenuti\/#\/schema\/person\/50e504679a1975d8be9aa68e635143b1"},"description":"Testo della poesia Il ragno di Alessandro Parronchi in Filastrocche.it. Inizio: Nell'ombra aperta fra due rami...","breadcrumb":{"@id":"https:\/\/www.filastrocche.it\/contenuti\/il-ragno-5\/#breadcrumb"},"inLanguage":"it-IT","potentialAction":[{"@type":"ReadAction","target":["https:\/\/www.filastrocche.it\/contenuti\/il-ragno-5\/"]}]},{"@type":"ImageObject","inLanguage":"it-IT","@id":"https:\/\/www.filastrocche.it\/contenuti\/il-ragno-5\/#primaryimage","url":"https:\/\/www.filastrocche.it\/contenuti\/wp-content\/uploads\/2025\/05\/Ragnatela_.jpg","contentUrl":"https:\/\/www.filastrocche.it\/contenuti\/wp-content\/uploads\/2025\/05\/Ragnatela_.jpg","width":480,"height":640},{"@type":"BreadcrumbList","@id":"https:\/\/www.filastrocche.it\/contenuti\/il-ragno-5\/#breadcrumb","itemListElement":[{"@type":"ListItem","position":1,"name":"Home","item":"https:\/\/www.filastrocche.it\/contenuti\/"},{"@type":"ListItem","position":2,"name":"Il ragno"}]},{"@type":"WebSite","@id":"https:\/\/www.filastrocche.it\/contenuti\/#website","url":"https:\/\/www.filastrocche.it\/contenuti\/","name":"I testi della tradizione di Filastrocche.it","description":"Filastrocche, fiabe, canzoni e...","potentialAction":[{"@type":"SearchAction","target":{"@type":"EntryPoint","urlTemplate":"https:\/\/www.filastrocche.it\/contenuti\/?s={search_term_string}"},"query-input":{"@type":"PropertyValueSpecification","valueRequired":true,"valueName":"search_term_string"}}],"inLanguage":"it-IT"},{"@type":"Person","@id":"https:\/\/www.filastrocche.it\/contenuti\/#\/schema\/person\/50e504679a1975d8be9aa68e635143b1","name":"Ilaria Pavetto","image":{"@type":"ImageObject","inLanguage":"it-IT","@id":"https:\/\/www.filastrocche.it\/contenuti\/#\/schema\/person\/image\/","url":"https:\/\/secure.gravatar.com\/avatar\/20ba7c12b1ca97dadfdc48a7a9bac6727149538af92a439e5cba06ae64a82ea0?s=96&d=mm&r=g","contentUrl":"https:\/\/secure.gravatar.com\/avatar\/20ba7c12b1ca97dadfdc48a7a9bac6727149538af92a439e5cba06ae64a82ea0?s=96&d=mm&r=g","caption":"Ilaria Pavetto"},"url":"https:\/\/www.filastrocche.it\/contenuti\/author\/redazione-ilaria\/"}]}},"_links":{"self":[{"href":"https:\/\/www.filastrocche.it\/contenuti\/wp-json\/wp\/v2\/posts\/250622","targetHints":{"allow":["GET"]}}],"collection":[{"href":"https:\/\/www.filastrocche.it\/contenuti\/wp-json\/wp\/v2\/posts"}],"about":[{"href":"https:\/\/www.filastrocche.it\/contenuti\/wp-json\/wp\/v2\/types\/post"}],"author":[{"embeddable":true,"href":"https:\/\/www.filastrocche.it\/contenuti\/wp-json\/wp\/v2\/users\/3289"}],"replies":[{"embeddable":true,"href":"https:\/\/www.filastrocche.it\/contenuti\/wp-json\/wp\/v2\/comments?post=250622"}],"version-history":[{"count":3,"href":"https:\/\/www.filastrocche.it\/contenuti\/wp-json\/wp\/v2\/posts\/250622\/revisions"}],"predecessor-version":[{"id":250675,"href":"https:\/\/www.filastrocche.it\/contenuti\/wp-json\/wp\/v2\/posts\/250622\/revisions\/250675"}],"wp:featuredmedia":[{"embeddable":true,"href":"https:\/\/www.filastrocche.it\/contenuti\/wp-json\/wp\/v2\/media\/250672"}],"wp:attachment":[{"href":"https:\/\/www.filastrocche.it\/contenuti\/wp-json\/wp\/v2\/media?parent=250622"}],"wp:term":[{"taxonomy":"category","embeddable":true,"href":"https:\/\/www.filastrocche.it\/contenuti\/wp-json\/wp\/v2\/categories?post=250622"},{"taxonomy":"post_tag","embeddable":true,"href":"https:\/\/www.filastrocche.it\/contenuti\/wp-json\/wp\/v2\/tags?post=250622"},{"taxonomy":"sponsors","embeddable":true,"href":"https:\/\/www.filastrocche.it\/contenuti\/wp-json\/wp\/v2\/sponsors?post=250622"}],"curies":[{"name":"wp","href":"https:\/\/api.w.org\/{rel}","templated":true}]}}