{"id":251006,"date":"2025-08-12T05:11:09","date_gmt":"2025-08-12T03:11:09","guid":{"rendered":"https:\/\/www.filastrocche.it\/contenuti\/?p=251006"},"modified":"2025-07-22T10:12:08","modified_gmt":"2025-07-22T08:12:08","slug":"i-due-pagliacci-e-l-asino","status":"publish","type":"post","link":"https:\/\/www.filastrocche.it\/contenuti\/i-due-pagliacci-e-l-asino\/","title":{"rendered":"I due pagliacci e l&#8217;asino"},"content":{"rendered":"<p><a href=\"https:\/\/www.filastrocche.it\/contenuti\/wp-content\/uploads\/2025\/07\/i-due-pagliacci-e-l-asino.jpg\"><img loading=\"lazy\" decoding=\"async\" width=\"550\" height=\"737\" class=\"aligncenter wp-image-251007 size-full\" title=\"I due pagliacci e l'asino\" src=\"https:\/\/www.filastrocche.it\/contenuti\/wp-content\/uploads\/2025\/07\/i-due-pagliacci-e-l-asino.jpg\" alt=\"I due pagliacci e l'asino\" srcset=\"https:\/\/www.filastrocche.it\/contenuti\/wp-content\/uploads\/2025\/07\/i-due-pagliacci-e-l-asino.jpg 550w, https:\/\/www.filastrocche.it\/contenuti\/wp-content\/uploads\/2025\/07\/i-due-pagliacci-e-l-asino-224x300.jpg 224w\" sizes=\"auto, (max-width: 550px) 100vw, 550px\" \/><\/a><\/p>\n<h2>Cantiamo insieme: <strong>I due pagliacci e l&#8217;asino<\/strong> di Nino Rastelli<\/h2>\n<p>L\u00e0 nel circo suonano trombe e trombon;<br \/>\nI cavalieri galoppano, le sonagliere tintinnano,<br \/>\nPoi con Ciccio balla la donna cannon<br \/>\nE finalmente fu il numero dei tre pagliacci buffon.<\/p>\n<p>S\u00ec, ma com&#8217;\u00e8? Oh ma perch\u00e9?<br \/>\nVengono in due e s&#8217;annunciano in tre!<br \/>\nL&#8217;altro chi \u00e8? L&#8217;altro chi \u00e8?<br \/>\nL&#8217;altro \u00e8 quell&#8217;asino che il belveder<\/p>\n<p>Sono me!<br \/>\nSono me!<\/p>\n<p>I due pagliacci ucci acci e l&#8217;asino dolce pie<br \/>\nSon due pagliacci ucci acci e un asino che fan tre<br \/>\nSon 4 zampe paraponzip\u00e0<br \/>\nCon otto gambe, guarda che novit\u00e0.<\/p>\n<p>Ognuno balla su una palla tinta di rosso e blu<br \/>\nPoi giocano al football, mentre suonano il boogie boo.<br \/>\nLa folla grida solo tre grandi &#8220;O\u00e8!&#8221;.<br \/>\nQuei due pagliacci ucci acci e l&#8217;asino dolce pie.<\/p>\n<p>Bene! Bravi! Bravi, bravissimi, Bis!<br \/>\nI tre compari sorridono mentre gli allori dividono<br \/>\nBene! Bravi! Chi \u00e8 pi\u00f9 pagliaccio dei tre?<br \/>\nSotto la pelle dell&#8217;asino \u00e8 chi mi sa dir chi c&#8217;\u00e8!<\/p>\n<p>Qualcuno c&#8217;\u00e8! Questo si sa!<br \/>\nMa chi sar\u00e0? Chi sar\u00e0? Chi sar\u00e0?<br \/>\nIl fatto \u00e8 che ci sa far<br \/>\nE che nessun come lui sa cantar!<\/p>\n<p>Quando fa&#8230;<br \/>\nQuando fa&#8230;<\/p>\n<p>I due pagliacci ucci acci e l&#8217;asino dolce pie<br \/>\nSon due pagliacci ucci acci e un asino che fan tre<br \/>\nSon 4 zampe paraponzip\u00e0<br \/>\nCon otto gambe, guarda che novit\u00e0.<\/p>\n<p>Ognuno balla su una palla tinta di rosso e blu<br \/>\nPoi giocano al football, mentre suonano il boogie boo.<br \/>\nLa folla grida solo tre grandi &#8220;O\u00e8!&#8221;<br \/>\nQuei due pagliacci ucci acci e l&#8217;asino dolce pie.<\/p>\n<p><em>Applausi e grida del pubblico<\/em><\/p>\n<p>I due pagliacci ucci acci e l&#8217;asino dolce pie<br \/>\nSon due pagliacci ucci acci e un asino che fan tre<br \/>\nLa folla grida solo tre grandi &#8220;O\u00e8!&#8221;<br \/>\nQuei due pagliacci ucci acci e l&#8217;asino dolce pie.<\/p>\n<p>&nbsp;<\/p>\n<h3>Ascoltiamo insieme: <strong>I due pagliacci e l&#8217;asino<\/strong><\/h3>\n<div class=\"flex-video\"><iframe title=\"clara jaione - i due pagliacci e l&#039;asino - 78 giri\"   src=\"https:\/\/www.youtube.com\/embed\/8XhkYqM1Il4?feature=oembed\" frameborder=\"0\" allow=\"accelerometer; autoplay; clipboard-write; encrypted-media; gyroscope; picture-in-picture; web-share\" referrerpolicy=\"strict-origin-when-cross-origin\" allowfullscreen><\/iframe><\/div>\n<p>&nbsp;<\/p>\n<p>Per ascoltare la nonna di Luigi che canta la canzone: <strong><a href=\"https:\/\/www.filastrocche.it\/contenuti\/wp-content\/uploads\/2025\/07\/i-due-pagliacci-e-l-asino-nonna.m4a\">I due Pagliacci e l&#8217;asino, clicca qui!<\/a><\/strong><\/p>\n<p>&nbsp;<\/p>\n<p><a href=\"https:\/\/www.filastrocche.it\/contenuti\/wp-content\/uploads\/2025\/07\/i-due-pagliacci-e-l-asino-2.jpg\"><img loading=\"lazy\" decoding=\"async\" width=\"550\" height=\"770\" class=\"aligncenter wp-image-251008 size-full\" title=\"I due pagliacci e l'asino\" src=\"https:\/\/www.filastrocche.it\/contenuti\/wp-content\/uploads\/2025\/07\/i-due-pagliacci-e-l-asino-2.jpg\" alt=\"I due pagliacci e l'asino\" srcset=\"https:\/\/www.filastrocche.it\/contenuti\/wp-content\/uploads\/2025\/07\/i-due-pagliacci-e-l-asino-2.jpg 550w, https:\/\/www.filastrocche.it\/contenuti\/wp-content\/uploads\/2025\/07\/i-due-pagliacci-e-l-asino-2-214x300.jpg 214w\" sizes=\"auto, (max-width: 550px) 100vw, 550px\" \/><\/a><\/p>\n","protected":false},"excerpt":{"rendered":"<p>Cantiamo insieme: I due pagliacci e l&#8217;asino di Nino Rastelli L\u00e0 nel circo suonano trombe e trombon; I cavalieri galoppano, le sonagliere tintinnano, Poi con Ciccio balla la donna cannon E finalmente fu il numero dei tre pagliacci buffon. S\u00ec, ma com&#8217;\u00e8? Oh ma perch\u00e9? Vengono in due e s&#8217;annunciano in tre! L&#8217;altro chi \u00e8? [&hellip;]<\/p>\n","protected":false},"author":5,"featured_media":251007,"comment_status":"open","ping_status":"open","sticky":false,"template":"","format":"standard","meta":{"footnotes":""},"categories":[6,37],"tags":[417,8814,4117],"sponsors":[],"class_list":["post-251006","post","type-post","status-publish","format-standard","has-post-thumbnail","hentry","category-canzoni","category-canzoni-dautore","tag-asino","tag-nino-rastelli","tag-pagliaccio","lingua-italiano","scopo-intrattenimento"],"yoast_head":"<!-- This site is optimized with the Yoast SEO plugin v26.2 - https:\/\/yoast.com\/wordpress\/plugins\/seo\/ -->\n<title>I due pagliacci e l&#039;asino - Filastrocche.it<\/title>\n<meta name=\"description\" content=\"Testo di: I due pagliacci e l&#039;asino cantata da C. Jaione - Testo: N. Rastelli - Musica: A. Fragna - Casa Editrice Nazionale Musicale\" \/>\n<meta name=\"robots\" content=\"index, follow, max-snippet:-1, max-image-preview:large, max-video-preview:-1\" \/>\n<link rel=\"canonical\" href=\"https:\/\/www.filastrocche.it\/contenuti\/i-due-pagliacci-e-l-asino\/\" \/>\n<meta property=\"og:locale\" content=\"it_IT\" \/>\n<meta property=\"og:type\" content=\"article\" \/>\n<meta property=\"og:title\" content=\"I due pagliacci e l&#039;asino - Filastrocche.it\" \/>\n<meta property=\"og:description\" content=\"Testo di: I due pagliacci e l&#039;asino cantata da C. Jaione - Testo: N. Rastelli - Musica: A. Fragna - Casa Editrice Nazionale Musicale\" \/>\n<meta property=\"og:url\" content=\"https:\/\/www.filastrocche.it\/contenuti\/i-due-pagliacci-e-l-asino\/\" \/>\n<meta property=\"og:site_name\" content=\"I testi della tradizione di Filastrocche.it\" \/>\n<meta property=\"article:author\" content=\"http:\/\/www.facebook.com\/jolanda.restano\" \/>\n<meta property=\"article:published_time\" content=\"2025-08-12T03:11:09+00:00\" \/>\n<meta property=\"og:image\" content=\"https:\/\/www.filastrocche.it\/contenuti\/wp-content\/uploads\/2025\/07\/i-due-pagliacci-e-l-asino.jpg\" \/>\n\t<meta property=\"og:image:width\" content=\"550\" \/>\n\t<meta property=\"og:image:height\" content=\"737\" \/>\n\t<meta property=\"og:image:type\" content=\"image\/jpeg\" \/>\n<meta name=\"author\" content=\"Jolanda\" \/>\n<meta name=\"twitter:label1\" content=\"Scritto da\" \/>\n\t<meta name=\"twitter:data1\" content=\"Jolanda\" \/>\n\t<meta name=\"twitter:label2\" content=\"Tempo di lettura stimato\" \/>\n\t<meta name=\"twitter:data2\" content=\"3 minuti\" \/>\n<!-- \/ Yoast SEO plugin. -->","yoast_head_json":{"title":"I due pagliacci e l'asino - Filastrocche.it","description":"Testo di: I due pagliacci e l'asino cantata da C. Jaione - Testo: N. Rastelli - Musica: A. Fragna - Casa Editrice Nazionale Musicale","robots":{"index":"index","follow":"follow","max-snippet":"max-snippet:-1","max-image-preview":"max-image-preview:large","max-video-preview":"max-video-preview:-1"},"canonical":"https:\/\/www.filastrocche.it\/contenuti\/i-due-pagliacci-e-l-asino\/","og_locale":"it_IT","og_type":"article","og_title":"I due pagliacci e l'asino - Filastrocche.it","og_description":"Testo di: I due pagliacci e l'asino cantata da C. Jaione - Testo: N. Rastelli - Musica: A. Fragna - Casa Editrice Nazionale Musicale","og_url":"https:\/\/www.filastrocche.it\/contenuti\/i-due-pagliacci-e-l-asino\/","og_site_name":"I testi della tradizione di Filastrocche.it","article_author":"http:\/\/www.facebook.com\/jolanda.restano","article_published_time":"2025-08-12T03:11:09+00:00","og_image":[{"width":550,"height":737,"url":"https:\/\/www.filastrocche.it\/contenuti\/wp-content\/uploads\/2025\/07\/i-due-pagliacci-e-l-asino.jpg","type":"image\/jpeg"}],"author":"Jolanda","twitter_misc":{"Scritto da":"Jolanda","Tempo di lettura stimato":"3 minuti"},"schema":{"@context":"https:\/\/schema.org","@graph":[{"@type":"WebPage","@id":"https:\/\/www.filastrocche.it\/contenuti\/i-due-pagliacci-e-l-asino\/","url":"https:\/\/www.filastrocche.it\/contenuti\/i-due-pagliacci-e-l-asino\/","name":"I due pagliacci e l'asino - Filastrocche.it","isPartOf":{"@id":"https:\/\/www.filastrocche.it\/contenuti\/#website"},"primaryImageOfPage":{"@id":"https:\/\/www.filastrocche.it\/contenuti\/i-due-pagliacci-e-l-asino\/#primaryimage"},"image":{"@id":"https:\/\/www.filastrocche.it\/contenuti\/i-due-pagliacci-e-l-asino\/#primaryimage"},"thumbnailUrl":"https:\/\/www.filastrocche.it\/contenuti\/wp-content\/uploads\/2025\/07\/i-due-pagliacci-e-l-asino.jpg","datePublished":"2025-08-12T03:11:09+00:00","author":{"@id":"https:\/\/www.filastrocche.it\/contenuti\/#\/schema\/person\/13a7995b740342851d3a3c001f9dd658"},"description":"Testo di: I due pagliacci e l'asino cantata da C. Jaione - Testo: N. Rastelli - Musica: A. Fragna - Casa Editrice Nazionale Musicale","breadcrumb":{"@id":"https:\/\/www.filastrocche.it\/contenuti\/i-due-pagliacci-e-l-asino\/#breadcrumb"},"inLanguage":"it-IT","potentialAction":[{"@type":"ReadAction","target":["https:\/\/www.filastrocche.it\/contenuti\/i-due-pagliacci-e-l-asino\/"]}]},{"@type":"ImageObject","inLanguage":"it-IT","@id":"https:\/\/www.filastrocche.it\/contenuti\/i-due-pagliacci-e-l-asino\/#primaryimage","url":"https:\/\/www.filastrocche.it\/contenuti\/wp-content\/uploads\/2025\/07\/i-due-pagliacci-e-l-asino.jpg","contentUrl":"https:\/\/www.filastrocche.it\/contenuti\/wp-content\/uploads\/2025\/07\/i-due-pagliacci-e-l-asino.jpg","width":550,"height":737},{"@type":"BreadcrumbList","@id":"https:\/\/www.filastrocche.it\/contenuti\/i-due-pagliacci-e-l-asino\/#breadcrumb","itemListElement":[{"@type":"ListItem","position":1,"name":"Home","item":"https:\/\/www.filastrocche.it\/contenuti\/"},{"@type":"ListItem","position":2,"name":"I due pagliacci e l&#8217;asino"}]},{"@type":"WebSite","@id":"https:\/\/www.filastrocche.it\/contenuti\/#website","url":"https:\/\/www.filastrocche.it\/contenuti\/","name":"I testi della tradizione di Filastrocche.it","description":"Filastrocche, fiabe, canzoni e...","potentialAction":[{"@type":"SearchAction","target":{"@type":"EntryPoint","urlTemplate":"https:\/\/www.filastrocche.it\/contenuti\/?s={search_term_string}"},"query-input":{"@type":"PropertyValueSpecification","valueRequired":true,"valueName":"search_term_string"}}],"inLanguage":"it-IT"},{"@type":"Person","@id":"https:\/\/www.filastrocche.it\/contenuti\/#\/schema\/person\/13a7995b740342851d3a3c001f9dd658","name":"Jolanda","image":{"@type":"ImageObject","inLanguage":"it-IT","@id":"https:\/\/www.filastrocche.it\/contenuti\/#\/schema\/person\/image\/","url":"https:\/\/secure.gravatar.com\/avatar\/1b1f38df48384d8f75481e92c0cbf9e3494d37f3cf35cd02b0f5cba7d63f7349?s=96&d=mm&r=g","contentUrl":"https:\/\/secure.gravatar.com\/avatar\/1b1f38df48384d8f75481e92c0cbf9e3494d37f3cf35cd02b0f5cba7d63f7349?s=96&d=mm&r=g","caption":"Jolanda"},"sameAs":["http:\/\/www.facebook.com\/jolanda.restano","https:\/\/x.com\/jolandarestano"],"url":"https:\/\/www.filastrocche.it\/contenuti\/author\/jolanda\/"}]}},"_links":{"self":[{"href":"https:\/\/www.filastrocche.it\/contenuti\/wp-json\/wp\/v2\/posts\/251006","targetHints":{"allow":["GET"]}}],"collection":[{"href":"https:\/\/www.filastrocche.it\/contenuti\/wp-json\/wp\/v2\/posts"}],"about":[{"href":"https:\/\/www.filastrocche.it\/contenuti\/wp-json\/wp\/v2\/types\/post"}],"author":[{"embeddable":true,"href":"https:\/\/www.filastrocche.it\/contenuti\/wp-json\/wp\/v2\/users\/5"}],"replies":[{"embeddable":true,"href":"https:\/\/www.filastrocche.it\/contenuti\/wp-json\/wp\/v2\/comments?post=251006"}],"version-history":[{"count":3,"href":"https:\/\/www.filastrocche.it\/contenuti\/wp-json\/wp\/v2\/posts\/251006\/revisions"}],"predecessor-version":[{"id":251012,"href":"https:\/\/www.filastrocche.it\/contenuti\/wp-json\/wp\/v2\/posts\/251006\/revisions\/251012"}],"wp:featuredmedia":[{"embeddable":true,"href":"https:\/\/www.filastrocche.it\/contenuti\/wp-json\/wp\/v2\/media\/251007"}],"wp:attachment":[{"href":"https:\/\/www.filastrocche.it\/contenuti\/wp-json\/wp\/v2\/media?parent=251006"}],"wp:term":[{"taxonomy":"category","embeddable":true,"href":"https:\/\/www.filastrocche.it\/contenuti\/wp-json\/wp\/v2\/categories?post=251006"},{"taxonomy":"post_tag","embeddable":true,"href":"https:\/\/www.filastrocche.it\/contenuti\/wp-json\/wp\/v2\/tags?post=251006"},{"taxonomy":"sponsors","embeddable":true,"href":"https:\/\/www.filastrocche.it\/contenuti\/wp-json\/wp\/v2\/sponsors?post=251006"}],"curies":[{"name":"wp","href":"https:\/\/api.w.org\/{rel}","templated":true}]}}