{"id":251177,"date":"2025-08-19T05:49:51","date_gmt":"2025-08-19T03:49:51","guid":{"rendered":"https:\/\/www.filastrocche.it\/contenuti\/?p=251177"},"modified":"2025-08-06T16:50:31","modified_gmt":"2025-08-06T14:50:31","slug":"agosto-14","status":"publish","type":"post","link":"https:\/\/www.filastrocche.it\/contenuti\/agosto-14\/","title":{"rendered":"Agosto"},"content":{"rendered":"<p><img loading=\"lazy\" decoding=\"async\" width=\"550\" height=\"733\" class=\"aligncenter size-full wp-image-161667\" src=\"https:\/\/www.filastrocche.it\/contenuti\/wp-content\/uploads\/2001\/04\/agosto-spiaggia-550.jpg\" alt=\"\" srcset=\"https:\/\/www.filastrocche.it\/contenuti\/wp-content\/uploads\/2001\/04\/agosto-spiaggia-550.jpg 550w, https:\/\/www.filastrocche.it\/contenuti\/wp-content\/uploads\/2001\/04\/agosto-spiaggia-550-225x300.jpg 225w\" sizes=\"auto, (max-width: 550px) 100vw, 550px\" \/><\/p>\n<p>AGOSTO, non c&#8217;\u00e8 pi\u00f9 posto<br \/>\nAGOSTO, senza crema vai arrosto<br \/>\nAGOSTO, vacanze ad ogni costo<br \/>\nAGOSTO, si pensa gi\u00e0 al mosto<br \/>\nAGOSTO, per il 15 gi\u00e0 tutto \u00e8 predisposto<br \/>\nAGOSTO, il solleone \u00e8 tosto<br \/>\nAGOSTO, nessuno pensa a stare composto.<\/p>\n<p>&nbsp;<\/p>\n<p>&nbsp;<\/p>\n<p><a href=\"https:\/\/www.filastrocche.it\/feste\/filastrocche-del-mese-di-agosto\/\"><img loading=\"lazy\" decoding=\"async\" width=\"150\" height=\"113\" class=\"alignnone wp-image-232528 size-full\" title=\"Filastrocche del Mese di Agosto\" src=\"https:\/\/www.filastrocche.it\/contenuti\/wp-content\/uploads\/2019\/08\/filastrocche-del-mese-di-agosto-2-150.jpg\" alt=\"Filastrocche del Mese di Agosto\"   \/><\/a><br \/>\nSe cerchi le pi\u00f9 belle\u00a0<strong><a href=\"https:\/\/www.filastrocche.it\/feste\/filastrocche-del-mese-di-agosto\/\">Filastrocche del Mese di Agosto, clicca qui<\/a><\/strong>!<\/p>\n<p><a href=\"https:\/\/www.filastrocche.it\/feste\/poesie-del-mese-di-agosto\/\"><img loading=\"lazy\" decoding=\"async\" width=\"150\" height=\"117\" class=\"alignnone wp-image-232527 size-full\" title=\"Poesie del Mese di Agosto\" src=\"https:\/\/www.filastrocche.it\/contenuti\/wp-content\/uploads\/2019\/08\/poesie-del-mese-di-agosto-150.jpg\" alt=\"Poesie del Mese di Agosto\"   \/><\/a><br \/>\nSe cerchi le migliori\u00a0<a href=\"https:\/\/www.filastrocche.it\/feste\/poesie-del-mese-di-agosto\/\"><strong>Poesie del Mese di Agosto, clicca qui<\/strong><\/a>!<\/p>\n<p>&nbsp;<\/p>\n<p><a href=\"https:\/\/www.filastrocche.it\/feste\/poesie-sulle-vacanze\/\"><img loading=\"lazy\" decoding=\"async\" width=\"150\" height=\"100\" class=\"alignnone wp-image-180669 size-full\" title=\"Poesie sulle Vacanze\" src=\"https:\/\/www.filastrocche.it\/contenuti\/wp-content\/uploads\/2001\/04\/estate-salti-sulla-spiaggia-150.jpg\" alt=\"Poesie sulle Vacanze\"   \/><\/a><br \/>\nSe cerchi le pi\u00f9 belle\u00a0<a href=\"https:\/\/www.filastrocche.it\/feste\/poesie-sulle-vacanze\/\"><strong>Poesie sulle Vacanze, clicca qui<\/strong><\/a>!<\/p>\n<p><a href=\"https:\/\/www.filastrocche.it\/feste\/filastrocche-sulle-vacanze\/\"><img loading=\"lazy\" decoding=\"async\" width=\"150\" height=\"111\" class=\"alignnone wp-image-180671 size-full\" title=\"Filastrocche sulle Vacanze\" src=\"https:\/\/www.filastrocche.it\/contenuti\/wp-content\/uploads\/2001\/04\/filastrocche-sulle-vacanze-copy-150.jpg\" alt=\"Filastrocche sulle Vacanze\"   \/><\/a><br \/>\nSe cerchi le pi\u00f9 belle\u00a0<a href=\"https:\/\/www.filastrocche.it\/feste\/filastrocche-sulle-vacanze\/\"><strong>Filastrocche sulle Vacanze, clicca qui<\/strong><\/a>!<\/p>\n<p>&nbsp;<\/p>\n<p><a href=\"https:\/\/www.filastrocche.it\/feste\/filastrocche-estate\/\"><img loading=\"lazy\" decoding=\"async\" width=\"150\" height=\"100\" class=\"alignnone wp-image-174671 size-full\" title=\"Filastrocche dell'Estate\" src=\"https:\/\/www.filastrocche.it\/contenuti\/wp-content\/uploads\/2014\/02\/filastrocche-sull-estate-150.jpg\" alt=\"Filastrocche dell'Estate\"   \/><\/a><br \/>\nSe cerchi le pi\u00f9 belle\u00a0<strong><a href=\"https:\/\/www.filastrocche.it\/feste\/filastrocche-estate\/\">Filastrocche dell\u2019Estate, clicca qui!<\/a><\/strong><\/p>\n<p><a href=\"https:\/\/www.filastrocche.it\/feste\/filastrocche-autunno\/\"><img loading=\"lazy\" decoding=\"async\" width=\"150\" height=\"150\" class=\"alignnone wp-image-174669 size-full\" title=\"Filastrocche sull'Autunno\" src=\"https:\/\/www.filastrocche.it\/contenuti\/wp-content\/uploads\/2014\/02\/filastrocche-sull-autunno-150.jpg\" alt=\"Filastrocche sull'Autunno\"   \/><\/a><br \/>\nSe cerchi le pi\u00f9 belle\u00a0<a href=\"https:\/\/www.filastrocche.it\/feste\/filastrocche-autunno\/\"><strong>Filastrocche sull\u2019Autunno, clicca qui!<\/strong><\/a><\/p>\n<p><a href=\"https:\/\/www.filastrocche.it\/feste\/filastrocche-di-inverno\/\"><img loading=\"lazy\" decoding=\"async\" width=\"150\" height=\"113\" class=\"alignnone wp-image-174667 size-full\" title=\"Filastrocche sull'Inverno\" src=\"https:\/\/www.filastrocche.it\/contenuti\/wp-content\/uploads\/2014\/02\/filastrocche-sull-inverno-150-ok.jpg\" alt=\"Filastrocche sull'Inverno\"   \/><\/a><br \/>\nSe cerchi le pi\u00f9 belle<strong>\u00a0<a href=\"https:\/\/www.filastrocche.it\/feste\/filastrocche-di-inverno\/\">Filastrocche sull\u2019Inverno, clicca qui<\/a><\/strong>!<\/p>\n<p><a href=\"https:\/\/www.filastrocche.it\/feste\/filastrocche-di-primavera\/\"><img loading=\"lazy\" decoding=\"async\" width=\"150\" height=\"100\" class=\"alignnone wp-image-174665 size-full\" title=\"Filastrocche di Primavera\" src=\"https:\/\/www.filastrocche.it\/contenuti\/wp-content\/uploads\/2014\/02\/filastrocche-sulla-primavera-150.jpg\" alt=\"Filastrocche di Primavera\"   \/><\/a><br \/>\nSe cerchi le pi\u00f9 belle\u00a0<a href=\"https:\/\/www.filastrocche.it\/feste\/filastrocche-di-primavera\/\"><strong>Filastrocche di Primavera, clicca qui<\/strong><\/a>!<\/p>\n<p>&nbsp;<\/p>\n<p><a href=\"https:\/\/www.filastrocche.it\/feste\/filastrocche-sulle-stagioni\/\"><img loading=\"lazy\" decoding=\"async\" width=\"150\" height=\"100\" class=\"alignnone wp-image-174677 size-full\" title=\"Filastrocche sulle Stagioni\" src=\"https:\/\/www.filastrocche.it\/contenuti\/wp-content\/uploads\/2014\/02\/stagioni-150.jpg\" alt=\"Filastrocche sulle Stagioni\"   \/><\/a><br \/>\nSe cerchi le migliori\u00a0<a href=\"https:\/\/www.filastrocche.it\/feste\/filastrocche-sulle-stagioni\/\"><strong>Filastrocche sulle Stagioni, clicca qui<\/strong><\/a>!<\/p>\n<p>&nbsp;<\/p>\n<p><a href=\"https:\/\/www.filastrocche.it\/feste\/c\/scuola\/\"><img loading=\"lazy\" decoding=\"async\" width=\"169\" height=\"45\" class=\"alignnone wp-image-174673 size-full\" title=\"Speciale Scuola\" src=\"https:\/\/www.filastrocche.it\/contenuti\/wp-content\/uploads\/2014\/02\/scritta_specialescuola.gif\" alt=\"Speciale Scuola\"   \/><\/a><a title=\"W la Scuola\" href=\"https:\/\/www.filastrocche.it\/feste\/c\/scuola\/\"><strong><br \/>\nVisita lo speciale \u201cW la Scuola!\u201d<\/strong><\/a><\/p>\n<div class=\"adv-slot adv-native\">\n<div data-aaad=\"true\" data-aa-adunit=\"\/22181265\/FLSTR_A_native_1\"><\/div>\n<div data-aaad=\"true\" data-aa-adunit=\"\/22181265\/FLSTR_MOB_native_1\"><\/div>\n<div id=\"mdf-adv-bottom-content_passback\" data-google-query-id=\"CM_OrI-39o4DFUv0EQgdYQgNVg\"><\/div>\n<\/div>\n","protected":false},"excerpt":{"rendered":"<p>AGOSTO, non c&#8217;\u00e8 pi\u00f9 posto AGOSTO, senza crema vai arrosto AGOSTO, vacanze ad ogni costo AGOSTO, si pensa gi\u00e0 al mosto AGOSTO, per il 15 gi\u00e0 tutto \u00e8 predisposto AGOSTO, il solleone \u00e8 tosto AGOSTO, nessuno pensa a stare composto. &nbsp; &nbsp; Se cerchi le pi\u00f9 belle\u00a0Filastrocche del Mese di Agosto, clicca qui! Se cerchi [&hellip;]<\/p>\n","protected":false},"author":3289,"featured_media":161667,"comment_status":"open","ping_status":"open","sticky":false,"template":"","format":"standard","meta":{"footnotes":""},"categories":[5,29],"tags":[3077,175,6039,535],"sponsors":[],"class_list":["post-251177","post","type-post","status-publish","format-standard","has-post-thumbnail","hentry","category-filastrocche","category-filastrocche-dei-poeti-in-erba","tag-agosto","tag-filastrocca","tag-marzia-cabano","tag-vacanze-2","occasioni-vacanze","lingua-italiano","scopo-intrattenimento"],"yoast_head":"<!-- This site is optimized with the Yoast SEO plugin v26.2 - https:\/\/yoast.com\/wordpress\/plugins\/seo\/ -->\n<title>Agosto - Filastrocca di Marzia Cabano in Filastrocche.it<\/title>\n<meta name=\"description\" content=\"Testo della filastrocca Agosto di Marzia Cabano in Filastrocche.it. Inizio: AGOSTO, non c&#039;\u00e8 pi\u00f9 posto AGOSTO, senza crema vai arrosto...\" \/>\n<meta name=\"robots\" content=\"index, follow, max-snippet:-1, max-image-preview:large, max-video-preview:-1\" \/>\n<link rel=\"canonical\" href=\"https:\/\/www.filastrocche.it\/contenuti\/agosto-14\/\" \/>\n<meta property=\"og:locale\" content=\"it_IT\" \/>\n<meta property=\"og:type\" content=\"article\" \/>\n<meta property=\"og:title\" content=\"Agosto - Filastrocca di Marzia Cabano in Filastrocche.it\" \/>\n<meta property=\"og:description\" content=\"Testo della filastrocca Agosto di Marzia Cabano in Filastrocche.it. Inizio: AGOSTO, non c&#039;\u00e8 pi\u00f9 posto AGOSTO, senza crema vai arrosto...\" \/>\n<meta property=\"og:url\" content=\"https:\/\/www.filastrocche.it\/contenuti\/agosto-14\/\" \/>\n<meta property=\"og:site_name\" content=\"I testi della tradizione di Filastrocche.it\" \/>\n<meta property=\"article:published_time\" content=\"2025-08-19T03:49:51+00:00\" \/>\n<meta property=\"og:image\" content=\"https:\/\/www.filastrocche.it\/contenuti\/wp-content\/uploads\/2001\/04\/agosto-spiaggia-550.jpg\" \/>\n\t<meta property=\"og:image:width\" content=\"550\" \/>\n\t<meta property=\"og:image:height\" content=\"733\" \/>\n\t<meta property=\"og:image:type\" content=\"image\/jpeg\" \/>\n<meta name=\"author\" content=\"Ilaria Pavetto\" \/>\n<meta name=\"twitter:label1\" content=\"Scritto da\" \/>\n\t<meta name=\"twitter:data1\" content=\"Ilaria Pavetto\" \/>\n\t<meta name=\"twitter:label2\" content=\"Tempo di lettura stimato\" \/>\n\t<meta name=\"twitter:data2\" content=\"4 minuti\" \/>\n<!-- \/ Yoast SEO plugin. -->","yoast_head_json":{"title":"Agosto - Filastrocca di Marzia Cabano in Filastrocche.it","description":"Testo della filastrocca Agosto di Marzia Cabano in Filastrocche.it. Inizio: AGOSTO, non c'\u00e8 pi\u00f9 posto AGOSTO, senza crema vai arrosto...","robots":{"index":"index","follow":"follow","max-snippet":"max-snippet:-1","max-image-preview":"max-image-preview:large","max-video-preview":"max-video-preview:-1"},"canonical":"https:\/\/www.filastrocche.it\/contenuti\/agosto-14\/","og_locale":"it_IT","og_type":"article","og_title":"Agosto - Filastrocca di Marzia Cabano in Filastrocche.it","og_description":"Testo della filastrocca Agosto di Marzia Cabano in Filastrocche.it. Inizio: AGOSTO, non c'\u00e8 pi\u00f9 posto AGOSTO, senza crema vai arrosto...","og_url":"https:\/\/www.filastrocche.it\/contenuti\/agosto-14\/","og_site_name":"I testi della tradizione di Filastrocche.it","article_published_time":"2025-08-19T03:49:51+00:00","og_image":[{"width":550,"height":733,"url":"https:\/\/www.filastrocche.it\/contenuti\/wp-content\/uploads\/2001\/04\/agosto-spiaggia-550.jpg","type":"image\/jpeg"}],"author":"Ilaria Pavetto","twitter_misc":{"Scritto da":"Ilaria Pavetto","Tempo di lettura stimato":"4 minuti"},"schema":{"@context":"https:\/\/schema.org","@graph":[{"@type":"WebPage","@id":"https:\/\/www.filastrocche.it\/contenuti\/agosto-14\/","url":"https:\/\/www.filastrocche.it\/contenuti\/agosto-14\/","name":"Agosto - Filastrocca di Marzia Cabano in Filastrocche.it","isPartOf":{"@id":"https:\/\/www.filastrocche.it\/contenuti\/#website"},"primaryImageOfPage":{"@id":"https:\/\/www.filastrocche.it\/contenuti\/agosto-14\/#primaryimage"},"image":{"@id":"https:\/\/www.filastrocche.it\/contenuti\/agosto-14\/#primaryimage"},"thumbnailUrl":"https:\/\/www.filastrocche.it\/contenuti\/wp-content\/uploads\/2001\/04\/agosto-spiaggia-550.jpg","datePublished":"2025-08-19T03:49:51+00:00","author":{"@id":"https:\/\/www.filastrocche.it\/contenuti\/#\/schema\/person\/50e504679a1975d8be9aa68e635143b1"},"description":"Testo della filastrocca Agosto di Marzia Cabano in Filastrocche.it. Inizio: AGOSTO, non c'\u00e8 pi\u00f9 posto AGOSTO, senza crema vai arrosto...","breadcrumb":{"@id":"https:\/\/www.filastrocche.it\/contenuti\/agosto-14\/#breadcrumb"},"inLanguage":"it-IT","potentialAction":[{"@type":"ReadAction","target":["https:\/\/www.filastrocche.it\/contenuti\/agosto-14\/"]}]},{"@type":"ImageObject","inLanguage":"it-IT","@id":"https:\/\/www.filastrocche.it\/contenuti\/agosto-14\/#primaryimage","url":"https:\/\/www.filastrocche.it\/contenuti\/wp-content\/uploads\/2001\/04\/agosto-spiaggia-550.jpg","contentUrl":"https:\/\/www.filastrocche.it\/contenuti\/wp-content\/uploads\/2001\/04\/agosto-spiaggia-550.jpg","width":550,"height":733},{"@type":"BreadcrumbList","@id":"https:\/\/www.filastrocche.it\/contenuti\/agosto-14\/#breadcrumb","itemListElement":[{"@type":"ListItem","position":1,"name":"Home","item":"https:\/\/www.filastrocche.it\/contenuti\/"},{"@type":"ListItem","position":2,"name":"Agosto"}]},{"@type":"WebSite","@id":"https:\/\/www.filastrocche.it\/contenuti\/#website","url":"https:\/\/www.filastrocche.it\/contenuti\/","name":"I testi della tradizione di Filastrocche.it","description":"Filastrocche, fiabe, canzoni e...","potentialAction":[{"@type":"SearchAction","target":{"@type":"EntryPoint","urlTemplate":"https:\/\/www.filastrocche.it\/contenuti\/?s={search_term_string}"},"query-input":{"@type":"PropertyValueSpecification","valueRequired":true,"valueName":"search_term_string"}}],"inLanguage":"it-IT"},{"@type":"Person","@id":"https:\/\/www.filastrocche.it\/contenuti\/#\/schema\/person\/50e504679a1975d8be9aa68e635143b1","name":"Ilaria Pavetto","image":{"@type":"ImageObject","inLanguage":"it-IT","@id":"https:\/\/www.filastrocche.it\/contenuti\/#\/schema\/person\/image\/","url":"https:\/\/secure.gravatar.com\/avatar\/20ba7c12b1ca97dadfdc48a7a9bac6727149538af92a439e5cba06ae64a82ea0?s=96&d=mm&r=g","contentUrl":"https:\/\/secure.gravatar.com\/avatar\/20ba7c12b1ca97dadfdc48a7a9bac6727149538af92a439e5cba06ae64a82ea0?s=96&d=mm&r=g","caption":"Ilaria Pavetto"},"url":"https:\/\/www.filastrocche.it\/contenuti\/author\/redazione-ilaria\/"}]}},"_links":{"self":[{"href":"https:\/\/www.filastrocche.it\/contenuti\/wp-json\/wp\/v2\/posts\/251177","targetHints":{"allow":["GET"]}}],"collection":[{"href":"https:\/\/www.filastrocche.it\/contenuti\/wp-json\/wp\/v2\/posts"}],"about":[{"href":"https:\/\/www.filastrocche.it\/contenuti\/wp-json\/wp\/v2\/types\/post"}],"author":[{"embeddable":true,"href":"https:\/\/www.filastrocche.it\/contenuti\/wp-json\/wp\/v2\/users\/3289"}],"replies":[{"embeddable":true,"href":"https:\/\/www.filastrocche.it\/contenuti\/wp-json\/wp\/v2\/comments?post=251177"}],"version-history":[{"count":2,"href":"https:\/\/www.filastrocche.it\/contenuti\/wp-json\/wp\/v2\/posts\/251177\/revisions"}],"predecessor-version":[{"id":251196,"href":"https:\/\/www.filastrocche.it\/contenuti\/wp-json\/wp\/v2\/posts\/251177\/revisions\/251196"}],"wp:featuredmedia":[{"embeddable":true,"href":"https:\/\/www.filastrocche.it\/contenuti\/wp-json\/wp\/v2\/media\/161667"}],"wp:attachment":[{"href":"https:\/\/www.filastrocche.it\/contenuti\/wp-json\/wp\/v2\/media?parent=251177"}],"wp:term":[{"taxonomy":"category","embeddable":true,"href":"https:\/\/www.filastrocche.it\/contenuti\/wp-json\/wp\/v2\/categories?post=251177"},{"taxonomy":"post_tag","embeddable":true,"href":"https:\/\/www.filastrocche.it\/contenuti\/wp-json\/wp\/v2\/tags?post=251177"},{"taxonomy":"sponsors","embeddable":true,"href":"https:\/\/www.filastrocche.it\/contenuti\/wp-json\/wp\/v2\/sponsors?post=251177"}],"curies":[{"name":"wp","href":"https:\/\/api.w.org\/{rel}","templated":true}]}}