{"id":251528,"date":"2025-10-03T13:40:47","date_gmt":"2025-10-03T11:40:47","guid":{"rendered":"https:\/\/www.filastrocche.it\/contenuti\/?p=251528"},"modified":"2026-02-25T18:56:57","modified_gmt":"2026-02-25T16:56:57","slug":"le-barchette-in-mezzo-al-mare","status":"publish","type":"post","link":"https:\/\/www.filastrocche.it\/contenuti\/le-barchette-in-mezzo-al-mare\/","title":{"rendered":"Le barchette in mezzo al mare"},"content":{"rendered":"<p>&nbsp;<\/p>\n<p><a href=\"https:\/\/www.filastrocche.it\/contenuti\/wp-content\/uploads\/2025\/10\/le-barchette-in-mezzo-al-mare-testo.jpg\"><img loading=\"lazy\" decoding=\"async\" width=\"550\" height=\"370\" class=\"aligncenter wp-image-251532 size-full\" title=\"Le barchette in mezzo al mare\" src=\"https:\/\/www.filastrocche.it\/contenuti\/wp-content\/uploads\/2025\/10\/le-barchette-in-mezzo-al-mare-testo.jpg\" alt=\"Le barchette in mezzo al mare\" srcset=\"https:\/\/www.filastrocche.it\/contenuti\/wp-content\/uploads\/2025\/10\/le-barchette-in-mezzo-al-mare-testo.jpg 550w, https:\/\/www.filastrocche.it\/contenuti\/wp-content\/uploads\/2025\/10\/le-barchette-in-mezzo-al-mare-testo-300x202.jpg 300w\" sizes=\"auto, (max-width: 550px) 100vw, 550px\" \/><\/a><\/p>\n<h2>Leggiamo insieme: <strong>Le barchette in mezzo al mare<\/strong> di Jolanda Restano<\/h2>\n<p>Le barchette in mezzo al mare<br \/>\nVanno a Gaza e sai perch\u00e9?<br \/>\nPerch\u00e9 vogliono aiutare<br \/>\nI bambini come te.<\/p>\n<p>Portan cibo, vanno in pace,<br \/>\nChiedon solo libert\u00e0<br \/>\nE se tutto il mondo tace<br \/>\nLa Flotilla grider\u00e0.<\/p>\n<p>L&#8217;han fermata, l&#8217;han bloccata<br \/>\nSenza averne alcun diritto,<br \/>\nLa sua voce tacitata<br \/>\nE prosegue il conflitto.<\/p>\n<p>E adesso tocca noi.<br \/>\nSe ci credi, ora puoi.<\/p>\n<p>Contro fame e guerra a oltranza<br \/>\nSi alzer\u00e0 la nostra voce<br \/>\nNoi portiamo la speranza<br \/>\nE vogliamo solo pace.<\/p>\n<p>Solo pace e libert\u00e0<br \/>\nBasta fame e intolleranza.<br \/>\nContro ogni ostilit\u00e0<br \/>\nSiamo voce di speranza!<\/p>\n<p>&nbsp;<\/p>\n<p><a href=\"https:\/\/www.filastrocche.it\/feste\/filastrocche-di-pace\/\"><img loading=\"lazy\" decoding=\"async\" width=\"170\" height=\"113\" class=\"alignnone wp-image-240116 size-full\" title=\"Filastrocche di Pace\" src=\"https:\/\/www.filastrocche.it\/contenuti\/wp-content\/uploads\/2015\/01\/filastrocche-di-pace-170.jpg\" alt=\"Filastrocche di Pace\"   \/><\/a><br \/>\nSe cercate altre\u00a0<a href=\"https:\/\/www.filastrocche.it\/feste\/filastrocche-di-pace\/\"><strong>Filastrocche di Pace, cliccate qui<\/strong><\/a>!<\/p>\n<p><a href=\"https:\/\/www.filastrocche.it\/feste\/poesie-sulla-pace\/\"><img loading=\"lazy\" decoding=\"async\" width=\"150\" height=\"213\" class=\"alignnone wp-image-240118 size-full\" title=\"Poesie sulla Pace\" src=\"https:\/\/www.filastrocche.it\/contenuti\/wp-content\/uploads\/2015\/01\/poesie-sulla-pace-150.jpg\" alt=\"Poesie sulla Pace\"   \/><\/a><br \/>\nSe cercate altre\u00a0<a href=\"https:\/\/www.filastrocche.it\/feste\/poesie-sulla-pace\/\"><strong>Poesie sulla Pace, cliccate qui<\/strong><\/a>!<\/p>\n<p><em>Immagine creata con AI di Bing<\/em><\/p>\n<p><a href=\"https:\/\/www.filastrocche.it\/contenuti\/wp-content\/uploads\/2025\/10\/le-barchette-in-mezzo-al-mare.jpg\"><img loading=\"lazy\" decoding=\"async\" width=\"550\" height=\"550\" class=\"aligncenter wp-image-251529 size-full\" title=\"Le barchette in mezzo al mare\" src=\"https:\/\/www.filastrocche.it\/contenuti\/wp-content\/uploads\/2025\/10\/le-barchette-in-mezzo-al-mare.jpg\" alt=\"Le barchette in mezzo al mare\" srcset=\"https:\/\/www.filastrocche.it\/contenuti\/wp-content\/uploads\/2025\/10\/le-barchette-in-mezzo-al-mare.jpg 550w, https:\/\/www.filastrocche.it\/contenuti\/wp-content\/uploads\/2025\/10\/le-barchette-in-mezzo-al-mare-300x300.jpg 300w, https:\/\/www.filastrocche.it\/contenuti\/wp-content\/uploads\/2025\/10\/le-barchette-in-mezzo-al-mare-150x150.jpg 150w\" sizes=\"auto, (max-width: 550px) 100vw, 550px\" \/><\/a><\/p>\n<p>&nbsp;<\/p>\n<p><a href=\"https:\/\/www.filastrocche.it\/feste\/filastrocche-di-jolanda-restano\/\"><img loading=\"lazy\" decoding=\"async\" width=\"150\" height=\"141\" class=\"alignnone wp-image-222546 size-full\" title=\"Filastrocche di Jolanda Restano\" src=\"https:\/\/www.filastrocche.it\/contenuti\/wp-content\/uploads\/2018\/05\/filastrocche-di-jolanda-restano-150.jpg\" alt=\"Filastrocche di Jolanda Restano\" \/><\/a><br \/>\nPer leggere le pi\u00f9 belle\u00a0<a href=\"https:\/\/www.filastrocche.it\/feste\/filastrocche-di-jolanda-restano\/\"><strong>Filastrocche di Jolanda Restano, clicca qui<\/strong><\/a>!<\/p>\n<p><a href=\"https:\/\/www.filastrocche.it\/feste\/poesie-di-jolanda-restano\/\"><img loading=\"lazy\" decoding=\"async\" width=\"150\" height=\"152\" class=\"alignnone wp-image-222547 size-full\" title=\"Poesie di Jolanda Restano\" src=\"https:\/\/www.filastrocche.it\/contenuti\/wp-content\/uploads\/2018\/05\/poesie-di-jolanda-restano-150.jpg\" alt=\"Poesie di Jolanda Restano\" \/><\/a><br \/>\nPer leggere le pi\u00f9 belle\u00a0<a href=\"https:\/\/www.filastrocche.it\/feste\/poesie-di-jolanda-restano\/\"><strong>Poesie di Jolanda Restano, clicca qui<\/strong><\/a>!<\/p>\n","protected":false},"excerpt":{"rendered":"<p>&nbsp; Leggiamo insieme: Le barchette in mezzo al mare di Jolanda Restano Le barchette in mezzo al mare Vanno a Gaza e sai perch\u00e9? Perch\u00e9 vogliono aiutare I bambini come te. Portan cibo, vanno in pace, Chiedon solo libert\u00e0 E se tutto il mondo tace La Flotilla grider\u00e0. L&#8217;han fermata, l&#8217;han bloccata Senza averne alcun [&hellip;]<\/p>\n","protected":false},"author":5,"featured_media":251532,"comment_status":"open","ping_status":"open","sticky":false,"template":"","format":"standard","meta":{"footnotes":""},"categories":[5,28],"tags":[3027,1591,621],"sponsors":[],"class_list":["post-251528","post","type-post","status-publish","format-standard","has-post-thumbnail","hentry","category-filastrocche","category-filastrocche-dautore","tag-barchette","tag-jolanda-restano","tag-pace","lingua-italiano","scopo-intrattenimento"],"yoast_head":"<!-- This site is optimized with the Yoast SEO plugin v26.2 - https:\/\/yoast.com\/wordpress\/plugins\/seo\/ -->\n<title>Le barchette in mezzo al mare - Filastrocche.it<\/title>\n<meta name=\"description\" content=\"Testo della filastrocca dal titolo: Le barchette in mezzo al mare di Jolanda Restano, scritta il 3 ottobre 2025 a sostegno della pace.\" \/>\n<meta name=\"robots\" content=\"index, follow, max-snippet:-1, max-image-preview:large, max-video-preview:-1\" \/>\n<link rel=\"canonical\" href=\"https:\/\/www.filastrocche.it\/contenuti\/le-barchette-in-mezzo-al-mare\/\" \/>\n<meta property=\"og:locale\" content=\"it_IT\" \/>\n<meta property=\"og:type\" content=\"article\" \/>\n<meta property=\"og:title\" content=\"Le barchette in mezzo al mare - Filastrocche.it\" \/>\n<meta property=\"og:description\" content=\"Testo della filastrocca dal titolo: Le barchette in mezzo al mare di Jolanda Restano, scritta il 3 ottobre 2025 a sostegno della pace.\" \/>\n<meta property=\"og:url\" content=\"https:\/\/www.filastrocche.it\/contenuti\/le-barchette-in-mezzo-al-mare\/\" \/>\n<meta property=\"og:site_name\" content=\"I testi della tradizione di Filastrocche.it\" \/>\n<meta property=\"article:author\" content=\"http:\/\/www.facebook.com\/jolanda.restano\" \/>\n<meta property=\"article:published_time\" content=\"2025-10-03T11:40:47+00:00\" \/>\n<meta property=\"article:modified_time\" content=\"2026-02-25T16:56:57+00:00\" \/>\n<meta property=\"og:image\" content=\"https:\/\/www.filastrocche.it\/contenuti\/wp-content\/uploads\/2025\/10\/le-barchette-in-mezzo-al-mare-testo.jpg\" \/>\n\t<meta property=\"og:image:width\" content=\"550\" \/>\n\t<meta property=\"og:image:height\" content=\"370\" \/>\n\t<meta property=\"og:image:type\" content=\"image\/jpeg\" \/>\n<meta name=\"author\" content=\"Jolanda\" \/>\n<meta name=\"twitter:label1\" content=\"Scritto da\" \/>\n\t<meta name=\"twitter:data1\" content=\"Jolanda\" \/>\n\t<meta name=\"twitter:label2\" content=\"Tempo di lettura stimato\" \/>\n\t<meta name=\"twitter:data2\" content=\"3 minuti\" \/>\n<!-- \/ Yoast SEO plugin. -->","yoast_head_json":{"title":"Le barchette in mezzo al mare - Filastrocche.it","description":"Testo della filastrocca dal titolo: Le barchette in mezzo al mare di Jolanda Restano, scritta il 3 ottobre 2025 a sostegno della pace.","robots":{"index":"index","follow":"follow","max-snippet":"max-snippet:-1","max-image-preview":"max-image-preview:large","max-video-preview":"max-video-preview:-1"},"canonical":"https:\/\/www.filastrocche.it\/contenuti\/le-barchette-in-mezzo-al-mare\/","og_locale":"it_IT","og_type":"article","og_title":"Le barchette in mezzo al mare - Filastrocche.it","og_description":"Testo della filastrocca dal titolo: Le barchette in mezzo al mare di Jolanda Restano, scritta il 3 ottobre 2025 a sostegno della pace.","og_url":"https:\/\/www.filastrocche.it\/contenuti\/le-barchette-in-mezzo-al-mare\/","og_site_name":"I testi della tradizione di Filastrocche.it","article_author":"http:\/\/www.facebook.com\/jolanda.restano","article_published_time":"2025-10-03T11:40:47+00:00","article_modified_time":"2026-02-25T16:56:57+00:00","og_image":[{"width":550,"height":370,"url":"https:\/\/www.filastrocche.it\/contenuti\/wp-content\/uploads\/2025\/10\/le-barchette-in-mezzo-al-mare-testo.jpg","type":"image\/jpeg"}],"author":"Jolanda","twitter_misc":{"Scritto da":"Jolanda","Tempo di lettura stimato":"3 minuti"},"schema":{"@context":"https:\/\/schema.org","@graph":[{"@type":"WebPage","@id":"https:\/\/www.filastrocche.it\/contenuti\/le-barchette-in-mezzo-al-mare\/","url":"https:\/\/www.filastrocche.it\/contenuti\/le-barchette-in-mezzo-al-mare\/","name":"Le barchette in mezzo al mare - Filastrocche.it","isPartOf":{"@id":"https:\/\/www.filastrocche.it\/contenuti\/#website"},"primaryImageOfPage":{"@id":"https:\/\/www.filastrocche.it\/contenuti\/le-barchette-in-mezzo-al-mare\/#primaryimage"},"image":{"@id":"https:\/\/www.filastrocche.it\/contenuti\/le-barchette-in-mezzo-al-mare\/#primaryimage"},"thumbnailUrl":"https:\/\/www.filastrocche.it\/contenuti\/wp-content\/uploads\/2025\/10\/le-barchette-in-mezzo-al-mare-testo.jpg","datePublished":"2025-10-03T11:40:47+00:00","dateModified":"2026-02-25T16:56:57+00:00","author":{"@id":"https:\/\/www.filastrocche.it\/contenuti\/#\/schema\/person\/13a7995b740342851d3a3c001f9dd658"},"description":"Testo della filastrocca dal titolo: Le barchette in mezzo al mare di Jolanda Restano, scritta il 3 ottobre 2025 a sostegno della pace.","breadcrumb":{"@id":"https:\/\/www.filastrocche.it\/contenuti\/le-barchette-in-mezzo-al-mare\/#breadcrumb"},"inLanguage":"it-IT","potentialAction":[{"@type":"ReadAction","target":["https:\/\/www.filastrocche.it\/contenuti\/le-barchette-in-mezzo-al-mare\/"]}]},{"@type":"ImageObject","inLanguage":"it-IT","@id":"https:\/\/www.filastrocche.it\/contenuti\/le-barchette-in-mezzo-al-mare\/#primaryimage","url":"https:\/\/www.filastrocche.it\/contenuti\/wp-content\/uploads\/2025\/10\/le-barchette-in-mezzo-al-mare-testo.jpg","contentUrl":"https:\/\/www.filastrocche.it\/contenuti\/wp-content\/uploads\/2025\/10\/le-barchette-in-mezzo-al-mare-testo.jpg","width":550,"height":370},{"@type":"BreadcrumbList","@id":"https:\/\/www.filastrocche.it\/contenuti\/le-barchette-in-mezzo-al-mare\/#breadcrumb","itemListElement":[{"@type":"ListItem","position":1,"name":"Home","item":"https:\/\/www.filastrocche.it\/contenuti\/"},{"@type":"ListItem","position":2,"name":"Le barchette in mezzo al mare"}]},{"@type":"WebSite","@id":"https:\/\/www.filastrocche.it\/contenuti\/#website","url":"https:\/\/www.filastrocche.it\/contenuti\/","name":"I testi della tradizione di Filastrocche.it","description":"Filastrocche, fiabe, canzoni e...","potentialAction":[{"@type":"SearchAction","target":{"@type":"EntryPoint","urlTemplate":"https:\/\/www.filastrocche.it\/contenuti\/?s={search_term_string}"},"query-input":{"@type":"PropertyValueSpecification","valueRequired":true,"valueName":"search_term_string"}}],"inLanguage":"it-IT"},{"@type":"Person","@id":"https:\/\/www.filastrocche.it\/contenuti\/#\/schema\/person\/13a7995b740342851d3a3c001f9dd658","name":"Jolanda","image":{"@type":"ImageObject","inLanguage":"it-IT","@id":"https:\/\/www.filastrocche.it\/contenuti\/#\/schema\/person\/image\/","url":"https:\/\/secure.gravatar.com\/avatar\/1b1f38df48384d8f75481e92c0cbf9e3494d37f3cf35cd02b0f5cba7d63f7349?s=96&d=mm&r=g","contentUrl":"https:\/\/secure.gravatar.com\/avatar\/1b1f38df48384d8f75481e92c0cbf9e3494d37f3cf35cd02b0f5cba7d63f7349?s=96&d=mm&r=g","caption":"Jolanda"},"sameAs":["http:\/\/www.facebook.com\/jolanda.restano","https:\/\/x.com\/jolandarestano"],"url":"https:\/\/www.filastrocche.it\/contenuti\/author\/jolanda\/"}]}},"_links":{"self":[{"href":"https:\/\/www.filastrocche.it\/contenuti\/wp-json\/wp\/v2\/posts\/251528","targetHints":{"allow":["GET"]}}],"collection":[{"href":"https:\/\/www.filastrocche.it\/contenuti\/wp-json\/wp\/v2\/posts"}],"about":[{"href":"https:\/\/www.filastrocche.it\/contenuti\/wp-json\/wp\/v2\/types\/post"}],"author":[{"embeddable":true,"href":"https:\/\/www.filastrocche.it\/contenuti\/wp-json\/wp\/v2\/users\/5"}],"replies":[{"embeddable":true,"href":"https:\/\/www.filastrocche.it\/contenuti\/wp-json\/wp\/v2\/comments?post=251528"}],"version-history":[{"count":4,"href":"https:\/\/www.filastrocche.it\/contenuti\/wp-json\/wp\/v2\/posts\/251528\/revisions"}],"predecessor-version":[{"id":252877,"href":"https:\/\/www.filastrocche.it\/contenuti\/wp-json\/wp\/v2\/posts\/251528\/revisions\/252877"}],"wp:featuredmedia":[{"embeddable":true,"href":"https:\/\/www.filastrocche.it\/contenuti\/wp-json\/wp\/v2\/media\/251532"}],"wp:attachment":[{"href":"https:\/\/www.filastrocche.it\/contenuti\/wp-json\/wp\/v2\/media?parent=251528"}],"wp:term":[{"taxonomy":"category","embeddable":true,"href":"https:\/\/www.filastrocche.it\/contenuti\/wp-json\/wp\/v2\/categories?post=251528"},{"taxonomy":"post_tag","embeddable":true,"href":"https:\/\/www.filastrocche.it\/contenuti\/wp-json\/wp\/v2\/tags?post=251528"},{"taxonomy":"sponsors","embeddable":true,"href":"https:\/\/www.filastrocche.it\/contenuti\/wp-json\/wp\/v2\/sponsors?post=251528"}],"curies":[{"name":"wp","href":"https:\/\/api.w.org\/{rel}","templated":true}]}}