{"id":252710,"date":"2026-02-18T05:38:52","date_gmt":"2026-02-18T03:38:52","guid":{"rendered":"https:\/\/www.filastrocche.it\/contenuti\/?p=252710"},"modified":"2026-02-05T15:40:11","modified_gmt":"2026-02-05T13:40:11","slug":"verde-il-mio-campo","status":"publish","type":"post","link":"https:\/\/www.filastrocche.it\/contenuti\/verde-il-mio-campo\/","title":{"rendered":"Verde il mio campo"},"content":{"rendered":"<p><a href=\"https:\/\/www.filastrocche.it\/contenuti\/wp-content\/uploads\/2026\/02\/verde-il-mio-campo.jpg\"><img loading=\"lazy\" decoding=\"async\" width=\"550\" height=\"309\" class=\"aligncenter wp-image-252711 size-full\" title=\"Verde il mio campo\" src=\"https:\/\/www.filastrocche.it\/contenuti\/wp-content\/uploads\/2026\/02\/verde-il-mio-campo.jpg\" alt=\"Verde il mio campo\" srcset=\"https:\/\/www.filastrocche.it\/contenuti\/wp-content\/uploads\/2026\/02\/verde-il-mio-campo.jpg 550w, https:\/\/www.filastrocche.it\/contenuti\/wp-content\/uploads\/2026\/02\/verde-il-mio-campo-300x169.jpg 300w\" sizes=\"auto, (max-width: 550px) 100vw, 550px\" \/><\/a><\/p>\n<h2>Cantiamo insieme: <strong>Verde il mio campo<\/strong> di Salvatore Quagnano e Dario Sebastiano Pagano<\/h2>\n<p>Solo freddo e buio c&#8217;\u00e8,<br \/>\nvorrei fuori stare.<br \/>\nNonno canta e abbraccia me:<br \/>\n&#8220;dormi e non pensare&#8221;.<br \/>\nIl mio campo adesso \u00e8<br \/>\nsassi, vetri e fosse.<br \/>\nIl pallone \u00e8 qui con me,<br \/>\nle scarpette rosse.<\/p>\n<p>Corri, corri e&#8230; Non si pu\u00f2 pi\u00f9.<br \/>\nPassa, passa, dai, tira il pallone.<br \/>\nSegna, segna e&#8230; Non ci sei tu,<br \/>\nl&#8217;amico mio, il supercampione.<\/p>\n<p>Trema il mondo come me,<br \/>\nnon siamo allo stadio.<br \/>\nCol rigore che non c&#8217;\u00e8<br \/>\nviene gi\u00f9 la radio!<\/p>\n<p>Corri, corri e&#8230; Non si pu\u00f2 pi\u00f9.<br \/>\nPassa, passa, dai, tira il pallone.<br \/>\nQui, la libert\u00e0 panchina fa,<br \/>\nresta in riserva.<br \/>\nS\u00ec, lei resta l\u00e0, non gioca ma<br \/>\ntriste ci osserva.<\/p>\n<p>Corri, corri e&#8230; Non si pu\u00f2 pi\u00f9.<br \/>\nPassa, passa, dai, tira il pallone.<br \/>\nSolo vorrei verde il mio campo<br \/>\ndove giocare io e te.<\/p>\n<p>Corri, corri e&#8230; Non si pu\u00f2 pi\u00f9.<br \/>\nPassa, passa, dai, tira il pallone.<br \/>\nSegna, segna e&#8230; Non ci sei tu,<br \/>\nl&#8217;amico mio, il supercampione.<\/p>\n<p>&nbsp;<\/p>\n<h3>Note sulla canzone: <strong>Verde il mio campo<\/strong><\/h3>\n<p><em>Testo: Salvatore Quagnano<\/em><br \/>\n<em>Musiche: Dario Sebastiano Pagano<\/em><br \/>\n<em>Voce solista: Anita Pappalardo<\/em><br \/>\n<em>Seconde voci e coro: Silvia Galignano<\/em><br \/>\n<em>Missaggio e mastering: Giuseppe Ciccarese<\/em><br \/>\n<em>Copertina ufficiale dell\u2019uscita online: Marisa Quarta<\/em><\/p>\n<p><strong>Verde il mio campo<\/strong> \u00e8 una delle 17 canzoni <strong>selezionate per la 54\u00b0 edizione del Festival della canzone per l\u2019infanzia &#8220;Voci nostre&#8221;<\/strong> svoltasi a Buie, in Croazia, lo scorso 13 Dicembre 2025.<\/p>\n<p>La canzone <strong>parla della guerra senza mai citarla.<\/strong><\/p>\n<p><strong>Chi parla \u00e8 un bambino<\/strong> costretto in una cantina\/rifugio col nonno che ha cura di lui, pap\u00e0 \u00e8 in guerra, <strong>il nonno lo consola mentre fuori la guerra impazza<\/strong>.<\/p>\n<p>Il pensiero del bambino va al suo verde campo, <strong>il campetto di calcio vicino casa sua<\/strong> dove giocava con il suo amico del cuore che non c&#8217;\u00e8 pi\u00f9. La guerra se l\u2019\u00e8 portato via.<\/p>\n<p>C\u2019\u00e8 un <strong>parallelo per tutto il testo di suoni e modi di dire legati al calcio e alla guerra<\/strong>, di &#8220;effetti da stadio&#8221; come effetti di guerra (boati del pubblico come boati di missili, tremore di spalti come tremore del terreno, ecc.).<\/p>\n<p>In tutto questo, mantenendo fede al parallelo calcistico, <strong>la Libert\u00e0 resta in panchina<\/strong>, triste, non pu\u00f2 che osservare!<br \/>\nVorrebbe giocare con i bambini e il bambino vorrebbe giocare con lei, ma non c\u2019\u00e8 posto per entrambi sul campo, n\u00e9 c&#8217;\u00e8 pi\u00f9 il campo e nemmeno l&#8217;amico del cuore con cui giocare.<\/p>\n<p>La Libert\u00e0 osserva impotente.<\/p>\n<p>La chiave del testo \u00e8 nel <strong>desiderio sospeso del bambino di voler tornare a giocare sul suo verde campo con il suo amico del cuore<\/strong>.<\/p>\n<p>Il ritornello chiosa come prima aveva intervallato le strofe descrivendo una concitata azione di gioco.<\/p>\n<p>&nbsp;<\/p>\n<h3>Per ascoltare: <strong>Verde il mio campo<\/strong>, guarda questo video<\/h3>\n<div class=\"flex-video\"><iframe title=\"Verde il mio campo (canzone che parla della guerra senza mai citarla)\"   src=\"https:\/\/www.youtube.com\/embed\/As8Q8Z9A9LU?feature=oembed\" frameborder=\"0\" allow=\"accelerometer; autoplay; clipboard-write; encrypted-media; gyroscope; picture-in-picture; web-share\" referrerpolicy=\"strict-origin-when-cross-origin\" allowfullscreen><\/iframe><\/div>\n<p>&nbsp;<\/p>\n<p>Per scaricare il <strong>testo<\/strong> della canzone: <a href=\"https:\/\/www.filastrocche.it\/contenuti\/wp-content\/uploads\/2026\/02\/verde-il-mio-campo-testo.pdf\" target=\"_blank\" rel=\"noopener\"><strong>Verde il mio campo, clicca qui!<\/strong><\/a><\/p>\n<p>Per scaricare lo <strong>spartito<\/strong> della canzone: <a href=\"https:\/\/www.filastrocche.it\/contenuti\/wp-content\/uploads\/2026\/02\/verde-il-mio-campo-spartito.pdf\" target=\"_blank\" rel=\"noopener\"><strong>Verde il mio campo, clicca qui!<\/strong><\/a><\/p>\n","protected":false},"excerpt":{"rendered":"<p>Cantiamo insieme: Verde il mio campo di Salvatore Quagnano e Dario Sebastiano Pagano Solo freddo e buio c&#8217;\u00e8, vorrei fuori stare. Nonno canta e abbraccia me: &#8220;dormi e non pensare&#8221;. Il mio campo adesso \u00e8 sassi, vetri e fosse. Il pallone \u00e8 qui con me, le scarpette rosse. Corri, corri e&#8230; Non si pu\u00f2 pi\u00f9. [&hellip;]<\/p>\n","protected":false},"author":5,"featured_media":252711,"comment_status":"open","ping_status":"open","sticky":false,"template":"","format":"standard","meta":{"footnotes":""},"categories":[6,37],"tags":[7997,2783,7339],"sponsors":[],"class_list":["post-252710","post","type-post","status-publish","format-standard","has-post-thumbnail","hentry","category-canzoni","category-canzoni-dautore","tag-dario-pagano","tag-guerra","tag-sport","lingua-italiano","scopo-intrattenimento"],"yoast_head":"<!-- This site is optimized with the Yoast SEO plugin v26.2 - https:\/\/yoast.com\/wordpress\/plugins\/seo\/ -->\n<title>Verde il mio campo - Filastrocche.it<\/title>\n<meta name=\"description\" content=\"Testo della canzone dal titolo: Verde il mio campo di Salvatore Quagnano e Dario Sebastiano Pagano, con spartito e video...\" \/>\n<meta name=\"robots\" content=\"index, follow, max-snippet:-1, max-image-preview:large, max-video-preview:-1\" \/>\n<link rel=\"canonical\" href=\"https:\/\/www.filastrocche.it\/contenuti\/verde-il-mio-campo\/\" \/>\n<meta property=\"og:locale\" content=\"it_IT\" \/>\n<meta property=\"og:type\" content=\"article\" \/>\n<meta property=\"og:title\" content=\"Verde il mio campo - Filastrocche.it\" \/>\n<meta property=\"og:description\" content=\"Testo della canzone dal titolo: Verde il mio campo di Salvatore Quagnano e Dario Sebastiano Pagano, con spartito e video...\" \/>\n<meta property=\"og:url\" content=\"https:\/\/www.filastrocche.it\/contenuti\/verde-il-mio-campo\/\" \/>\n<meta property=\"og:site_name\" content=\"I testi della tradizione di Filastrocche.it\" \/>\n<meta property=\"article:author\" content=\"http:\/\/www.facebook.com\/jolanda.restano\" \/>\n<meta property=\"article:published_time\" content=\"2026-02-18T03:38:52+00:00\" \/>\n<meta property=\"og:image\" content=\"https:\/\/www.filastrocche.it\/contenuti\/wp-content\/uploads\/2026\/02\/verde-il-mio-campo.jpg\" \/>\n\t<meta property=\"og:image:width\" content=\"550\" \/>\n\t<meta property=\"og:image:height\" content=\"309\" \/>\n\t<meta property=\"og:image:type\" content=\"image\/jpeg\" \/>\n<meta name=\"author\" content=\"Jolanda\" \/>\n<meta name=\"twitter:label1\" content=\"Scritto da\" \/>\n\t<meta name=\"twitter:data1\" content=\"Jolanda\" \/>\n\t<meta name=\"twitter:label2\" content=\"Tempo di lettura stimato\" \/>\n\t<meta name=\"twitter:data2\" content=\"3 minuti\" \/>\n<!-- \/ Yoast SEO plugin. -->","yoast_head_json":{"title":"Verde il mio campo - Filastrocche.it","description":"Testo della canzone dal titolo: Verde il mio campo di Salvatore Quagnano e Dario Sebastiano Pagano, con spartito e video...","robots":{"index":"index","follow":"follow","max-snippet":"max-snippet:-1","max-image-preview":"max-image-preview:large","max-video-preview":"max-video-preview:-1"},"canonical":"https:\/\/www.filastrocche.it\/contenuti\/verde-il-mio-campo\/","og_locale":"it_IT","og_type":"article","og_title":"Verde il mio campo - Filastrocche.it","og_description":"Testo della canzone dal titolo: Verde il mio campo di Salvatore Quagnano e Dario Sebastiano Pagano, con spartito e video...","og_url":"https:\/\/www.filastrocche.it\/contenuti\/verde-il-mio-campo\/","og_site_name":"I testi della tradizione di Filastrocche.it","article_author":"http:\/\/www.facebook.com\/jolanda.restano","article_published_time":"2026-02-18T03:38:52+00:00","og_image":[{"width":550,"height":309,"url":"https:\/\/www.filastrocche.it\/contenuti\/wp-content\/uploads\/2026\/02\/verde-il-mio-campo.jpg","type":"image\/jpeg"}],"author":"Jolanda","twitter_misc":{"Scritto da":"Jolanda","Tempo di lettura stimato":"3 minuti"},"schema":{"@context":"https:\/\/schema.org","@graph":[{"@type":"WebPage","@id":"https:\/\/www.filastrocche.it\/contenuti\/verde-il-mio-campo\/","url":"https:\/\/www.filastrocche.it\/contenuti\/verde-il-mio-campo\/","name":"Verde il mio campo - Filastrocche.it","isPartOf":{"@id":"https:\/\/www.filastrocche.it\/contenuti\/#website"},"primaryImageOfPage":{"@id":"https:\/\/www.filastrocche.it\/contenuti\/verde-il-mio-campo\/#primaryimage"},"image":{"@id":"https:\/\/www.filastrocche.it\/contenuti\/verde-il-mio-campo\/#primaryimage"},"thumbnailUrl":"https:\/\/www.filastrocche.it\/contenuti\/wp-content\/uploads\/2026\/02\/verde-il-mio-campo.jpg","datePublished":"2026-02-18T03:38:52+00:00","author":{"@id":"https:\/\/www.filastrocche.it\/contenuti\/#\/schema\/person\/13a7995b740342851d3a3c001f9dd658"},"description":"Testo della canzone dal titolo: Verde il mio campo di Salvatore Quagnano e Dario Sebastiano Pagano, con spartito e video...","breadcrumb":{"@id":"https:\/\/www.filastrocche.it\/contenuti\/verde-il-mio-campo\/#breadcrumb"},"inLanguage":"it-IT","potentialAction":[{"@type":"ReadAction","target":["https:\/\/www.filastrocche.it\/contenuti\/verde-il-mio-campo\/"]}]},{"@type":"ImageObject","inLanguage":"it-IT","@id":"https:\/\/www.filastrocche.it\/contenuti\/verde-il-mio-campo\/#primaryimage","url":"https:\/\/www.filastrocche.it\/contenuti\/wp-content\/uploads\/2026\/02\/verde-il-mio-campo.jpg","contentUrl":"https:\/\/www.filastrocche.it\/contenuti\/wp-content\/uploads\/2026\/02\/verde-il-mio-campo.jpg","width":550,"height":309},{"@type":"BreadcrumbList","@id":"https:\/\/www.filastrocche.it\/contenuti\/verde-il-mio-campo\/#breadcrumb","itemListElement":[{"@type":"ListItem","position":1,"name":"Home","item":"https:\/\/www.filastrocche.it\/contenuti\/"},{"@type":"ListItem","position":2,"name":"Verde il mio campo"}]},{"@type":"WebSite","@id":"https:\/\/www.filastrocche.it\/contenuti\/#website","url":"https:\/\/www.filastrocche.it\/contenuti\/","name":"I testi della tradizione di Filastrocche.it","description":"Filastrocche, fiabe, canzoni e...","potentialAction":[{"@type":"SearchAction","target":{"@type":"EntryPoint","urlTemplate":"https:\/\/www.filastrocche.it\/contenuti\/?s={search_term_string}"},"query-input":{"@type":"PropertyValueSpecification","valueRequired":true,"valueName":"search_term_string"}}],"inLanguage":"it-IT"},{"@type":"Person","@id":"https:\/\/www.filastrocche.it\/contenuti\/#\/schema\/person\/13a7995b740342851d3a3c001f9dd658","name":"Jolanda","image":{"@type":"ImageObject","inLanguage":"it-IT","@id":"https:\/\/www.filastrocche.it\/contenuti\/#\/schema\/person\/image\/","url":"https:\/\/secure.gravatar.com\/avatar\/1b1f38df48384d8f75481e92c0cbf9e3494d37f3cf35cd02b0f5cba7d63f7349?s=96&d=mm&r=g","contentUrl":"https:\/\/secure.gravatar.com\/avatar\/1b1f38df48384d8f75481e92c0cbf9e3494d37f3cf35cd02b0f5cba7d63f7349?s=96&d=mm&r=g","caption":"Jolanda"},"sameAs":["http:\/\/www.facebook.com\/jolanda.restano","https:\/\/x.com\/jolandarestano"],"url":"https:\/\/www.filastrocche.it\/contenuti\/author\/jolanda\/"}]}},"_links":{"self":[{"href":"https:\/\/www.filastrocche.it\/contenuti\/wp-json\/wp\/v2\/posts\/252710","targetHints":{"allow":["GET"]}}],"collection":[{"href":"https:\/\/www.filastrocche.it\/contenuti\/wp-json\/wp\/v2\/posts"}],"about":[{"href":"https:\/\/www.filastrocche.it\/contenuti\/wp-json\/wp\/v2\/types\/post"}],"author":[{"embeddable":true,"href":"https:\/\/www.filastrocche.it\/contenuti\/wp-json\/wp\/v2\/users\/5"}],"replies":[{"embeddable":true,"href":"https:\/\/www.filastrocche.it\/contenuti\/wp-json\/wp\/v2\/comments?post=252710"}],"version-history":[{"count":3,"href":"https:\/\/www.filastrocche.it\/contenuti\/wp-json\/wp\/v2\/posts\/252710\/revisions"}],"predecessor-version":[{"id":252721,"href":"https:\/\/www.filastrocche.it\/contenuti\/wp-json\/wp\/v2\/posts\/252710\/revisions\/252721"}],"wp:featuredmedia":[{"embeddable":true,"href":"https:\/\/www.filastrocche.it\/contenuti\/wp-json\/wp\/v2\/media\/252711"}],"wp:attachment":[{"href":"https:\/\/www.filastrocche.it\/contenuti\/wp-json\/wp\/v2\/media?parent=252710"}],"wp:term":[{"taxonomy":"category","embeddable":true,"href":"https:\/\/www.filastrocche.it\/contenuti\/wp-json\/wp\/v2\/categories?post=252710"},{"taxonomy":"post_tag","embeddable":true,"href":"https:\/\/www.filastrocche.it\/contenuti\/wp-json\/wp\/v2\/tags?post=252710"},{"taxonomy":"sponsors","embeddable":true,"href":"https:\/\/www.filastrocche.it\/contenuti\/wp-json\/wp\/v2\/sponsors?post=252710"}],"curies":[{"name":"wp","href":"https:\/\/api.w.org\/{rel}","templated":true}]}}