{"id":253198,"date":"2026-04-02T05:15:58","date_gmt":"2026-04-02T03:15:58","guid":{"rendered":"https:\/\/www.filastrocche.it\/contenuti\/?p=253198"},"modified":"2026-03-30T11:16:13","modified_gmt":"2026-03-30T09:16:13","slug":"la-fata-primavera","status":"publish","type":"post","link":"https:\/\/www.filastrocche.it\/contenuti\/la-fata-primavera\/","title":{"rendered":"La Fata Primavera"},"content":{"rendered":"<p><img loading=\"lazy\" decoding=\"async\" width=\"550\" height=\"653\" class=\"aligncenter wp-image-253199 size-full\" title=\"La Fata Primavera\" src=\"https:\/\/www.filastrocche.it\/contenuti\/wp-content\/uploads\/2026\/03\/Fata_Primavera.png\" alt=\"La Fata Primavera\" srcset=\"https:\/\/www.filastrocche.it\/contenuti\/wp-content\/uploads\/2026\/03\/Fata_Primavera.png 550w, https:\/\/www.filastrocche.it\/contenuti\/wp-content\/uploads\/2026\/03\/Fata_Primavera-253x300.png 253w\" sizes=\"auto, (max-width: 550px) 100vw, 550px\" \/><\/p>\n<p>Nel Bosco delle Favole tutti i suoi abitanti erano allegri e pieni di energia. Finalmente era arrivata la primavera, la stagione che tutti preferivano. Gli animali del bosco avevano trascorso insieme l\u2019inverno nella tana dell\u2019orso per farsi compagnia e per la paura del Generale Inverno che era arrivato puntuale con il suo esercito di neve, gelo e vento. Ma, stando insieme, il tempo era volato e a un certo punto si erano accorti che sugli alberi stavano spuntando le prime foglioline e si vedevano volare le prime rondini.<\/p>\n<p>\u201cEvviva, \u00e8 arrivata la primavera\u201d, urlarono felici e si precipitarono fuori dalla tana. Tutti gli animali adoravano la primavera quando la natura si risvegliava e il bosco profumava di freschezza e di fiori, le chiome degli alberi si coloravano di verde e gli uccellini regalavano il loro cinguettio. Si trascorrevano molte ore all\u2019aria aperta correndo e giocando. Bagnavano le zampette nel piccolo ruscello che attraversava il bosco e che raccontava a loro storielle e proponeva indovinelli.<\/p>\n<p>C\u2019era anche la Fata Primavera, ma di solito non si faceva vedere in giro, l\u2019avevano intravista solo qualche volta. Sapevano tutti che era bellissima con i suoi capelli lunghi che le arrivavano a met\u00e0 schiena e con una meravigliosa corona di margherite che le adornava la testa. I suoi vestiti erano fatti di boccioli rosa e bianchi e le scarpe di corteccia degli alberi.<\/p>\n<p>\u201cSe solo potessimo vedere la bella Fata Primavera\u201d, dicevano in tanti. Poi allo scoiattolo venne un\u2019idea e la disse agli altri: \u201cPossiamo invitarla al pranzo di Pasqua, magari le piacer\u00e0 festeggiare con noi\u201d. \u201cBell\u2019idea, scoiattolo. Per\u00f2 come facciamo a mandarle l\u2019invito?\u201d gli chiesero. \u201cLei ci sente, \u00e8 intorno a noi, solo che non vuole farsi vedere\u201d. \u201cGi\u00e0, possiamo cantarle una canzone, per esempio cos\u00ec: \u201cBella Fata Primavera, siamo ammiratori tuoi, per il pranzo pasquale unisciti a noi, se vuoi\u201d, disse la volpe che era brava a inventare le rime.<\/p>\n<p>Cos\u00ec gli animali passarono in grande allegria le giornate primaverili che si allungavano sempre di pi\u00f9. Quando si avvicin\u00f2 la Pasqua si misero a canticchiare quella canzone inventata dalla volpe, la Fata Primavera li sent\u00ec e sorrise teneramente. Adorava il bosco e i suoi animali.<\/p>\n<p>Per Pasqua venne preparata una bella tavolata allestita con una tovaglia colorata. Avevano cucinato tanti manicaretti preparati con cura. La coniglietta e il coniglietto vennero messi a capotavola. Fu lasciato un posto libero sperando che si presentasse la Fata Primavera. E lei non li deluse. Arriv\u00f2 ed era veramente pi\u00f9 bella che mai. I suoi occhi sembravano due stelle che brillavano in cielo e il suo sorriso trasmetteva una tale gioia difficile da descrivere. In mano aveva un cesto pieno di uova colorate. \u201cBenvenuta tra noi, Fata Primavera\u201d, le dissero in coro gli animali.<\/p>\n<p>\u201cVi ringrazio molto per quest\u2019invito e buona Pasqua\u201d, disse educatamente distribuendo un uovo colorato a tutti. \u201cBuona Pasqua\u201d, risposero allegri gli animali.<br \/>\nIl pranzo fu squisito e chiacchierarono a lungo del pi\u00f9 e del meno. \u201cCome sarebbe bello se tu fossi tutto l\u2019anno con noi\u201d, le disse la cerva, \u201c\u00e8 cos\u00ec bella la tua<br \/>\nprimavera&#8221;. \u201cS\u00ec, resta sempre con noi, Fata Primavera. Non te ne andare\u201d, la implorarono gli animali.<\/p>\n<p>\u201cNon sono proprio d\u2019accordo con voi. Dovete sapere che tutte le stagioni sono belle. Dopo di me arriver\u00e0 la Regina Estate, vedrete che vi sentirete bene anche nel suo regno. E poi, il tempo passa cos\u00ec velocemente per tutti. Vedrete che vi sembrer\u00e0 che in un batter d\u2019occhio arriver\u00f2 di nuovo, soltanto pi\u00f9 vecchia di un anno\u201d.<\/p>\n<p>Dopo il pranzo la Fata Primavera ringraziando li salut\u00f2 e promise: \u201cVerr\u00f2 per il solstizio d\u2019estate a darvi l\u2019ultimo saluto prima di ritrovarci l\u2019anno prossimo. Siete tutti meravigliosi\u201d, disse e si allontan\u00f2 canticchiando. Gli animali non erano tristi, aveva ragione la Fata Primavera. Cos\u00ec quando arriv\u00f2 quel giorno pi\u00f9 lungo dell\u2019anno lei compar\u00ec di nuovo nel Bosco delle Favole e li salut\u00f2 uno ad uno.<\/p>\n<p>\u201cArrivederci amici miei, all\u2019anno prossimo\u201d. Ed ecco appena videro arrivare la Regina Estate con una corona di raggi di sole in testa tutti gli animali contenti le<br \/>\ndiedero il benvenuto.<\/p>\n<p>&nbsp;<\/p>\n<p>&nbsp;<\/p>\n<p><a href=\"https:\/\/www.filastrocche.it\/feste\/filastrocche-di-primavera\/\"><img loading=\"lazy\" decoding=\"async\" width=\"150\" height=\"100\" class=\"alignnone wp-image-174665 size-full\" title=\"Filastrocche di Primavera\" src=\"https:\/\/www.filastrocche.it\/contenuti\/wp-content\/uploads\/2014\/02\/filastrocche-sulla-primavera-150.jpg\" alt=\"Filastrocche di Primavera\"   \/><\/a><br \/>\nSe cerchi le pi\u00f9 belle\u00a0<a href=\"https:\/\/www.filastrocche.it\/feste\/filastrocche-di-primavera\/\"><strong>Filastrocche di Primavera, clicca qui<\/strong><\/a>!<\/p>\n<p><a href=\"https:\/\/www.filastrocche.it\/feste\/filastrocche-estate\/\"><img loading=\"lazy\" decoding=\"async\" width=\"150\" height=\"100\" class=\"alignnone wp-image-174671 size-full\" title=\"Filastrocche dell'Estate\" src=\"https:\/\/www.filastrocche.it\/contenuti\/wp-content\/uploads\/2014\/02\/filastrocche-sull-estate-150.jpg\" alt=\"Filastrocche dell'Estate\"   \/><\/a><br \/>\nSe cerchi le pi\u00f9 belle\u00a0<strong><a href=\"https:\/\/www.filastrocche.it\/feste\/filastrocche-estate\/\">Filastrocche dell\u2019Estate, clicca qui!<\/a><\/strong><\/p>\n<p><a href=\"https:\/\/www.filastrocche.it\/feste\/filastrocche-autunno\/\"><img loading=\"lazy\" decoding=\"async\" width=\"150\" height=\"150\" class=\"alignnone wp-image-174669 size-full\" title=\"Filastrocche sull'Autunno\" src=\"https:\/\/www.filastrocche.it\/contenuti\/wp-content\/uploads\/2014\/02\/filastrocche-sull-autunno-150.jpg\" alt=\"Filastrocche sull'Autunno\"   \/><\/a><br \/>\nSe cerchi le pi\u00f9 belle\u00a0<a href=\"https:\/\/www.filastrocche.it\/feste\/filastrocche-autunno\/\"><strong>Filastrocche sull\u2019Autunno, clicca qui!<\/strong><\/a><\/p>\n<p><a href=\"https:\/\/www.filastrocche.it\/feste\/filastrocche-di-inverno\/\"><img loading=\"lazy\" decoding=\"async\" width=\"150\" height=\"113\" class=\"alignnone wp-image-174667 size-full\" title=\"Filastrocche sull'Inverno\" src=\"https:\/\/www.filastrocche.it\/contenuti\/wp-content\/uploads\/2014\/02\/filastrocche-sull-inverno-150-ok.jpg\" alt=\"Filastrocche sull'Inverno\"   \/><\/a><br \/>\nSe cerchi le pi\u00f9 belle<strong>\u00a0<a href=\"https:\/\/www.filastrocche.it\/feste\/filastrocche-di-inverno\/\">Filastrocche sull\u2019Inverno, clicca qui<\/a><\/strong>!<\/p>\n<p><a href=\"https:\/\/www.filastrocche.it\/feste\/filastrocche-sulle-stagioni\/\"><img loading=\"lazy\" decoding=\"async\" width=\"150\" height=\"100\" class=\"alignnone wp-image-174677 size-full\" title=\"Filastrocche sulle Stagioni\" src=\"https:\/\/www.filastrocche.it\/contenuti\/wp-content\/uploads\/2014\/02\/stagioni-150.jpg\" alt=\"Filastrocche sulle Stagioni\"   \/><\/a><br \/>\nSe cerchi le migliori\u00a0<a href=\"https:\/\/www.filastrocche.it\/feste\/filastrocche-sulle-stagioni\/\"><strong>Filastrocche sulle Stagioni, clicca qui<\/strong><\/a>!<\/p>\n<p>&nbsp;<\/p>\n<p><a href=\"https:\/\/www.filastrocche.it\/feste\/c\/scuola\/\"><img loading=\"lazy\" decoding=\"async\" width=\"169\" height=\"45\" class=\"alignnone wp-image-174673 size-full\" title=\"Speciale Scuola\" src=\"https:\/\/www.filastrocche.it\/contenuti\/wp-content\/uploads\/2014\/02\/scritta_specialescuola.gif\" alt=\"Speciale Scuola\"   \/><\/a><a title=\"W la Scuola\" href=\"https:\/\/www.filastrocche.it\/feste\/c\/scuola\/\"><strong><br \/>\nVisita lo speciale \u201cW la Scuola!\u201d<\/strong><\/a><\/p>\n<div class=\"adv-slot adv-native\">\n<div data-aaad=\"true\" data-aa-adunit=\"\/22181265\/FLSTR_A_native_1\"><\/div>\n<div data-aaad=\"true\" data-aa-adunit=\"\/22181265\/FLSTR_MOB_native_1\"><\/div>\n<div id=\"mdf-adv-bottom-content\" data-google-interstitial=\"false\" data-google-query-id=\"CLrt_tGcx5MDFVE7vwQdvwUBPw\"><\/div>\n<\/div>\n","protected":false},"excerpt":{"rendered":"<p>Nel Bosco delle Favole tutti i suoi abitanti erano allegri e pieni di energia. Finalmente era arrivata la primavera, la stagione che tutti preferivano. Gli animali del bosco avevano trascorso insieme l\u2019inverno nella tana dell\u2019orso per farsi compagnia e per la paura del Generale Inverno che era arrivato puntuale con il suo esercito di neve, [&hellip;]<\/p>\n","protected":false},"author":3289,"featured_media":253199,"comment_status":"open","ping_status":"open","sticky":false,"template":"","format":"standard","meta":{"footnotes":""},"categories":[13,70],"tags":[277,893,8745,191],"sponsors":[],"class_list":["post-253198","post","type-post","status-publish","format-standard","has-post-thumbnail","hentry","category-fiabe","category-fiabe-dei-poeti-in-erba","tag-favola","tag-primavera","tag-sanja-rotim","tag-stagioni-2","occasioni-stagioni","lingua-italiano","scopo-intrattenimento"],"yoast_head":"<!-- This site is optimized with the Yoast SEO plugin v26.2 - https:\/\/yoast.com\/wordpress\/plugins\/seo\/ -->\n<title>La Fata Primavera - Favola di Sanja Rotim in Filastrocche.it<\/title>\n<meta name=\"description\" content=\"Testo della favola La Fata Primavera di Sanja Rotim in Filastrocche.it. Inizio: Nel Bosco delle Favole tutti i suoi abitanti erano allegri...\" \/>\n<meta name=\"robots\" content=\"index, follow, max-snippet:-1, max-image-preview:large, max-video-preview:-1\" \/>\n<link rel=\"canonical\" href=\"https:\/\/www.filastrocche.it\/contenuti\/la-fata-primavera\/\" \/>\n<meta property=\"og:locale\" content=\"it_IT\" \/>\n<meta property=\"og:type\" content=\"article\" \/>\n<meta property=\"og:title\" content=\"La Fata Primavera - Favola di Sanja Rotim in Filastrocche.it\" \/>\n<meta property=\"og:description\" content=\"Testo della favola La Fata Primavera di Sanja Rotim in Filastrocche.it. Inizio: Nel Bosco delle Favole tutti i suoi abitanti erano allegri...\" \/>\n<meta property=\"og:url\" content=\"https:\/\/www.filastrocche.it\/contenuti\/la-fata-primavera\/\" \/>\n<meta property=\"og:site_name\" content=\"I testi della tradizione di Filastrocche.it\" \/>\n<meta property=\"article:published_time\" content=\"2026-04-02T03:15:58+00:00\" \/>\n<meta property=\"og:image\" content=\"https:\/\/www.filastrocche.it\/contenuti\/wp-content\/uploads\/2026\/03\/Fata_Primavera.png\" \/>\n\t<meta property=\"og:image:width\" content=\"550\" \/>\n\t<meta property=\"og:image:height\" content=\"653\" \/>\n\t<meta property=\"og:image:type\" content=\"image\/png\" \/>\n<meta name=\"author\" content=\"Ilaria Pavetto\" \/>\n<meta name=\"twitter:label1\" content=\"Scritto da\" \/>\n\t<meta name=\"twitter:data1\" content=\"Ilaria Pavetto\" \/>\n\t<meta name=\"twitter:label2\" content=\"Tempo di lettura stimato\" \/>\n\t<meta name=\"twitter:data2\" content=\"6 minuti\" \/>\n<!-- \/ Yoast SEO plugin. -->","yoast_head_json":{"title":"La Fata Primavera - Favola di Sanja Rotim in Filastrocche.it","description":"Testo della favola La Fata Primavera di Sanja Rotim in Filastrocche.it. Inizio: Nel Bosco delle Favole tutti i suoi abitanti erano allegri...","robots":{"index":"index","follow":"follow","max-snippet":"max-snippet:-1","max-image-preview":"max-image-preview:large","max-video-preview":"max-video-preview:-1"},"canonical":"https:\/\/www.filastrocche.it\/contenuti\/la-fata-primavera\/","og_locale":"it_IT","og_type":"article","og_title":"La Fata Primavera - Favola di Sanja Rotim in Filastrocche.it","og_description":"Testo della favola La Fata Primavera di Sanja Rotim in Filastrocche.it. Inizio: Nel Bosco delle Favole tutti i suoi abitanti erano allegri...","og_url":"https:\/\/www.filastrocche.it\/contenuti\/la-fata-primavera\/","og_site_name":"I testi della tradizione di Filastrocche.it","article_published_time":"2026-04-02T03:15:58+00:00","og_image":[{"width":550,"height":653,"url":"https:\/\/www.filastrocche.it\/contenuti\/wp-content\/uploads\/2026\/03\/Fata_Primavera.png","type":"image\/png"}],"author":"Ilaria Pavetto","twitter_misc":{"Scritto da":"Ilaria Pavetto","Tempo di lettura stimato":"6 minuti"},"schema":{"@context":"https:\/\/schema.org","@graph":[{"@type":"WebPage","@id":"https:\/\/www.filastrocche.it\/contenuti\/la-fata-primavera\/","url":"https:\/\/www.filastrocche.it\/contenuti\/la-fata-primavera\/","name":"La Fata Primavera - Favola di Sanja Rotim in Filastrocche.it","isPartOf":{"@id":"https:\/\/www.filastrocche.it\/contenuti\/#website"},"primaryImageOfPage":{"@id":"https:\/\/www.filastrocche.it\/contenuti\/la-fata-primavera\/#primaryimage"},"image":{"@id":"https:\/\/www.filastrocche.it\/contenuti\/la-fata-primavera\/#primaryimage"},"thumbnailUrl":"https:\/\/www.filastrocche.it\/contenuti\/wp-content\/uploads\/2026\/03\/Fata_Primavera.png","datePublished":"2026-04-02T03:15:58+00:00","author":{"@id":"https:\/\/www.filastrocche.it\/contenuti\/#\/schema\/person\/50e504679a1975d8be9aa68e635143b1"},"description":"Testo della favola La Fata Primavera di Sanja Rotim in Filastrocche.it. Inizio: Nel Bosco delle Favole tutti i suoi abitanti erano allegri...","breadcrumb":{"@id":"https:\/\/www.filastrocche.it\/contenuti\/la-fata-primavera\/#breadcrumb"},"inLanguage":"it-IT","potentialAction":[{"@type":"ReadAction","target":["https:\/\/www.filastrocche.it\/contenuti\/la-fata-primavera\/"]}]},{"@type":"ImageObject","inLanguage":"it-IT","@id":"https:\/\/www.filastrocche.it\/contenuti\/la-fata-primavera\/#primaryimage","url":"https:\/\/www.filastrocche.it\/contenuti\/wp-content\/uploads\/2026\/03\/Fata_Primavera.png","contentUrl":"https:\/\/www.filastrocche.it\/contenuti\/wp-content\/uploads\/2026\/03\/Fata_Primavera.png","width":550,"height":653},{"@type":"BreadcrumbList","@id":"https:\/\/www.filastrocche.it\/contenuti\/la-fata-primavera\/#breadcrumb","itemListElement":[{"@type":"ListItem","position":1,"name":"Home","item":"https:\/\/www.filastrocche.it\/contenuti\/"},{"@type":"ListItem","position":2,"name":"La Fata Primavera"}]},{"@type":"WebSite","@id":"https:\/\/www.filastrocche.it\/contenuti\/#website","url":"https:\/\/www.filastrocche.it\/contenuti\/","name":"I testi della tradizione di Filastrocche.it","description":"Filastrocche, fiabe, canzoni e...","potentialAction":[{"@type":"SearchAction","target":{"@type":"EntryPoint","urlTemplate":"https:\/\/www.filastrocche.it\/contenuti\/?s={search_term_string}"},"query-input":{"@type":"PropertyValueSpecification","valueRequired":true,"valueName":"search_term_string"}}],"inLanguage":"it-IT"},{"@type":"Person","@id":"https:\/\/www.filastrocche.it\/contenuti\/#\/schema\/person\/50e504679a1975d8be9aa68e635143b1","name":"Ilaria Pavetto","image":{"@type":"ImageObject","inLanguage":"it-IT","@id":"https:\/\/www.filastrocche.it\/contenuti\/#\/schema\/person\/image\/","url":"https:\/\/secure.gravatar.com\/avatar\/20ba7c12b1ca97dadfdc48a7a9bac6727149538af92a439e5cba06ae64a82ea0?s=96&d=mm&r=g","contentUrl":"https:\/\/secure.gravatar.com\/avatar\/20ba7c12b1ca97dadfdc48a7a9bac6727149538af92a439e5cba06ae64a82ea0?s=96&d=mm&r=g","caption":"Ilaria Pavetto"},"url":"https:\/\/www.filastrocche.it\/contenuti\/author\/redazione-ilaria\/"}]}},"_links":{"self":[{"href":"https:\/\/www.filastrocche.it\/contenuti\/wp-json\/wp\/v2\/posts\/253198","targetHints":{"allow":["GET"]}}],"collection":[{"href":"https:\/\/www.filastrocche.it\/contenuti\/wp-json\/wp\/v2\/posts"}],"about":[{"href":"https:\/\/www.filastrocche.it\/contenuti\/wp-json\/wp\/v2\/types\/post"}],"author":[{"embeddable":true,"href":"https:\/\/www.filastrocche.it\/contenuti\/wp-json\/wp\/v2\/users\/3289"}],"replies":[{"embeddable":true,"href":"https:\/\/www.filastrocche.it\/contenuti\/wp-json\/wp\/v2\/comments?post=253198"}],"version-history":[{"count":2,"href":"https:\/\/www.filastrocche.it\/contenuti\/wp-json\/wp\/v2\/posts\/253198\/revisions"}],"predecessor-version":[{"id":253203,"href":"https:\/\/www.filastrocche.it\/contenuti\/wp-json\/wp\/v2\/posts\/253198\/revisions\/253203"}],"wp:featuredmedia":[{"embeddable":true,"href":"https:\/\/www.filastrocche.it\/contenuti\/wp-json\/wp\/v2\/media\/253199"}],"wp:attachment":[{"href":"https:\/\/www.filastrocche.it\/contenuti\/wp-json\/wp\/v2\/media?parent=253198"}],"wp:term":[{"taxonomy":"category","embeddable":true,"href":"https:\/\/www.filastrocche.it\/contenuti\/wp-json\/wp\/v2\/categories?post=253198"},{"taxonomy":"post_tag","embeddable":true,"href":"https:\/\/www.filastrocche.it\/contenuti\/wp-json\/wp\/v2\/tags?post=253198"},{"taxonomy":"sponsors","embeddable":true,"href":"https:\/\/www.filastrocche.it\/contenuti\/wp-json\/wp\/v2\/sponsors?post=253198"}],"curies":[{"name":"wp","href":"https:\/\/api.w.org\/{rel}","templated":true}]}}