{"id":253285,"date":"2026-04-29T05:05:58","date_gmt":"2026-04-29T03:05:58","guid":{"rendered":"https:\/\/www.filastrocche.it\/contenuti\/?p=253285"},"modified":"2026-04-15T16:09:58","modified_gmt":"2026-04-15T14:09:58","slug":"la-punteggiatura-2","status":"publish","type":"post","link":"https:\/\/www.filastrocche.it\/contenuti\/la-punteggiatura-2\/","title":{"rendered":"La punteggiatura"},"content":{"rendered":"<p><img loading=\"lazy\" decoding=\"async\" width=\"500\" height=\"500\" class=\"aligncenter size-full wp-image-253287\" src=\"https:\/\/www.filastrocche.it\/contenuti\/wp-content\/uploads\/2026\/04\/punteggiatura-ai.png\" alt=\"\" srcset=\"https:\/\/www.filastrocche.it\/contenuti\/wp-content\/uploads\/2026\/04\/punteggiatura-ai.png 500w, https:\/\/www.filastrocche.it\/contenuti\/wp-content\/uploads\/2026\/04\/punteggiatura-ai-300x300.png 300w, https:\/\/www.filastrocche.it\/contenuti\/wp-content\/uploads\/2026\/04\/punteggiatura-ai-150x150.png 150w\" sizes=\"auto, (max-width: 500px) 100vw, 500px\" \/><\/p>\n<p>Io sono il PUNTO e qui mi fermo un po\u2019<br \/>\nperch\u00e9 si \u00e8 parlato molto e pi\u00f9 non ce la fo!<\/p>\n<p>Io sono la VIRGOLA, separo in un elenco le parole<br \/>\nfiordalisi, margherite, primule, viole<\/p>\n<p>Noi siamo il PUNTO e VIRGOLA, separiamo due frasi consecutive<br \/>\n&#8220;Partir\u00f2 per il mare con i miei genitori;<br \/>\nfar\u00f2 un bellissimo viaggio alle Maldive\u201d<\/p>\n<p>Noi siamo i DUE PUNTI, apriamo il discorso diretto<br \/>\noppure presentiamo un elenco:<br \/>\ntavolo, sedie, comodini, letto!<\/p>\n<p>Noi siamo i PUNTINI DI SOSPENSIONE,<br \/>\nnon abbiamo voglia di proseguire la discussione!<\/p>\n<p>Io sono il PUNTO ESCLAMATIVO<br \/>\nesprimo stupore<br \/>\nma anche un comando imperativo!<\/p>\n<p>Io sono il PUNTO INTERROGATIVO<br \/>\nmi trovi al fondo di tante domande,<br \/>\nsono un po\u2019 curioso ed invasivo!<\/p>\n<p>&nbsp;<\/p>\n<p>&nbsp;<\/p>\n<p><a href=\"https:\/\/www.filastrocche.it\/feste\/filastrocche-per-imparare\/\"><img decoding=\"async\" class=\"alignnone wp-image-38655 size-full\" title=\"Filastrocche per Imparare\" src=\"https:\/\/www.filastrocche.it\/feste\/wp-content\/uploads\/2019\/10\/filastrocche-per-imparare-150.jpg\" alt=\"Filastrocche per Imparare\"   \/><\/a><br \/>\nSe cercate le pi\u00f9 simpatiche\u00a0<a href=\"https:\/\/www.filastrocche.it\/feste\/filastrocche-per-imparare\/\"><strong>Filastrocche per Imparare, cliccate qui<\/strong><\/a>!<\/p>\n<p><a href=\"https:\/\/www.filastrocche.it\/feste\/poesie-didattiche\/\"><img decoding=\"async\" class=\"alignnone wp-image-38656 size-full\" title=\"Poesie Didattiche\" src=\"https:\/\/www.filastrocche.it\/feste\/wp-content\/uploads\/2019\/10\/poesie-didattiche-150.jpg\" alt=\"Poesie Didattiche\"   \/><\/a><br \/>\nSe cercate le pi\u00f9 belle\u00a0<a href=\"https:\/\/www.filastrocche.it\/feste\/poesie-didattiche\/\"><strong>Poesie Didattiche, cliccate qui<\/strong><\/a>!<\/p>\n<p><a href=\"https:\/\/www.filastrocche.it\/feste\/poesie-studiate-a-scuola\/\"><img decoding=\"async\" class=\"alignnone wp-image-36535 size-full\" title=\"Poesie Studiate a Scuola\" src=\"https:\/\/www.filastrocche.it\/feste\/wp-content\/uploads\/2019\/01\/poesie-studiate-a-scuola-150.jpg\" alt=\"Poesie Studiate a Scuola\"   \/><\/a><br \/>\nSe cercate le pi\u00f9 belle\u00a0<a href=\"https:\/\/www.filastrocche.it\/feste\/poesie-studiate-a-scuola\/\"><strong>Poesie Studiate a Scuola, cliccate qui<\/strong><\/a>!<\/p>\n<p>&nbsp;<\/p>\n<p><a href=\"https:\/\/www.filastrocche.it\/feste\/poesie-sulla-scuola\/\"><img decoding=\"async\" class=\"alignnone wp-image-25283 size-full\" title=\"Poesie sulla Scuola\" src=\"https:\/\/www.filastrocche.it\/feste\/wp-content\/uploads\/2013\/06\/scuola-cattedra-banco-150.jpg\" alt=\"Poesie sulla Scuola\"   \/><\/a><br \/>\nSe cercate le migliori\u00a0<a href=\"https:\/\/www.filastrocche.it\/feste\/poesie-sulla-scuola\/\"><strong>Poesie sulla Scuola, cliccate qui<\/strong><\/a>!<\/p>\n<p><a href=\"https:\/\/www.filastrocche.it\/feste\/filastrocche-sulla-scuola\/\"><img decoding=\"async\" class=\"alignnone wp-image-25307 size-full\" title=\"Filastrocche sulla Scuola\" src=\"https:\/\/www.filastrocche.it\/feste\/wp-content\/uploads\/2017\/05\/scuola-edifico-150.jpg\" alt=\"Filastrocche sulla Scuola\"   \/><\/a><br \/>\nSe cercate le migliori\u00a0<a href=\"https:\/\/www.filastrocche.it\/feste\/filastrocche-sulla-scuola\/\"><strong>Filastrocche sulla Scuola, cliccate qui<\/strong><\/a>!<\/p>\n<p><a href=\"https:\/\/www.filastrocche.it\/feste\/filastrocche-e-poesie-per-la-scuola\/\"><img decoding=\"async\" class=\"alignnone wp-image-25277 size-full\" title=\"filastrocche e poesie sulla Scuola\" src=\"https:\/\/www.filastrocche.it\/feste\/wp-content\/uploads\/2017\/05\/scuola-penna-150.jpg\" alt=\"filastrocche e poesie sulla Scuola\"   \/><\/a><br \/>\nSe cercate altre\u00a0<a href=\"https:\/\/www.filastrocche.it\/feste\/filastrocche-e-poesie-per-la-scuola\/\"><strong>filastrocche e poesie sulla Scuola, cliccate qui<\/strong><\/a>!<\/p>\n<p>&nbsp;<\/p>\n<p><a href=\"https:\/\/www.filastrocche.it\/feste\/speciale-scuola\/\"><img loading=\"lazy\" decoding=\"async\" width=\"169\" height=\"45\" class=\"alignnone wp-image-174673 size-full\" title=\"Speciale Scuola\" src=\"https:\/\/www.filastrocche.it\/contenuti\/wp-content\/uploads\/2014\/02\/scritta_specialescuola.gif\" alt=\"Speciale Scuola\" \/><\/a><br \/>\n<a href=\"https:\/\/www.filastrocche.it\/feste\/speciale-scuola\/\"><strong>Visita lo speciale Scuola!<\/strong><\/a><\/p>\n<div class=\"adv-slot adv-native\">\n<div data-aaad=\"true\" data-aa-adunit=\"\/22181265\/FLSTR_A_native_1\"><\/div>\n<div data-aaad=\"true\" data-aa-adunit=\"\/22181265\/FLSTR_MOB_native_1\"><\/div>\n<div id=\"mdf-adv-bottom-content\" data-google-interstitial=\"false\" data-google-query-id=\"CM_G8dmA8JMDFYgCVQgdRbgQBA\"><\/div>\n<\/div>\n","protected":false},"excerpt":{"rendered":"<p>Io sono il PUNTO e qui mi fermo un po\u2019 perch\u00e9 si \u00e8 parlato molto e pi\u00f9 non ce la fo! Io sono la VIRGOLA, separo in un elenco le parole fiordalisi, margherite, primule, viole Noi siamo il PUNTO e VIRGOLA, separiamo due frasi consecutive &#8220;Partir\u00f2 per il mare con i miei genitori; far\u00f2 un [&hellip;]<\/p>\n","protected":false},"author":3289,"featured_media":253287,"comment_status":"open","ping_status":"open","sticky":false,"template":"","format":"standard","meta":{"footnotes":""},"categories":[5,29],"tags":[175,7767,8224,6039,133,8927],"sponsors":[],"class_list":["post-253285","post","type-post","status-publish","format-standard","has-post-thumbnail","hentry","category-filastrocche","category-filastrocche-dei-poeti-in-erba","tag-filastrocca","tag-filastrocche-didattiche","tag-filastrocche-per-imparare","tag-marzia-cabano","tag-scuola-2","tag-segni-di-punteggiatura","occasioni-scuola","lingua-italiano","scopo-intrattenimento"],"yoast_head":"<!-- This site is optimized with the Yoast SEO plugin v26.2 - https:\/\/yoast.com\/wordpress\/plugins\/seo\/ -->\n<title>La punteggiatura - Filastrocca di Marzia Cabano in Filastrocche.it<\/title>\n<meta name=\"description\" content=\"Testo della filastrocca La punteggiatura di Marzia Cabano in Filastrocche.it. Inizio: Io sono il PUNTO e qui mi fermo un po\u2019...\" \/>\n<meta name=\"robots\" content=\"index, follow, max-snippet:-1, max-image-preview:large, max-video-preview:-1\" \/>\n<link rel=\"canonical\" href=\"https:\/\/www.filastrocche.it\/contenuti\/la-punteggiatura-2\/\" \/>\n<meta property=\"og:locale\" content=\"it_IT\" \/>\n<meta property=\"og:type\" content=\"article\" \/>\n<meta property=\"og:title\" content=\"La punteggiatura - Filastrocca di Marzia Cabano in Filastrocche.it\" \/>\n<meta property=\"og:description\" content=\"Testo della filastrocca La punteggiatura di Marzia Cabano in Filastrocche.it. Inizio: Io sono il PUNTO e qui mi fermo un po\u2019...\" \/>\n<meta property=\"og:url\" content=\"https:\/\/www.filastrocche.it\/contenuti\/la-punteggiatura-2\/\" \/>\n<meta property=\"og:site_name\" content=\"I testi della tradizione di Filastrocche.it\" \/>\n<meta property=\"article:published_time\" content=\"2026-04-29T03:05:58+00:00\" \/>\n<meta property=\"og:image\" content=\"https:\/\/www.filastrocche.it\/contenuti\/wp-content\/uploads\/2026\/04\/punteggiatura-ai.png\" \/>\n\t<meta property=\"og:image:width\" content=\"500\" \/>\n\t<meta property=\"og:image:height\" content=\"500\" \/>\n\t<meta property=\"og:image:type\" content=\"image\/png\" \/>\n<meta name=\"author\" content=\"Ilaria Pavetto\" \/>\n<meta name=\"twitter:label1\" content=\"Scritto da\" \/>\n\t<meta name=\"twitter:data1\" content=\"Ilaria Pavetto\" \/>\n\t<meta name=\"twitter:label2\" content=\"Tempo di lettura stimato\" \/>\n\t<meta name=\"twitter:data2\" content=\"3 minuti\" \/>\n<!-- \/ Yoast SEO plugin. -->","yoast_head_json":{"title":"La punteggiatura - Filastrocca di Marzia Cabano in Filastrocche.it","description":"Testo della filastrocca La punteggiatura di Marzia Cabano in Filastrocche.it. Inizio: Io sono il PUNTO e qui mi fermo un po\u2019...","robots":{"index":"index","follow":"follow","max-snippet":"max-snippet:-1","max-image-preview":"max-image-preview:large","max-video-preview":"max-video-preview:-1"},"canonical":"https:\/\/www.filastrocche.it\/contenuti\/la-punteggiatura-2\/","og_locale":"it_IT","og_type":"article","og_title":"La punteggiatura - Filastrocca di Marzia Cabano in Filastrocche.it","og_description":"Testo della filastrocca La punteggiatura di Marzia Cabano in Filastrocche.it. Inizio: Io sono il PUNTO e qui mi fermo un po\u2019...","og_url":"https:\/\/www.filastrocche.it\/contenuti\/la-punteggiatura-2\/","og_site_name":"I testi della tradizione di Filastrocche.it","article_published_time":"2026-04-29T03:05:58+00:00","og_image":[{"width":500,"height":500,"url":"https:\/\/www.filastrocche.it\/contenuti\/wp-content\/uploads\/2026\/04\/punteggiatura-ai.png","type":"image\/png"}],"author":"Ilaria Pavetto","twitter_misc":{"Scritto da":"Ilaria Pavetto","Tempo di lettura stimato":"3 minuti"},"schema":{"@context":"https:\/\/schema.org","@graph":[{"@type":"WebPage","@id":"https:\/\/www.filastrocche.it\/contenuti\/la-punteggiatura-2\/","url":"https:\/\/www.filastrocche.it\/contenuti\/la-punteggiatura-2\/","name":"La punteggiatura - Filastrocca di Marzia Cabano in Filastrocche.it","isPartOf":{"@id":"https:\/\/www.filastrocche.it\/contenuti\/#website"},"primaryImageOfPage":{"@id":"https:\/\/www.filastrocche.it\/contenuti\/la-punteggiatura-2\/#primaryimage"},"image":{"@id":"https:\/\/www.filastrocche.it\/contenuti\/la-punteggiatura-2\/#primaryimage"},"thumbnailUrl":"https:\/\/www.filastrocche.it\/contenuti\/wp-content\/uploads\/2026\/04\/punteggiatura-ai.png","datePublished":"2026-04-29T03:05:58+00:00","author":{"@id":"https:\/\/www.filastrocche.it\/contenuti\/#\/schema\/person\/50e504679a1975d8be9aa68e635143b1"},"description":"Testo della filastrocca La punteggiatura di Marzia Cabano in Filastrocche.it. Inizio: Io sono il PUNTO e qui mi fermo un po\u2019...","breadcrumb":{"@id":"https:\/\/www.filastrocche.it\/contenuti\/la-punteggiatura-2\/#breadcrumb"},"inLanguage":"it-IT","potentialAction":[{"@type":"ReadAction","target":["https:\/\/www.filastrocche.it\/contenuti\/la-punteggiatura-2\/"]}]},{"@type":"ImageObject","inLanguage":"it-IT","@id":"https:\/\/www.filastrocche.it\/contenuti\/la-punteggiatura-2\/#primaryimage","url":"https:\/\/www.filastrocche.it\/contenuti\/wp-content\/uploads\/2026\/04\/punteggiatura-ai.png","contentUrl":"https:\/\/www.filastrocche.it\/contenuti\/wp-content\/uploads\/2026\/04\/punteggiatura-ai.png","width":500,"height":500},{"@type":"BreadcrumbList","@id":"https:\/\/www.filastrocche.it\/contenuti\/la-punteggiatura-2\/#breadcrumb","itemListElement":[{"@type":"ListItem","position":1,"name":"Home","item":"https:\/\/www.filastrocche.it\/contenuti\/"},{"@type":"ListItem","position":2,"name":"La punteggiatura"}]},{"@type":"WebSite","@id":"https:\/\/www.filastrocche.it\/contenuti\/#website","url":"https:\/\/www.filastrocche.it\/contenuti\/","name":"I testi della tradizione di Filastrocche.it","description":"Filastrocche, fiabe, canzoni e...","potentialAction":[{"@type":"SearchAction","target":{"@type":"EntryPoint","urlTemplate":"https:\/\/www.filastrocche.it\/contenuti\/?s={search_term_string}"},"query-input":{"@type":"PropertyValueSpecification","valueRequired":true,"valueName":"search_term_string"}}],"inLanguage":"it-IT"},{"@type":"Person","@id":"https:\/\/www.filastrocche.it\/contenuti\/#\/schema\/person\/50e504679a1975d8be9aa68e635143b1","name":"Ilaria Pavetto","image":{"@type":"ImageObject","inLanguage":"it-IT","@id":"https:\/\/www.filastrocche.it\/contenuti\/#\/schema\/person\/image\/","url":"https:\/\/secure.gravatar.com\/avatar\/20ba7c12b1ca97dadfdc48a7a9bac6727149538af92a439e5cba06ae64a82ea0?s=96&d=mm&r=g","contentUrl":"https:\/\/secure.gravatar.com\/avatar\/20ba7c12b1ca97dadfdc48a7a9bac6727149538af92a439e5cba06ae64a82ea0?s=96&d=mm&r=g","caption":"Ilaria Pavetto"},"url":"https:\/\/www.filastrocche.it\/contenuti\/author\/redazione-ilaria\/"}]}},"_links":{"self":[{"href":"https:\/\/www.filastrocche.it\/contenuti\/wp-json\/wp\/v2\/posts\/253285","targetHints":{"allow":["GET"]}}],"collection":[{"href":"https:\/\/www.filastrocche.it\/contenuti\/wp-json\/wp\/v2\/posts"}],"about":[{"href":"https:\/\/www.filastrocche.it\/contenuti\/wp-json\/wp\/v2\/types\/post"}],"author":[{"embeddable":true,"href":"https:\/\/www.filastrocche.it\/contenuti\/wp-json\/wp\/v2\/users\/3289"}],"replies":[{"embeddable":true,"href":"https:\/\/www.filastrocche.it\/contenuti\/wp-json\/wp\/v2\/comments?post=253285"}],"version-history":[{"count":2,"href":"https:\/\/www.filastrocche.it\/contenuti\/wp-json\/wp\/v2\/posts\/253285\/revisions"}],"predecessor-version":[{"id":253288,"href":"https:\/\/www.filastrocche.it\/contenuti\/wp-json\/wp\/v2\/posts\/253285\/revisions\/253288"}],"wp:featuredmedia":[{"embeddable":true,"href":"https:\/\/www.filastrocche.it\/contenuti\/wp-json\/wp\/v2\/media\/253287"}],"wp:attachment":[{"href":"https:\/\/www.filastrocche.it\/contenuti\/wp-json\/wp\/v2\/media?parent=253285"}],"wp:term":[{"taxonomy":"category","embeddable":true,"href":"https:\/\/www.filastrocche.it\/contenuti\/wp-json\/wp\/v2\/categories?post=253285"},{"taxonomy":"post_tag","embeddable":true,"href":"https:\/\/www.filastrocche.it\/contenuti\/wp-json\/wp\/v2\/tags?post=253285"},{"taxonomy":"sponsors","embeddable":true,"href":"https:\/\/www.filastrocche.it\/contenuti\/wp-json\/wp\/v2\/sponsors?post=253285"}],"curies":[{"name":"wp","href":"https:\/\/api.w.org\/{rel}","templated":true}]}}