{"id":1891,"date":"2012-11-11T16:55:12","date_gmt":"2012-11-11T16:55:12","guid":{"rendered":"https:\/\/www.filastrocche.it\/disegniamo\/?p=1891"},"modified":"2012-11-16T10:48:17","modified_gmt":"2012-11-16T10:48:17","slug":"coloriamo-il-natale-disegno-da-colorare-i-tre-re-magi-del-presepe","status":"publish","type":"post","link":"https:\/\/www.filastrocche.it\/disegniamo\/coloriamo-il-natale-disegno-da-colorare-i-tre-re-magi-del-presepe\/","title":{"rendered":"Coloriamo il Natale \u2013 Disegno da colorare, i Tre Re Magi del Presepe"},"content":{"rendered":"<p><a href=\"https:\/\/www.filastrocche.it\/disegniamo\/wp-content\/uploads\/2012\/08\/disegni_colorare_natale_re_magi_350.jpg\"><img loading=\"lazy\" decoding=\"async\" width=\"300\" height=\"216\" class=\"aligncenter size-medium wp-image-1893\" title=\"disegni_colorare_natale_re_magi_350\" src=\"https:\/\/www.filastrocche.it\/disegniamo\/wp-content\/uploads\/2012\/08\/disegni_colorare_natale_re_magi_350-300x216.jpg\" alt=\"\" srcset=\"https:\/\/www.filastrocche.it\/disegniamo\/wp-content\/uploads\/2012\/08\/disegni_colorare_natale_re_magi_350-300x216.jpg 300w, https:\/\/www.filastrocche.it\/disegniamo\/wp-content\/uploads\/2012\/08\/disegni_colorare_natale_re_magi_350.jpg 350w\" sizes=\"auto, (max-width: 300px) 100vw, 300px\" \/><\/a><\/p>\n<p>Da Filastrocche.it ecco un bellissimo disegno realizzato da <strong>Giuliana Donati<\/strong> e ispirato alla festa pi\u00f9 amata da grandi e piccini: il Natale! Scatena la tua creativit\u00e0 e divertiti a colorare i Tre Re Magi del Presepe come pi\u00f9 ti piace. Realizzerai un&#8217;opera unica e originale: la tua!<\/p>\n<p>&nbsp;<\/p>\n","protected":false},"excerpt":{"rendered":"<p>Da Filastrocche.it ecco un bellissimo disegno realizzato da Giuliana Donati e ispirato alla festa pi\u00f9 amata da grandi e piccini: il Natale! Scatena la tua creativit\u00e0 e divertiti a colorare i Tre Re Magi del Presepe come pi\u00f9 ti piace. Realizzerai un&#8217;opera unica e originale: la tua! &nbsp;<\/p>\n","protected":false},"author":5,"featured_media":1893,"comment_status":"open","ping_status":"open","sticky":false,"template":"","format":"standard","meta":{"footnotes":""},"categories":[49,101,107,67,99,29],"tags":[],"sponsors":[],"class_list":["post-1891","post","type-post","status-publish","format-standard","has-post-thumbnail","hentry","category-befana-epifania","category-dautore","category-giuliana-donati","category-natale","category-per-colorare","category-persone"],"_links":{"self":[{"href":"https:\/\/www.filastrocche.it\/disegniamo\/wp-json\/wp\/v2\/posts\/1891","targetHints":{"allow":["GET"]}}],"collection":[{"href":"https:\/\/www.filastrocche.it\/disegniamo\/wp-json\/wp\/v2\/posts"}],"about":[{"href":"https:\/\/www.filastrocche.it\/disegniamo\/wp-json\/wp\/v2\/types\/post"}],"author":[{"embeddable":true,"href":"https:\/\/www.filastrocche.it\/disegniamo\/wp-json\/wp\/v2\/users\/5"}],"replies":[{"embeddable":true,"href":"https:\/\/www.filastrocche.it\/disegniamo\/wp-json\/wp\/v2\/comments?post=1891"}],"version-history":[{"count":0,"href":"https:\/\/www.filastrocche.it\/disegniamo\/wp-json\/wp\/v2\/posts\/1891\/revisions"}],"wp:featuredmedia":[{"embeddable":true,"href":"https:\/\/www.filastrocche.it\/disegniamo\/wp-json\/wp\/v2\/media\/1893"}],"wp:attachment":[{"href":"https:\/\/www.filastrocche.it\/disegniamo\/wp-json\/wp\/v2\/media?parent=1891"}],"wp:term":[{"taxonomy":"category","embeddable":true,"href":"https:\/\/www.filastrocche.it\/disegniamo\/wp-json\/wp\/v2\/categories?post=1891"},{"taxonomy":"post_tag","embeddable":true,"href":"https:\/\/www.filastrocche.it\/disegniamo\/wp-json\/wp\/v2\/tags?post=1891"},{"taxonomy":"sponsors","embeddable":true,"href":"https:\/\/www.filastrocche.it\/disegniamo\/wp-json\/wp\/v2\/sponsors?post=1891"}],"curies":[{"name":"wp","href":"https:\/\/api.w.org\/{rel}","templated":true}]}}