{"id":11623,"date":"2014-03-05T10:30:40","date_gmt":"2014-03-05T10:30:40","guid":{"rendered":"https:\/\/www.filastrocche.it\/feste\/?p=11623"},"modified":"2018-02-19T18:24:26","modified_gmt":"2018-02-19T17:24:26","slug":"portacupcake-per-la-festa-del-papa","status":"publish","type":"post","link":"https:\/\/www.filastrocche.it\/feste\/portacupcake-per-la-festa-del-papa\/","title":{"rendered":"Portacupcake per la Festa del Pap\u00e0"},"content":{"rendered":"<p ><a href=\"https:\/\/www.filastrocche.it\/feste\/wp-content\/uploads\/2014\/03\/festa-del-papa-portacupcake-08.jpg\"><img loading=\"lazy\" decoding=\"async\" width=\"400\" height=\"283\" class=\"aligncenter wp-image-11625 size-full\" title=\"Portacupcake per la Festa del Pap\u00e0\" src=\"https:\/\/www.filastrocche.it\/feste\/wp-content\/uploads\/2014\/03\/festa-del-papa-portacupcake-08.jpg\" alt=\"Portacupcake per la Festa del Pap\u00e0\" srcset=\"https:\/\/www.filastrocche.it\/feste\/wp-content\/uploads\/2014\/03\/festa-del-papa-portacupcake-08.jpg 400w, https:\/\/www.filastrocche.it\/feste\/wp-content\/uploads\/2014\/03\/festa-del-papa-portacupcake-08-300x212.jpg 300w\" sizes=\"auto, (max-width: 400px) 100vw, 400px\" \/><\/a><\/p>\n<h2>Un&#8217;idea originale? Ecco i <strong>Portacupcake per la Festa del Pap\u00e0<\/strong><\/h2>\n<p>Per una tavola allegra e speciale, vi proponiamo i <strong>Portacupcake per la Festa del Pap\u00e0<\/strong>!<\/p>\n<p>Prima di tutto, <strong>preprarate dei muffin o dei cupcakes<\/strong>. In rete trovate tantissime ricette diverse, ma per facilitarvi il compito, ve ne proponiamo due anche noi.<br \/>\nEccole:<\/p>\n<p>&nbsp;<\/p>\n<ul>\n<li><strong><a title=\"Muffin arcobaleno\" href=\"https:\/\/www.filastrocche.it\/contenuti\/muffin-arcobaleno\/\">Muffin arcobaleno<\/a><\/strong><\/li>\n<li><strong><a title=\"Cupcakes zebrati al cioccolato\" href=\"https:\/\/www.filastrocche.it\/contenuti\/liberiamo-una-ricetta-muffin-al-cioccolato-con-la-tecnica-della-zebra-cake\/\">Cupcakes zebrati al cioccolato<\/a><\/strong><\/li>\n<\/ul>\n<p>&nbsp;<\/p>\n<p>Una volta che i muffin o cupcakes sono pronti, <strong>stampate il file con i portacupcake<\/strong> che preferite, tra quelli proposti qui sotto.<\/p>\n<p>Quindi <strong>ritagliate lungo il contorno<\/strong> e praticate un <strong>piccolo taglietto<\/strong> sulla sinistra con l&#8217;aiuto di un paio di forbici.<\/p>\n<p><strong>Inserite nel taglietto sulla sinistra la linguetta<\/strong> che si trova sulla destra e i portacupcake sono pronti!<\/p>\n<p>Appoggiateli su un piatto o su un vassoio e inserite dentro i dolcetti che avete preparato per la Festa del Pap\u00e0.<br \/>\nVedrete che successo quando il vostro pap\u00e0 li vedr\u00e0 (e li assagger\u00e0!)<\/p>\n<p>&nbsp;<\/p>\n<h3>Ecco i <strong>Portacupcake per la Festa del Pap\u00e0<\/strong> disponibili<\/h3>\n<p>&nbsp;<\/p>\n<ul>\n<li><strong><a title=\"Portacupcake\" href=\"https:\/\/www.filastrocche.it\/creiamo\/2014\/03\/05\/portacupcake-per-la-festa-del-papa\/\">Portacupcake con le cravatte su sfondo bianco<\/a><\/strong><\/li>\n<li><strong><a title=\"Portacupcake\" href=\"https:\/\/www.filastrocche.it\/creiamo\/2014\/03\/05\/portacupcake-per-la-festa-del-papa-sei-un-drago\/\">Portacupcake: sei un drago, su sfondo bianco<\/a><\/strong><\/li>\n<li><strong><a title=\"Portacupcake\" href=\"https:\/\/www.filastrocche.it\/creiamo\/2014\/03\/05\/portacupcake-per-la-festa-del-papa-sei-il-mio-eroe\/\">Portacupcake: sei il mio eroe, su sfondo bianco<\/a><\/strong><\/li>\n<li><strong><a title=\"Portacupcake\" href=\"https:\/\/www.filastrocche.it\/creiamo\/2014\/03\/05\/portacupcake-per-la-festa-del-papa-tanti-auguri\/\">Portacupcake: Tanti Auguri, su sfondo bianco<\/a><\/strong><\/li>\n<li><strong><a title=\"Portacupcake\" href=\"https:\/\/www.filastrocche.it\/creiamo\/2014\/03\/05\/portacupcake-per-la-festa-del-papa-con-le-cravatte\/\">Portacupcake con le cravatte, su sfondo colorato<\/a><\/strong><\/li>\n<li><strong><a title=\"Portacupcake\" href=\"https:\/\/www.filastrocche.it\/creiamo\/2014\/03\/05\/portacupcake-per-la-festa-del-papa-sei-il-mio-drago\/\">Portacupcake: sei il mio drago, su sfondo colorato<\/a><\/strong><\/li>\n<li><strong><a title=\"Portacupcake\" href=\"https:\/\/www.filastrocche.it\/creiamo\/2014\/03\/05\/portacupcake-per-la-festa-del-papa-sei-il-mio-eroe-2\/\">Portacupcake: sei il mio eroe, su sfondo colorato<\/a><\/strong><\/li>\n<li><strong><a title=\"Portacupcake\" href=\"https:\/\/www.filastrocche.it\/creiamo\/2014\/03\/05\/portacupcake-per-la-festa-del-papa-tanti-auguri-2\/\">Portacupcake: Tanti Auguri, su sfondo colorato<\/a><\/strong><\/li>\n<\/ul>\n<p ><a href=\"https:\/\/www.filastrocche.it\/feste\/wp-content\/uploads\/2014\/03\/festa-del-papa-portacupcake-02.jpg\"><img loading=\"lazy\" decoding=\"async\" width=\"400\" height=\"283\" class=\"aligncenter size-full wp-image-11631\" title=\"Portacupcake per la Festa del Pap\u00e0\" src=\"https:\/\/www.filastrocche.it\/feste\/wp-content\/uploads\/2014\/03\/festa-del-papa-portacupcake-02.jpg\" alt=\"Portacupcake per la Festa del Pap\u00e0\" srcset=\"https:\/\/www.filastrocche.it\/feste\/wp-content\/uploads\/2014\/03\/festa-del-papa-portacupcake-02.jpg 400w, https:\/\/www.filastrocche.it\/feste\/wp-content\/uploads\/2014\/03\/festa-del-papa-portacupcake-02-300x212.jpg 300w\" sizes=\"auto, (max-width: 400px) 100vw, 400px\" \/><\/a><\/p>\n<p>&nbsp;<\/p>\n<p><a href=\"https:\/\/www.filastrocche.it\/feste\/lavoretti-per-la-festa-del-papa\/\"><img loading=\"lazy\" decoding=\"async\" width=\"150\" height=\"101\" class=\"alignnone wp-image-16941 size-full\" title=\"Lavoretti per la Festa del Pap\u00e0\" src=\"https:\/\/www.filastrocche.it\/feste\/wp-content\/uploads\/2013\/02\/lavoretti-festa-del-papa-150.jpg\" alt=\"Lavoretti per la Festa del Pap\u00e0\"   \/><\/a><br \/>\nSe state cercando dei <strong><a title=\"Lavoretti per la Festa del Pap\u00e0\" href=\"https:\/\/www.filastrocche.it\/feste\/lavoretti-per-la-festa-del-papa\/\">LAVORETTI per la Festa del Pap\u00e0, cliccate qui<\/a><\/strong>!<\/p>\n<p><a href=\"https:\/\/www.filastrocche.it\/feste\/idee-regalo-fai-da-te-per-la-festa-del-papa\/\"><img loading=\"lazy\" decoding=\"async\" width=\"150\" height=\"140\" class=\"alignnone wp-image-16943 size-full\" title=\"Idee Regalo per la Festa del Pap\u00e0\" src=\"https:\/\/www.filastrocche.it\/feste\/wp-content\/uploads\/2013\/02\/mistrali-festa-papa-regalo-150.jpg\" alt=\"Idee Regalo per la Festa del Pap\u00e0\"   \/><\/a><br \/>\nSe state cercando delle <strong><a title=\"Idee regalo per la Festa del Pap\u00e0\" href=\"https:\/\/www.filastrocche.it\/feste\/idee-regalo-fai-da-te-per-la-festa-del-papa\/\">IDEE REGALO per la Festa del Pap\u00e0, cliccate qui<\/a><\/strong>!<\/p>\n<p>&nbsp;<\/p>\n<p><a href=\"https:\/\/www.filastrocche.it\/feste\/poesie-per-la-festa-del-papa\/\"><img loading=\"lazy\" decoding=\"async\" width=\"150\" height=\"124\" class=\"alignnone wp-image-22489 size-full\" title=\"Poesie per la Festa del Pap\u00e0\" src=\"https:\/\/www.filastrocche.it\/feste\/wp-content\/uploads\/2013\/02\/papa-150.jpg\" alt=\"Poesie per la Festa del Pap\u00e0\"   \/><\/a><br \/>\nPer le migliori <a href=\"https:\/\/www.filastrocche.it\/feste\/poesie-per-la-festa-del-papa\/\"><strong>Poesie per la Festa del Pap\u00e0, cliccate qui<\/strong><\/a>!<\/p>\n<p><a href=\"https:\/\/www.filastrocche.it\/feste\/filastrocche-per-la-festa-del-papa\/\"><img loading=\"lazy\" decoding=\"async\" width=\"150\" height=\"150\" class=\"alignnone wp-image-22509 size-full\" title=\"Filastrocche per la Festa del Pap\u00e0\" src=\"https:\/\/www.filastrocche.it\/feste\/wp-content\/uploads\/2017\/03\/filastrocche-per-la-festa-del-papa-150.jpg\" alt=\"Filastrocche per la Festa del Pap\u00e0\"   \/><\/a><br \/>\nPer le pi\u00f9 belle <a href=\"https:\/\/www.filastrocche.it\/feste\/filastrocche-per-la-festa-del-papa\/\"><strong>Filastrocche per la Festa del Pap\u00e0, cliccate qui<\/strong><\/a>!<\/p>\n<p><a href=\"https:\/\/www.filastrocche.it\/feste\/filastrocche-per-la-festa-del-papa-tradizionali-o-dautore\/\"><img loading=\"lazy\" decoding=\"async\" width=\"150\" height=\"129\" class=\"alignnone wp-image-22497 size-full\" title=\"filastrocche per la Festa del Pap\u00e0\" src=\"https:\/\/www.filastrocche.it\/feste\/wp-content\/uploads\/2013\/02\/mistrali-festa-papa-pipa-150.jpg\" alt=\"filastrocche per la Festa del Pap\u00e0\"   \/><\/a><br \/>\nPer altre <a href=\"https:\/\/www.filastrocche.it\/feste\/filastrocche-per-la-festa-del-papa-tradizionali-o-dautore\/\"><strong>filastrocche per la Festa del Pap\u00e0, cliccate qui<\/strong><\/a>!<\/p>\n<p><a href=\"https:\/\/www.filastrocche.it\/leggiamo\/jolanda-restano-filastrocche-per-la-festa-del-papa\/\"><img loading=\"lazy\" decoding=\"async\" width=\"100\" height=\"168\" class=\"alignnone wp-image-16947 size-full\" title=\"Filastrocche per la Festa del Pap\u00e0\" src=\"https:\/\/www.filastrocche.it\/feste\/wp-content\/uploads\/2013\/02\/mistrali-festa-papa-bimba-100.jpg\" alt=\"Filastrocche per la Festa del Pap\u00e0\"   \/><\/a><br \/>\nSe volete leggere <strong>le filastrocche per il vostro Pap\u00e0<\/strong> <strong><a title=\"Filastrocche per la Festa del Pap\u00e0 di Jolanda Restano\" href=\"https:\/\/www.filastrocche.it\/leggiamo\/jolanda-restano-filastrocche-per-la-festa-del-papa\/\">scritte da Jolanda Restano, cliccate qui!<\/a><\/strong><\/p>\n<p><a href=\"https:\/\/www.filastrocche.it\/feste\/filastrocche-per-la-festa-del-papa-scritte-dagli-utenti-del-sito\/\"><img loading=\"lazy\" decoding=\"async\" width=\"100\" height=\"195\" class=\"alignnone wp-image-16953 size-full\" title=\"Filastrocche per la Festa del Pap\u00e0\" src=\"https:\/\/www.filastrocche.it\/feste\/wp-content\/uploads\/2013\/02\/mistrali-festa-papa-bimbo-100.jpg\" alt=\"Filastrocche per la Festa del Pap\u00e0\"   \/><\/a><br \/>\nSe invece vi interessano le <strong><a title=\"Filastrocche per la Festa del Pap\u00e0 scritte dagli utenti del sito\" href=\"https:\/\/www.filastrocche.it\/feste\/filastrocche-per-la-festa-del-papa-scritte-dagli-utenti-del-sito\/\">filastrocche per la Festa del Pap\u00e0 scritte da voi, cliccate qui<\/a><\/strong>!<\/p>\n<p><a href=\"https:\/\/www.filastrocche.it\/feste\/frasi-per-la-festa-del-papa\/\"><img loading=\"lazy\" decoding=\"async\" width=\"150\" height=\"134\" class=\"alignnone wp-image-22557 size-full\" title=\"Frasi per la Festa del Pap\u00e0\" src=\"https:\/\/www.filastrocche.it\/feste\/wp-content\/uploads\/2017\/03\/frasi-per-la-festa-del-papa-150.jpg\" alt=\"Frasi per la Festa del Pap\u00e0\"   \/><br \/>\n<\/a>Per le pi\u00f9 belle <a href=\"https:\/\/www.filastrocche.it\/feste\/frasi-per-la-festa-del-papa\/\"><strong>Frasi per la Festa del Pap\u00e0, cliccate qui<\/strong><\/a>!<\/p>\n<p>&nbsp;<\/p>\n<p><a href=\"https:\/\/www.filastrocche.it\/feste\/ricette-per-la-festa-del-papa\/\"><img loading=\"lazy\" decoding=\"async\" width=\"120\" height=\"142\" class=\"alignnone wp-image-22531 size-full\" title=\"Ricette per la Festa del Pap\u00e0\" src=\"https:\/\/www.filastrocche.it\/feste\/wp-content\/uploads\/2017\/03\/mistrali-ricette-piatto-pollo-120.jpg\" alt=\"Ricette per la Festa del Pap\u00e0\"   \/><\/a><br \/>\nSe cercate delle <a href=\"https:\/\/www.filastrocche.it\/feste\/ricette-per-la-festa-del-papa\/\"><strong>Ricette per la Festa del Pap\u00e0, cliccate qui<\/strong><\/a>!<\/p>\n<p>&nbsp;<\/p>\n<p><a href=\"https:\/\/www.filastrocche.it\/feste\/speciale-festa-del-papa\/\"><img loading=\"lazy\" decoding=\"async\" width=\"198\" height=\"47\" class=\"alignnone wp-image-8471 size-full\" title=\"Speciale Festa del Pap\u00e0\" src=\"https:\/\/www.filastrocche.it\/feste\/wp-content\/uploads\/2013\/02\/festa_papa.gif\" alt=\"Speciale Festa del Pap\u00e0\"   \/><\/a><br \/>\n<a href=\"https:\/\/www.filastrocche.it\/feste\/speciale-festa-del-papa\/\"><strong>Visita lo Speciale Festa del Pap\u00e0!<\/strong><\/a><\/p>\n","protected":false},"excerpt":{"rendered":"<p>Un&#8217;idea originale? Ecco i Portacupcake per la Festa del Pap\u00e0 Per una tavola allegra e speciale, vi proponiamo i Portacupcake per la Festa del Pap\u00e0! Prima di tutto, preprarate dei muffin o dei cupcakes. In rete trovate tantissime ricette diverse, ma per facilitarvi il compito, ve ne proponiamo due anche noi. Eccole: &nbsp; Muffin arcobaleno [&hellip;]<\/p>\n","protected":false},"author":5,"featured_media":11625,"comment_status":"open","ping_status":"open","sticky":false,"template":"","format":"standard","meta":{"footnotes":""},"categories":[339,953,7,867],"tags":[257,253,71,285,861,259,315],"sponsors":[],"class_list":["post-11623","post","type-post","status-publish","format-standard","has-post-thumbnail","hentry","category-creiamo-con-carta-e-forbici-festa-del-papa","category-decoriamo-la-festa-del-papa","category-festa-del-papa","category-festa-del-papa-a-tavola","tag-carta","tag-creazioni","tag-decorazioni","tag-festa","tag-festa-del-papa-2","tag-forbici","tag-papa"],"yoast_head":"<!-- This site is optimized with the Yoast SEO plugin v26.2 - https:\/\/yoast.com\/wordpress\/plugins\/seo\/ -->\n<title>Portacupcake per la Festa del Pap\u00e0 proposti da Filastrocche.it<\/title>\n<meta name=\"description\" content=\"Portacupcake per la Festa del Pap\u00e0: portacupake gratuiti e fai da te per la Festa del Pap\u00e0 Facili da realizzare, pronti in pochi minuti e di grande effetto\" \/>\n<meta name=\"robots\" content=\"index, follow, max-snippet:-1, max-image-preview:large, max-video-preview:-1\" \/>\n<link rel=\"canonical\" href=\"https:\/\/www.filastrocche.it\/feste\/portacupcake-per-la-festa-del-papa\/\" \/>\n<meta property=\"og:locale\" content=\"it_IT\" \/>\n<meta property=\"og:type\" content=\"article\" \/>\n<meta property=\"og:title\" content=\"Portacupcake per la Festa del Pap\u00e0 proposti da Filastrocche.it\" \/>\n<meta property=\"og:description\" content=\"Portacupcake per la Festa del Pap\u00e0: portacupake gratuiti e fai da te per la Festa del Pap\u00e0 Facili da realizzare, pronti in pochi minuti e di grande effetto\" \/>\n<meta property=\"og:url\" content=\"https:\/\/www.filastrocche.it\/feste\/portacupcake-per-la-festa-del-papa\/\" \/>\n<meta property=\"og:site_name\" content=\"Filastrocche.it\" \/>\n<meta property=\"article:author\" content=\"http:\/\/www.facebook.com\/jolanda.restano\" \/>\n<meta property=\"article:published_time\" content=\"2014-03-05T10:30:40+00:00\" \/>\n<meta property=\"article:modified_time\" content=\"2018-02-19T17:24:26+00:00\" \/>\n<meta property=\"og:image\" content=\"https:\/\/www.filastrocche.it\/feste\/wp-content\/uploads\/2014\/03\/festa-del-papa-portacupcake-08.jpg\" \/>\n\t<meta property=\"og:image:width\" content=\"400\" \/>\n\t<meta property=\"og:image:height\" content=\"283\" \/>\n\t<meta property=\"og:image:type\" content=\"image\/jpeg\" \/>\n<meta name=\"author\" content=\"Jolanda\" \/>\n<meta name=\"twitter:label1\" content=\"Scritto da\" \/>\n\t<meta name=\"twitter:data1\" content=\"Jolanda\" \/>\n\t<meta name=\"twitter:label2\" content=\"Tempo di lettura stimato\" \/>\n\t<meta name=\"twitter:data2\" content=\"2 minuti\" \/>\n<!-- \/ Yoast SEO plugin. -->","yoast_head_json":{"title":"Portacupcake per la Festa del Pap\u00e0 proposti da Filastrocche.it","description":"Portacupcake per la Festa del Pap\u00e0: portacupake gratuiti e fai da te per la Festa del Pap\u00e0 Facili da realizzare, pronti in pochi minuti e di grande effetto","robots":{"index":"index","follow":"follow","max-snippet":"max-snippet:-1","max-image-preview":"max-image-preview:large","max-video-preview":"max-video-preview:-1"},"canonical":"https:\/\/www.filastrocche.it\/feste\/portacupcake-per-la-festa-del-papa\/","og_locale":"it_IT","og_type":"article","og_title":"Portacupcake per la Festa del Pap\u00e0 proposti da Filastrocche.it","og_description":"Portacupcake per la Festa del Pap\u00e0: portacupake gratuiti e fai da te per la Festa del Pap\u00e0 Facili da realizzare, pronti in pochi minuti e di grande effetto","og_url":"https:\/\/www.filastrocche.it\/feste\/portacupcake-per-la-festa-del-papa\/","og_site_name":"Filastrocche.it","article_author":"http:\/\/www.facebook.com\/jolanda.restano","article_published_time":"2014-03-05T10:30:40+00:00","article_modified_time":"2018-02-19T17:24:26+00:00","og_image":[{"width":400,"height":283,"url":"https:\/\/www.filastrocche.it\/feste\/wp-content\/uploads\/2014\/03\/festa-del-papa-portacupcake-08.jpg","type":"image\/jpeg"}],"author":"Jolanda","twitter_misc":{"Scritto da":"Jolanda","Tempo di lettura stimato":"2 minuti"},"schema":{"@context":"https:\/\/schema.org","@graph":[{"@type":"WebPage","@id":"https:\/\/www.filastrocche.it\/feste\/portacupcake-per-la-festa-del-papa\/","url":"https:\/\/www.filastrocche.it\/feste\/portacupcake-per-la-festa-del-papa\/","name":"Portacupcake per la Festa del Pap\u00e0 proposti da Filastrocche.it","isPartOf":{"@id":"https:\/\/www.filastrocche.it\/feste\/#website"},"primaryImageOfPage":{"@id":"https:\/\/www.filastrocche.it\/feste\/portacupcake-per-la-festa-del-papa\/#primaryimage"},"image":{"@id":"https:\/\/www.filastrocche.it\/feste\/portacupcake-per-la-festa-del-papa\/#primaryimage"},"thumbnailUrl":"https:\/\/www.filastrocche.it\/feste\/wp-content\/uploads\/2014\/03\/festa-del-papa-portacupcake-08.jpg","datePublished":"2014-03-05T10:30:40+00:00","dateModified":"2018-02-19T17:24:26+00:00","author":{"@id":"https:\/\/www.filastrocche.it\/feste\/#\/schema\/person\/13a7995b740342851d3a3c001f9dd658"},"description":"Portacupcake per la Festa del Pap\u00e0: portacupake gratuiti e fai da te per la Festa del Pap\u00e0 Facili da realizzare, pronti in pochi minuti e di grande effetto","breadcrumb":{"@id":"https:\/\/www.filastrocche.it\/feste\/portacupcake-per-la-festa-del-papa\/#breadcrumb"},"inLanguage":"it-IT","potentialAction":[{"@type":"ReadAction","target":["https:\/\/www.filastrocche.it\/feste\/portacupcake-per-la-festa-del-papa\/"]}]},{"@type":"ImageObject","inLanguage":"it-IT","@id":"https:\/\/www.filastrocche.it\/feste\/portacupcake-per-la-festa-del-papa\/#primaryimage","url":"https:\/\/www.filastrocche.it\/feste\/wp-content\/uploads\/2014\/03\/festa-del-papa-portacupcake-08.jpg","contentUrl":"https:\/\/www.filastrocche.it\/feste\/wp-content\/uploads\/2014\/03\/festa-del-papa-portacupcake-08.jpg","width":400,"height":283},{"@type":"BreadcrumbList","@id":"https:\/\/www.filastrocche.it\/feste\/portacupcake-per-la-festa-del-papa\/#breadcrumb","itemListElement":[{"@type":"ListItem","position":1,"name":"Home","item":"https:\/\/www.filastrocche.it\/feste\/"},{"@type":"ListItem","position":2,"name":"Portacupcake per la Festa del Pap\u00e0"}]},{"@type":"WebSite","@id":"https:\/\/www.filastrocche.it\/feste\/#website","url":"https:\/\/www.filastrocche.it\/feste\/","name":"Filastrocche.it","description":"Festeggiamo in famiglia","potentialAction":[{"@type":"SearchAction","target":{"@type":"EntryPoint","urlTemplate":"https:\/\/www.filastrocche.it\/feste\/?s={search_term_string}"},"query-input":{"@type":"PropertyValueSpecification","valueRequired":true,"valueName":"search_term_string"}}],"inLanguage":"it-IT"},{"@type":"Person","@id":"https:\/\/www.filastrocche.it\/feste\/#\/schema\/person\/13a7995b740342851d3a3c001f9dd658","name":"Jolanda","image":{"@type":"ImageObject","inLanguage":"it-IT","@id":"https:\/\/www.filastrocche.it\/feste\/#\/schema\/person\/image\/","url":"https:\/\/secure.gravatar.com\/avatar\/1b1f38df48384d8f75481e92c0cbf9e3494d37f3cf35cd02b0f5cba7d63f7349?s=96&d=mm&r=g","contentUrl":"https:\/\/secure.gravatar.com\/avatar\/1b1f38df48384d8f75481e92c0cbf9e3494d37f3cf35cd02b0f5cba7d63f7349?s=96&d=mm&r=g","caption":"Jolanda"},"sameAs":["http:\/\/www.facebook.com\/jolanda.restano","https:\/\/x.com\/jolandarestano"],"url":"https:\/\/www.filastrocche.it\/feste\/author\/jolanda\/"}]}},"_links":{"self":[{"href":"https:\/\/www.filastrocche.it\/feste\/wp-json\/wp\/v2\/posts\/11623","targetHints":{"allow":["GET"]}}],"collection":[{"href":"https:\/\/www.filastrocche.it\/feste\/wp-json\/wp\/v2\/posts"}],"about":[{"href":"https:\/\/www.filastrocche.it\/feste\/wp-json\/wp\/v2\/types\/post"}],"author":[{"embeddable":true,"href":"https:\/\/www.filastrocche.it\/feste\/wp-json\/wp\/v2\/users\/5"}],"replies":[{"embeddable":true,"href":"https:\/\/www.filastrocche.it\/feste\/wp-json\/wp\/v2\/comments?post=11623"}],"version-history":[{"count":2,"href":"https:\/\/www.filastrocche.it\/feste\/wp-json\/wp\/v2\/posts\/11623\/revisions"}],"predecessor-version":[{"id":32091,"href":"https:\/\/www.filastrocche.it\/feste\/wp-json\/wp\/v2\/posts\/11623\/revisions\/32091"}],"wp:featuredmedia":[{"embeddable":true,"href":"https:\/\/www.filastrocche.it\/feste\/wp-json\/wp\/v2\/media\/11625"}],"wp:attachment":[{"href":"https:\/\/www.filastrocche.it\/feste\/wp-json\/wp\/v2\/media?parent=11623"}],"wp:term":[{"taxonomy":"category","embeddable":true,"href":"https:\/\/www.filastrocche.it\/feste\/wp-json\/wp\/v2\/categories?post=11623"},{"taxonomy":"post_tag","embeddable":true,"href":"https:\/\/www.filastrocche.it\/feste\/wp-json\/wp\/v2\/tags?post=11623"},{"taxonomy":"sponsors","embeddable":true,"href":"https:\/\/www.filastrocche.it\/feste\/wp-json\/wp\/v2\/sponsors?post=11623"}],"curies":[{"name":"wp","href":"https:\/\/api.w.org\/{rel}","templated":true}]}}