{"id":1525,"date":"2012-07-15T19:48:50","date_gmt":"2012-07-15T19:48:50","guid":{"rendered":"https:\/\/www.filastrocche.it\/feste\/?p=1525"},"modified":"2019-01-10T17:48:15","modified_gmt":"2019-01-10T16:48:15","slug":"la-leggenda-della-befana","status":"publish","type":"post","link":"https:\/\/www.filastrocche.it\/feste\/la-leggenda-della-befana\/","title":{"rendered":"Leggenda della Befana"},"content":{"rendered":"<p><a href=\"https:\/\/www.filastrocche.it\/feste\/wp-content\/uploads\/2012\/07\/befana_3.jpg\"><img loading=\"lazy\" decoding=\"async\" width=\"350\" height=\"467\" class=\"aligncenter wp-image-1529 size-full\" title=\"leggenda della Befana\" src=\"https:\/\/www.filastrocche.it\/feste\/wp-content\/uploads\/2012\/07\/befana_3.jpg\" alt=\"leggenda della Befana\" srcset=\"https:\/\/www.filastrocche.it\/feste\/wp-content\/uploads\/2012\/07\/befana_3.jpg 350w, https:\/\/www.filastrocche.it\/feste\/wp-content\/uploads\/2012\/07\/befana_3-224x300.jpg 224w\" sizes=\"auto, (max-width: 350px) 100vw, 350px\" \/><\/a><\/p>\n<h2>Scopriamo la <strong>Leggenda della Befana<\/strong>!<\/h2>\n<p><strong>Con la tradizione cristiana la Befana non c&#8217;entra proprio niente<\/strong>, ma <strong>nella tradizione popolare c&#8217;\u00e8 una leggenda<\/strong> che in qualche modo la inserisce come protagonista di questa festa religiosa.<\/p>\n<p>I <strong>Re Magi stavano andando a Betlemme<\/strong> per rendere omaggio al Bambino Ges\u00f9.<\/p>\n<p>Giunti <strong>in prossimit\u00e0 di una casetta decisero di fermarsi<\/strong> per chiedere indicazioni sulla direzione da prendere.<\/p>\n<p>Bussarono alla porta e <strong>venne ad aprire una vecchina<\/strong>.<\/p>\n<p>I Re Magi <strong>chiesero se sapeva la strada<\/strong> per andare a Betlemme perch\u00e9 l\u00e0 era nato il Salvatore.<\/p>\n<p>La donna che non cap\u00ec dove stessero andando i Re Magi, <strong>non seppe dare loro nessuna indicazione<\/strong>.<\/p>\n<p>I Re Magi chiesero alla vecchietta di unirsi a loro, ma lei rifiut\u00f2 perch\u00e9 aveva molto lavoro da sbrigare.<\/p>\n<p>Dopo che i tre Re se ne furono andati, la donna cap\u00ec che aveva commesso un errore e decise di unirsi a loro per andare a trovare il Bambino Ges\u00f9.<\/p>\n<p>Ma nonostante li cercasse da ore non riusc\u00ec a trovarli e allora <strong>ferm\u00f2 ogni bambino per dargli un regalo<\/strong> nella speranza che questo fosse Ges\u00f9 Bambino.<\/p>\n<p>E cos\u00ec ogni anno, la sera dell&#8217;Epifania lei si mette alla ricerca di Ges\u00f9 e si ferma in ogni casa dove c&#8217;\u00e8 un bambino per lasciare un regalo, se \u00e8 stato buono, o del carbone, se invece \u00e8 stato birichino!<\/p>\n<p>&nbsp;<\/p>\n<p>&nbsp;<\/p>\n<p><a href=\"https:\/\/www.filastrocche.it\/feste\/befana\/\"><img loading=\"lazy\" decoding=\"async\" width=\"150\" height=\"112\" class=\"alignnone wp-image-30075 size-full\" title=\"Storie e leggende sulla Befana e Epifania\" src=\"https:\/\/www.filastrocche.it\/feste\/wp-content\/uploads\/2017\/12\/epifania-tradizioni-150.jpg\" alt=\"Storie e leggende sulla Befana e Epifania\"   \/><\/a><br \/>\nPer scoprire <a href=\"https:\/\/www.filastrocche.it\/feste\/befana\/\"><strong>Storie, Leggende e Tradizioni legate a Befana e Epifania, cliccate qui<\/strong><\/a>!<\/p>\n<p>&nbsp;<\/p>\n<p><a href=\"https:\/\/www.filastrocche.it\/feste\/filastrocche-sulla-befana\/\"><img loading=\"lazy\" decoding=\"async\" width=\"150\" height=\"132\" class=\"alignnone wp-image-28197 size-full\" title=\"Filastrocche sulla Befana\" src=\"https:\/\/www.filastrocche.it\/feste\/wp-content\/uploads\/2017\/11\/befana-calze-150.jpg\" alt=\"Filastrocche sulla Befana\"   \/><\/a><a href=\"https:\/\/www.filastrocche.it\/feste\/wp-content\/uploads\/2017\/11\/befana-calze-150.jpg\"><br \/>\n<\/a>Per le pi\u00f9 belle <a href=\"https:\/\/www.filastrocche.it\/feste\/filastrocche-sulla-befana\/\"><strong>Filastrocche sulla Befana, clicca qui<\/strong><\/a>!<\/p>\n<p><a href=\"https:\/\/www.filastrocche.it\/feste\/poesie-sulla-befana\/\"><img loading=\"lazy\" decoding=\"async\" width=\"150\" height=\"150\" class=\"alignnone wp-image-21001 size-full\" title=\"Poesie sulla Befana\" src=\"https:\/\/www.filastrocche.it\/feste\/wp-content\/uploads\/2015\/11\/befana-calze-citta-150.jpg\" alt=\"Poesie sulla Befana\"   \/><\/a><br \/>\nPer le migliori <a href=\"https:\/\/www.filastrocche.it\/feste\/poesie-sulla-befana\/\"><strong>Poesie sulla Befana<\/strong>, <strong>clicca qui<\/strong><\/a>!<\/p>\n<p>&nbsp;<\/p>\n<p><a href=\"https:\/\/www.filastrocche.it\/feste\/poesie-su-epifania\/\"><img loading=\"lazy\" decoding=\"async\" width=\"150\" height=\"150\" class=\"alignnone wp-image-21033 size-full\" title=\"Poesie su Epifania\" src=\"https:\/\/www.filastrocche.it\/feste\/wp-content\/uploads\/2016\/12\/epifania-re-magi-cometa-150.jpg\" alt=\"Poesie su Epifania\"   \/><\/a><br \/>\nPer le pi\u00f9 belle <a href=\"https:\/\/www.filastrocche.it\/feste\/poesie-su-epifania\/\"><strong>Poesie su Epifania, Re Magi e Stella Cometa<\/strong>, <strong>cliccate qui<\/strong><\/a>!<\/p>\n<p><a href=\"https:\/\/www.filastrocche.it\/feste\/filastrocche-su-epifania\/\"><img loading=\"lazy\" decoding=\"async\" width=\"150\" height=\"150\" class=\"alignnone wp-image-28219 size-full\" title=\"Filastrocche su Epifania\" src=\"https:\/\/www.filastrocche.it\/feste\/wp-content\/uploads\/2017\/11\/re-magi-150.jpg\" alt=\"Filastrocche su Epifania\"   \/><\/a><a href=\"https:\/\/www.filastrocche.it\/feste\/wp-content\/uploads\/2017\/11\/re-magi-150.jpg\"><br \/>\n<\/a>Per le migliori <a href=\"https:\/\/www.filastrocche.it\/feste\/filastrocche-su-epifania\/\"><strong>Filastrocche su Epifania, Re Magi e stella cometa, clicca qui<\/strong><\/a>!<\/p>\n<p>&nbsp;<\/p>\n<p><a href=\"https:\/\/www.filastrocche.it\/feste\/lavoretti-per-la-befana\/\"><img loading=\"lazy\" decoding=\"async\" width=\"150\" height=\"100\" class=\"alignnone wp-image-30053 size-full\" title=\"Lavoretti per la Befana\" src=\"https:\/\/www.filastrocche.it\/feste\/wp-content\/uploads\/2017\/12\/befana-calze-2-150.jpg\" alt=\"Lavoretti per la Befana\"   \/><\/a><br \/>\nPer i migliori <a href=\"https:\/\/www.filastrocche.it\/feste\/lavoretti-per-la-befana\/\"><strong>Lavoretti per la Befana e l&#8217;Epifania, cliccate qui<\/strong><\/a>!<\/p>\n<p><a href=\"https:\/\/www.filastrocche.it\/feste\/ricette-per-lepifania\/\"><img loading=\"lazy\" decoding=\"async\" width=\"150\" height=\"178\" class=\"alignnone wp-image-30047 size-full\" title=\"Ricette per l'Epifania\" src=\"https:\/\/www.filastrocche.it\/feste\/wp-content\/uploads\/2017\/12\/natale-befana-carbone-150.jpg\" alt=\"Ricette per l'Epifania\"   \/><\/a><a href=\"https:\/\/www.filastrocche.it\/feste\/wp-content\/uploads\/2017\/12\/natale-befana-carbone-150.jpg\"><br \/>\n<\/a>Per le migliori <a href=\"https:\/\/www.filastrocche.it\/feste\/ricette-per-lepifania\/\"><strong>Ricette per l&#8217;Epifania, cliccate qui<\/strong><\/a>!<\/p>\n<p>&nbsp;<\/p>\n<p><a href=\"https:\/\/www.filastrocche.it\/feste\/filastrocche-di-capodanno\/\"><img loading=\"lazy\" decoding=\"async\" width=\"150\" height=\"99\" class=\"alignnone wp-image-20841 size-full\" title=\"Filastrocche di Capodanno\" src=\"https:\/\/www.filastrocche.it\/feste\/wp-content\/uploads\/2016\/12\/capodanno-orologio-mezzanotte-150.jpg\" alt=\"Filastrocche di Capodanno\"   \/><\/a><br \/>\nPer le pi\u00f9 belle <a href=\"https:\/\/www.filastrocche.it\/feste\/filastrocche-di-capodanno\/\"><strong>Filastrocche di Capodanno<\/strong>, <strong>cliccate qui<\/strong><\/a>!<\/p>\n<p><a href=\"https:\/\/www.filastrocche.it\/feste\/poesie-di-capodanno\/\"><img loading=\"lazy\" decoding=\"async\" width=\"150\" height=\"150\" class=\"alignnone wp-image-20833 size-full\" title=\"Poesie di Capodanno\" src=\"https:\/\/www.filastrocche.it\/feste\/wp-content\/uploads\/2016\/12\/capodanno-orologio-rosso-pallina-natale-150.jpg\" alt=\"Poesie di Capodanno\"   \/><\/a><br \/>\nPer le migliori <a href=\"https:\/\/www.filastrocche.it\/feste\/poesie-di-capodanno\/\"><strong>Poesie di Capodanno<\/strong>, <strong>cliccate qui<\/strong><\/a>!<\/p>\n<p><a href=\"https:\/\/www.filastrocche.it\/feste\/poesie-di-natale\/\"><img loading=\"lazy\" decoding=\"async\" width=\"150\" height=\"100\" class=\"alignnone wp-image-27787 size-full\" title=\"Poesie di Natale\" src=\"https:\/\/www.filastrocche.it\/feste\/wp-content\/uploads\/2017\/10\/natale-ambiente-150.jpg\" alt=\"Poesie di Natale\"   \/><\/a><br \/>\nPer le migliori <a href=\"https:\/\/www.filastrocche.it\/feste\/poesie-di-natale\/\"><strong>Poesie di Natale, clicca qui<\/strong><\/a>!<\/p>\n<p><a href=\"https:\/\/www.filastrocche.it\/feste\/filastrocche-di-natale\/\"><img loading=\"lazy\" decoding=\"async\" width=\"150\" height=\"143\" class=\"alignnone wp-image-16171 size-full\" title=\"Filastrocche di Natale\" src=\"https:\/\/www.filastrocche.it\/feste\/wp-content\/uploads\/2015\/11\/coro-bambini-natale-150.jpg\" alt=\"Filastrocche di Natale\"   \/><\/a><br \/>\nPer le pi\u00f9 belle <a href=\"https:\/\/www.filastrocche.it\/feste\/filastrocche-di-natale\/\"><strong>Filastrocche di Natale<\/strong><\/a>, <strong><a href=\"https:\/\/www.filastrocche.it\/feste\/filastrocche-di-natale\/\">clicca qui<\/a><\/strong>!<\/p>\n<p><a href=\"https:\/\/www.filastrocche.it\/feste\/canzoni-di-natale\/\"><img loading=\"lazy\" decoding=\"async\" width=\"150\" height=\"150\" class=\"alignnone wp-image-16089 size-full\" title=\"Canzoni di Natale\" src=\"https:\/\/www.filastrocche.it\/feste\/wp-content\/uploads\/2015\/11\/coro-natale-150.jpg\" alt=\"Canzoni di Natale\"   \/><\/a><br \/>\nPer le pi\u00f9 belle <strong><a href=\"https:\/\/www.filastrocche.it\/feste\/canzoni-di-natale\/\">Canzoni di Natale<\/a><\/strong>, <a href=\"https:\/\/www.filastrocche.it\/feste\/canzoni-di-natale\/\"><strong>clicca qui<\/strong><\/a>!<\/p>\n<p>&nbsp;<\/p>\n<p><a href=\"https:\/\/www.filastrocche.it\/feste\/c\/epifania-befana-remagi\/\"><strong>Visita lo Speciale Befana e Epifania!<\/strong><\/a><br \/>\n<a href=\"https:\/\/www.filastrocche.it\/feste\/c\/epifania-befana-remagi\/\"><img loading=\"lazy\" decoding=\"async\" width=\"278\" height=\"52\" class=\"alignnone wp-image-28191 size-full\" title=\"Speciale Befana e Epifania\" src=\"https:\/\/www.filastrocche.it\/feste\/wp-content\/uploads\/2017\/11\/befana.gif\" alt=\"Speciale Befana e Epifania\"   \/><\/a><\/p>\n<p><a href=\"https:\/\/www.filastrocche.it\/feste\/c\/natale\/\"><strong>Visita lo Speciale Natale!<\/strong><\/a><br \/>\n<a href=\"https:\/\/www.filastrocche.it\/feste\/c\/natale\/\"><img loading=\"lazy\" decoding=\"async\" width=\"144\" height=\"58\" class=\"alignnone wp-image-28187 size-full\" title=\"Speciale Natale\" src=\"https:\/\/www.filastrocche.it\/feste\/wp-content\/uploads\/2017\/11\/natale.gif\" alt=\"Speciale Natale\"   \/><\/a><\/p>\n<p><a href=\"https:\/\/www.filastrocche.it\/feste\/c\/capodanno\/\"><strong>Visita lo Speciale Capodanno!<\/strong><\/a><br \/>\n<a href=\"https:\/\/www.filastrocche.it\/feste\/c\/capodanno\/\"><img loading=\"lazy\" decoding=\"async\" width=\"227\" height=\"46\" class=\"alignnone wp-image-28189 size-full\" title=\"Speciale Capodanno\" src=\"https:\/\/www.filastrocche.it\/feste\/wp-content\/uploads\/2017\/11\/capodanno.gif\" alt=\"Speciale Capodanno\"   \/><\/a><\/p>\n","protected":false},"excerpt":{"rendered":"<p>Scopriamo la Leggenda della Befana! Con la tradizione cristiana la Befana non c&#8217;entra proprio niente, ma nella tradizione popolare c&#8217;\u00e8 una leggenda che in qualche modo la inserisce come protagonista di questa festa religiosa. I Re Magi stavano andando a Betlemme per rendere omaggio al Bambino Ges\u00f9. Giunti in prossimit\u00e0 di una casetta decisero di [&hellip;]<\/p>\n","protected":false},"author":5,"featured_media":1529,"comment_status":"open","ping_status":"open","sticky":false,"template":"","format":"standard","meta":{"footnotes":""},"categories":[21,235],"tags":[227,229,103,173,81,171,83,79],"sponsors":[],"class_list":["post-1525","post","type-post","status-publish","format-standard","has-post-thumbnail","hentry","category-epifania-befana-remagi","category-origini-storie-e-tradizioni","tag-befana-2","tag-epifania","tag-leggenda","tag-magi","tag-origini","tag-re","tag-storia","tag-tradizioni"],"yoast_head":"<!-- This site is optimized with the Yoast SEO plugin v26.2 - https:\/\/yoast.com\/wordpress\/plugins\/seo\/ -->\n<title>La leggenda della Befana e dell&#039;Epifania - L&#039;Epifania su Filastrocche.it<\/title>\n<meta name=\"description\" content=\"La leggenda della Befana: con la tradizione cristiana la Befana non c&#039;entra nulla, ma nella tradizione popolare c&#039;\u00e8 una leggenda che...\" \/>\n<meta name=\"robots\" content=\"index, follow, max-snippet:-1, max-image-preview:large, max-video-preview:-1\" \/>\n<link rel=\"canonical\" href=\"https:\/\/www.filastrocche.it\/feste\/la-leggenda-della-befana\/\" \/>\n<meta property=\"og:locale\" content=\"it_IT\" \/>\n<meta property=\"og:type\" content=\"article\" \/>\n<meta property=\"og:title\" content=\"La leggenda della Befana e dell&#039;Epifania - L&#039;Epifania su Filastrocche.it\" \/>\n<meta property=\"og:description\" content=\"La leggenda della Befana: con la tradizione cristiana la Befana non c&#039;entra nulla, ma nella tradizione popolare c&#039;\u00e8 una leggenda che...\" \/>\n<meta property=\"og:url\" content=\"https:\/\/www.filastrocche.it\/feste\/la-leggenda-della-befana\/\" \/>\n<meta property=\"og:site_name\" content=\"Filastrocche.it\" \/>\n<meta property=\"article:author\" content=\"http:\/\/www.facebook.com\/jolanda.restano\" \/>\n<meta property=\"article:published_time\" content=\"2012-07-15T19:48:50+00:00\" \/>\n<meta property=\"article:modified_time\" content=\"2019-01-10T16:48:15+00:00\" \/>\n<meta property=\"og:image\" content=\"https:\/\/www.filastrocche.it\/feste\/wp-content\/uploads\/2012\/07\/befana_3.jpg\" \/>\n\t<meta property=\"og:image:width\" content=\"350\" \/>\n\t<meta property=\"og:image:height\" content=\"467\" \/>\n\t<meta property=\"og:image:type\" content=\"image\/jpeg\" \/>\n<meta name=\"author\" content=\"Jolanda\" \/>\n<meta name=\"twitter:label1\" content=\"Scritto da\" \/>\n\t<meta name=\"twitter:data1\" content=\"Jolanda\" \/>\n\t<meta name=\"twitter:label2\" content=\"Tempo di lettura stimato\" \/>\n\t<meta name=\"twitter:data2\" content=\"2 minuti\" \/>\n<!-- \/ Yoast SEO plugin. -->","yoast_head_json":{"title":"La leggenda della Befana e dell'Epifania - L'Epifania su Filastrocche.it","description":"La leggenda della Befana: con la tradizione cristiana la Befana non c'entra nulla, ma nella tradizione popolare c'\u00e8 una leggenda che...","robots":{"index":"index","follow":"follow","max-snippet":"max-snippet:-1","max-image-preview":"max-image-preview:large","max-video-preview":"max-video-preview:-1"},"canonical":"https:\/\/www.filastrocche.it\/feste\/la-leggenda-della-befana\/","og_locale":"it_IT","og_type":"article","og_title":"La leggenda della Befana e dell'Epifania - L'Epifania su Filastrocche.it","og_description":"La leggenda della Befana: con la tradizione cristiana la Befana non c'entra nulla, ma nella tradizione popolare c'\u00e8 una leggenda che...","og_url":"https:\/\/www.filastrocche.it\/feste\/la-leggenda-della-befana\/","og_site_name":"Filastrocche.it","article_author":"http:\/\/www.facebook.com\/jolanda.restano","article_published_time":"2012-07-15T19:48:50+00:00","article_modified_time":"2019-01-10T16:48:15+00:00","og_image":[{"width":350,"height":467,"url":"https:\/\/www.filastrocche.it\/feste\/wp-content\/uploads\/2012\/07\/befana_3.jpg","type":"image\/jpeg"}],"author":"Jolanda","twitter_misc":{"Scritto da":"Jolanda","Tempo di lettura stimato":"2 minuti"},"schema":{"@context":"https:\/\/schema.org","@graph":[{"@type":"WebPage","@id":"https:\/\/www.filastrocche.it\/feste\/la-leggenda-della-befana\/","url":"https:\/\/www.filastrocche.it\/feste\/la-leggenda-della-befana\/","name":"La leggenda della Befana e dell'Epifania - L'Epifania su Filastrocche.it","isPartOf":{"@id":"https:\/\/www.filastrocche.it\/feste\/#website"},"primaryImageOfPage":{"@id":"https:\/\/www.filastrocche.it\/feste\/la-leggenda-della-befana\/#primaryimage"},"image":{"@id":"https:\/\/www.filastrocche.it\/feste\/la-leggenda-della-befana\/#primaryimage"},"thumbnailUrl":"https:\/\/www.filastrocche.it\/feste\/wp-content\/uploads\/2012\/07\/befana_3.jpg","datePublished":"2012-07-15T19:48:50+00:00","dateModified":"2019-01-10T16:48:15+00:00","author":{"@id":"https:\/\/www.filastrocche.it\/feste\/#\/schema\/person\/13a7995b740342851d3a3c001f9dd658"},"description":"La leggenda della Befana: con la tradizione cristiana la Befana non c'entra nulla, ma nella tradizione popolare c'\u00e8 una leggenda che...","breadcrumb":{"@id":"https:\/\/www.filastrocche.it\/feste\/la-leggenda-della-befana\/#breadcrumb"},"inLanguage":"it-IT","potentialAction":[{"@type":"ReadAction","target":["https:\/\/www.filastrocche.it\/feste\/la-leggenda-della-befana\/"]}]},{"@type":"ImageObject","inLanguage":"it-IT","@id":"https:\/\/www.filastrocche.it\/feste\/la-leggenda-della-befana\/#primaryimage","url":"https:\/\/www.filastrocche.it\/feste\/wp-content\/uploads\/2012\/07\/befana_3.jpg","contentUrl":"https:\/\/www.filastrocche.it\/feste\/wp-content\/uploads\/2012\/07\/befana_3.jpg","width":"350","height":"467"},{"@type":"BreadcrumbList","@id":"https:\/\/www.filastrocche.it\/feste\/la-leggenda-della-befana\/#breadcrumb","itemListElement":[{"@type":"ListItem","position":1,"name":"Home","item":"https:\/\/www.filastrocche.it\/feste\/"},{"@type":"ListItem","position":2,"name":"Leggenda della Befana"}]},{"@type":"WebSite","@id":"https:\/\/www.filastrocche.it\/feste\/#website","url":"https:\/\/www.filastrocche.it\/feste\/","name":"Filastrocche.it","description":"Festeggiamo in famiglia","potentialAction":[{"@type":"SearchAction","target":{"@type":"EntryPoint","urlTemplate":"https:\/\/www.filastrocche.it\/feste\/?s={search_term_string}"},"query-input":{"@type":"PropertyValueSpecification","valueRequired":true,"valueName":"search_term_string"}}],"inLanguage":"it-IT"},{"@type":"Person","@id":"https:\/\/www.filastrocche.it\/feste\/#\/schema\/person\/13a7995b740342851d3a3c001f9dd658","name":"Jolanda","image":{"@type":"ImageObject","inLanguage":"it-IT","@id":"https:\/\/www.filastrocche.it\/feste\/#\/schema\/person\/image\/","url":"https:\/\/secure.gravatar.com\/avatar\/1b1f38df48384d8f75481e92c0cbf9e3494d37f3cf35cd02b0f5cba7d63f7349?s=96&d=mm&r=g","contentUrl":"https:\/\/secure.gravatar.com\/avatar\/1b1f38df48384d8f75481e92c0cbf9e3494d37f3cf35cd02b0f5cba7d63f7349?s=96&d=mm&r=g","caption":"Jolanda"},"sameAs":["http:\/\/www.facebook.com\/jolanda.restano","https:\/\/x.com\/jolandarestano"],"url":"https:\/\/www.filastrocche.it\/feste\/author\/jolanda\/"}]}},"_links":{"self":[{"href":"https:\/\/www.filastrocche.it\/feste\/wp-json\/wp\/v2\/posts\/1525","targetHints":{"allow":["GET"]}}],"collection":[{"href":"https:\/\/www.filastrocche.it\/feste\/wp-json\/wp\/v2\/posts"}],"about":[{"href":"https:\/\/www.filastrocche.it\/feste\/wp-json\/wp\/v2\/types\/post"}],"author":[{"embeddable":true,"href":"https:\/\/www.filastrocche.it\/feste\/wp-json\/wp\/v2\/users\/5"}],"replies":[{"embeddable":true,"href":"https:\/\/www.filastrocche.it\/feste\/wp-json\/wp\/v2\/comments?post=1525"}],"version-history":[{"count":4,"href":"https:\/\/www.filastrocche.it\/feste\/wp-json\/wp\/v2\/posts\/1525\/revisions"}],"predecessor-version":[{"id":36496,"href":"https:\/\/www.filastrocche.it\/feste\/wp-json\/wp\/v2\/posts\/1525\/revisions\/36496"}],"wp:featuredmedia":[{"embeddable":true,"href":"https:\/\/www.filastrocche.it\/feste\/wp-json\/wp\/v2\/media\/1529"}],"wp:attachment":[{"href":"https:\/\/www.filastrocche.it\/feste\/wp-json\/wp\/v2\/media?parent=1525"}],"wp:term":[{"taxonomy":"category","embeddable":true,"href":"https:\/\/www.filastrocche.it\/feste\/wp-json\/wp\/v2\/categories?post=1525"},{"taxonomy":"post_tag","embeddable":true,"href":"https:\/\/www.filastrocche.it\/feste\/wp-json\/wp\/v2\/tags?post=1525"},{"taxonomy":"sponsors","embeddable":true,"href":"https:\/\/www.filastrocche.it\/feste\/wp-json\/wp\/v2\/sponsors?post=1525"}],"curies":[{"name":"wp","href":"https:\/\/api.w.org\/{rel}","templated":true}]}}