{"id":15617,"date":"2015-11-09T15:11:19","date_gmt":"2015-11-09T14:11:19","guid":{"rendered":"https:\/\/www.filastrocche.it\/feste\/?p=15617"},"modified":"2020-10-08T16:13:09","modified_gmt":"2020-10-08T14:13:09","slug":"corona-di-santa-lucia","status":"publish","type":"post","link":"https:\/\/www.filastrocche.it\/feste\/corona-di-santa-lucia\/","title":{"rendered":"Corona di Santa Lucia"},"content":{"rendered":"<p><a href=\"https:\/\/www.filastrocche.it\/feste\/wp-content\/uploads\/2015\/11\/corona-di-santa-lucia-fai-da-te.jpg\"><img loading=\"lazy\" decoding=\"async\" width=\"500\" height=\"750\" class=\"aligncenter wp-image-41583 size-full\" title=\"Corona di Santa Lucia\" src=\"https:\/\/www.filastrocche.it\/feste\/wp-content\/uploads\/2015\/11\/corona-di-santa-lucia-fai-da-te.jpg\" alt=\"Corona di Santa Lucia\" srcset=\"https:\/\/www.filastrocche.it\/feste\/wp-content\/uploads\/2015\/11\/corona-di-santa-lucia-fai-da-te.jpg 500w, https:\/\/www.filastrocche.it\/feste\/wp-content\/uploads\/2015\/11\/corona-di-santa-lucia-fai-da-te-200x300.jpg 200w\" sizes=\"auto, (max-width: 500px) 100vw, 500px\" \/><\/a><\/p>\n<h2>Ecco come realizzare la <strong>Corona di Santa Lucia<\/strong> con i tuoi bambini<\/h2>\n<p>Per festeggiare l&#8217;arrivo di <a href=\"https:\/\/www.filastrocche.it\/feste\/storia-santa-lucia\/\"><strong>Santa Lucia<\/strong><\/a>, una delle sante pi\u00f9 amate dai bambini, ti proponiamo la nostra <strong>Corona di Santa Lucia.<\/strong><\/p>\n<p>Realizzarla \u00e8 facilissimo: ti baster\u00e0 <strong>stampare il file pdf<\/strong> con la corona che preferisci e poi montarla insieme ai tuoi bambini.<br \/>\nTi proponiamo la <strong>Corona di Santa Lucia<\/strong> in <strong>due diverse versioni<\/strong>: una <strong>colorata<\/strong>, pronta per essere montata e l&#8217;altra <strong>in bianco e nero<\/strong>, da colorare prima del montaggio.<\/p>\n<p><a href=\"https:\/\/www.filastrocche.it\/feste\/wp-content\/uploads\/2015\/11\/corona-santa-lucia-1-ok.jpg\"><img loading=\"lazy\" decoding=\"async\" width=\"500\" height=\"388\" class=\"aligncenter wp-image-15627 size-full\" title=\"Corona di Santa Lucia\" src=\"https:\/\/www.filastrocche.it\/feste\/wp-content\/uploads\/2015\/11\/corona-santa-lucia-1-ok.jpg\" alt=\"Corona di Santa Lucia\" srcset=\"https:\/\/www.filastrocche.it\/feste\/wp-content\/uploads\/2015\/11\/corona-santa-lucia-1-ok.jpg 500w, https:\/\/www.filastrocche.it\/feste\/wp-content\/uploads\/2015\/11\/corona-santa-lucia-1-ok-300x233.jpg 300w\" sizes=\"auto, (max-width: 500px) 100vw, 500px\" \/><\/a><\/p>\n<h3>Cosa occorre:<\/h3>\n<ul>\n<li>Forbici<\/li>\n<li>Pennarelli o matite colorate<\/li>\n<li>Pinzatrice a punti metallici<\/li>\n<li>Colla<\/li>\n<\/ul>\n<h3>Come si realizza:<\/h3>\n<p>Per prima cosa, ritaglia tutte le immagini lungo il contorno: le candeline, le foglie di agrifoglio e le piccole bacche rosse.<\/p>\n<p><a href=\"https:\/\/www.filastrocche.it\/feste\/wp-content\/uploads\/2015\/11\/corona-santa-lucia-2-ok.jpg\"><img loading=\"lazy\" decoding=\"async\" width=\"500\" height=\"491\" class=\"aligncenter wp-image-15629 size-full\" title=\"Corona di Santa Lucia\" src=\"https:\/\/www.filastrocche.it\/feste\/wp-content\/uploads\/2015\/11\/corona-santa-lucia-2-ok.jpg\" alt=\"Corona di Santa Lucia\" srcset=\"https:\/\/www.filastrocche.it\/feste\/wp-content\/uploads\/2015\/11\/corona-santa-lucia-2-ok.jpg 500w, https:\/\/www.filastrocche.it\/feste\/wp-content\/uploads\/2015\/11\/corona-santa-lucia-2-ok-300x295.jpg 300w\" sizes=\"auto, (max-width: 500px) 100vw, 500px\" \/><\/a><\/p>\n<p>Poi se hai scelto la <strong>Corona di Santa Lucia<\/strong> nella sua versione <strong>in bianco e nero<\/strong>, colorala con i pennarelli o le matite colorate insieme ai tuoi bambini.<\/p>\n<p>Quindi, con l&#8217;aiuto di una <strong>pinzatrice a punti metallici<\/strong>, <strong>unisci tra loro le diverse foglie di agrifoglio<\/strong>, anche in modo non del tutto regolare, formando la base della corona.<br \/>\nMi raccomando di prendere bene le <strong>misure della testa<\/strong> di chi dovr\u00e0 indossare la corona, per farla delle giusta misura.<\/p>\n<p><a href=\"https:\/\/www.filastrocche.it\/feste\/wp-content\/uploads\/2015\/11\/corona-santa-lucia-4-ok.jpg\"><img loading=\"lazy\" decoding=\"async\" width=\"500\" height=\"417\" class=\"aligncenter wp-image-15631 size-full\" title=\"Corona di Santa Lucia\" src=\"https:\/\/www.filastrocche.it\/feste\/wp-content\/uploads\/2015\/11\/corona-santa-lucia-4-ok.jpg\" alt=\"Corona di Santa Lucia\" srcset=\"https:\/\/www.filastrocche.it\/feste\/wp-content\/uploads\/2015\/11\/corona-santa-lucia-4-ok.jpg 500w, https:\/\/www.filastrocche.it\/feste\/wp-content\/uploads\/2015\/11\/corona-santa-lucia-4-ok-300x250.jpg 300w\" sizes=\"auto, (max-width: 500px) 100vw, 500px\" \/><\/a><\/p>\n<p>Quindi, sempre con la pinzatrice, <strong>attacca le sei candeline<\/strong>, carcando di metterle alla stessa distanza le une dalle altre.<\/p>\n<p><a href=\"https:\/\/www.filastrocche.it\/feste\/wp-content\/uploads\/2015\/11\/corona-santa-lucia-5-ok.jpg\"><img loading=\"lazy\" decoding=\"async\" width=\"500\" height=\"320\" class=\"aligncenter size-full wp-image-15635\" src=\"https:\/\/www.filastrocche.it\/feste\/wp-content\/uploads\/2015\/11\/corona-santa-lucia-5-ok.jpg\" alt=\"corona-santa-lucia-5-ok\" srcset=\"https:\/\/www.filastrocche.it\/feste\/wp-content\/uploads\/2015\/11\/corona-santa-lucia-5-ok.jpg 500w, https:\/\/www.filastrocche.it\/feste\/wp-content\/uploads\/2015\/11\/corona-santa-lucia-5-ok-300x192.jpg 300w\" sizes=\"auto, (max-width: 500px) 100vw, 500px\" \/><\/a><\/p>\n<p>Infine, con un po&#8217; di colla, <strong>attacca le bacche rosse sopra ai punti metallici<\/strong>, in modo che non si vedano pi\u00f9 e la corona sia cos\u00ec ancora pi\u00f9 bella!<\/p>\n<p><a href=\"https:\/\/www.filastrocche.it\/feste\/wp-content\/uploads\/2015\/11\/corona-santa-lucia-6-ok.jpg\"><img loading=\"lazy\" decoding=\"async\" width=\"500\" height=\"387\" class=\"aligncenter wp-image-15637 size-full\" title=\"Corona di Santa Lucia\" src=\"https:\/\/www.filastrocche.it\/feste\/wp-content\/uploads\/2015\/11\/corona-santa-lucia-6-ok.jpg\" alt=\"Corona di Santa Lucia\" srcset=\"https:\/\/www.filastrocche.it\/feste\/wp-content\/uploads\/2015\/11\/corona-santa-lucia-6-ok.jpg 500w, https:\/\/www.filastrocche.it\/feste\/wp-content\/uploads\/2015\/11\/corona-santa-lucia-6-ok-300x232.jpg 300w\" sizes=\"auto, (max-width: 500px) 100vw, 500px\" \/><\/a><\/p>\n<p><em>Per le foto che illustrano questa pagina, si ringrazia Cecilia \ud83d\ude42<\/em><\/p>\n<h3>Ecco le due versioni della <strong>Corona di Santa Lucia<\/strong> disponibili:<\/h3>\n<p><a href=\"https:\/\/www.filastrocche.it\/creiamo\/2015\/11\/09\/corona-di-santa-lucia\/\"><img loading=\"lazy\" decoding=\"async\" width=\"150\" height=\"178\" class=\"alignnone wp-image-15641 size-full\" src=\"https:\/\/www.filastrocche.it\/feste\/wp-content\/uploads\/2015\/11\/corona_santa_lucia-150.jpg\" alt=\"corona_santa_lucia-150\"   \/><\/a><br \/>\n<strong><a href=\"https:\/\/www.filastrocche.it\/creiamo\/2015\/11\/09\/corona-di-santa-lucia\/\">Corona di Santa Lucia colorata<\/a><\/strong><\/p>\n<p><a href=\"https:\/\/www.filastrocche.it\/creiamo\/2015\/11\/09\/corona-di-santa-lucia-in-bianco-e-nero\/\"><img loading=\"lazy\" decoding=\"async\" width=\"150\" height=\"178\" class=\"alignnone size-full wp-image-15643\" src=\"https:\/\/www.filastrocche.it\/feste\/wp-content\/uploads\/2015\/11\/corona_santa_lucia_bn-150.jpg\" alt=\"corona_santa_lucia_bn-150\"   \/><\/a><br \/>\n<strong><a href=\"https:\/\/www.filastrocche.it\/creiamo\/2015\/11\/09\/corona-di-santa-lucia-in-bianco-e-nero\/\">Corona di Santa Lucia in bianco e nero<\/a><\/strong><\/p>\n<p>La <strong>Corona di Santa Lucia<\/strong> pu\u00f2 essere indossata la <a href=\"https:\/\/www.filastrocche.it\/feste\/santa-lucia-storia-e-tradizioni-in-scandinavia\/\"><strong>mattina del 13 dicembre<\/strong><\/a>, per festeggiare tutti insieme in famiglia.<\/p>\n<p>&nbsp;<\/p>\n<p>&nbsp;<\/p>\n<p><a href=\"https:\/\/www.filastrocche.it\/feste\/lavoretti-per-santa-lucia\/\"><img loading=\"lazy\" decoding=\"async\" width=\"150\" height=\"106\" class=\"alignnone wp-image-27671 size-full\" title=\"Lavoretti per Santa Lucia\" src=\"https:\/\/www.filastrocche.it\/feste\/wp-content\/uploads\/2017\/10\/lavoretti-per-santa-lucia-150.jpg\" alt=\"Lavoretti per Santa Lucia\"   \/><\/a><br \/>\nPer scoprire tanti <a href=\"https:\/\/www.filastrocche.it\/feste\/lavoretti-per-santa-lucia\/\"><strong>Lavoretti per Santa Lucia<\/strong><\/a>, <a href=\"https:\/\/www.filastrocche.it\/feste\/lavoretti-per-santa-lucia\/\"><strong>clicca qui<\/strong><\/a>!<\/p>\n<p><a href=\"https:\/\/www.filastrocche.it\/feste\/letterina-per-santa-lucia\/\"><img loading=\"lazy\" decoding=\"async\" width=\"100\" height=\"142\" class=\"alignnone wp-image-15279 size-full\" title=\"Letterina per Santa Lucia\" src=\"https:\/\/www.filastrocche.it\/feste\/wp-content\/uploads\/2012\/08\/lettera_righe_angelo-100.png\" alt=\"Letterina per Santa Lucia\"   \/><\/a><br \/>\nPer stampare la <a href=\"https:\/\/www.filastrocche.it\/feste\/letterina-per-santa-lucia\/\"><strong>Letterina per Santa Lucia<\/strong><\/a>, <a href=\"https:\/\/www.filastrocche.it\/feste\/letterina-per-santa-lucia\/\"><strong>clicca qui<\/strong><\/a>!<\/p>\n<p><a href=\"https:\/\/www.filastrocche.it\/feste\/biglietti-di-auguri-per-santa-lucia\/\"><img loading=\"lazy\" decoding=\"async\" width=\"100\" height=\"124\" class=\"alignnone wp-image-15339 size-full\" title=\"Biglietti di Auguri di Santa Lucia\" src=\"https:\/\/www.filastrocche.it\/feste\/wp-content\/uploads\/2012\/08\/biglietti-auguri-santa-lucia-100.jpg\" alt=\"Biglietti di Auguri di Santa Lucia\"   \/><\/a><br \/>\nPer i <a href=\"https:\/\/www.filastrocche.it\/feste\/biglietti-di-auguri-per-santa-lucia\/\"><strong>Biglietti di Auguri di Santa Lucia<\/strong><\/a>, <a href=\"https:\/\/www.filastrocche.it\/feste\/biglietti-di-auguri-per-santa-lucia\/\"><strong>clicca qui<\/strong><\/a>!<\/p>\n<p><a href=\"https:\/\/www.filastrocche.it\/feste\/poesie-in-cornice-per-santa-lucia\/\"><img loading=\"lazy\" decoding=\"async\" width=\"100\" height=\"138\" class=\"alignnone wp-image-15261 size-full\" title=\"Poesie in Cornice per Santa Lucia\" src=\"https:\/\/www.filastrocche.it\/feste\/wp-content\/uploads\/2012\/08\/santa-lucia-poesia-cornice-santa-lucia-bosari-100.jpg\" alt=\"Poesie in Cornice per Santa Lucia\"   \/><\/a><br \/>\nPer stampare la <a href=\"https:\/\/www.filastrocche.it\/feste\/poesie-in-cornice-per-santa-lucia\/\"><strong>Poesia in Cornice per Santa Lucia<\/strong><\/a>, <strong><a href=\"https:\/\/www.filastrocche.it\/feste\/poesie-in-cornice-per-santa-lucia\/\">clicca qui<\/a><\/strong>!<\/p>\n<p><a href=\"https:\/\/www.filastrocche.it\/feste\/attestati-di-buon-comportamento-firmati-da-santa-lucia\/\"><img loading=\"lazy\" decoding=\"async\" width=\"100\" height=\"142\" class=\"alignnone wp-image-15263 size-full\" title=\"Attestati di Buon Comportamento\" src=\"https:\/\/www.filastrocche.it\/feste\/wp-content\/uploads\/2012\/08\/attestato-buon-comportamento-slucia-bimba-100.jpg\" alt=\"Attestati di Buon Comportamento\"   \/><\/a><br \/>\nPer stampare un <strong><a href=\"https:\/\/www.filastrocche.it\/feste\/attestati-di-buon-comportamento-firmati-da-santa-lucia\/\">attestato di Buon Comportamento da Santa Lucia<\/a><\/strong>, <a href=\"https:\/\/www.filastrocche.it\/feste\/attestati-di-buon-comportamento-firmati-da-santa-lucia\/\"><strong>clicca qui<\/strong><\/a>!<\/p>\n<p><a href=\"https:\/\/www.filastrocche.it\/feste\/filastrocche-di-santa-lucia\/\"><img loading=\"lazy\" decoding=\"async\" width=\"100\" height=\"132\" class=\"alignnone wp-image-27703 size-full\" title=\"Filastrocche di Santa Lucia\" src=\"https:\/\/www.filastrocche.it\/feste\/wp-content\/uploads\/2017\/10\/santalucia5-100.jpg\" alt=\"Filastrocche di Santa Lucia\"   \/><\/a><br \/>\nPer leggere le <a href=\"https:\/\/www.filastrocche.it\/feste\/filastrocche-di-santa-lucia\/\"><strong>Filastrocche di Santa Lucia<\/strong><\/a>, <a href=\"https:\/\/www.filastrocche.it\/feste\/filastrocche-di-santa-lucia\/\"><strong>clicca qui<\/strong><\/a>!<\/p>\n<p><a href=\"https:\/\/www.filastrocche.it\/feste\/poesie-per-santa-lucia\/\"><img loading=\"lazy\" decoding=\"async\" width=\"120\" height=\"94\" class=\"alignnone wp-image-27705 size-full\" title=\"Poesie per Santa Lucia\" src=\"https:\/\/www.filastrocche.it\/feste\/wp-content\/uploads\/2017\/10\/santa-lucia-jop-120.jpg\" alt=\"Poesie per Santa Lucia\"   \/><\/a><br \/>\nPer leggere le <a href=\"https:\/\/www.filastrocche.it\/feste\/poesie-per-santa-lucia\/\"><strong>Poesie per Santa Lucia<\/strong><\/a>, <a href=\"https:\/\/www.filastrocche.it\/feste\/poesie-per-santa-lucia\/\"><strong>clicca qui<\/strong><\/a>!<\/p>\n<p><a href=\"https:\/\/www.filastrocche.it\/feste\/canzoni-per-santa-lucia\/\"><img loading=\"lazy\" decoding=\"async\" width=\"100\" height=\"150\" class=\"alignnone wp-image-15317 size-full\" title=\"Canzoni per Santa Lucia\" src=\"https:\/\/www.filastrocche.it\/feste\/wp-content\/uploads\/2012\/08\/santa-lucia-100.jpg\" alt=\"Canzoni per Santa Lucia\"   \/><\/a><br \/>\nPer cantare le <a href=\"https:\/\/www.filastrocche.it\/feste\/canzoni-per-santa-lucia\/\"><strong>Canzoni per Santa Lucia<\/strong><\/a>, <a href=\"https:\/\/www.filastrocche.it\/feste\/canzoni-per-santa-lucia\/\"><strong>clicca qui<\/strong><\/a>!<\/p>\n<p><a href=\"https:\/\/www.filastrocche.it\/feste\/rime-e-filastrocche-tradizionali-per-santa-lucia\/\"><img loading=\"lazy\" decoding=\"async\" width=\"100\" height=\"112\" class=\"alignnone wp-image-15343 size-full\" title=\"filastrocche di Santa Lucia\" src=\"https:\/\/www.filastrocche.it\/feste\/wp-content\/uploads\/2012\/08\/santa_lucia_filastrocche_tradizionali_angelo-100.jpg\" alt=\"filastrocche di Santa Lucia\"   \/><\/a><br \/>\nPer leggere altre <strong><a href=\"https:\/\/www.filastrocche.it\/feste\/rime-e-filastrocche-tradizionali-per-santa-lucia\/\">filastrocche di Santa Lucia<\/a><\/strong> tradizionali o d&#8217;autore, <a href=\"https:\/\/www.filastrocche.it\/feste\/rime-e-filastrocche-tradizionali-per-santa-lucia\/\"><strong>clicca qui<\/strong><\/a>!<\/p>\n<p><a href=\"https:\/\/www.filastrocche.it\/feste\/rime-e-filastrocche-composte-dagli-utenti-per-santa-lucia\/\"><img loading=\"lazy\" decoding=\"async\" width=\"100\" height=\"105\" class=\"alignnone wp-image-15367 size-full\" title=\"Filastrocche per Santa Lucia\" src=\"https:\/\/www.filastrocche.it\/feste\/wp-content\/uploads\/2012\/08\/santa_lucia_filastrocche_utenti_candela-100.jpg\" alt=\"Filastrocche per Santa Lucia\"   \/><\/a><br \/>\nPer leggere altre <a href=\"https:\/\/www.filastrocche.it\/feste\/rime-e-filastrocche-composte-dagli-utenti-per-santa-lucia\/\"><strong>filastrocche per Santa Lucia<\/strong><\/a> scritte dagli amici del nostro sito, <a href=\"https:\/\/www.filastrocche.it\/feste\/rime-e-filastrocche-composte-dagli-utenti-per-santa-lucia\/\"><strong>clicca qui<\/strong><\/a>!<\/p>\n<p>&nbsp;<\/p>\n<p>&nbsp;<\/p>\n<p><a href=\"https:\/\/www.filastrocche.it\/feste\/santa-lucia-storia-e-tradizioni-in-italia\/\"><img loading=\"lazy\" decoding=\"async\" width=\"100\" height=\"108\" class=\"alignnone wp-image-15221 size-full\" title=\"Storia di Santa Lucia\" src=\"https:\/\/www.filastrocche.it\/feste\/wp-content\/uploads\/2012\/11\/santa_lucia_origini_italia-100.jpg\" alt=\"Storia di Santa Lucia\"   \/><\/a><br \/>\nPer scoprire <a href=\"https:\/\/www.filastrocche.it\/feste\/santa-lucia-storia-e-tradizioni-in-italia\/\"><strong>chi \u00e8 Santa Lucia<\/strong><\/a>, <a href=\"https:\/\/www.filastrocche.it\/feste\/santa-lucia-storia-e-tradizioni-in-italia\/\"><strong>clicca qui<\/strong><\/a>!<\/p>\n<p><a href=\"https:\/\/www.filastrocche.it\/feste\/santa-lucia-storia-e-tradizioni-in-scandinavia\/\"><img loading=\"lazy\" decoding=\"async\" width=\"100\" height=\"152\" class=\"alignnone wp-image-15199 size-full\" title=\"Tradizioni Scandinave\" src=\"https:\/\/www.filastrocche.it\/feste\/wp-content\/uploads\/2012\/08\/santa_lucia_origini_scandinavia-100.jpg\" alt=\"Tradizioni Scandinave\"   \/><\/a><br \/>\nPer scoprire le <a href=\"https:\/\/www.filastrocche.it\/feste\/santa-lucia-storia-e-tradizioni-in-scandinavia\/\"><strong>tradizioni scandinave<\/strong> <\/a>intorno alla Santa, <a href=\"https:\/\/www.filastrocche.it\/feste\/santa-lucia-storia-e-tradizioni-in-scandinavia\/\"><strong>clicca qui<\/strong><\/a>!<\/p>\n<p><a href=\"https:\/\/www.filastrocche.it\/feste\/storia-santa-lucia\/\"><img loading=\"lazy\" decoding=\"async\" width=\"100\" height=\"105\" class=\"alignnone wp-image-15201 size-full\" title=\"Storia della Santa\" src=\"https:\/\/www.filastrocche.it\/feste\/wp-content\/uploads\/2012\/08\/santa-lucia-davanti-al-giudice-100.jpg\" alt=\"Storia della Santa\"   \/><\/a><br \/>\nPer scoprire tutta la <a href=\"https:\/\/www.filastrocche.it\/feste\/storia-santa-lucia\/\"><strong>storia di Santa Lucia, clicca qui<\/strong><\/a>!<\/p>\n<p>&nbsp;<\/p>\n<p><a href=\"https:\/\/www.filastrocche.it\/feste\/c\/santa-lucia\/\"><img loading=\"lazy\" decoding=\"async\" width=\"213\" height=\"45\" class=\"alignnone wp-image-10871 size-full\" title=\"Santa Lucia\" src=\"https:\/\/www.filastrocche.it\/feste\/wp-content\/uploads\/2013\/11\/scritta_speciale_santa_lucia.gif\" alt=\"Santa Lucia\"   \/><\/a><br \/>\n<a href=\"https:\/\/www.filastrocche.it\/feste\/c\/santa-lucia\/\"><strong>Visita lo Speciale Santa Lucia!<\/strong><\/a><\/p>\n<p>&nbsp;<\/p>\n<p>&nbsp;<\/p>\n<h3>Altre idee per <strong><a href=\"https:\/\/www.filastrocche.it\/feste\/c\/santa-lucia\/\">Santa Lucia<\/a><\/strong> dal web:<\/h3>\n<p><a href=\"http:\/\/rosylittlethings.typepad.com\/posie_gets_cozy\/2006\/12\/santa_lucia_dol.html\" target=\"_blank\" rel=\"noopener noreferrer\"><img loading=\"lazy\" decoding=\"async\" width=\"150\" height=\"150\" class=\"alignnone wp-image-15855 size-full\" title=\"Bamboline di Santa Lucia\" src=\"https:\/\/www.filastrocche.it\/feste\/wp-content\/uploads\/2015\/11\/finishedlucias9.jpg\" alt=\"Bamboline di Santa Lucia\"   \/><\/a><br \/>\n<a href=\"http:\/\/rosylittlethings.typepad.com\/posie_gets_cozy\/2006\/12\/santa_lucia_dol.html\" target=\"_blank\" rel=\"noopener noreferrer\">Bamboline di Santa Lucia<\/a> (Lavoretto)<\/p>\n<p><a href=\"http:\/\/www.kingarthurflour.com\/recipes\/st-lucia-buns-recipe\" target=\"_blank\" rel=\"noopener noreferrer\"><img loading=\"lazy\" decoding=\"async\" width=\"150\" height=\"150\" class=\"alignnone wp-image-15857 size-full\" title=\"Dolcetti per Santa Lucia\" src=\"https:\/\/www.filastrocche.it\/feste\/wp-content\/uploads\/2015\/11\/santa-lucia-buns.jpg\" alt=\"Dolcetti per Santa Lucia\"   \/><\/a><br \/>\n<a href=\"http:\/\/www.kingarthurflour.com\/recipes\/st-lucia-buns-recipe\" target=\"_blank\" rel=\"noopener noreferrer\">Dolcetti per Santa Lucia<\/a> (Ricetta)<\/p>\n<p><a href=\"http:\/\/nourishingjoy.com\/santa-lucia-crown-wreath\/\" target=\"_blank\" rel=\"noopener noreferrer\"><img loading=\"lazy\" decoding=\"async\" width=\"100\" height=\"133\" class=\"alignnone wp-image-15859 size-full\" title=\"Corona con candele vere\" src=\"https:\/\/www.filastrocche.it\/feste\/wp-content\/uploads\/2015\/11\/santa-lucia-crown-vertical.jpg\" alt=\"Corona con candele vere\"   \/><\/a><br \/>\n<a href=\"http:\/\/nourishingjoy.com\/santa-lucia-crown-wreath\/\" target=\"_blank\" rel=\"noopener noreferrer\">Corona con candele vere<\/a> (Lavoretto)<\/p>\n<p><a href=\"http:\/\/www.bettycrocker.com\/recipes\/saint-lucia-crown\/ef96d741-33bc-4c23-9946-e6a1033a0885\" target=\"_blank\" rel=\"noopener noreferrer\"><img loading=\"lazy\" decoding=\"async\" width=\"150\" height=\"84\" class=\"alignnone wp-image-15861 size-full\" title=\"Corona di Santa Lucia\" src=\"https:\/\/www.filastrocche.it\/feste\/wp-content\/uploads\/2015\/11\/corona-santa-lucia-pane.jpg\" alt=\"Corona di Santa Lucia\"   \/><\/a><br \/>\n<a href=\"http:\/\/www.bettycrocker.com\/recipes\/saint-lucia-crown\/ef96d741-33bc-4c23-9946-e6a1033a0885\" target=\"_blank\" rel=\"noopener noreferrer\">Corona di Santa Lucia<\/a> (Ricetta)<\/p>\n<p><a href=\"http:\/\/tpettit.best.vwh.net\/dolls\/pd_scans\/xmas_morning\/200dpi\/kirsten.jpg\" target=\"_blank\" rel=\"noopener noreferrer\"><img loading=\"lazy\" decoding=\"async\" width=\"150\" height=\"112\" class=\"alignnone wp-image-15863 size-full\" title=\"Bambolina di carta di Santa Lucia \" src=\"https:\/\/www.filastrocche.it\/feste\/wp-content\/uploads\/2015\/11\/santa-lucia-bambolina-di-carta.jpg\" alt=\"Bambolina di carta di Santa Lucia \"   \/><\/a><br \/>\n<a href=\"http:\/\/tpettit.best.vwh.net\/dolls\/pd_scans\/xmas_morning\/200dpi\/kirsten.jpg\" target=\"_blank\" rel=\"noopener noreferrer\">Bambolina di carta di Santa Lucia<\/a> da stampare<\/p>\n","protected":false},"excerpt":{"rendered":"<p>Ecco come realizzare la Corona di Santa Lucia con i tuoi bambini Per festeggiare l&#8217;arrivo di Santa Lucia, una delle sante pi\u00f9 amate dai bambini, ti proponiamo la nostra Corona di Santa Lucia. Realizzarla \u00e8 facilissimo: ti baster\u00e0 stampare il file pdf con la corona che preferisci e poi montarla insieme ai tuoi bambini. Ti [&hellip;]<\/p>\n","protected":false},"author":5,"featured_media":41583,"comment_status":"open","ping_status":"open","sticky":false,"template":"","format":"standard","meta":{"footnotes":""},"categories":[361,357],"tags":[257,253,71,259,463,1463],"sponsors":[],"class_list":["post-15617","post","type-post","status-publish","format-standard","has-post-thumbnail","hentry","category-creiamo-con-carta-e-forbici-santa-lucia","category-santa-lucia","tag-carta","tag-creazioni","tag-decorazioni","tag-forbici","tag-lavoretti","tag-santa-lucia"],"yoast_head":"<!-- This site is optimized with the Yoast SEO plugin v26.2 - https:\/\/yoast.com\/wordpress\/plugins\/seo\/ -->\n<title>Corona di Santa Lucia fai da te con i bambini - Filastrocche.it<\/title>\n<meta name=\"description\" content=\"Corona di Santa Lucia fai da te da stampare e realizzare con i bimbi: stampa e colora la Corona per festeggiare l&#039;arrivo della Santa pi\u00f9 amata dai bambini\" \/>\n<meta name=\"robots\" content=\"index, follow, max-snippet:-1, max-image-preview:large, max-video-preview:-1\" \/>\n<link rel=\"canonical\" href=\"https:\/\/www.filastrocche.it\/feste\/corona-di-santa-lucia\/\" \/>\n<meta property=\"og:locale\" content=\"it_IT\" \/>\n<meta property=\"og:type\" content=\"article\" \/>\n<meta property=\"og:title\" content=\"Corona di Santa Lucia fai da te con i bambini - Filastrocche.it\" \/>\n<meta property=\"og:description\" content=\"Corona di Santa Lucia fai da te da stampare e realizzare con i bimbi: stampa e colora la Corona per festeggiare l&#039;arrivo della Santa pi\u00f9 amata dai bambini\" \/>\n<meta property=\"og:url\" content=\"https:\/\/www.filastrocche.it\/feste\/corona-di-santa-lucia\/\" \/>\n<meta property=\"og:site_name\" content=\"Filastrocche.it\" \/>\n<meta property=\"article:author\" content=\"http:\/\/www.facebook.com\/jolanda.restano\" \/>\n<meta property=\"article:published_time\" content=\"2015-11-09T14:11:19+00:00\" \/>\n<meta property=\"article:modified_time\" content=\"2020-10-08T14:13:09+00:00\" \/>\n<meta property=\"og:image\" content=\"https:\/\/www.filastrocche.it\/feste\/wp-content\/uploads\/2015\/11\/corona-di-santa-lucia-fai-da-te.jpg\" \/>\n\t<meta property=\"og:image:width\" content=\"500\" \/>\n\t<meta property=\"og:image:height\" content=\"750\" \/>\n\t<meta property=\"og:image:type\" content=\"image\/jpeg\" \/>\n<meta name=\"author\" content=\"Jolanda\" \/>\n<meta name=\"twitter:label1\" content=\"Scritto da\" \/>\n\t<meta name=\"twitter:data1\" content=\"Jolanda\" \/>\n\t<meta name=\"twitter:label2\" content=\"Tempo di lettura stimato\" \/>\n\t<meta name=\"twitter:data2\" content=\"2 minuti\" \/>\n<!-- \/ Yoast SEO plugin. -->","yoast_head_json":{"title":"Corona di Santa Lucia fai da te con i bambini - Filastrocche.it","description":"Corona di Santa Lucia fai da te da stampare e realizzare con i bimbi: stampa e colora la Corona per festeggiare l'arrivo della Santa pi\u00f9 amata dai bambini","robots":{"index":"index","follow":"follow","max-snippet":"max-snippet:-1","max-image-preview":"max-image-preview:large","max-video-preview":"max-video-preview:-1"},"canonical":"https:\/\/www.filastrocche.it\/feste\/corona-di-santa-lucia\/","og_locale":"it_IT","og_type":"article","og_title":"Corona di Santa Lucia fai da te con i bambini - Filastrocche.it","og_description":"Corona di Santa Lucia fai da te da stampare e realizzare con i bimbi: stampa e colora la Corona per festeggiare l'arrivo della Santa pi\u00f9 amata dai bambini","og_url":"https:\/\/www.filastrocche.it\/feste\/corona-di-santa-lucia\/","og_site_name":"Filastrocche.it","article_author":"http:\/\/www.facebook.com\/jolanda.restano","article_published_time":"2015-11-09T14:11:19+00:00","article_modified_time":"2020-10-08T14:13:09+00:00","og_image":[{"width":500,"height":750,"url":"https:\/\/www.filastrocche.it\/feste\/wp-content\/uploads\/2015\/11\/corona-di-santa-lucia-fai-da-te.jpg","type":"image\/jpeg"}],"author":"Jolanda","twitter_misc":{"Scritto da":"Jolanda","Tempo di lettura stimato":"2 minuti"},"schema":{"@context":"https:\/\/schema.org","@graph":[{"@type":"WebPage","@id":"https:\/\/www.filastrocche.it\/feste\/corona-di-santa-lucia\/","url":"https:\/\/www.filastrocche.it\/feste\/corona-di-santa-lucia\/","name":"Corona di Santa Lucia fai da te con i bambini - Filastrocche.it","isPartOf":{"@id":"https:\/\/www.filastrocche.it\/feste\/#website"},"primaryImageOfPage":{"@id":"https:\/\/www.filastrocche.it\/feste\/corona-di-santa-lucia\/#primaryimage"},"image":{"@id":"https:\/\/www.filastrocche.it\/feste\/corona-di-santa-lucia\/#primaryimage"},"thumbnailUrl":"https:\/\/www.filastrocche.it\/feste\/wp-content\/uploads\/2015\/11\/corona-di-santa-lucia-fai-da-te.jpg","datePublished":"2015-11-09T14:11:19+00:00","dateModified":"2020-10-08T14:13:09+00:00","author":{"@id":"https:\/\/www.filastrocche.it\/feste\/#\/schema\/person\/13a7995b740342851d3a3c001f9dd658"},"description":"Corona di Santa Lucia fai da te da stampare e realizzare con i bimbi: stampa e colora la Corona per festeggiare l'arrivo della Santa pi\u00f9 amata dai bambini","breadcrumb":{"@id":"https:\/\/www.filastrocche.it\/feste\/corona-di-santa-lucia\/#breadcrumb"},"inLanguage":"it-IT","potentialAction":[{"@type":"ReadAction","target":["https:\/\/www.filastrocche.it\/feste\/corona-di-santa-lucia\/"]}]},{"@type":"ImageObject","inLanguage":"it-IT","@id":"https:\/\/www.filastrocche.it\/feste\/corona-di-santa-lucia\/#primaryimage","url":"https:\/\/www.filastrocche.it\/feste\/wp-content\/uploads\/2015\/11\/corona-di-santa-lucia-fai-da-te.jpg","contentUrl":"https:\/\/www.filastrocche.it\/feste\/wp-content\/uploads\/2015\/11\/corona-di-santa-lucia-fai-da-te.jpg","width":500,"height":750},{"@type":"BreadcrumbList","@id":"https:\/\/www.filastrocche.it\/feste\/corona-di-santa-lucia\/#breadcrumb","itemListElement":[{"@type":"ListItem","position":1,"name":"Home","item":"https:\/\/www.filastrocche.it\/feste\/"},{"@type":"ListItem","position":2,"name":"Corona di Santa Lucia"}]},{"@type":"WebSite","@id":"https:\/\/www.filastrocche.it\/feste\/#website","url":"https:\/\/www.filastrocche.it\/feste\/","name":"Filastrocche.it","description":"Festeggiamo in famiglia","potentialAction":[{"@type":"SearchAction","target":{"@type":"EntryPoint","urlTemplate":"https:\/\/www.filastrocche.it\/feste\/?s={search_term_string}"},"query-input":{"@type":"PropertyValueSpecification","valueRequired":true,"valueName":"search_term_string"}}],"inLanguage":"it-IT"},{"@type":"Person","@id":"https:\/\/www.filastrocche.it\/feste\/#\/schema\/person\/13a7995b740342851d3a3c001f9dd658","name":"Jolanda","image":{"@type":"ImageObject","inLanguage":"it-IT","@id":"https:\/\/www.filastrocche.it\/feste\/#\/schema\/person\/image\/","url":"https:\/\/secure.gravatar.com\/avatar\/1b1f38df48384d8f75481e92c0cbf9e3494d37f3cf35cd02b0f5cba7d63f7349?s=96&d=mm&r=g","contentUrl":"https:\/\/secure.gravatar.com\/avatar\/1b1f38df48384d8f75481e92c0cbf9e3494d37f3cf35cd02b0f5cba7d63f7349?s=96&d=mm&r=g","caption":"Jolanda"},"sameAs":["http:\/\/www.facebook.com\/jolanda.restano","https:\/\/x.com\/jolandarestano"],"url":"https:\/\/www.filastrocche.it\/feste\/author\/jolanda\/"}]}},"_links":{"self":[{"href":"https:\/\/www.filastrocche.it\/feste\/wp-json\/wp\/v2\/posts\/15617","targetHints":{"allow":["GET"]}}],"collection":[{"href":"https:\/\/www.filastrocche.it\/feste\/wp-json\/wp\/v2\/posts"}],"about":[{"href":"https:\/\/www.filastrocche.it\/feste\/wp-json\/wp\/v2\/types\/post"}],"author":[{"embeddable":true,"href":"https:\/\/www.filastrocche.it\/feste\/wp-json\/wp\/v2\/users\/5"}],"replies":[{"embeddable":true,"href":"https:\/\/www.filastrocche.it\/feste\/wp-json\/wp\/v2\/comments?post=15617"}],"version-history":[{"count":3,"href":"https:\/\/www.filastrocche.it\/feste\/wp-json\/wp\/v2\/posts\/15617\/revisions"}],"predecessor-version":[{"id":41584,"href":"https:\/\/www.filastrocche.it\/feste\/wp-json\/wp\/v2\/posts\/15617\/revisions\/41584"}],"wp:featuredmedia":[{"embeddable":true,"href":"https:\/\/www.filastrocche.it\/feste\/wp-json\/wp\/v2\/media\/41583"}],"wp:attachment":[{"href":"https:\/\/www.filastrocche.it\/feste\/wp-json\/wp\/v2\/media?parent=15617"}],"wp:term":[{"taxonomy":"category","embeddable":true,"href":"https:\/\/www.filastrocche.it\/feste\/wp-json\/wp\/v2\/categories?post=15617"},{"taxonomy":"post_tag","embeddable":true,"href":"https:\/\/www.filastrocche.it\/feste\/wp-json\/wp\/v2\/tags?post=15617"},{"taxonomy":"sponsors","embeddable":true,"href":"https:\/\/www.filastrocche.it\/feste\/wp-json\/wp\/v2\/sponsors?post=15617"}],"curies":[{"name":"wp","href":"https:\/\/api.w.org\/{rel}","templated":true}]}}