{"id":18499,"date":"2016-06-29T09:45:56","date_gmt":"2016-06-29T07:45:56","guid":{"rendered":"https:\/\/www.filastrocche.it\/feste\/?p=18499"},"modified":"2025-07-07T09:39:38","modified_gmt":"2025-07-07T07:39:38","slug":"filastrocche-estate","status":"publish","type":"post","link":"https:\/\/www.filastrocche.it\/feste\/filastrocche-estate\/","title":{"rendered":"Le pi\u00f9 belle Filastrocche di Estate"},"content":{"rendered":"<p><a href=\"https:\/\/www.filastrocche.it\/feste\/wp-content\/uploads\/2016\/06\/estate-550.jpg\" rel=\"attachment wp-att-18503\"><img loading=\"lazy\" decoding=\"async\" width=\"550\" height=\"367\" class=\"aligncenter wp-image-18503 size-full\" title=\"Filastrocche di Estate\" src=\"https:\/\/www.filastrocche.it\/feste\/wp-content\/uploads\/2016\/06\/estate-550.jpg\" alt=\"Filastrocche di Estate\" srcset=\"https:\/\/www.filastrocche.it\/feste\/wp-content\/uploads\/2016\/06\/estate-550.jpg 550w, https:\/\/www.filastrocche.it\/feste\/wp-content\/uploads\/2016\/06\/estate-550-300x200.jpg 300w\" sizes=\"auto, (max-width: 550px) 100vw, 550px\" \/><\/a><\/p>\n<h2>Le migliori <strong>Filastrocche di Estate<\/strong> e le poesie per bambini<\/h2>\n<p><strong>Filastrocche sull&#8217; Estate<\/strong> \u00e8 una raccolta di testi selezionati, filastrocche, poesie, canzoncine che trattano i temi tipici dei mesi pi\u00f9 caldi e attesi dell&#8217;anno, i mesi estivi appunto.<\/p>\n<p>Le <strong>Filastrocche di Estate<\/strong> sono tantissime e ispirate a tutto ci\u00f2 che fa <strong>estate<\/strong>: il caldo, il sole, il mare, la spiaggia, l&#8217;ombrellone, le vacanze, gli amici, il relax&#8230;<br \/>\nCe ne sono davvero per tutti i gusti!<\/p>\n<p><strong>Ne abbiamo raccolte molte<\/strong>, tre le pi\u00f9 note e famose, tratte dalla <strong>tradizione popolare o d&#8217;autore<\/strong> e vi proponiamo i testi che riteniamo pi\u00f9 significativi e idonei anche da usare a scuola.<\/p>\n<p>Cercate tra queste le <strong>Filastrocche di Estate<\/strong> che vi piacciono di pi\u00f9 e che fanno al caso vostro. Poi usatele per farle studiare ai vostri alunni, per leggerele in famiglia, per commentare un vostro disegno ispirato all&#8217;estate&#8230;<\/p>\n<p>Se vedete che nel nostro elenco ne manca qualcuna, <a href=\"mailto:redazione@filastrocche.it\"><strong>segnalatecelo e inviateci il testo<\/strong><\/a> e lo inseriremo nel sito per metterlo a disposizione di tutti.<\/p>\n<h3>Ecco qui sotto le <strong>Filastrocche di Estate<\/strong> e le poesie che abbiamo selezionato per voi<\/h3>\n<p>&nbsp;<\/p>\n<ul>\n<li><a href=\"https:\/\/www.filastrocche.it\/contenuti\/addio\/\"><strong>Addio<\/strong><\/a> <em>di Guido Gozzano<\/em><\/li>\n<li><strong><a href=\"https:\/\/www.filastrocche.it\/contenuti\/agosto\/\">Agosto<\/a><\/strong><\/li>\n<li><strong><a href=\"https:\/\/www.filastrocche.it\/contenuti\/agosto-8\/\">Agosto<\/a><\/strong> <em>di Federico Garc\u00eda Lorca<\/em><\/li>\n<li><strong><a href=\"https:\/\/www.filastrocche.it\/contenuti\/agosto-10\/\">Agosto<\/a><\/strong> <em>di Fernando Pinto Do Amaralf<\/em><\/li>\n<li><strong><a href=\"https:\/\/www.filastrocche.it\/contenuti\/agosto-11\/\">Agosto<\/a><\/strong> <em>di Roberto Piumini<\/em><\/li>\n<li><strong><a href=\"https:\/\/www.filastrocche.it\/contenuti\/allora-e-giunta-lestate\/\">Allora \u00e8 giunta l\u2019estate<\/a><\/strong> <em>di Renzo Pezzani<\/em><\/li>\n<li><strong><a href=\"https:\/\/www.filastrocche.it\/contenuti\/arriva-lestate-2\/\">Arriva l\u2019estate<\/a><\/strong> <em>di Giuseppe Fanciulli<\/em><\/li>\n<li><strong><a href=\"https:\/\/www.filastrocche.it\/contenuti\/arrivederci-fratello-mare\/\">Arrivederci fratello mare<\/a><\/strong> <em>di Nazim Hikmet<\/em><\/li>\n<li><strong><a href=\"https:\/\/www.filastrocche.it\/contenuti\/calda-estate-tutta-doro\/\">Calda estate tutta d\u2019oro<\/a><\/strong><\/li>\n<li><strong><a href=\"https:\/\/www.filastrocche.it\/contenuti\/caldo\/\">Caldo<\/a><\/strong> <em>di Bruno Tognolini<\/em><\/li>\n<li><strong><a href=\"https:\/\/www.filastrocche.it\/contenuti\/caldo-soffocante\/\">Caldo soffocante<\/a><\/strong> <em>di Jerzy Kosinski<\/em><\/li>\n<li><strong><a href=\"https:\/\/www.filastrocche.it\/contenuti\/canzoncina-delle-vacanze\/\">Canzoncina delle vacanze<\/a><\/strong> <em>di Marcello Argilli<\/em><\/li>\n<li><strong><a href=\"https:\/\/www.filastrocche.it\/contenuti\/caracola-conchiglia\/\">Caracola (conchiglia)<\/a><\/strong> <em>di Federico Garcia Lorca<\/em><\/li>\n<li><strong><a href=\"https:\/\/www.filastrocche.it\/contenuti\/cielo-di-giugno\/\">Cielo di giugno <\/a><\/strong>di Ada Negri<\/li>\n<li><strong><a href=\"https:\/\/www.filastrocche.it\/contenuti\/che-bello-fare-pic-nic\/\">Che bello fare pic nic<\/a><\/strong> <em>di Jolanda Restano<\/em><\/li>\n<li><strong><a href=\"https:\/\/www.filastrocche.it\/contenuti\/che-caldo\/\">Che caldo!<\/a><\/strong> <em>di Jolanda Restano<\/em><\/li>\n<li><strong><a href=\"https:\/\/www.filastrocche.it\/contenuti\/che-fa-il-sole\/\">Che fa il sole<\/a><\/strong> <em>di Arpalice Cuman Pertile<\/em><\/li>\n<li><strong><a href=\"https:\/\/www.filastrocche.it\/contenuti\/conchiglie\/\">Conchiglie<\/a><\/strong> <em>di Katherine Mansfield<\/em><\/li>\n<li><strong><a href=\"https:\/\/www.filastrocche.it\/contenuti\/conchiglie-2\/\">Conchiglie<\/a><\/strong> <em>di Margherita Guidacci<\/em><\/li>\n<li><strong><a href=\"https:\/\/www.filastrocche.it\/contenuti\/destate\/\">D&#8217;Estate<\/a><\/strong> <em>di Giovanni Pascoli<\/em><\/li>\n<li><strong><a href=\"https:\/\/www.filastrocche.it\/contenuti\/10-agosto-2-2\/\">Dieci agosto<\/a><\/strong> <em>di Giovanni Pascoli<\/em><\/li>\n<li><strong><a href=\"https:\/\/www.filastrocche.it\/contenuti\/dies\/\">Dies<\/a><\/strong> <em>di Olindo Guerrini<\/em><\/li>\n<li><a href=\"https:\/\/www.filastrocche.it\/contenuti\/e-cosi-te-ne-vai-tu-pure-estate\/\"><strong>E cos\u00ec te ne vai tu pure, estate<\/strong><\/a> <em>di Diego Valeri<\/em><\/li>\n<li><strong><a href=\"https:\/\/www.filastrocche.it\/contenuti\/estate-5\/\">Estate<\/a><\/strong> <em>di Roberto Piumini<\/em><\/li>\n<li><strong><a href=\"https:\/\/www.filastrocche.it\/contenuti\/estate-7\/\">Estate<\/a><\/strong> <em>di M. Dandolo<\/em><\/li>\n<li><strong><a href=\"https:\/\/www.filastrocche.it\/contenuti\/estate-8\/\">Estate<\/a><\/strong> <em>di Antonio Russo<\/em><\/li>\n<li><strong><a href=\"https:\/\/www.filastrocche.it\/contenuti\/estate-9\/\">Estate<\/a><\/strong> <em>di Pablo Neruda<\/em><\/li>\n<li><strong><a href=\"https:\/\/www.filastrocche.it\/contenuti\/estate-13\/\">Estate<\/a><\/strong> <em>di Hermann Hesse<\/em><\/li>\n<li><strong><a href=\"https:\/\/www.filastrocche.it\/contenuti\/estate-11\/\">Estate<\/a><\/strong> <em>di Romana Rompato<br \/>\n<\/em><\/li>\n<li><strong><a href=\"https:\/\/www.filastrocche.it\/contenuti\/estate-10\/\">Estate<\/a><\/strong> <em>di Ada Negri<\/em><\/li>\n<li><strong><a href=\"https:\/\/www.filastrocche.it\/contenuti\/estate-12\/\">Estate<\/a><\/strong> <em>di Salvatore Quasimodo<\/em><\/li>\n<li><strong><a href=\"https:\/\/www.filastrocche.it\/contenuti\/estate-4\/\">Estate<\/a><\/strong> <em>di Jolanda Restano<\/em><\/li>\n<li><strong><a href=\"https:\/\/www.filastrocche.it\/contenuti\/estate-14\/\">Estate<\/a><\/strong> <em>di Giovanni Titta Rosa<\/em><\/li>\n<li><strong><a href=\"https:\/\/www.filastrocche.it\/contenuti\/estate-15\/\">Estate<\/a><\/strong> <em>di Flora Cardenti<\/em><\/li>\n<li><strong><a href=\"https:\/\/www.filastrocche.it\/contenuti\/estate-17\/\">Estate<\/a><\/strong> <em>di Manuel Machado<\/em><\/li>\n<li><strong><a href=\"https:\/\/www.filastrocche.it\/contenuti\/estate-20\/\">Estate<\/a><\/strong> <em>di Maria Albina Scavuzzo<\/em><\/li>\n<li><strong><a href=\"https:\/\/www.filastrocche.it\/contenuti\/estate-19\/\">Estate<\/a><\/strong> <em>di Serena Riffaldi<\/em><\/li>\n<li><a href=\"https:\/\/www.filastrocche.it\/contenuti\/estate-28\/\"><strong>Estate<\/strong><\/a> <em>di Romana Rompato <a href=\"https:\/\/www.filastrocche.it\/feste\/wp-content\/uploads\/2012\/08\/novita11.gif\"><img loading=\"lazy\" decoding=\"async\" width=\"53\" height=\"13\" class=\"alignnone size-full wp-image-10721\" src=\"https:\/\/www.filastrocche.it\/feste\/wp-content\/uploads\/2012\/08\/novita11.gif\" alt=\"\"   \/><\/a><\/em><\/li>\n<li><a href=\"https:\/\/www.filastrocche.it\/contenuti\/estate-23\/\"><strong>Estate<\/strong><\/a><\/li>\n<li><a href=\"https:\/\/www.filastrocche.it\/contenuti\/estate-25\/\"><strong>Estate<\/strong><\/a><\/li>\n<li><strong><a href=\"https:\/\/www.filastrocche.it\/contenuti\/estiva\/\">Estiva<\/a><\/strong> <em>di Vincenzo Cardarelli<\/em><\/li>\n<li><strong><a href=\"https:\/\/www.filastrocche.it\/contenuti\/febbre-del-mare\/\">Febbre del mare<\/a><\/strong> <em>di John Mansfield<\/em><\/li>\n<li><strong><a href=\"https:\/\/www.filastrocche.it\/contenuti\/ferragosto\/\">Ferragosto<\/a><\/strong><\/li>\n<li><strong><a href=\"https:\/\/www.filastrocche.it\/contenuti\/festa-destate\/\">Festa d\u2019estate<\/a><\/strong> <em>di Maria Albina Scavuzzo<\/em><\/li>\n<li><strong><a href=\"https:\/\/www.filastrocche.it\/contenuti\/filastrocca-del-grano\/\">Filastrocca del grano<\/a><\/strong> <em>di Bruno Tognolini<\/em><\/li>\n<li><strong><a href=\"https:\/\/www.filastrocche.it\/contenuti\/filastrocca-del-mese-di-giugno\/\">Filastrocca del mese di giugno<\/a><\/strong> <em>di Gianni Rodari<\/em><\/li>\n<li><strong><a href=\"https:\/\/www.filastrocche.it\/contenuti\/filastrocca-del-sole-2\/\">Filastrocca del sole<\/a><\/strong> <em>di Bruno Tognolini<\/em><\/li>\n<li><strong><a href=\"https:\/\/www.filastrocche.it\/contenuti\/filastrocca-dellestate\/\">Filastrocca dell&#8217;Estate<\/a><\/strong><\/li>\n<li><strong><a href=\"https:\/\/www.filastrocche.it\/contenuti\/filastrocca-dellestate-3\/\">Filastrocca dell\u2019estate<\/a><\/strong> <em>di Giuseppe Bordi<\/em><\/li>\n<li><strong><a href=\"https:\/\/www.filastrocche.it\/contenuti\/filastrocca-della-cicala\/\">Filastrocca della cicala<\/a><\/strong><\/li>\n<li><strong><a href=\"https:\/\/www.filastrocche.it\/contenuti\/filastrocca-delle-vacanze-4\/\">Filastrocca delle vacanze<\/a><\/strong> <em>di Eleonora Bellini<\/em><\/li>\n<li><strong><a href=\"https:\/\/www.filastrocche.it\/contenuti\/filastrocca-di-ferragosto\/\">Filastrocca di Ferragosto<\/a><\/strong> <em>di Marzia Cabano<\/em><\/li>\n<li><strong><a href=\"https:\/\/www.filastrocche.it\/contenuti\/filastrocca-di-giugno\/\">Filastrocca di Giugno<\/a><\/strong> <em>di Bruno Tognolini<\/em><\/li>\n<li><strong><a href=\"https:\/\/www.filastrocche.it\/contenuti\/filastrocca-di-mamma-di-mare\/\">Filastrocca di Mamma di Mare<\/a><\/strong><em> di Bruno Tognolini<\/em><\/li>\n<li><strong><a href=\"https:\/\/www.filastrocche.it\/contenuti\/filastrocca-vola-va\/\">Filastrocca vola e va<\/a><\/strong> <em>di Gianni Rodari<\/em><\/li>\n<li><strong><a href=\"https:\/\/www.filastrocche.it\/contenuti\/fine-destate\/\">Fine d\u2019estate<\/a><\/strong> <em>di Attilio Bertolucci<\/em><\/li>\n<li><strong><a href=\"https:\/\/www.filastrocche.it\/contenuti\/gioia-d-estate\/\">Gioia d\u2019estate<\/a><\/strong> <em>di Maria Albina Scavuzzo<\/em><\/li>\n<li><strong><a href=\"https:\/\/www.filastrocche.it\/contenuti\/giugno\/\">Giugno<\/a><\/strong><\/li>\n<li><strong><a href=\"https:\/\/www.filastrocche.it\/contenuti\/giugno-5\/\">Giugno<\/a><\/strong> <em>di Roberto Piumini<\/em><\/li>\n<li><a href=\"https:\/\/www.filastrocche.it\/contenuti\/grazie-3\/\"><strong>Grazie<\/strong><\/a> <em>di Dina Mc Arthur Rebucci<\/em><\/li>\n<li><strong><a href=\"https:\/\/www.filastrocche.it\/contenuti\/i-mesi-dellestate\/\">I mesi dell\u2019estate<\/a><\/strong> <em>di D. Valeri<\/em><\/li>\n<li><strong><a href=\"https:\/\/www.filastrocche.it\/contenuti\/i-segni-dellestate\/\">I segni dell\u2019estate<\/a><\/strong> <em>di Renzo Pezzani<\/em><\/li>\n<li><strong><a href=\"https:\/\/www.filastrocche.it\/contenuti\/il-caldo-2\/\">Il caldo<\/a><\/strong><\/li>\n<li><strong><a href=\"https:\/\/www.filastrocche.it\/contenuti\/il-granchiolino-in-vacanza\/\">Il granchiolino in vacanza<\/a><\/strong> <em>di Vivian Lamarque<\/em><\/li>\n<li><strong><a href=\"https:\/\/www.filastrocche.it\/contenuti\/il-mare-e-tutto\/\">Il mare \u00e8 tutto<\/a><\/strong> <em>di Sandro Penna<\/em><\/li>\n<li><strong><a href=\"https:\/\/www.filastrocche.it\/contenuti\/il-mese-delle-spighe-doro\/\">Il mese delle spighe d\u2019oro<\/a><\/strong> <em>di Marino Moretti<\/em><\/li>\n<li><strong><a href=\"https:\/\/www.filastrocche.it\/contenuti\/il-paese-delle-vacanze\/\">Il Paese delle Vacanze<\/a><\/strong> <em>di Gianni Rodari<\/em><\/li>\n<li><strong><a href=\"https:\/\/www.filastrocche.it\/contenuti\/il-primo-giorno-destate\/\">Il primo giorno d\u2019estate<\/a><\/strong> <em>di A. Barolini<\/em><\/li>\n<li><strong><a href=\"https:\/\/www.filastrocche.it\/contenuti\/lalfabeto-delle-vacanze\/\">L&#8217;alfabeto delle vacanze<\/a><\/strong> <em>di Marzia Cabano<\/em><\/li>\n<li><strong><a href=\"https:\/\/www.filastrocche.it\/contenuti\/lestate-e-finita-3\/\">L&#8217;estate \u00e8 finita<\/a><\/strong> <em>di Emily Dickinson<\/em><\/li>\n<li><strong><a href=\"https:\/\/www.filastrocche.it\/contenuti\/lestate-sui-campi\/\">L&#8217;estate sui campi<\/a><\/strong> <em>di Alfonso Gatto<\/em><\/li>\n<li><strong><a href=\"https:\/\/www.filastrocche.it\/contenuti\/luomo-dei-gelati\/\">L&#8217;uomo dei gelati<\/a><\/strong> <em>di Maurice Sendak<\/em><\/li>\n<li><strong><a href=\"https:\/\/www.filastrocche.it\/contenuti\/luomo-e-il-mare\/\">L&#8217;uomo e il mare<\/a><\/strong> <em>di Charles Baudelaire<\/em><\/li>\n<li><strong><a href=\"https:\/\/www.filastrocche.it\/contenuti\/la-barca-a-vela\/\">La barca a vela<\/a><\/strong> <em>di Giuseppe Colli<\/em><\/li>\n<li><strong><a href=\"https:\/\/www.filastrocche.it\/contenuti\/la-canzone-delle-ciliegie\/\">La canzone delle ciliegie<\/a><\/strong> <em>di R. Paccarie<\/em><\/li>\n<li><strong><a href=\"https:\/\/www.filastrocche.it\/contenuti\/cicala-formica\/\">La cicala e la formica<\/a><\/strong> <em>di Jean de la Fontaine<\/em><\/li>\n<li><strong><a href=\"https:\/\/www.filastrocche.it\/contenuti\/la-conchiglia-marina\/\">La conchiglia marina<\/a><\/strong> <em>di Kathrjn Jackson<\/em><\/li>\n<li><strong><a href=\"https:\/\/www.filastrocche.it\/contenuti\/la-conchiglia-marina-2\/\">La conchiglia marina<\/a><\/strong> <em>di Salvatore Quasimodo<\/em><\/li>\n<li><strong><a href=\"https:\/\/www.filastrocche.it\/contenuti\/la-pesca-buffa\/\">La Pesca Buffa<\/a><\/strong> <em>di Cesare Rimini<\/em><\/li>\n<li><strong><a href=\"https:\/\/www.filastrocche.it\/contenuti\/la-scuola-e-finita\/\">La scuola \u00e8 finita<\/a><\/strong> <em>di Gemma Fanara<\/em><\/li>\n<li><strong><a href=\"https:\/\/www.filastrocche.it\/contenuti\/le-parole-adatte\/\">Le parole adatte<\/a><\/strong> <em>di Roberto Piumini<\/em><\/li>\n<li><strong><a href=\"https:\/\/www.filastrocche.it\/contenuti\/lo-spirito-del-fieno-impregna-lanima\/\">Lo spirito del fieno impregna l\u2019anima<\/a><\/strong> <em>di Maria Luisa Spaziani<\/em><\/li>\n<li><strong><a href=\"https:\/\/www.filastrocche.it\/contenuti\/lucciole-2\/\">Lucciole<\/a><\/strong> <em>di Marco Moschini<\/em><\/li>\n<li><strong><a href=\"https:\/\/www.filastrocche.it\/contenuti\/lucciole-5\/\">Lucciole<\/a><\/strong> <em>di E. Ottaviani<\/em><\/li>\n<li><strong><a href=\"https:\/\/www.filastrocche.it\/contenuti\/luglio\/\">Luglio<\/a><\/strong><\/li>\n<li><strong><a href=\"https:\/\/www.filastrocche.it\/contenuti\/luglio-2\/\">Luglio<\/a><\/strong> <em>di Marzia Cabano<\/em><\/li>\n<li><strong><a href=\"https:\/\/www.filastrocche.it\/contenuti\/luglio-4\/\">Luglio<\/a><\/strong> <em>di Bruno Tognolini<\/em><\/li>\n<li><strong><a href=\"https:\/\/www.filastrocche.it\/contenuti\/luglio-5\/\">Luglio<\/a><\/strong> <em>di Roberto Piumini<\/em><\/li>\n<li><strong><a href=\"https:\/\/www.filastrocche.it\/contenuti\/luglio-col-bene-che-ti-voglio\/\">Luglio col bene che ti voglio<\/a><\/strong> <em>di R. Del Turco e G.Bigazzi (canzone)<\/em><\/li>\n<li><strong><a href=\"https:\/\/www.filastrocche.it\/contenuti\/madama-estate\/\">Madama Estate<\/a><\/strong> <em>di Claude Clement<\/em><\/li>\n<li><strong><a href=\"https:\/\/www.filastrocche.it\/contenuti\/mare-colore\/\">Mare colore<\/a><\/strong> <em>di Diego Valeri<\/em><\/li>\n<li><strong><a href=\"https:\/\/www.filastrocche.it\/contenuti\/mediterraneo\/\">Mediterraneo<\/a><\/strong> <em>di Eugenio Montale<\/em><\/li>\n<li><strong><a href=\"https:\/\/www.filastrocche.it\/contenuti\/momento-estivo\/\">Momento estivo<\/a><\/strong> <em>di D. Borra<\/em><\/li>\n<li><strong><a href=\"https:\/\/www.filastrocche.it\/contenuti\/notte-destate-2\/\">Notte d\u2019estate<\/a><\/strong> <em>di F. Garcia Lorca<\/em><\/li>\n<li><strong><a href=\"https:\/\/www.filastrocche.it\/contenuti\/notte-destate-3\/\">Notte d&#8217;estate<\/a><\/strong> <em>di Antonio Machado<\/em><\/li>\n<li><a href=\"https:\/\/www.filastrocche.it\/contenuti\/oh-estate\/\"><strong>Oh estate!<\/strong><\/a> <em>di Pablo Neruda<\/em><\/li>\n<li><strong><a href=\"https:\/\/www.filastrocche.it\/contenuti\/pensiero-mare\/\">Pensiero Mare<\/a><\/strong> <em>di Pietro Formentini<\/em><\/li>\n<li><strong><a href=\"https:\/\/www.filastrocche.it\/contenuti\/pioggia-destate\/\">Pioggia d\u2019estate<\/a><\/strong> <em>di Nazim Hikmet<\/em><\/li>\n<li><strong><a href=\"https:\/\/www.filastrocche.it\/contenuti\/quando-inizia-lestate\/\">Quando inizia l\u2019estate<\/a><\/strong> <em>di Giuseppe Raimondi<\/em><\/li>\n<li><strong><a href=\"https:\/\/www.filastrocche.it\/contenuti\/questa-e-lestate\/\">Questa \u00e8 l\u2019estate<\/a><\/strong> <em>di Roberto Piumini<br \/>\n<\/em><\/li>\n<li><strong><a href=\"https:\/\/www.filastrocche.it\/contenuti\/rima-dellaspetta-aspetta\/\">Rima dell\u2019Aspetta Aspetta<\/a><\/strong> <em>di Bruno Tognolini<\/em><\/li>\n<li><strong><a href=\"https:\/\/www.filastrocche.it\/contenuti\/sode-ancora-mare\/\">S&#8217;ode ancora il mare<\/a><\/strong> <em>di Salvatore Quasimodo<\/em><\/li>\n<li><strong><a href=\"https:\/\/www.filastrocche.it\/contenuti\/sabbia-2\/\">Sabbia<\/a><\/strong> <em>di E. Ottaviani<\/em><\/li>\n<li><strong><a href=\"https:\/\/www.filastrocche.it\/contenuti\/sara-lestate\/\">Sar\u00e0 l\u2019estate?<\/a><\/strong> <em>di Marzia Cabano<\/em><\/li>\n<li><a href=\"https:\/\/www.filastrocche.it\/contenuti\/sensazione-2\/\" target=\"_blank\" rel=\"noopener\"><strong>Sensazione<\/strong><\/a><em> di Arthur Rimbaud<\/em><\/li>\n<li><strong><a href=\"https:\/\/www.filastrocche.it\/contenuti\/sera-destate\/\">Sera d&#8217;estate<\/a><\/strong> <em>di Georg Trakl<\/em><\/li>\n<li><strong><a href=\"https:\/\/www.filastrocche.it\/contenuti\/settembre-8\/\">Settembre<\/a><\/strong> <em>di Roberto Piumini<br \/>\n<\/em><\/li>\n<li><strong><a href=\"https:\/\/www.filastrocche.it\/contenuti\/si-miete\/\">Si miete<\/a><\/strong> <em>di Lina Carpanini<\/em><\/li>\n<li><strong><a href=\"https:\/\/www.filastrocche.it\/contenuti\/sode-ancora-mare\/\">S\u2019ode ancora il mare<\/a><\/strong> <em>di Salvatore Quasimodo<\/em><\/li>\n<li><strong><a href=\"https:\/\/www.filastrocche.it\/contenuti\/sole-di-giugno\/\">Sole di giugno<\/a><\/strong> <em>di Renzo Pezzani<\/em><\/li>\n<li><strong><a href=\"https:\/\/www.filastrocche.it\/contenuti\/sole-e-sale\/\">Sole e sale<\/a><\/strong> <em>di Roberto Piumini<\/em><\/li>\n<li><strong><a href=\"https:\/\/www.filastrocche.it\/contenuti\/sul-colle\/\">Sul colle<\/a><\/strong> <em>di Jordi Doce<\/em><\/li>\n<li><strong><a href=\"https:\/\/www.filastrocche.it\/contenuti\/sulla-spiaggia-2\/\">Sulla spiaggia<\/a><\/strong> <em>di Marzia Cabano<\/em><\/li>\n<li><strong><a href=\"https:\/\/www.filastrocche.it\/contenuti\/tempo-destate\/\">Tempo d&#8217;Estate<\/a><\/strong> <em>di A. Russo<\/em><\/li>\n<li><strong><a href=\"https:\/\/www.filastrocche.it\/contenuti\/temporale-in-montagna\/\">Temporale in montagna<\/a><\/strong> <em>di Filippo de Pisis<\/em><\/li>\n<li><strong><a href=\"https:\/\/www.filastrocche.it\/contenuti\/tre-barchettine\/\">Tre barchettine<\/a><\/strong> <em>di A. Enriquez<\/em><\/li>\n<li><strong><a href=\"https:\/\/www.filastrocche.it\/contenuti\/trebbiatura\/\">Trebbiatura<\/a><\/strong> <em>di Enrico Panzacchi<\/em><\/li>\n<li><strong><a href=\"https:\/\/www.filastrocche.it\/contenuti\/vacanza-2\/\">Vacanza<\/a><\/strong> <em>di Silvia Nalon<\/em><\/li>\n<li><strong><a href=\"https:\/\/www.filastrocche.it\/contenuti\/vacanze-destate\/\">Vacanze d\u2019estate<\/a><\/strong> <em>di Roberto Piumini<\/em><\/li>\n<li><strong><a href=\"https:\/\/www.filastrocche.it\/contenuti\/vento-di-prima-estate\/\">Vento di prima estate<\/a><\/strong> <em>di Giorgio Caproni<\/em><\/li>\n<li><strong><a href=\"https:\/\/www.filastrocche.it\/contenuti\/vien-lestate\/\">Vien l\u2019estate<\/a><\/strong> <em>di C. Ronchi<\/em><\/li>\n<li><strong><a href=\"https:\/\/www.filastrocche.it\/contenuti\/vieni-giugno\/\">Vieni giugno <\/a><\/strong><\/li>\n<\/ul>\n<p>&nbsp;<\/p>\n<p><a href=\"https:\/\/www.filastrocche.it\/feste\/poesie-estate\/\"><img loading=\"lazy\" decoding=\"async\" width=\"150\" height=\"108\" class=\"alignnone wp-image-25241 size-full\" title=\"Poesie sull'Estate\" src=\"https:\/\/www.filastrocche.it\/feste\/wp-content\/uploads\/2017\/03\/estate-2-150.jpg\" alt=\"Poesie sull'Estate\"   \/><\/a><br \/>\nSe cerchi le migliori <a href=\"https:\/\/www.filastrocche.it\/feste\/poesie-estate\/\"><strong>Poesie sull&#8217;Estate, clicca qui<\/strong><\/a>!<\/p>\n<p>&nbsp;<\/p>\n<h3>Altre <strong>Filastrocche sulle Stagioni disponibili<\/strong>:<\/h3>\n<p><a href=\"https:\/\/www.filastrocche.it\/feste\/filastrocche-sulle-stagioni\/\"><img loading=\"lazy\" decoding=\"async\" width=\"150\" height=\"100\" class=\"alignnone wp-image-20279 size-full\" title=\"filastrocche sulle Stagioni\" src=\"https:\/\/www.filastrocche.it\/feste\/wp-content\/uploads\/2016\/11\/stagioni-150.jpg\" alt=\"filastrocche sulle Stagioni\"   \/><\/a><br \/>\nSe cerchi le migliori <a href=\"https:\/\/www.filastrocche.it\/feste\/filastrocche-sulle-stagioni\/\"><strong>filastrocche sulle Stagioni, clicca qui<\/strong><\/a>!<\/p>\n<p><a href=\"https:\/\/www.filastrocche.it\/feste\/filastrocche-autunno\/\"><img loading=\"lazy\" decoding=\"async\" width=\"150\" height=\"150\" class=\"alignnone wp-image-19071 size-full\" title=\"Filastrocche Autunno\" src=\"https:\/\/www.filastrocche.it\/feste\/wp-content\/uploads\/2016\/03\/autunno-150.jpg\" alt=\"Filastrocche Autunno\"   \/><\/a><br \/>\nSe cercate le pi\u00f9 belle <a href=\"https:\/\/www.filastrocche.it\/feste\/filastrocche-autunno\/\"><strong>Filastrocche sull&#8217;Autunno, cliccate qui!<\/strong><\/a><\/p>\n<p><a href=\"https:\/\/www.filastrocche.it\/feste\/filastrocche-di-inverno\/\" rel=\"attachment wp-att-17719\"><img loading=\"lazy\" decoding=\"async\" width=\"150\" height=\"113\" class=\"alignnone wp-image-17719 size-full\" title=\"Filastrocche Inverno\" src=\"https:\/\/www.filastrocche.it\/feste\/wp-content\/uploads\/2016\/03\/inverno-150-ok.jpg\" alt=\"Filastrocche Inverno\"   \/><\/a><br \/>\nSe cercate le pi\u00f9 belle<strong> <a href=\"https:\/\/www.filastrocche.it\/feste\/filastrocche-di-inverno\/\">Filastrocche sull&#8217;Inverno, cliccate qui<\/a><\/strong>!<\/p>\n<p><a href=\"https:\/\/www.filastrocche.it\/feste\/filastrocche-di-primavera\/\" rel=\"attachment wp-att-17723\"><img loading=\"lazy\" decoding=\"async\" width=\"150\" height=\"100\" class=\"alignnone wp-image-17723 size-full\" title=\"Filastrocche di Primavera\" src=\"https:\/\/www.filastrocche.it\/feste\/wp-content\/uploads\/2015\/12\/ramo-di-pesco-150.jpg\" alt=\"Filastrocche di Primavera\"   \/><\/a><br \/>\nSe cercate le pi\u00f9 belle <a href=\"https:\/\/www.filastrocche.it\/feste\/filastrocche-di-primavera\/\"><strong>Filastrocche di Primavera, cliccate qui<\/strong><\/a>!<\/p>\n<p>&nbsp;<\/p>\n<h3>Altre <strong>Poesie sulle stagioni<\/strong> disponibili:<\/h3>\n<p><a href=\"https:\/\/www.filastrocche.it\/feste\/poesie-sulle-stagioni\/\"><img loading=\"lazy\" decoding=\"async\" width=\"150\" height=\"99\" class=\"alignnone wp-image-26607 size-full\" title=\"Poesie sulle Stagioni\" src=\"https:\/\/www.filastrocche.it\/feste\/wp-content\/uploads\/2017\/10\/stagioni-poesie-150.jpg\" alt=\"Poesie sulle Stagioni\"   \/><\/a><br \/>\nSe cerchi le migliori <a href=\"https:\/\/www.filastrocche.it\/feste\/poesie-sulle-stagioni\/\"><strong>Poesie sulle Stagioni, clicca qui<\/strong><\/a>!<\/p>\n<p><a href=\"https:\/\/www.filastrocche.it\/feste\/poesie-sulla-primavera\/\"><img loading=\"lazy\" decoding=\"async\" width=\"150\" height=\"101\" class=\"alignnone wp-image-22901 size-full\" title=\"Poesie sulla Primavera\" src=\"https:\/\/www.filastrocche.it\/feste\/wp-content\/uploads\/2016\/03\/primavera-alberi-rosa-150.jpg\" alt=\"Poesie sulla Primavera\"   \/><\/a><br \/>\nSe cerchi le migliori <a href=\"https:\/\/www.filastrocche.it\/feste\/poesie-sulla-primavera\/\"><strong>Poesie sulla Primavera, clicca qui<\/strong><\/a>!<\/p>\n<p><a href=\"https:\/\/www.filastrocche.it\/feste\/poesie-estate\/\"><img loading=\"lazy\" decoding=\"async\" width=\"150\" height=\"108\" class=\"alignnone wp-image-25241 size-full\" title=\"Poesie sull'Estate\" src=\"https:\/\/www.filastrocche.it\/feste\/wp-content\/uploads\/2017\/03\/estate-2-150.jpg\" alt=\"Poesie sull'Estate\"   \/><\/a><br \/>\nSe cerchi le migliori <a href=\"https:\/\/www.filastrocche.it\/feste\/poesie-estate\/\"><strong>Poesie sull&#8217;Estate, clicca qui<\/strong><\/a>!<\/p>\n<p><a href=\"https:\/\/www.filastrocche.it\/feste\/poesie-autunno\/\"><img loading=\"lazy\" decoding=\"async\" width=\"150\" height=\"114\" class=\"alignnone size-full wp-image-26125\" src=\"https:\/\/www.filastrocche.it\/feste\/wp-content\/uploads\/2017\/03\/poesie-autunno-150.jpg\" alt=\"\"   \/><\/a><br \/>\nSe cerchi le migliori <a href=\"https:\/\/www.filastrocche.it\/feste\/poesie-autunno\/\"><strong>Poesie sull&#8217;Autunno, clicca qui<\/strong><\/a>!<\/p>\n<p><a href=\"https:\/\/www.filastrocche.it\/feste\/poesie-inverno\/\"><img loading=\"lazy\" decoding=\"async\" width=\"150\" height=\"98\" class=\"alignnone wp-image-26593 size-full\" title=\"Poesie di Inverno\" src=\"https:\/\/www.filastrocche.it\/feste\/wp-content\/uploads\/2015\/12\/inverno-2-150.jpg\" alt=\"Poesie di Inverno\"   \/><\/a><br \/>\nSe cerchi le migliori <a href=\"https:\/\/www.filastrocche.it\/feste\/poesie-inverno\/\"><strong>Poesie di Inverno, clicca qui<\/strong><\/a>!<\/p>\n<p>&nbsp;<\/p>\n<h3><strong>Altre rime disponibili:<\/strong><\/h3>\n<p><a href=\"https:\/\/www.filastrocche.it\/feste\/filastrocche-di-natale\/\"><img loading=\"lazy\" decoding=\"async\" width=\"150\" height=\"143\" class=\"alignnone wp-image-16171 size-full\" title=\"Filastrocche di Natale\" src=\"https:\/\/www.filastrocche.it\/feste\/wp-content\/uploads\/2015\/11\/coro-bambini-natale-150.jpg\" alt=\"Filastrocche di Natale\"   \/><\/a><br \/>\nSe cerchi le pi\u00f9 belle <a href=\"https:\/\/www.filastrocche.it\/feste\/filastrocche-di-natale\/\"><strong>Filastrocche di Natale<\/strong><\/a>, <strong><a href=\"https:\/\/www.filastrocche.it\/feste\/filastrocche-di-natale\/\">clicca qui<\/a><\/strong>!<\/p>\n<p><a href=\"https:\/\/www.filastrocche.it\/feste\/canzoni-di-natale\/\"><img loading=\"lazy\" decoding=\"async\" width=\"150\" height=\"150\" class=\"alignnone wp-image-16089 size-full\" title=\"Canzoni di Natale\" src=\"https:\/\/www.filastrocche.it\/feste\/wp-content\/uploads\/2015\/11\/coro-natale-150.jpg\" alt=\"Canzoni di Natale\"   \/><\/a><br \/>\nSe cerchi le pi\u00f9 belle <strong><a href=\"https:\/\/www.filastrocche.it\/feste\/canzoni-di-natale\/\">Canzoni di Natale<\/a><\/strong>, <a href=\"https:\/\/www.filastrocche.it\/feste\/canzoni-di-natale\/\"><strong>clicca qui<\/strong><\/a>!<\/p>\n<p>&nbsp;<\/p>\n<p><a title=\"W la Scuola\" href=\"https:\/\/www.filastrocche.it\/feste\/c\/scuola\/\"><img decoding=\"async\" src=\"https:\/\/www.filastrocche.it\/feste\/wp-content\/uploads\/2013\/06\/scritta_specialescuola.gif\" alt=\"scritta_specialescuola\"   \/><strong><br \/>\nVisita lo speciale &#8220;W la Scuola!&#8221;<\/strong><\/a><\/p>\n<p><a title=\"Viva le Vacanze\" href=\"https:\/\/www.filastrocche.it\/feste\/c\/vacanze\/\"><img decoding=\"async\" title=\"Viva le Vacanze\" src=\"https:\/\/www.filastrocche.it\/feste\/wp-content\/uploads\/2012\/08\/viva_vacanze1.gif\" alt=\"Viva le Vacanze\"   \/><\/a><a title=\"Visita lo Speciale Vacanze\" href=\"https:\/\/www.filastrocche.it\/feste\/c\/vacanze\/\"><strong><br \/>\nVisita lo Speciale Vacanze<\/strong><\/a><\/p>\n","protected":false},"excerpt":{"rendered":"<p>Le migliori Filastrocche di Estate e le poesie per bambini Filastrocche sull&#8217; Estate \u00e8 una raccolta di testi selezionati, filastrocche, poesie, canzoncine che trattano i temi tipici dei mesi pi\u00f9 caldi e attesi dell&#8217;anno, i mesi estivi appunto. Le Filastrocche di Estate sono tantissime e ispirate a tutto ci\u00f2 che fa estate: il caldo, il [&hellip;]<\/p>\n","protected":false},"author":5,"featured_media":18503,"comment_status":"open","ping_status":"open","sticky":false,"template":"","format":"standard","meta":{"footnotes":""},"categories":[1523,1025,1071,445,10,11],"tags":[1433,1431,453,1481,221,1427,225,1483,1479,447],"sponsors":[],"class_list":["post-18499","post","type-post","status-publish","format-standard","has-post-thumbnail","hentry","category-filastrocche-e-poesie","category-per-tutti-i-giorni","category-rime-e-filastrocche-scuola","category-rime-e-filastrocche-vacanze","category-scuola","category-vacanze","tag-canciones-infantiles","tag-comptines","tag-estate","tag-ete","tag-filastrocche","tag-nursery-rhymes","tag-poesie","tag-stagioni","tag-summer","tag-vacanze-2"],"yoast_head":"<!-- This site is optimized with the Yoast SEO plugin v26.2 - https:\/\/yoast.com\/wordpress\/plugins\/seo\/ -->\n<title>Le pi\u00f9 belle Filastrocche di Estate selezionate da Filastrocche.it<\/title>\n<meta name=\"description\" content=\"Le migliori Filastrocche di Estate, le pi\u00f9 belle poesie, canzoni dedicate ai mesi pi\u00f9 caldi e attesi dell&#039;anno. In italiano, inglese, spagnolo, francese...\" \/>\n<meta name=\"robots\" content=\"index, follow, max-snippet:-1, max-image-preview:large, max-video-preview:-1\" \/>\n<link rel=\"canonical\" href=\"https:\/\/www.filastrocche.it\/feste\/filastrocche-estate\/\" \/>\n<meta property=\"og:locale\" content=\"it_IT\" \/>\n<meta property=\"og:type\" content=\"article\" \/>\n<meta property=\"og:title\" content=\"Le pi\u00f9 belle Filastrocche di Estate selezionate da Filastrocche.it\" \/>\n<meta property=\"og:description\" content=\"Le migliori Filastrocche di Estate, le pi\u00f9 belle poesie, canzoni dedicate ai mesi pi\u00f9 caldi e attesi dell&#039;anno. In italiano, inglese, spagnolo, francese...\" \/>\n<meta property=\"og:url\" content=\"https:\/\/www.filastrocche.it\/feste\/filastrocche-estate\/\" \/>\n<meta property=\"og:site_name\" content=\"Filastrocche.it\" \/>\n<meta property=\"article:author\" content=\"http:\/\/www.facebook.com\/jolanda.restano\" \/>\n<meta property=\"article:published_time\" content=\"2016-06-29T07:45:56+00:00\" \/>\n<meta property=\"article:modified_time\" content=\"2025-07-07T07:39:38+00:00\" \/>\n<meta property=\"og:image\" content=\"https:\/\/www.filastrocche.it\/feste\/wp-content\/uploads\/2016\/06\/estate-550.jpg\" \/>\n\t<meta property=\"og:image:width\" content=\"550\" \/>\n\t<meta property=\"og:image:height\" content=\"367\" \/>\n\t<meta property=\"og:image:type\" content=\"image\/jpeg\" \/>\n<meta name=\"author\" content=\"Jolanda\" \/>\n<meta name=\"twitter:label1\" content=\"Scritto da\" \/>\n\t<meta name=\"twitter:data1\" content=\"Jolanda\" \/>\n\t<meta name=\"twitter:label2\" content=\"Tempo di lettura stimato\" \/>\n\t<meta name=\"twitter:data2\" content=\"9 minuti\" \/>\n<!-- \/ Yoast SEO plugin. -->","yoast_head_json":{"title":"Le pi\u00f9 belle Filastrocche di Estate selezionate da Filastrocche.it","description":"Le migliori Filastrocche di Estate, le pi\u00f9 belle poesie, canzoni dedicate ai mesi pi\u00f9 caldi e attesi dell'anno. In italiano, inglese, spagnolo, francese...","robots":{"index":"index","follow":"follow","max-snippet":"max-snippet:-1","max-image-preview":"max-image-preview:large","max-video-preview":"max-video-preview:-1"},"canonical":"https:\/\/www.filastrocche.it\/feste\/filastrocche-estate\/","og_locale":"it_IT","og_type":"article","og_title":"Le pi\u00f9 belle Filastrocche di Estate selezionate da Filastrocche.it","og_description":"Le migliori Filastrocche di Estate, le pi\u00f9 belle poesie, canzoni dedicate ai mesi pi\u00f9 caldi e attesi dell'anno. In italiano, inglese, spagnolo, francese...","og_url":"https:\/\/www.filastrocche.it\/feste\/filastrocche-estate\/","og_site_name":"Filastrocche.it","article_author":"http:\/\/www.facebook.com\/jolanda.restano","article_published_time":"2016-06-29T07:45:56+00:00","article_modified_time":"2025-07-07T07:39:38+00:00","og_image":[{"width":550,"height":367,"url":"https:\/\/www.filastrocche.it\/feste\/wp-content\/uploads\/2016\/06\/estate-550.jpg","type":"image\/jpeg"}],"author":"Jolanda","twitter_misc":{"Scritto da":"Jolanda","Tempo di lettura stimato":"9 minuti"},"schema":{"@context":"https:\/\/schema.org","@graph":[{"@type":"WebPage","@id":"https:\/\/www.filastrocche.it\/feste\/filastrocche-estate\/","url":"https:\/\/www.filastrocche.it\/feste\/filastrocche-estate\/","name":"Le pi\u00f9 belle Filastrocche di Estate selezionate da Filastrocche.it","isPartOf":{"@id":"https:\/\/www.filastrocche.it\/feste\/#website"},"primaryImageOfPage":{"@id":"https:\/\/www.filastrocche.it\/feste\/filastrocche-estate\/#primaryimage"},"image":{"@id":"https:\/\/www.filastrocche.it\/feste\/filastrocche-estate\/#primaryimage"},"thumbnailUrl":"https:\/\/www.filastrocche.it\/feste\/wp-content\/uploads\/2016\/06\/estate-550.jpg","datePublished":"2016-06-29T07:45:56+00:00","dateModified":"2025-07-07T07:39:38+00:00","author":{"@id":"https:\/\/www.filastrocche.it\/feste\/#\/schema\/person\/13a7995b740342851d3a3c001f9dd658"},"description":"Le migliori Filastrocche di Estate, le pi\u00f9 belle poesie, canzoni dedicate ai mesi pi\u00f9 caldi e attesi dell'anno. In italiano, inglese, spagnolo, francese...","breadcrumb":{"@id":"https:\/\/www.filastrocche.it\/feste\/filastrocche-estate\/#breadcrumb"},"inLanguage":"it-IT","potentialAction":[{"@type":"ReadAction","target":["https:\/\/www.filastrocche.it\/feste\/filastrocche-estate\/"]}]},{"@type":"ImageObject","inLanguage":"it-IT","@id":"https:\/\/www.filastrocche.it\/feste\/filastrocche-estate\/#primaryimage","url":"https:\/\/www.filastrocche.it\/feste\/wp-content\/uploads\/2016\/06\/estate-550.jpg","contentUrl":"https:\/\/www.filastrocche.it\/feste\/wp-content\/uploads\/2016\/06\/estate-550.jpg","width":550,"height":367,"caption":"Four pairs of flip flops in a row on beach"},{"@type":"BreadcrumbList","@id":"https:\/\/www.filastrocche.it\/feste\/filastrocche-estate\/#breadcrumb","itemListElement":[{"@type":"ListItem","position":1,"name":"Home","item":"https:\/\/www.filastrocche.it\/feste\/"},{"@type":"ListItem","position":2,"name":"Le pi\u00f9 belle Filastrocche di Estate"}]},{"@type":"WebSite","@id":"https:\/\/www.filastrocche.it\/feste\/#website","url":"https:\/\/www.filastrocche.it\/feste\/","name":"Filastrocche.it","description":"Festeggiamo in famiglia","potentialAction":[{"@type":"SearchAction","target":{"@type":"EntryPoint","urlTemplate":"https:\/\/www.filastrocche.it\/feste\/?s={search_term_string}"},"query-input":{"@type":"PropertyValueSpecification","valueRequired":true,"valueName":"search_term_string"}}],"inLanguage":"it-IT"},{"@type":"Person","@id":"https:\/\/www.filastrocche.it\/feste\/#\/schema\/person\/13a7995b740342851d3a3c001f9dd658","name":"Jolanda","image":{"@type":"ImageObject","inLanguage":"it-IT","@id":"https:\/\/www.filastrocche.it\/feste\/#\/schema\/person\/image\/","url":"https:\/\/secure.gravatar.com\/avatar\/1b1f38df48384d8f75481e92c0cbf9e3494d37f3cf35cd02b0f5cba7d63f7349?s=96&d=mm&r=g","contentUrl":"https:\/\/secure.gravatar.com\/avatar\/1b1f38df48384d8f75481e92c0cbf9e3494d37f3cf35cd02b0f5cba7d63f7349?s=96&d=mm&r=g","caption":"Jolanda"},"sameAs":["http:\/\/www.facebook.com\/jolanda.restano","https:\/\/x.com\/jolandarestano"],"url":"https:\/\/www.filastrocche.it\/feste\/author\/jolanda\/"}]}},"_links":{"self":[{"href":"https:\/\/www.filastrocche.it\/feste\/wp-json\/wp\/v2\/posts\/18499","targetHints":{"allow":["GET"]}}],"collection":[{"href":"https:\/\/www.filastrocche.it\/feste\/wp-json\/wp\/v2\/posts"}],"about":[{"href":"https:\/\/www.filastrocche.it\/feste\/wp-json\/wp\/v2\/types\/post"}],"author":[{"embeddable":true,"href":"https:\/\/www.filastrocche.it\/feste\/wp-json\/wp\/v2\/users\/5"}],"replies":[{"embeddable":true,"href":"https:\/\/www.filastrocche.it\/feste\/wp-json\/wp\/v2\/comments?post=18499"}],"version-history":[{"count":5,"href":"https:\/\/www.filastrocche.it\/feste\/wp-json\/wp\/v2\/posts\/18499\/revisions"}],"predecessor-version":[{"id":45793,"href":"https:\/\/www.filastrocche.it\/feste\/wp-json\/wp\/v2\/posts\/18499\/revisions\/45793"}],"wp:featuredmedia":[{"embeddable":true,"href":"https:\/\/www.filastrocche.it\/feste\/wp-json\/wp\/v2\/media\/18503"}],"wp:attachment":[{"href":"https:\/\/www.filastrocche.it\/feste\/wp-json\/wp\/v2\/media?parent=18499"}],"wp:term":[{"taxonomy":"category","embeddable":true,"href":"https:\/\/www.filastrocche.it\/feste\/wp-json\/wp\/v2\/categories?post=18499"},{"taxonomy":"post_tag","embeddable":true,"href":"https:\/\/www.filastrocche.it\/feste\/wp-json\/wp\/v2\/tags?post=18499"},{"taxonomy":"sponsors","embeddable":true,"href":"https:\/\/www.filastrocche.it\/feste\/wp-json\/wp\/v2\/sponsors?post=18499"}],"curies":[{"name":"wp","href":"https:\/\/api.w.org\/{rel}","templated":true}]}}