{"id":2109,"date":"2012-08-06T17:07:42","date_gmt":"2012-08-06T17:07:42","guid":{"rendered":"https:\/\/www.filastrocche.it\/feste\/?p=2109"},"modified":"2024-03-06T11:24:45","modified_gmt":"2024-03-06T10:24:45","slug":"filastrocche-e-poesie-per-la-festa-della-donna","status":"publish","type":"post","link":"https:\/\/www.filastrocche.it\/feste\/filastrocche-e-poesie-per-la-festa-della-donna\/","title":{"rendered":"Le migliori Filastrocche per la Festa della Donna"},"content":{"rendered":"<p><a href=\"https:\/\/www.filastrocche.it\/feste\/wp-content\/uploads\/2012\/07\/festa_della_donna_mimosa2.jpg\"><img loading=\"lazy\" decoding=\"async\" width=\"300\" height=\"241\" class=\"aligncenter wp-image-2111 size-full\" title=\"Filastrocche per la Festa della Donna\" src=\"https:\/\/www.filastrocche.it\/feste\/wp-content\/uploads\/2012\/07\/festa_della_donna_mimosa2.jpg\" alt=\"Filastrocche per la Festa della Donna\"   \/><\/a><\/p>\n<h2>Le pi\u00f9 belle <strong>Filastrocche per la Festa della Donna<\/strong><\/h2>\n<p>La donna, si sa, ha da sempre ispirato poeti e scrittori che le hanno dedicato testi e odi d&#8217;amore, ma non solo.<br \/>\nL&#8217;altra met\u00e0 del cielo \u00e8 infatti da sempre una formidabile fonte di ispirazione!<\/p>\n<p>Cos\u00ec, in occasione della <strong>Festa della Donna<\/strong>, che cade l&#8217;8 marzo di ogni anno, abbiamo deciso di presentarvi una selezione di testi dedicati alla parte femminile dell&#8217;umanit\u00e0.<\/p>\n<p>Sono <strong>poesie e filastrocche che parlano di donne<\/strong> e di tutte le loro qualit\u00e0. Sono infatti tantissime le particolarit\u00e0 e le sfaccettature delle donne. Esse infatti sanno essere: divertenti, allegre, indaffarate, insicure, chiacchierone, simpatiche, disponibili, amiche&#8230;<\/p>\n<p>Questa selezione \u00e8 in continua evoluzione e viene costantemente aggiornata con le nuove <strong>Filastrocche per la Festa della Donna<\/strong> che vengono aggiunte sul nostro sito.<br \/>\nPassate quindi ogni tanto a leggere le nuove filastrocche selezionate per voi!<\/p>\n<p>&nbsp;<\/p>\n<h3>Ecco le Filastrocche per la Festa della Donna<\/h3>\n<p><em>Dalla tradizione popolare o d&#8217;autore:<\/em><\/p>\n<ul>\n<li><strong><a title=\"8 Marzo di Jolanda Restano\" href=\"https:\/\/www.filastrocche.it\/contenuti\/8-marzo\/\">8 Marzo<\/a><\/strong><em> di Jolanda Restano<\/em><\/li>\n<li><a href=\"https:\/\/www.filastrocche.it\/contenuti\/8-marzo-3\/\"><strong>8 marzo<\/strong><\/a> <em>di Marzia Cabano<\/em><\/li>\n<li><strong><a title=\"A tutte le donne\" href=\"https:\/\/www.filastrocche.it\/contenuti\/a-tutte-le-donne\/\">A tutte le donne<\/a><\/strong> <em>di Alda Merini<\/em><\/li>\n<li><a href=\"https:\/\/www.filastrocche.it\/contenuti\/amate-rispettate-la-donna\/\"><strong>Amate, rispettate la donna<\/strong><\/a> <em>di Giuseppe Mazzini<\/em><\/li>\n<li><strong><a href=\"https:\/\/www.filastrocche.it\/contenuti\/come-una-regina\/\">Come una regina<\/a><\/strong> <em>di Rabindranath Tagore<\/em><\/li>\n<li><strong><a title=\"Donna\" href=\"https:\/\/www.filastrocche.it\/contenuti\/donna-7\/\">Donna<\/a><\/strong> <em>di Madre Teresa di Calcutta<\/em><\/li>\n<li><strong><a href=\"https:\/\/www.filastrocche.it\/contenuti\/donna-9\/\">Donna<\/a><\/strong> <em>di Giuseppe Ungaretti<\/em><\/li>\n<li><strong><a title=\"Donna\" href=\"https:\/\/www.filastrocche.it\/contenuti\/donna-8\/\">Donna<\/a><\/strong> <em>di Rabindranath Tagore<\/em><\/li>\n<li><a href=\"https:\/\/www.filastrocche.it\/contenuti\/donna-10\/\"><strong>Donna<\/strong><\/a> <em>di Eliomar Ribeiro de Souza<\/em> <em><a href=\"https:\/\/www.filastrocche.it\/feste\/wp-content\/uploads\/2012\/08\/novita11.gif\"><img loading=\"lazy\" decoding=\"async\" width=\"53\" height=\"13\" class=\"alignnone size-full wp-image-10721\" src=\"https:\/\/www.filastrocche.it\/feste\/wp-content\/uploads\/2012\/08\/novita11.gif\" alt=\"novita1\"   \/><\/a><\/em><\/li>\n<li><a href=\"https:\/\/www.filastrocche.it\/contenuti\/filastrocca-della-donna-e-della-mimosa\/\"><strong>Filastrocca della donna e della mimosa<\/strong><\/a> <em>di Mimmo M\u00f2llica<\/em> <em><a href=\"https:\/\/www.filastrocche.it\/feste\/wp-content\/uploads\/2012\/08\/novita11.gif\"><img loading=\"lazy\" decoding=\"async\" width=\"53\" height=\"13\" class=\"alignnone size-full wp-image-10721\" src=\"https:\/\/www.filastrocche.it\/feste\/wp-content\/uploads\/2012\/08\/novita11.gif\" alt=\"novita1\"   \/><\/a><\/em><\/li>\n<li><a href=\"https:\/\/www.filastrocche.it\/contenuti\/filastrocca-della-donna-e-del-lavoro\/\"><strong>Filastrocca della donna e del lavoro<\/strong><\/a> <em>di Mimmo M\u00f2llica<\/em> <em><a href=\"https:\/\/www.filastrocche.it\/feste\/wp-content\/uploads\/2012\/08\/novita11.gif\"><img loading=\"lazy\" decoding=\"async\" width=\"53\" height=\"13\" class=\"alignnone size-full wp-image-10721\" src=\"https:\/\/www.filastrocche.it\/feste\/wp-content\/uploads\/2012\/08\/novita11.gif\" alt=\"novita1\"   \/><\/a><\/em><\/li>\n<li><a href=\"https:\/\/www.filastrocche.it\/contenuti\/falo-delle-mimose\/\"><strong>Il fal\u00f2 delle mimose<\/strong><\/a> <em>di Marco Platti<\/em><\/li>\n<li><a href=\"https:\/\/www.filastrocche.it\/contenuti\/il-piu-bel-fiore-della-primavera\/\"><strong>Il pi\u00f9 bel fiore della primavera<\/strong><\/a> <em>di Alda Merini<\/em><\/li>\n<li><strong><a href=\"https:\/\/www.filastrocche.it\/contenuti\/il-segreto-delle-donne\/\">Il segreto delle donne<\/a><\/strong> <em>di Jolanda Restano<\/em><\/li>\n<li><a href=\"https:\/\/www.filastrocche.it\/contenuti\/in-piedi-signori-davanti-a-una-donna-2\/\"><strong>In piedi Signori davanti a una Donna<\/strong><\/a><\/li>\n<li><strong><a href=\"https:\/\/www.filastrocche.it\/contenuti\/inno-alla-donna\/\">Inno alla donna<\/a><\/strong> <em>di Alda Merini<\/em><\/li>\n<li><a href=\"https:\/\/www.filastrocche.it\/contenuti\/armadio-dei-sorrisi\/\"><strong>L&#8217;armadio dei sorrisi<\/strong><\/a> <em>di Enrica Tesio<\/em><\/li>\n<li><a href=\"https:\/\/www.filastrocche.it\/contenuti\/lavventura-di-essere-donna\/\"><strong>L&#8217;avventura di essere donna<\/strong><\/a> <em>di Oriana Fallaci<\/em><\/li>\n<li><a href=\"https:\/\/www.filastrocche.it\/contenuti\/borsa-delle-donne\/\"><strong>La borsa delle donne<\/strong><\/a> <em>di Enrica Tesio<\/em><\/li>\n<li><a href=\"https:\/\/www.filastrocche.it\/contenuti\/la-mimosa\/\"><strong>La mimosa<\/strong><\/a> <em>di Pablo Neruda<\/em><\/li>\n<li><a href=\"https:\/\/www.filastrocche.it\/contenuti\/lavorare-o-accudire\/\"><strong>Lavorare o accudire?<\/strong><\/a> <em>di Jolanda Restano <a href=\"https:\/\/www.filastrocche.it\/feste\/wp-content\/uploads\/2012\/08\/novita11.gif\"><img loading=\"lazy\" decoding=\"async\" width=\"53\" height=\"13\" class=\"alignnone size-full wp-image-10721\" src=\"https:\/\/www.filastrocche.it\/feste\/wp-content\/uploads\/2012\/08\/novita11.gif\" alt=\"\"   \/><\/a><\/em><\/li>\n<li><strong><a href=\"https:\/\/www.filastrocche.it\/contenuti\/lo-sguardo-delle-donne\/\">Lo sguardo delle donne<\/a><\/strong> <em>di Roberto Benigni<\/em><\/li>\n<li><a href=\"https:\/\/www.filastrocche.it\/contenuti\/mimosa-2\/\"><strong>Mimosa<\/strong><\/a> <em>di Lina Poretto<\/em> <em><a href=\"https:\/\/www.filastrocche.it\/feste\/wp-content\/uploads\/2012\/08\/novita11.gif\"><img loading=\"lazy\" decoding=\"async\" width=\"53\" height=\"13\" class=\"alignnone size-full wp-image-10721\" src=\"https:\/\/www.filastrocche.it\/feste\/wp-content\/uploads\/2012\/08\/novita11.gif\" alt=\"novita1\"   \/><\/a><\/em><\/li>\n<li><strong><a href=\"https:\/\/www.filastrocche.it\/contenuti\/primavera-54\/\">Primavera<\/a><\/strong> <em>di Pablo Neruda<\/em><\/li>\n<li><a href=\"https:\/\/www.filastrocche.it\/contenuti\/sorridi-donna\/\"><strong>Sorridi donna<\/strong><\/a> <em>di Alda Merini<\/em><\/li>\n<li><a href=\"https:\/\/www.filastrocche.it\/contenuti\/ti-meriti-un-amore\/\"><strong>Ti meriti un amore<\/strong><\/a> <em>di Frida Kahlo<\/em> <em><a href=\"https:\/\/www.filastrocche.it\/feste\/wp-content\/uploads\/2012\/08\/novita11.gif\"><img loading=\"lazy\" decoding=\"async\" width=\"53\" height=\"13\" class=\"alignnone size-full wp-image-10721\" src=\"https:\/\/www.filastrocche.it\/feste\/wp-content\/uploads\/2012\/08\/novita11.gif\" alt=\"novita1\"   \/><\/a><\/em><\/li>\n<li><strong><a href=\"https:\/\/www.filastrocche.it\/contenuti\/tu-non-sei-i-tuoi-anni\/\">Tu non sei i tuoi anni<\/a><\/strong> <em>di Ernest Hemingway<\/em><\/li>\n<li><a href=\"https:\/\/www.filastrocche.it\/contenuti\/volto-di-donna\/\"><strong>Volto di donna<\/strong><\/a> <em>di Rainer Maria Rilke<\/em><\/li>\n<\/ul>\n<p>&nbsp;<\/p>\n<p><em>Inviate dai visitatori del sito:<\/em><\/p>\n<ul>\n<li><a href=\"https:\/\/www.filastrocche.it\/contenuti\/8-marzo-2\/\"><strong>8 Marzo<\/strong><\/a><\/li>\n<li><strong><a title=\"8 Marzo 2003: a tutte le Donne\" href=\"https:\/\/www.filastrocche.it\/contenuti\/8-marzo-2003-a-tutte-le-donne\/\">8 Marzo 2003: a tutte le Donne<\/a><\/strong><\/li>\n<li><strong><a href=\"https:\/\/www.filastrocche.it\/contenuti\/a-tutte-le-donne-2\/\">A tutte le donne<\/a><\/strong><\/li>\n<li><strong><a title=\"Buon 8 Marzo\" href=\"https:\/\/www.filastrocche.it\/contenuti\/buon-8-marzo\/\">Buon 8 Marzo<\/a><\/strong> <em>di Michele Luongo<\/em><\/li>\n<li><a href=\"https:\/\/www.filastrocche.it\/contenuti\/cose-una-donna\/\"><strong>Che cos&#8217;\u00e8 una donna?<\/strong><\/a><\/li>\n<li><a href=\"https:\/\/www.filastrocche.it\/contenuti\/delicate-con-amore\/\"><strong>Delicate con amore<\/strong><\/a><\/li>\n<li><a href=\"https:\/\/www.filastrocche.it\/contenuti\/donna-di-mille-forme\/\"><strong>Donna di mille forme<\/strong><\/a><\/li>\n<li><a href=\"https:\/\/www.filastrocche.it\/contenuti\/donna-vita-liberta\/\"><strong>Donna Vita Libert\u00e0<\/strong><\/a> <em>di Claudio De Lutio<\/em> <em><a href=\"https:\/\/www.filastrocche.it\/feste\/wp-content\/uploads\/2012\/08\/novita11.gif\"><img loading=\"lazy\" decoding=\"async\" width=\"53\" height=\"13\" class=\"alignnone size-full wp-image-10721\" src=\"https:\/\/www.filastrocche.it\/feste\/wp-content\/uploads\/2012\/08\/novita11.gif\" alt=\"novita1\"   \/><\/a><\/em><\/li>\n<li><strong><a title=\"Donne\" href=\"https:\/\/www.filastrocche.it\/contenuti\/donne-2\/\">Donne<\/a><\/strong><\/li>\n<li><strong><a title=\"Donne felici\" href=\"https:\/\/www.filastrocche.it\/contenuti\/donne-felici\/\">Donne felici<\/a><\/strong><\/li>\n<li><strong><a title=\"Donne, donne, donne\" href=\"https:\/\/www.filastrocche.it\/contenuti\/donne-donne-donne\/\">Donne, donne, donne<\/a><\/strong><\/li>\n<li><strong><a title=\"Festa della Donna 2012\" href=\"https:\/\/www.filastrocche.it\/contenuti\/festa-della-donna-2012\/\">Festa delle Donna 2012<\/a><\/strong><\/li>\n<li><strong><a title=\"Festa delle Donne\" href=\"https:\/\/www.filastrocche.it\/contenuti\/festa-delle-donne\/\">Festa delle Donne<\/a><\/strong><\/li>\n<li><a href=\"https:\/\/www.filastrocche.it\/contenuti\/festa-delle-donne-2018\/\"><strong>Festa delle donne 2018<\/strong><\/a><\/li>\n<li><strong><a title=\"Filastrocca dell'8 Marzo\" href=\"https:\/\/www.filastrocche.it\/contenuti\/filastrocca-dell8-marzo\/\">Filastrocca dell&#8217;8 Marzo<\/a><\/strong><\/li>\n<li><strong><a title=\"Le donne\" href=\"https:\/\/www.filastrocche.it\/contenuti\/le-donne\/\">Le donne<\/a><\/strong><\/li>\n<li><a href=\"https:\/\/www.filastrocche.it\/contenuti\/ogni-donna\/\"><strong>Ogni donna<\/strong><\/a><\/li>\n<\/ul>\n<p>&nbsp;<\/p>\n<p>Avete scritto anche voi delle poesie o delle filastrocche in occasione della <strong>Festa della Donna<\/strong>? <strong><a title=\"Proponi un testo a Filastrocche.it\" href=\"https:\/\/www.filastrocche.it\/contenuti\/proponi\/\">Mandatele alla Redazione<\/a> e le vedrete pubblicate sul sito!<\/strong><\/p>\n<p>&nbsp;<\/p>\n<p><a href=\"https:\/\/www.filastrocche.it\/feste\/poesie-per-la-festa-della-donna\/\"><img loading=\"lazy\" decoding=\"async\" width=\"150\" height=\"100\" class=\"alignnone wp-image-22241 size-full\" title=\"Poesie per la Festa della Donna\" src=\"https:\/\/www.filastrocche.it\/feste\/wp-content\/uploads\/2012\/08\/donne-rosa-150.jpg\" alt=\"Poesie per la Festa della Donna\"   \/><\/a><br \/>\nSe cercate le pi\u00f9 belle <a href=\"https:\/\/www.filastrocche.it\/feste\/poesie-per-la-festa-della-donna\/\"><strong>Poesie per la Festa della Donna, cliccate qui<\/strong><\/a>!<\/p>\n<p><a href=\"https:\/\/www.filastrocche.it\/feste\/filastrocche-per-la-festa-della-donna\/\"><img loading=\"lazy\" decoding=\"async\" width=\"150\" height=\"151\" class=\"alignnone wp-image-22447 size-full\" title=\"Filastrocche per la Festa della Donna\" src=\"https:\/\/www.filastrocche.it\/feste\/wp-content\/uploads\/2017\/02\/donne-icone-1-150.jpg\" alt=\"Filastrocche per la Festa della Donna\"   \/><\/a><br \/>\nSe cercate le migliori <a href=\"https:\/\/www.filastrocche.it\/feste\/filastrocche-per-la-festa-della-donna\/\"><strong>Filastrocche per la Festa della Donna, cliccate qui<\/strong><\/a>!<\/p>\n<p><a href=\"https:\/\/www.filastrocche.it\/feste\/filastrocche-e-poesie-per-la-festa-della-donna\/\"><img loading=\"lazy\" decoding=\"async\" width=\"150\" height=\"200\" class=\"alignnone wp-image-22247 size-full\" title=\"Filastrocche per la Festa della Donna\" src=\"https:\/\/www.filastrocche.it\/feste\/wp-content\/uploads\/2017\/02\/mimosa-150-copy.jpg\" alt=\"Filastrocche per la Festa della Donna\"   \/><\/a><br \/>\nSe cercate altre <a href=\"https:\/\/www.filastrocche.it\/feste\/filastrocche-e-poesie-per-la-festa-della-donna\/\"><strong>Filastrocche per la Festa della Donna, cliccate qui<\/strong><\/a>!<\/p>\n<p><a href=\"https:\/\/www.filastrocche.it\/feste\/frasi-per-la-festa-della-donna\/\"><img loading=\"lazy\" decoding=\"async\" width=\"150\" height=\"102\" class=\"alignnone wp-image-22719 size-full\" title=\"Frasi per la Festa della Donna\" src=\"https:\/\/www.filastrocche.it\/feste\/wp-content\/uploads\/2017\/03\/donne-5-150.jpg\" alt=\"Frasi per la Festa della Donna\"   \/><\/a><br \/>\nSe cercate le migliori <a href=\"https:\/\/www.filastrocche.it\/feste\/frasi-per-la-festa-della-donna\/\"><strong>Frasi per la Festa della Donna, cliccate qui<\/strong><\/a>!<\/p>\n<p><a href=\"https:\/\/www.filastrocche.it\/feste\/idee-regalo-per-la-festa-della-donna\/\"><img loading=\"lazy\" decoding=\"async\" width=\"150\" height=\"114\" class=\"alignnone wp-image-17225 size-full\" title=\"Idee regalo per la Festa della Donna\" src=\"https:\/\/www.filastrocche.it\/feste\/wp-content\/uploads\/2012\/08\/idee-regalo-festa-donna-150.jpg\" alt=\"Idee regalo per la Festa della Donna\"   \/><\/a><br \/>\nSe cercate delle <a href=\"https:\/\/www.filastrocche.it\/feste\/idee-regalo-per-la-festa-della-donna\/\"><strong>Idee regalo per la Festa della Donna, cliccate qui<\/strong><\/a>!<\/p>\n<p>&nbsp;<\/p>\n<p><a href=\"https:\/\/www.filastrocche.it\/feste\/speciale-festa-delle-donne\/\"><img loading=\"lazy\" decoding=\"async\" width=\"252\" height=\"45\" class=\"alignnone wp-image-6051 size-full\" title=\"Speciale Festa delle Donna\" src=\"https:\/\/www.filastrocche.it\/feste\/wp-content\/uploads\/2012\/07\/scritta_specialefestadonna.gif\" alt=\"Speciale Festa delle Donna\"   \/><\/a><br \/>\n<a href=\"https:\/\/www.filastrocche.it\/feste\/speciale-festa-delle-donne\/\"><strong>Visita lo Speciale Festa delle Donna<\/strong><\/a><\/p>\n","protected":false},"excerpt":{"rendered":"<p>Le pi\u00f9 belle Filastrocche per la Festa della Donna La donna, si sa, ha da sempre ispirato poeti e scrittori che le hanno dedicato testi e odi d&#8217;amore, ma non solo. L&#8217;altra met\u00e0 del cielo \u00e8 infatti da sempre una formidabile fonte di ispirazione! Cos\u00ec, in occasione della Festa della Donna, che cade l&#8217;8 marzo [&hellip;]<\/p>\n","protected":false},"author":5,"featured_media":2111,"comment_status":"open","ping_status":"open","sticky":false,"template":"","format":"standard","meta":{"footnotes":""},"categories":[281,309],"tags":[287,285,1355,221,225,223],"sponsors":[],"class_list":["post-2109","post","type-post","status-publish","format-standard","has-post-thumbnail","hentry","category-festa-della-donna","category-poesie-e-filastrocche","tag-donna","tag-festa","tag-festa-della-donna-2","tag-filastrocche","tag-poesie","tag-rime"],"yoast_head":"<!-- This site is optimized with the Yoast SEO plugin v26.2 - https:\/\/yoast.com\/wordpress\/plugins\/seo\/ -->\n<title>Filastrocche per la Festa della Donna e poesie - Filastrocche.it<\/title>\n<meta name=\"description\" content=\"Filastrocche per la Festa della Donna e poesie: una selezione dei migliori testi dedicati all&#039;altra met\u00e0 del cielo! Inviateci anche le vostre verranno...\" \/>\n<meta name=\"robots\" content=\"index, follow, max-snippet:-1, max-image-preview:large, max-video-preview:-1\" \/>\n<link rel=\"canonical\" href=\"https:\/\/www.filastrocche.it\/feste\/filastrocche-e-poesie-per-la-festa-della-donna\/\" \/>\n<meta property=\"og:locale\" content=\"it_IT\" \/>\n<meta property=\"og:type\" content=\"article\" \/>\n<meta property=\"og:title\" content=\"Filastrocche per la Festa della Donna e poesie - Filastrocche.it\" \/>\n<meta property=\"og:description\" content=\"Filastrocche per la Festa della Donna e poesie: una selezione dei migliori testi dedicati all&#039;altra met\u00e0 del cielo! Inviateci anche le vostre verranno...\" \/>\n<meta property=\"og:url\" content=\"https:\/\/www.filastrocche.it\/feste\/filastrocche-e-poesie-per-la-festa-della-donna\/\" \/>\n<meta property=\"og:site_name\" content=\"Filastrocche.it\" \/>\n<meta property=\"article:author\" content=\"http:\/\/www.facebook.com\/jolanda.restano\" \/>\n<meta property=\"article:published_time\" content=\"2012-08-06T17:07:42+00:00\" \/>\n<meta property=\"article:modified_time\" content=\"2024-03-06T10:24:45+00:00\" \/>\n<meta property=\"og:image\" content=\"https:\/\/www.filastrocche.it\/feste\/wp-content\/uploads\/2012\/07\/festa_della_donna_mimosa2.jpg\" \/>\n\t<meta property=\"og:image:width\" content=\"300\" \/>\n\t<meta property=\"og:image:height\" content=\"241\" \/>\n\t<meta property=\"og:image:type\" content=\"image\/jpeg\" \/>\n<meta name=\"author\" content=\"Jolanda\" \/>\n<meta name=\"twitter:label1\" content=\"Scritto da\" \/>\n\t<meta name=\"twitter:data1\" content=\"Jolanda\" \/>\n\t<meta name=\"twitter:label2\" content=\"Tempo di lettura stimato\" \/>\n\t<meta name=\"twitter:data2\" content=\"6 minuti\" \/>\n<!-- \/ Yoast SEO plugin. -->","yoast_head_json":{"title":"Filastrocche per la Festa della Donna e poesie - Filastrocche.it","description":"Filastrocche per la Festa della Donna e poesie: una selezione dei migliori testi dedicati all'altra met\u00e0 del cielo! Inviateci anche le vostre verranno...","robots":{"index":"index","follow":"follow","max-snippet":"max-snippet:-1","max-image-preview":"max-image-preview:large","max-video-preview":"max-video-preview:-1"},"canonical":"https:\/\/www.filastrocche.it\/feste\/filastrocche-e-poesie-per-la-festa-della-donna\/","og_locale":"it_IT","og_type":"article","og_title":"Filastrocche per la Festa della Donna e poesie - Filastrocche.it","og_description":"Filastrocche per la Festa della Donna e poesie: una selezione dei migliori testi dedicati all'altra met\u00e0 del cielo! Inviateci anche le vostre verranno...","og_url":"https:\/\/www.filastrocche.it\/feste\/filastrocche-e-poesie-per-la-festa-della-donna\/","og_site_name":"Filastrocche.it","article_author":"http:\/\/www.facebook.com\/jolanda.restano","article_published_time":"2012-08-06T17:07:42+00:00","article_modified_time":"2024-03-06T10:24:45+00:00","og_image":[{"width":300,"height":241,"url":"https:\/\/www.filastrocche.it\/feste\/wp-content\/uploads\/2012\/07\/festa_della_donna_mimosa2.jpg","type":"image\/jpeg"}],"author":"Jolanda","twitter_misc":{"Scritto da":"Jolanda","Tempo di lettura stimato":"6 minuti"},"schema":{"@context":"https:\/\/schema.org","@graph":[{"@type":"WebPage","@id":"https:\/\/www.filastrocche.it\/feste\/filastrocche-e-poesie-per-la-festa-della-donna\/","url":"https:\/\/www.filastrocche.it\/feste\/filastrocche-e-poesie-per-la-festa-della-donna\/","name":"Filastrocche per la Festa della Donna e poesie - Filastrocche.it","isPartOf":{"@id":"https:\/\/www.filastrocche.it\/feste\/#website"},"primaryImageOfPage":{"@id":"https:\/\/www.filastrocche.it\/feste\/filastrocche-e-poesie-per-la-festa-della-donna\/#primaryimage"},"image":{"@id":"https:\/\/www.filastrocche.it\/feste\/filastrocche-e-poesie-per-la-festa-della-donna\/#primaryimage"},"thumbnailUrl":"https:\/\/www.filastrocche.it\/feste\/wp-content\/uploads\/2012\/07\/festa_della_donna_mimosa2.jpg","datePublished":"2012-08-06T17:07:42+00:00","dateModified":"2024-03-06T10:24:45+00:00","author":{"@id":"https:\/\/www.filastrocche.it\/feste\/#\/schema\/person\/13a7995b740342851d3a3c001f9dd658"},"description":"Filastrocche per la Festa della Donna e poesie: una selezione dei migliori testi dedicati all'altra met\u00e0 del cielo! Inviateci anche le vostre verranno...","breadcrumb":{"@id":"https:\/\/www.filastrocche.it\/feste\/filastrocche-e-poesie-per-la-festa-della-donna\/#breadcrumb"},"inLanguage":"it-IT","potentialAction":[{"@type":"ReadAction","target":["https:\/\/www.filastrocche.it\/feste\/filastrocche-e-poesie-per-la-festa-della-donna\/"]}]},{"@type":"ImageObject","inLanguage":"it-IT","@id":"https:\/\/www.filastrocche.it\/feste\/filastrocche-e-poesie-per-la-festa-della-donna\/#primaryimage","url":"https:\/\/www.filastrocche.it\/feste\/wp-content\/uploads\/2012\/07\/festa_della_donna_mimosa2.jpg","contentUrl":"https:\/\/www.filastrocche.it\/feste\/wp-content\/uploads\/2012\/07\/festa_della_donna_mimosa2.jpg","width":"300","height":"241"},{"@type":"BreadcrumbList","@id":"https:\/\/www.filastrocche.it\/feste\/filastrocche-e-poesie-per-la-festa-della-donna\/#breadcrumb","itemListElement":[{"@type":"ListItem","position":1,"name":"Home","item":"https:\/\/www.filastrocche.it\/feste\/"},{"@type":"ListItem","position":2,"name":"Le migliori Filastrocche per la Festa della Donna"}]},{"@type":"WebSite","@id":"https:\/\/www.filastrocche.it\/feste\/#website","url":"https:\/\/www.filastrocche.it\/feste\/","name":"Filastrocche.it","description":"Festeggiamo in famiglia","potentialAction":[{"@type":"SearchAction","target":{"@type":"EntryPoint","urlTemplate":"https:\/\/www.filastrocche.it\/feste\/?s={search_term_string}"},"query-input":{"@type":"PropertyValueSpecification","valueRequired":true,"valueName":"search_term_string"}}],"inLanguage":"it-IT"},{"@type":"Person","@id":"https:\/\/www.filastrocche.it\/feste\/#\/schema\/person\/13a7995b740342851d3a3c001f9dd658","name":"Jolanda","image":{"@type":"ImageObject","inLanguage":"it-IT","@id":"https:\/\/www.filastrocche.it\/feste\/#\/schema\/person\/image\/","url":"https:\/\/secure.gravatar.com\/avatar\/1b1f38df48384d8f75481e92c0cbf9e3494d37f3cf35cd02b0f5cba7d63f7349?s=96&d=mm&r=g","contentUrl":"https:\/\/secure.gravatar.com\/avatar\/1b1f38df48384d8f75481e92c0cbf9e3494d37f3cf35cd02b0f5cba7d63f7349?s=96&d=mm&r=g","caption":"Jolanda"},"sameAs":["http:\/\/www.facebook.com\/jolanda.restano","https:\/\/x.com\/jolandarestano"],"url":"https:\/\/www.filastrocche.it\/feste\/author\/jolanda\/"}]}},"_links":{"self":[{"href":"https:\/\/www.filastrocche.it\/feste\/wp-json\/wp\/v2\/posts\/2109","targetHints":{"allow":["GET"]}}],"collection":[{"href":"https:\/\/www.filastrocche.it\/feste\/wp-json\/wp\/v2\/posts"}],"about":[{"href":"https:\/\/www.filastrocche.it\/feste\/wp-json\/wp\/v2\/types\/post"}],"author":[{"embeddable":true,"href":"https:\/\/www.filastrocche.it\/feste\/wp-json\/wp\/v2\/users\/5"}],"replies":[{"embeddable":true,"href":"https:\/\/www.filastrocche.it\/feste\/wp-json\/wp\/v2\/comments?post=2109"}],"version-history":[{"count":4,"href":"https:\/\/www.filastrocche.it\/feste\/wp-json\/wp\/v2\/posts\/2109\/revisions"}],"predecessor-version":[{"id":31695,"href":"https:\/\/www.filastrocche.it\/feste\/wp-json\/wp\/v2\/posts\/2109\/revisions\/31695"}],"wp:featuredmedia":[{"embeddable":true,"href":"https:\/\/www.filastrocche.it\/feste\/wp-json\/wp\/v2\/media\/2111"}],"wp:attachment":[{"href":"https:\/\/www.filastrocche.it\/feste\/wp-json\/wp\/v2\/media?parent=2109"}],"wp:term":[{"taxonomy":"category","embeddable":true,"href":"https:\/\/www.filastrocche.it\/feste\/wp-json\/wp\/v2\/categories?post=2109"},{"taxonomy":"post_tag","embeddable":true,"href":"https:\/\/www.filastrocche.it\/feste\/wp-json\/wp\/v2\/tags?post=2109"},{"taxonomy":"sponsors","embeddable":true,"href":"https:\/\/www.filastrocche.it\/feste\/wp-json\/wp\/v2\/sponsors?post=2109"}],"curies":[{"name":"wp","href":"https:\/\/api.w.org\/{rel}","templated":true}]}}