{"id":30181,"date":"2017-12-13T15:36:09","date_gmt":"2017-12-13T14:36:09","guid":{"rendered":"https:\/\/www.filastrocche.it\/feste\/?p=30181"},"modified":"2023-01-18T17:23:35","modified_gmt":"2023-01-18T16:23:35","slug":"speciale-befana","status":"publish","type":"post","link":"https:\/\/www.filastrocche.it\/feste\/speciale-befana\/","title":{"rendered":"Speciale Befana e Epifania"},"content":{"rendered":"<p><a href=\"https:\/\/www.filastrocche.it\/feste\/wp-content\/uploads\/2017\/12\/speciale-epifania.jpg\"><img loading=\"lazy\" decoding=\"async\" width=\"550\" height=\"550\" class=\"aligncenter wp-image-41641 size-full\" title=\"Speciale Epifania\" src=\"https:\/\/www.filastrocche.it\/feste\/wp-content\/uploads\/2017\/12\/speciale-epifania.jpg\" alt=\"Speciale Epifania\" srcset=\"https:\/\/www.filastrocche.it\/feste\/wp-content\/uploads\/2017\/12\/speciale-epifania.jpg 550w, https:\/\/www.filastrocche.it\/feste\/wp-content\/uploads\/2017\/12\/speciale-epifania-300x300.jpg 300w, https:\/\/www.filastrocche.it\/feste\/wp-content\/uploads\/2017\/12\/speciale-epifania-150x150.jpg 150w\" sizes=\"auto, (max-width: 550px) 100vw, 550px\" \/><\/a><\/p>\n<h2>L&#8217;incredibile <strong>Speciale Befana e Epifania<\/strong> pieno di lavoretti, creazioni, decorazioni, idee regalo, poesie, filastrocche<\/h2>\n<p>Cos&#8217;\u00e8 lo <strong>Speciale Befana e Epifania<\/strong>?<br \/>\nLo <strong>Speciale Befana e Epifania<\/strong> \u00e8 una pagina di raccolta di tutto ci\u00f2 che avete a disposizione su Filastrocche.it per la magica Festa che cade <strong>ogni anno nella notte tra il 5 e il 6 gennaio<\/strong>!<\/p>\n<p>Le risorse a disposizione sono <strong>suddivise in capitoletti<\/strong>.<\/p>\n<p>Lavoretti e passatempi, poesie, rime, filastrocche, ricette, approfondimenti su tradizioni, leggende, storie&#8230; tutto collegato a Befana e Epifania!<\/p>\n<p>Insomma tantissimo materiale utile e creativo <strong>per festeggiare l&#8217;arrivo della Befana e l&#8217;Epifania<\/strong> in allegria e spensieratezza!<\/p>\n<p><a href=\"https:\/\/www.filastrocche.it\/feste\/wp-content\/uploads\/2017\/12\/speciale-befana.jpg\"><img loading=\"lazy\" decoding=\"async\" width=\"550\" height=\"550\" class=\"aligncenter wp-image-41640 size-full\" title=\"Speciale Befana\" src=\"https:\/\/www.filastrocche.it\/feste\/wp-content\/uploads\/2017\/12\/speciale-befana.jpg\" alt=\"Speciale Befana\" srcset=\"https:\/\/www.filastrocche.it\/feste\/wp-content\/uploads\/2017\/12\/speciale-befana.jpg 550w, https:\/\/www.filastrocche.it\/feste\/wp-content\/uploads\/2017\/12\/speciale-befana-300x300.jpg 300w, https:\/\/www.filastrocche.it\/feste\/wp-content\/uploads\/2017\/12\/speciale-befana-150x150.jpg 150w\" sizes=\"auto, (max-width: 550px) 100vw, 550px\" \/><\/a><\/p>\n<p>&nbsp;<\/p>\n<h2>Ecco ci\u00f2 che avete a disposizione nello <strong>Speciale Befana e Epifania<\/strong>!<\/h2>\n<p>&nbsp;<\/p>\n<h3><strong>Filastrocche, Rime e Poesie sulla Befana e l&#8217;Epifania<\/strong><\/h3>\n<ul>\n<li><a href=\"https:\/\/www.filastrocche.it\/feste\/filastrocche-su-epifania\/\"><strong>Filastrocche su Epifania, Re Magi e stella cometa<\/strong><\/a><\/li>\n<li><a href=\"https:\/\/www.filastrocche.it\/feste\/poesie-su-epifania\/\"><strong>Poesie su Epifania, Re Magi e stella cometa<\/strong><\/a><\/li>\n<li><a href=\"https:\/\/www.filastrocche.it\/feste\/filastrocche-sulla-befana\/\"><strong>Filastrocche sulla Befana<\/strong><\/a><\/li>\n<li><a href=\"https:\/\/www.filastrocche.it\/feste\/poesie-sulla-befana\/\"><strong>Poesie sulla Befana<\/strong><\/a><\/li>\n<li><a href=\"https:\/\/www.filastrocche.it\/feste\/filastrocche-sulla-befana-e-sullepifania-scritte-dagli-utenti\/\"><strong>Filastrocche composte dagli utenti<\/strong><\/a><\/li>\n<li><a href=\"https:\/\/www.filastrocche.it\/feste\/filastrocche-tradizionali-sulla-befana-e-sulla-epifania\/\"><strong>Filastrocche della tradizione popolare<\/strong><\/a><\/li>\n<li><a href=\"https:\/\/www.filastrocche.it\/contenuti\/indovinelli-per-caccia-al-tesoro-dell-epifania\/\"><strong>Indovinelli per Caccia al Tesoro dell\u2019Epifania<\/strong><\/a> <a href=\"https:\/\/www.filastrocche.it\/feste\/wp-content\/uploads\/2012\/08\/novita11.gif\"><img loading=\"lazy\" decoding=\"async\" width=\"53\" height=\"13\" class=\"alignnone size-full wp-image-10721\" src=\"https:\/\/www.filastrocche.it\/feste\/wp-content\/uploads\/2012\/08\/novita11.gif\" alt=\"\"   \/><\/a><\/li>\n<\/ul>\n<p>&nbsp;<\/p>\n<h3><strong>Lavoretti per la Befana<\/strong> e l&#8217;Epifania<\/h3>\n<ul>\n<li><a href=\"https:\/\/www.filastrocche.it\/contenuti\/come-fare-calze-della-befana-di-carta\/\"><strong>Calze della Befana di carta fai da te<\/strong><\/a><\/li>\n<li><a href=\"https:\/\/www.filastrocche.it\/feste\/decorazioni-per-la-befana-copri-barra-di-cioccolato\/\"><strong>Copri barra di cioccolato della Befana<\/strong><\/a><\/li>\n<li><a href=\"https:\/\/www.filastrocche.it\/feste\/etichette-per-lepifania-decora-i-dolci-per-la-befana\/\"><strong>Etichette per i dolci della Befana<\/strong><\/a><\/li>\n<li><a href=\"https:\/\/www.filastrocche.it\/feste\/poesie-in-cornice-per-natale\/\"><strong>Le poesie in cornice per l&#8217;Epifania<\/strong><\/a><\/li>\n<li><a href=\"https:\/\/www.filastrocche.it\/contenuti\/lavoretto-per-la-befana-scopa-porta-caramelle\/\"><strong>Scopa porta caramelle<\/strong><\/a><\/li>\n<\/ul>\n<p>&nbsp;<\/p>\n<h3>Epifania a tavola<\/h3>\n<ul>\n<li><a href=\"https:\/\/www.filastrocche.it\/feste\/ricette-per-lepifania\/\"><strong>Ricette per l&#8217;Epifania<\/strong><\/a><\/li>\n<li><a href=\"https:\/\/www.filastrocche.it\/contenuti\/carbone-dolce\/\"><strong>Carbone dolce fatto in casa<\/strong><\/a><\/li>\n<\/ul>\n<p>&nbsp;<\/p>\n<h3>Approfondimenti legati alle tradizioni su <strong>Befana<\/strong> ed Epifania<\/h3>\n<ul>\n<li><a href=\"https:\/\/www.filastrocche.it\/feste\/i-dolci-dei-re-magi\/\"><strong>I dolci dei Re Magi<\/strong><\/a><\/li>\n<li><a href=\"https:\/\/www.filastrocche.it\/feste\/i-tre-re-magi\/\"><strong>I tre Re Magi<\/strong><\/a><\/li>\n<li><a href=\"https:\/\/www.filastrocche.it\/feste\/la-leggenda-della-befana\/\"><strong>La leggenda della Befana<\/strong><\/a><\/li>\n<li><a href=\"https:\/\/www.filastrocche.it\/feste\/lepifania-nel-mondo\/\"><strong>L&#8217;Epifania nel mondo<\/strong><\/a><\/li>\n<li><a href=\"https:\/\/www.filastrocche.it\/feste\/storia-e-origine-dellepifania\/\"><strong>Storia e origine dell&#8217;Epifania<\/strong><\/a><\/li>\n<\/ul>\n<p>&nbsp;<\/p>\n<h3><strong>EBook gratuito<\/strong><\/h3>\n<ul>\n<li><a href=\"https:\/\/www.filastrocche.it\/feste\/gli-e-book-di-natale\/\"><strong>Rime per l&#8217;Epifania<\/strong><\/a><\/li>\n<\/ul>\n<p>&nbsp;<\/p>\n<p>Vi \u00e8 piaciuto il nostro <strong>Speciale Befana e Epifania<\/strong>?<br \/>\nRaccontatelo ai vostri amici e invitateli a venire a trovarci!<\/p>\n<p><strong>Buona Epifania a tutti!<\/strong><\/p>\n<p>&nbsp;<\/p>\n<p><a href=\"https:\/\/www.filastrocche.it\/feste\/filastrocche-sulla-befana\/\"><img loading=\"lazy\" decoding=\"async\" width=\"150\" height=\"132\" class=\"alignnone wp-image-28197 size-full\" title=\"Filastrocche sulla Befana\" src=\"https:\/\/www.filastrocche.it\/feste\/wp-content\/uploads\/2017\/11\/befana-calze-150.jpg\" alt=\"Filastrocche sulla Befana\"   \/><\/a><a href=\"https:\/\/www.filastrocche.it\/feste\/wp-content\/uploads\/2017\/11\/befana-calze-150.jpg\"><br \/>\n<\/a>Per le pi\u00f9 belle <a href=\"https:\/\/www.filastrocche.it\/feste\/filastrocche-sulla-befana\/\"><strong>Filastrocche sulla Befana, clicca qui<\/strong><\/a>!<\/p>\n<p><a href=\"https:\/\/www.filastrocche.it\/feste\/poesie-sulla-befana\/\"><img loading=\"lazy\" decoding=\"async\" width=\"150\" height=\"150\" class=\"alignnone wp-image-21001 size-full\" title=\"Poesie sulla Befana\" src=\"https:\/\/www.filastrocche.it\/feste\/wp-content\/uploads\/2015\/11\/befana-calze-citta-150.jpg\" alt=\"Poesie sulla Befana\"   \/><\/a><br \/>\nPer le migliori <a href=\"https:\/\/www.filastrocche.it\/feste\/poesie-sulla-befana\/\"><strong>Poesie sulla Befana<\/strong>, <strong>clicca qui<\/strong><\/a>!<\/p>\n<p>&nbsp;<\/p>\n<p><a href=\"https:\/\/www.filastrocche.it\/feste\/poesie-su-epifania\/\"><img loading=\"lazy\" decoding=\"async\" width=\"150\" height=\"150\" class=\"alignnone wp-image-21033 size-full\" title=\"Poesie su Epifania\" src=\"https:\/\/www.filastrocche.it\/feste\/wp-content\/uploads\/2016\/12\/epifania-re-magi-cometa-150.jpg\" alt=\"Poesie su Epifania\"   \/><\/a><br \/>\nPer le pi\u00f9 belle <a href=\"https:\/\/www.filastrocche.it\/feste\/poesie-su-epifania\/\"><strong>Poesie su Epifania, Re Magi e Stella Cometa<\/strong>, <strong>cliccate qui<\/strong><\/a>!<\/p>\n<p><a href=\"https:\/\/www.filastrocche.it\/feste\/filastrocche-su-epifania\/\"><img loading=\"lazy\" decoding=\"async\" width=\"150\" height=\"150\" class=\"alignnone wp-image-28219 size-full\" title=\"Filastrocche su Epifania\" src=\"https:\/\/www.filastrocche.it\/feste\/wp-content\/uploads\/2017\/11\/re-magi-150.jpg\" alt=\"Filastrocche su Epifania\"   \/><\/a><a href=\"https:\/\/www.filastrocche.it\/feste\/wp-content\/uploads\/2017\/11\/re-magi-150.jpg\"><br \/>\n<\/a>Per le migliori <a href=\"https:\/\/www.filastrocche.it\/feste\/filastrocche-su-epifania\/\"><strong>Filastrocche su Epifania, Re Magi e stella cometa, clicca qui<\/strong><\/a>!<\/p>\n<p>&nbsp;<\/p>\n<p><a href=\"https:\/\/www.filastrocche.it\/feste\/lavoretti-per-la-befana\/\"><img loading=\"lazy\" decoding=\"async\" width=\"150\" height=\"100\" class=\"alignnone wp-image-30053 size-full\" title=\"Lavoretti per la Befana\" src=\"https:\/\/www.filastrocche.it\/feste\/wp-content\/uploads\/2017\/12\/befana-calze-2-150.jpg\" alt=\"Lavoretti per la Befana\"   \/><\/a><br \/>\nPer i migliori <a href=\"https:\/\/www.filastrocche.it\/feste\/lavoretti-per-la-befana\/\"><strong>Lavoretti per la Befana e l&#8217;Epifania, cliccate qui<\/strong><\/a>!<\/p>\n<p><a href=\"https:\/\/www.filastrocche.it\/feste\/ricette-per-lepifania\/\"><img loading=\"lazy\" decoding=\"async\" width=\"150\" height=\"178\" class=\"alignnone wp-image-30047 size-full\" title=\"Ricette per l'Epifania\" src=\"https:\/\/www.filastrocche.it\/feste\/wp-content\/uploads\/2017\/12\/natale-befana-carbone-150.jpg\" alt=\"Ricette per l'Epifania\"   \/><\/a><a href=\"https:\/\/www.filastrocche.it\/feste\/wp-content\/uploads\/2017\/12\/natale-befana-carbone-150.jpg\"><br \/>\n<\/a>Per le migliori <a href=\"https:\/\/www.filastrocche.it\/feste\/ricette-per-lepifania\/\"><strong>Ricette per l&#8217;Epifania, cliccate qui<\/strong><\/a>!<\/p>\n<p><a href=\"https:\/\/www.filastrocche.it\/feste\/befana\/\"><img loading=\"lazy\" decoding=\"async\" width=\"150\" height=\"112\" class=\"alignnone wp-image-30075 size-full\" title=\"Storie e leggende sulla Befana e Epifania\" src=\"https:\/\/www.filastrocche.it\/feste\/wp-content\/uploads\/2017\/12\/epifania-tradizioni-150.jpg\" alt=\"Storie e leggende sulla Befana e Epifania\"   \/><\/a><br \/>\nPer scoprire <a href=\"https:\/\/www.filastrocche.it\/feste\/befana\/\"><strong>Storie, Leggende e Tradizioni legate a Befana e Epifania, cliccate qui<\/strong><\/a>!<\/p>\n<p>&nbsp;<\/p>\n<p><a href=\"https:\/\/www.filastrocche.it\/feste\/filastrocche-di-capodanno\/\"><img loading=\"lazy\" decoding=\"async\" width=\"150\" height=\"99\" class=\"alignnone wp-image-20841 size-full\" title=\"Filastrocche di Capodanno\" src=\"https:\/\/www.filastrocche.it\/feste\/wp-content\/uploads\/2016\/12\/capodanno-orologio-mezzanotte-150.jpg\" alt=\"Filastrocche di Capodanno\"   \/><\/a><br \/>\nPer le pi\u00f9 belle <a href=\"https:\/\/www.filastrocche.it\/feste\/filastrocche-di-capodanno\/\"><strong>Filastrocche di Capodanno<\/strong>, <strong>cliccate qui<\/strong><\/a>!<\/p>\n<p><a href=\"https:\/\/www.filastrocche.it\/feste\/poesie-di-capodanno\/\"><img loading=\"lazy\" decoding=\"async\" width=\"150\" height=\"150\" class=\"alignnone wp-image-20833 size-full\" title=\"Poesie di Capodanno\" src=\"https:\/\/www.filastrocche.it\/feste\/wp-content\/uploads\/2016\/12\/capodanno-orologio-rosso-pallina-natale-150.jpg\" alt=\"Poesie di Capodanno\"   \/><\/a><br \/>\nPer le migliori <a href=\"https:\/\/www.filastrocche.it\/feste\/poesie-di-capodanno\/\"><strong>Poesie di Capodanno<\/strong>, <strong>cliccate qui<\/strong><\/a>!<\/p>\n<p><a href=\"https:\/\/www.filastrocche.it\/feste\/poesie-di-natale\/\"><img loading=\"lazy\" decoding=\"async\" width=\"150\" height=\"100\" class=\"alignnone wp-image-27787 size-full\" title=\"Poesie di Natale\" src=\"https:\/\/www.filastrocche.it\/feste\/wp-content\/uploads\/2017\/10\/natale-ambiente-150.jpg\" alt=\"Poesie di Natale\"   \/><\/a><br \/>\nPer le migliori <a href=\"https:\/\/www.filastrocche.it\/feste\/poesie-di-natale\/\"><strong>Poesie di Natale, clicca qui<\/strong><\/a>!<\/p>\n<p><a href=\"https:\/\/www.filastrocche.it\/feste\/filastrocche-di-natale\/\"><img loading=\"lazy\" decoding=\"async\" width=\"150\" height=\"143\" class=\"alignnone wp-image-16171 size-full\" title=\"Filastrocche di Natale\" src=\"https:\/\/www.filastrocche.it\/feste\/wp-content\/uploads\/2015\/11\/coro-bambini-natale-150.jpg\" alt=\"Filastrocche di Natale\"   \/><\/a><br \/>\nPer le pi\u00f9 belle <a href=\"https:\/\/www.filastrocche.it\/feste\/filastrocche-di-natale\/\"><strong>Filastrocche di Natale<\/strong><\/a>, <strong><a href=\"https:\/\/www.filastrocche.it\/feste\/filastrocche-di-natale\/\">clicca qui<\/a><\/strong>!<\/p>\n<p><a href=\"https:\/\/www.filastrocche.it\/feste\/canzoni-di-natale\/\"><img loading=\"lazy\" decoding=\"async\" width=\"150\" height=\"150\" class=\"alignnone wp-image-16089 size-full\" title=\"Canzoni di Natale\" src=\"https:\/\/www.filastrocche.it\/feste\/wp-content\/uploads\/2015\/11\/coro-natale-150.jpg\" alt=\"Canzoni di Natale\"   \/><\/a><br \/>\nPer le pi\u00f9 belle <strong><a href=\"https:\/\/www.filastrocche.it\/feste\/canzoni-di-natale\/\">Canzoni di Natale<\/a><\/strong>, <a href=\"https:\/\/www.filastrocche.it\/feste\/canzoni-di-natale\/\"><strong>clicca qui<\/strong><\/a>!<\/p>\n<p>&nbsp;<\/p>\n<p><a href=\"https:\/\/www.filastrocche.it\/feste\/c\/epifania-befana-remagi\/\"><strong>Visita lo Speciale Befana e Epifania!<\/strong><\/a><br \/>\n<a href=\"https:\/\/www.filastrocche.it\/feste\/c\/epifania-befana-remagi\/\"><img loading=\"lazy\" decoding=\"async\" width=\"278\" height=\"52\" class=\"alignnone wp-image-28191 size-full\" title=\"Speciale Befana e Epifania\" src=\"https:\/\/www.filastrocche.it\/feste\/wp-content\/uploads\/2017\/11\/befana.gif\" alt=\"Speciale Befana e Epifania\"   \/><\/a><\/p>\n<p><a href=\"https:\/\/www.filastrocche.it\/feste\/c\/natale\/\"><strong>Visita lo Speciale Natale!<\/strong><\/a><br \/>\n<a href=\"https:\/\/www.filastrocche.it\/feste\/c\/natale\/\"><img loading=\"lazy\" decoding=\"async\" width=\"144\" height=\"58\" class=\"alignnone wp-image-28187 size-full\" title=\"Speciale Natale\" src=\"https:\/\/www.filastrocche.it\/feste\/wp-content\/uploads\/2017\/11\/natale.gif\" alt=\"Speciale Natale\"   \/><\/a><\/p>\n<p><a href=\"https:\/\/www.filastrocche.it\/feste\/c\/capodanno\/\"><strong>Visita lo Speciale Capodanno!<\/strong><\/a><br \/>\n<a href=\"https:\/\/www.filastrocche.it\/feste\/c\/capodanno\/\"><img loading=\"lazy\" decoding=\"async\" width=\"227\" height=\"46\" class=\"alignnone wp-image-28189 size-full\" title=\"Speciale Capodanno\" src=\"https:\/\/www.filastrocche.it\/feste\/wp-content\/uploads\/2017\/11\/capodanno.gif\" alt=\"Speciale Capodanno\"   \/><\/a><\/p>\n<p>&nbsp;<\/p>\n","protected":false},"excerpt":{"rendered":"<p>L&#8217;incredibile Speciale Befana e Epifania pieno di lavoretti, creazioni, decorazioni, idee regalo, poesie, filastrocche Cos&#8217;\u00e8 lo Speciale Befana e Epifania? Lo Speciale Befana e Epifania \u00e8 una pagina di raccolta di tutto ci\u00f2 che avete a disposizione su Filastrocche.it per la magica Festa che cade ogni anno nella notte tra il 5 e il 6 [&hellip;]<\/p>\n","protected":false},"author":5,"featured_media":41641,"comment_status":"open","ping_status":"open","sticky":false,"template":"","format":"standard","meta":{"footnotes":""},"categories":[273,21,237,403,235,219],"tags":[205,227,253,71,229,221,463,225,297],"sponsors":[],"class_list":["post-30181","post","type-post","status-publish","format-standard","has-post-thumbnail","hentry","category-creiamo-con-carta-e-forbici-befana","category-epifania-befana-remagi","category-epifania-in-tavola","category-idee-regalo-befana","category-origini-storie-e-tradizioni","category-rime-e-filastrocche","tag-addobbi","tag-befana-2","tag-creazioni","tag-decorazioni","tag-epifania","tag-filastrocche","tag-lavoretti","tag-poesie","tag-regalo"],"yoast_head":"<!-- This site is optimized with the Yoast SEO plugin v26.2 - https:\/\/yoast.com\/wordpress\/plugins\/seo\/ -->\n<title>Speciale Befana e Epifania: lavoretti decorazioni filastrocche<\/title>\n<meta name=\"description\" content=\"L&#039;incredibile Speciale Befana e Epifania di Filastrocche.it pieno di lavoretti, decorazioni, idee regalo, filastrocche... e tanto altro!\" \/>\n<meta name=\"robots\" content=\"index, follow, max-snippet:-1, max-image-preview:large, max-video-preview:-1\" \/>\n<link rel=\"canonical\" href=\"https:\/\/www.filastrocche.it\/feste\/speciale-befana\/\" \/>\n<meta property=\"og:locale\" content=\"it_IT\" \/>\n<meta property=\"og:type\" content=\"article\" \/>\n<meta property=\"og:title\" content=\"Speciale Befana e Epifania: lavoretti decorazioni filastrocche\" \/>\n<meta property=\"og:description\" content=\"L&#039;incredibile Speciale Befana e Epifania di Filastrocche.it pieno di lavoretti, decorazioni, idee regalo, filastrocche... e tanto altro!\" \/>\n<meta property=\"og:url\" content=\"https:\/\/www.filastrocche.it\/feste\/speciale-befana\/\" \/>\n<meta property=\"og:site_name\" content=\"Filastrocche.it\" \/>\n<meta property=\"article:author\" content=\"http:\/\/www.facebook.com\/jolanda.restano\" \/>\n<meta property=\"article:published_time\" content=\"2017-12-13T14:36:09+00:00\" \/>\n<meta property=\"article:modified_time\" content=\"2023-01-18T16:23:35+00:00\" \/>\n<meta property=\"og:image\" content=\"https:\/\/www.filastrocche.it\/feste\/wp-content\/uploads\/2017\/12\/speciale-epifania.jpg\" \/>\n\t<meta property=\"og:image:width\" content=\"550\" \/>\n\t<meta property=\"og:image:height\" content=\"550\" \/>\n\t<meta property=\"og:image:type\" content=\"image\/jpeg\" \/>\n<meta name=\"author\" content=\"Jolanda\" \/>\n<meta name=\"twitter:label1\" content=\"Scritto da\" \/>\n\t<meta name=\"twitter:data1\" content=\"Jolanda\" \/>\n\t<meta name=\"twitter:label2\" content=\"Tempo di lettura stimato\" \/>\n\t<meta name=\"twitter:data2\" content=\"6 minuti\" \/>\n<!-- \/ Yoast SEO plugin. -->","yoast_head_json":{"title":"Speciale Befana e Epifania: lavoretti decorazioni filastrocche","description":"L'incredibile Speciale Befana e Epifania di Filastrocche.it pieno di lavoretti, decorazioni, idee regalo, filastrocche... e tanto altro!","robots":{"index":"index","follow":"follow","max-snippet":"max-snippet:-1","max-image-preview":"max-image-preview:large","max-video-preview":"max-video-preview:-1"},"canonical":"https:\/\/www.filastrocche.it\/feste\/speciale-befana\/","og_locale":"it_IT","og_type":"article","og_title":"Speciale Befana e Epifania: lavoretti decorazioni filastrocche","og_description":"L'incredibile Speciale Befana e Epifania di Filastrocche.it pieno di lavoretti, decorazioni, idee regalo, filastrocche... e tanto altro!","og_url":"https:\/\/www.filastrocche.it\/feste\/speciale-befana\/","og_site_name":"Filastrocche.it","article_author":"http:\/\/www.facebook.com\/jolanda.restano","article_published_time":"2017-12-13T14:36:09+00:00","article_modified_time":"2023-01-18T16:23:35+00:00","og_image":[{"width":550,"height":550,"url":"https:\/\/www.filastrocche.it\/feste\/wp-content\/uploads\/2017\/12\/speciale-epifania.jpg","type":"image\/jpeg"}],"author":"Jolanda","twitter_misc":{"Scritto da":"Jolanda","Tempo di lettura stimato":"6 minuti"},"schema":{"@context":"https:\/\/schema.org","@graph":[{"@type":"WebPage","@id":"https:\/\/www.filastrocche.it\/feste\/speciale-befana\/","url":"https:\/\/www.filastrocche.it\/feste\/speciale-befana\/","name":"Speciale Befana e Epifania: lavoretti decorazioni filastrocche","isPartOf":{"@id":"https:\/\/www.filastrocche.it\/feste\/#website"},"primaryImageOfPage":{"@id":"https:\/\/www.filastrocche.it\/feste\/speciale-befana\/#primaryimage"},"image":{"@id":"https:\/\/www.filastrocche.it\/feste\/speciale-befana\/#primaryimage"},"thumbnailUrl":"https:\/\/www.filastrocche.it\/feste\/wp-content\/uploads\/2017\/12\/speciale-epifania.jpg","datePublished":"2017-12-13T14:36:09+00:00","dateModified":"2023-01-18T16:23:35+00:00","author":{"@id":"https:\/\/www.filastrocche.it\/feste\/#\/schema\/person\/13a7995b740342851d3a3c001f9dd658"},"description":"L'incredibile Speciale Befana e Epifania di Filastrocche.it pieno di lavoretti, decorazioni, idee regalo, filastrocche... e tanto altro!","breadcrumb":{"@id":"https:\/\/www.filastrocche.it\/feste\/speciale-befana\/#breadcrumb"},"inLanguage":"it-IT","potentialAction":[{"@type":"ReadAction","target":["https:\/\/www.filastrocche.it\/feste\/speciale-befana\/"]}]},{"@type":"ImageObject","inLanguage":"it-IT","@id":"https:\/\/www.filastrocche.it\/feste\/speciale-befana\/#primaryimage","url":"https:\/\/www.filastrocche.it\/feste\/wp-content\/uploads\/2017\/12\/speciale-epifania.jpg","contentUrl":"https:\/\/www.filastrocche.it\/feste\/wp-content\/uploads\/2017\/12\/speciale-epifania.jpg","width":550,"height":550,"caption":"Classic three magic scene and shining star of Bethlehem."},{"@type":"BreadcrumbList","@id":"https:\/\/www.filastrocche.it\/feste\/speciale-befana\/#breadcrumb","itemListElement":[{"@type":"ListItem","position":1,"name":"Home","item":"https:\/\/www.filastrocche.it\/feste\/"},{"@type":"ListItem","position":2,"name":"Speciale Befana e Epifania"}]},{"@type":"WebSite","@id":"https:\/\/www.filastrocche.it\/feste\/#website","url":"https:\/\/www.filastrocche.it\/feste\/","name":"Filastrocche.it","description":"Festeggiamo in famiglia","potentialAction":[{"@type":"SearchAction","target":{"@type":"EntryPoint","urlTemplate":"https:\/\/www.filastrocche.it\/feste\/?s={search_term_string}"},"query-input":{"@type":"PropertyValueSpecification","valueRequired":true,"valueName":"search_term_string"}}],"inLanguage":"it-IT"},{"@type":"Person","@id":"https:\/\/www.filastrocche.it\/feste\/#\/schema\/person\/13a7995b740342851d3a3c001f9dd658","name":"Jolanda","image":{"@type":"ImageObject","inLanguage":"it-IT","@id":"https:\/\/www.filastrocche.it\/feste\/#\/schema\/person\/image\/","url":"https:\/\/secure.gravatar.com\/avatar\/1b1f38df48384d8f75481e92c0cbf9e3494d37f3cf35cd02b0f5cba7d63f7349?s=96&d=mm&r=g","contentUrl":"https:\/\/secure.gravatar.com\/avatar\/1b1f38df48384d8f75481e92c0cbf9e3494d37f3cf35cd02b0f5cba7d63f7349?s=96&d=mm&r=g","caption":"Jolanda"},"sameAs":["http:\/\/www.facebook.com\/jolanda.restano","https:\/\/x.com\/jolandarestano"],"url":"https:\/\/www.filastrocche.it\/feste\/author\/jolanda\/"}]}},"_links":{"self":[{"href":"https:\/\/www.filastrocche.it\/feste\/wp-json\/wp\/v2\/posts\/30181","targetHints":{"allow":["GET"]}}],"collection":[{"href":"https:\/\/www.filastrocche.it\/feste\/wp-json\/wp\/v2\/posts"}],"about":[{"href":"https:\/\/www.filastrocche.it\/feste\/wp-json\/wp\/v2\/types\/post"}],"author":[{"embeddable":true,"href":"https:\/\/www.filastrocche.it\/feste\/wp-json\/wp\/v2\/users\/5"}],"replies":[{"embeddable":true,"href":"https:\/\/www.filastrocche.it\/feste\/wp-json\/wp\/v2\/comments?post=30181"}],"version-history":[{"count":3,"href":"https:\/\/www.filastrocche.it\/feste\/wp-json\/wp\/v2\/posts\/30181\/revisions"}],"predecessor-version":[{"id":41936,"href":"https:\/\/www.filastrocche.it\/feste\/wp-json\/wp\/v2\/posts\/30181\/revisions\/41936"}],"wp:featuredmedia":[{"embeddable":true,"href":"https:\/\/www.filastrocche.it\/feste\/wp-json\/wp\/v2\/media\/41641"}],"wp:attachment":[{"href":"https:\/\/www.filastrocche.it\/feste\/wp-json\/wp\/v2\/media?parent=30181"}],"wp:term":[{"taxonomy":"category","embeddable":true,"href":"https:\/\/www.filastrocche.it\/feste\/wp-json\/wp\/v2\/categories?post=30181"},{"taxonomy":"post_tag","embeddable":true,"href":"https:\/\/www.filastrocche.it\/feste\/wp-json\/wp\/v2\/tags?post=30181"},{"taxonomy":"sponsors","embeddable":true,"href":"https:\/\/www.filastrocche.it\/feste\/wp-json\/wp\/v2\/sponsors?post=30181"}],"curies":[{"name":"wp","href":"https:\/\/api.w.org\/{rel}","templated":true}]}}