{"id":32027,"date":"2018-02-19T18:15:55","date_gmt":"2018-02-19T17:15:55","guid":{"rendered":"https:\/\/www.filastrocche.it\/feste\/?p=32027"},"modified":"2020-03-22T10:53:26","modified_gmt":"2020-03-22T09:53:26","slug":"speciale-festa-del-papa","status":"publish","type":"post","link":"https:\/\/www.filastrocche.it\/feste\/speciale-festa-del-papa\/","title":{"rendered":"Speciale Festa del Pap\u00e0"},"content":{"rendered":"<p><a href=\"https:\/\/www.filastrocche.it\/feste\/wp-content\/uploads\/2018\/02\/festa-del-papa-550.jpg\"><img loading=\"lazy\" decoding=\"async\" width=\"550\" height=\"652\" class=\"aligncenter wp-image-32031 size-full\" title=\"Speciale Festa del Pap\u00e0\" src=\"https:\/\/www.filastrocche.it\/feste\/wp-content\/uploads\/2018\/02\/festa-del-papa-550.jpg\" alt=\"Speciale Festa del Pap\u00e0\" srcset=\"https:\/\/www.filastrocche.it\/feste\/wp-content\/uploads\/2018\/02\/festa-del-papa-550.jpg 550w, https:\/\/www.filastrocche.it\/feste\/wp-content\/uploads\/2018\/02\/festa-del-papa-550-253x300.jpg 253w\" sizes=\"auto, (max-width: 550px) 100vw, 550px\" \/><\/a><\/p>\n<h2>Il ricchissimo <strong>Speciale Festa del Pap\u00e0<\/strong> con filastrocche, poesie, frasi, idee regalo e lavoretti per il vostro mitico Pap\u00e0!<\/h2>\n<p>Cos\u2019\u00e8 lo <strong>Speciale Festa del pap\u00e0<\/strong>?<br \/>\nLo <strong>Speciale Festa del Pap\u00e0<\/strong> \u00e8 una pagina di raccolta di tutto ci\u00f2 che avete a disposizione su Filastrocche.it per la festa del vostro mitico Pap\u00e0, con la P maiuscola!<\/p>\n<p>Le risorse che avete a disposizione sono suddivise in capitoletti in modo che siano di pi\u00f9 facile consultazione. <strong><a href=\"https:\/\/www.filastrocche.it\/feste\/filastrocche-per-la-festa-del-papa\/\">Filastrocche<\/a>, <a href=\"https:\/\/www.filastrocche.it\/feste\/frasi-per-la-festa-del-papa\/\">poesie<\/a>, <a href=\"https:\/\/www.filastrocche.it\/feste\/frasi-per-la-festa-del-papa\/\">frasi<\/a><\/strong>, anche in<a href=\"https:\/\/www.filastrocche.it\/feste\/filastrocche-in-inglese-per-la-festa-del-papa\/\"><strong> lingua inglese<\/strong><\/a>. <strong><a href=\"https:\/\/www.filastrocche.it\/feste\/lavoretti-per-la-festa-del-papa\/\">Lavoretti<\/a> e <a href=\"https:\/\/www.filastrocche.it\/feste\/idee-regalo-fai-da-te-per-la-festa-del-papa\/\">idee regalo<\/a><\/strong>. <a href=\"https:\/\/www.filastrocche.it\/feste\/le-origini-della-festa-del-papa\/\"><strong>Origini della Festa<\/strong><\/a> e tradizioni&#8230;<\/p>\n<p>Insomma tantissimo <strong>materiale utile, creativo e colorato per festeggiare il Pap\u00e0<\/strong> con gioia, allegria e divertimento per tutta la famiglia!<\/p>\n<p>&nbsp;<\/p>\n<h2>Ecco tutto ci\u00f2 che avete a disposizione nello <strong>Speciale Festa del Pap\u00e0<\/strong><\/h2>\n<p>&nbsp;<\/p>\n<h3>Filastrocche, poesie, rime, frasi per la Festa del Pap\u00e0<\/h3>\n<ul>\n<li><a href=\"https:\/\/www.filastrocche.it\/feste\/poesie-per-la-festa-del-papa\/\"><strong>Le pi\u00f9 belle Poesie per la Festa del Pap\u00e0<\/strong><\/a><\/li>\n<li><a href=\"https:\/\/www.filastrocche.it\/feste\/filastrocche-per-la-festa-del-papa\/\"><strong>Le migliori Filastrocche per la Festa del Pap\u00e0<\/strong><\/a><\/li>\n<li><a href=\"https:\/\/www.filastrocche.it\/feste\/frasi-per-la-festa-del-papa\/\"><strong>Le pi\u00f9 belle Frasi per la Festa del Pap\u00e0<\/strong><\/a><\/li>\n<li><a href=\"https:\/\/www.filastrocche.it\/leggiamo\/jolanda-restano-filastrocche-per-la-festa-del-papa\/\"><strong>Filastrocche di Jolanda Restano per la Festa del Pap\u00e0<\/strong><\/a><\/li>\n<li><a href=\"https:\/\/www.filastrocche.it\/feste\/poesie-per-il-papa\/\"><strong>Le pi\u00f9 belle Poesie per il Pap\u00e0<\/strong><\/a> <a href=\"https:\/\/www.filastrocche.it\/feste\/wp-content\/uploads\/2012\/08\/novita11.gif\"><img loading=\"lazy\" decoding=\"async\" width=\"53\" height=\"13\" class=\"alignnone size-full wp-image-10721\" src=\"https:\/\/www.filastrocche.it\/feste\/wp-content\/uploads\/2012\/08\/novita11.gif\" alt=\"\"   \/><\/a><\/li>\n<li><a href=\"https:\/\/www.filastrocche.it\/feste\/filastrocche-per-il-papa\/\"><strong>Le pi\u00f9 belle Filastrocche per il Pap\u00e0<\/strong><\/a> <a href=\"https:\/\/www.filastrocche.it\/feste\/wp-content\/uploads\/2012\/08\/novita11.gif\"><img loading=\"lazy\" decoding=\"async\" width=\"53\" height=\"13\" class=\"alignnone size-full wp-image-10721\" src=\"https:\/\/www.filastrocche.it\/feste\/wp-content\/uploads\/2012\/08\/novita11.gif\" alt=\"\"   \/><\/a><\/li>\n<li><a href=\"https:\/\/www.filastrocche.it\/feste\/filastrocche-in-inglese-per-la-festa-del-papa\/\"><strong>Filastrocche e Poesie in Inglese per la Festa del Pap\u00e0<\/strong><\/a><\/li>\n<li><a href=\"https:\/\/www.filastrocche.it\/feste\/filastrocche-per-la-festa-del-papa-tradizionali-o-dautore\/\"><strong>Filastrocche e Poesie tradizionali in Italiano per la Festa del Pap\u00e0<\/strong><\/a><\/li>\n<li><a href=\"https:\/\/www.filastrocche.it\/feste\/filastrocche-per-la-festa-del-papa-scritte-dagli-utenti-del-sito\/\"><strong>Filastrocche e Poesie in Italiano per la Festa del Pap\u00e0 scritte da voi!<\/strong><\/a><\/li>\n<\/ul>\n<p>&nbsp;<\/p>\n<h3>Idee regalo e Lavoretti per la Festa del pap\u00e0<\/h3>\n<ul>\n<li><a href=\"https:\/\/www.filastrocche.it\/feste\/decorazioni-per-la-festa-del-papa-etichette-per-regali-e-bigliettini\/\"><strong>Biglietto Chiudipacco a cravattina<\/strong><\/a><\/li>\n<li><a href=\"https:\/\/www.filastrocche.it\/contenuti\/biglietto-dauguri-a-forma-di-cellulare\/\"><strong>Biglietto d\u2019auguri a forma di cellulare<\/strong><\/a><\/li>\n<li><a href=\"https:\/\/www.filastrocche.it\/contenuti\/biglietto-dauguri-con-segnalibro\/\"><strong>Biglietto d\u2019auguri con segnalibro<\/strong><\/a><\/li>\n<li><a href=\"https:\/\/www.filastrocche.it\/contenuti\/come-creare-un-simpatico-biglietto-per-la-festa-del-papa-in-3d\/\"><strong>Biglietto di auguri in 3D per la Festa del Pap\u00e0<\/strong><\/a><\/li>\n<li><a href=\"https:\/\/www.filastrocche.it\/contenuti\/biscotti-per-il-papa\/\"><strong>Biscotti per il Pap\u00e0<\/strong><\/a><\/li>\n<li><a href=\"https:\/\/www.filastrocche.it\/feste\/la-casetta-con-le-finestrelle\/\"><strong>Casetta con le finestrelle<\/strong><\/a><\/li>\n<li><a href=\"https:\/\/www.filastrocche.it\/contenuti\/corona-da-re\/\"><strong>Corona da Re<\/strong><\/a><\/li>\n<li><a href=\"https:\/\/www.filastrocche.it\/feste\/per-festa-papa-corona-da-re-del-giorno\/\"><strong>Corona da Re del Giorno<\/strong><\/a><\/li>\n<li><a href=\"https:\/\/www.filastrocche.it\/feste\/idea-regalo-per-la-festa-del-papa-la-cravatta-con-la-filastrocca\/\"><strong>Cravatte con la filastrocca<\/strong><\/a><\/li>\n<li><a href=\"https:\/\/www.filastrocche.it\/feste\/idea-regalo-fai-da-te-per-la-festa-del-papa-cravatta-da-indossare\/\"><strong>Cravatte da indossare<\/strong><\/a><\/li>\n<li><a href=\"https:\/\/www.filastrocche.it\/feste\/biglietti-di-auguri-per-la-festa-del-papa\/\"><strong>Crea il tuo biglietto per il Pap\u00e0<\/strong><\/a><\/li>\n<li><a href=\"https:\/\/www.filastrocche.it\/contenuti\/dammi-una-mano\/\"><strong>Dammi una mano!<\/strong><\/a><\/li>\n<li><a href=\"https:\/\/www.filastrocche.it\/feste\/diplomi\/\"><strong>Diploma di &#8220;Pap\u00e0 migliore del mondo&#8221;<\/strong><\/a><\/li>\n<li><a href=\"https:\/\/www.filastrocche.it\/feste\/idea-regalo-per-la-festa-del-papa-diploma-worlds-best-daddy\/\"><strong>Diploma di &#8220;World\u2019s Best Dad&#8221;<\/strong><\/a><\/li>\n<li><a href=\"https:\/\/www.filastrocche.it\/feste\/disco-orario-per-la-festa-del-papa\/\"><strong>Disco orario<\/strong><\/a><\/li>\n<li><a href=\"https:\/\/www.filastrocche.it\/contenuti\/disco-orario-di-kermit\/\"><strong>Disco orario di Kermit<\/strong><\/a><\/li>\n<li><a href=\"https:\/\/www.filastrocche.it\/contenuti\/lavoretti-festa-del-papa-il-disco-orario-fai-da-te\/\"><strong>Disco orario fai da te<\/strong><\/a><\/li>\n<li><a href=\"https:\/\/www.filastrocche.it\/feste\/decorazioni-per-la-festa-del-papa-etichette-per-regali-e-bigliettini\/\"><strong>Etichette per regali e bigliettini<\/strong><\/a><\/li>\n<li><a href=\"https:\/\/www.filastrocche.it\/contenuti\/fermacarte-con-i-sassi\/\"><strong>Fermacarte con i sassi<\/strong><\/a><\/li>\n<li><strong><a href=\"https:\/\/www.filastrocche.it\/contenuti\/idea-regalo-fai-da-te-per-la-festa-del-papa-il-finto-barattolo-di-caramelle\/\">Finto barattolo di caramelle<\/a><\/strong><\/li>\n<li><a href=\"https:\/\/www.filastrocche.it\/contenuti\/gilet-decorativo-per-bottiglia\/\"><strong>Gilet decorativo per bottiglia<\/strong><\/a><\/li>\n<li><a href=\"https:\/\/www.filastrocche.it\/feste\/idee-regalo-fai-da-te-per-la-festa-del-papa\/\"><strong>Idee regalo per la Festa del Pap\u00e0<\/strong><\/a><\/li>\n<li><a href=\"https:\/\/www.filastrocche.it\/feste\/idea-regalo-per-la-festa-del-papa-il-mio-papa-in-una-pagina\/\"><strong>Il Mio Pap\u00e0 in una Pagina<\/strong><\/a><\/li>\n<li><a href=\"https:\/\/www.filastrocche.it\/feste\/decorazioni-per-la-festa-del-papa-il-kit-da-tavola-per-il-superpapa\/\"><strong>Kit da tavola per il SuperPap\u00e0<\/strong><\/a><\/li>\n<li><a href=\"https:\/\/www.filastrocche.it\/contenuti\/kit-di-sopravvivenza-per-il-papa\/\"><strong>Kit di sopravvivenza per il Pap\u00e0<\/strong><\/a><\/li>\n<li><a href=\"https:\/\/www.filastrocche.it\/feste\/lavoretti-per-la-festa-del-papa\/\"><strong>Lavoretti per la Festa del Pap\u00e0<\/strong><\/a><\/li>\n<li><a href=\"https:\/\/www.filastrocche.it\/contenuti\/festa-del-papa-lavoretti-come-fare-il-pacchetto-regalo\/\"><strong>Pacchetto regalo per il Pap\u00e0<\/strong><\/a><\/li>\n<li><a href=\"https:\/\/www.filastrocche.it\/contenuti\/paralume\/\"><strong>Paralume<\/strong><\/a><\/li>\n<li><a href=\"https:\/\/www.filastrocche.it\/contenuti\/penna-a-sfera-decorata\/\"><strong>Penna a sfera decorata<\/strong><\/a><\/li>\n<li><a href=\"https:\/\/www.filastrocche.it\/feste\/idea-regalo-per-la-festa-del-papa-poesie-in-cornice\/\"><strong>Poesie in Cornice<\/strong><\/a><\/li>\n<li><a href=\"https:\/\/www.filastrocche.it\/contenuti\/regalo-fai-da-te-per-la-festa-del-papa-il-portachiavi-in-gomma-crepla\/\"><strong>Portachiavi in gomma crepla<\/strong><\/a><\/li>\n<li><a href=\"https:\/\/www.filastrocche.it\/feste\/portacupcake-per-la-festa-del-papa\/\"><strong>Portacupcake per la Festa del Pap\u00e0<\/strong><\/a><\/li>\n<li><a href=\"https:\/\/www.filastrocche.it\/contenuti\/portagiornali\/\"><strong>Portagiornali<\/strong><\/a><\/li>\n<li><a href=\"https:\/\/www.filastrocche.it\/feste\/i-portafazzoletti\/\"><strong>Portafazzoletti<\/strong><\/a><\/li>\n<li><a href=\"https:\/\/www.filastrocche.it\/contenuti\/portapenne-colorato\/\"><strong>Portapenne colorato<\/strong><\/a><\/li>\n<li><a href=\"https:\/\/www.filastrocche.it\/feste\/poster-per-il-papa\/\"><strong>Poster per il Pap\u00e0 fai da te<\/strong><\/a> <a href=\"https:\/\/www.filastrocche.it\/feste\/wp-content\/uploads\/2012\/08\/novita11.gif\"><img loading=\"lazy\" decoding=\"async\" width=\"53\" height=\"13\" class=\"alignnone size-full wp-image-10721\" src=\"https:\/\/www.filastrocche.it\/feste\/wp-content\/uploads\/2012\/08\/novita11.gif\" alt=\"\"   \/><\/a><\/li>\n<li><a href=\"https:\/\/www.filastrocche.it\/contenuti\/sapone-alla-menta\/\"><strong>Sapone alla menta<\/strong><\/a><\/li>\n<li><a href=\"https:\/\/www.filastrocche.it\/feste\/lavoretti-per-la-festa-del-papa-scatola-latte-auguri-papa\/\"><strong>Scatola del latte &#8220;<\/strong><strong>Auguri Pap\u00e0&#8221;<\/strong><\/a><\/li>\n<li><a href=\"https:\/\/www.filastrocche.it\/contenuti\/segnalibro-per-la-festa-del-papa\/\"><strong>Segnalibro per la festa del pap\u00e0<\/strong><\/a><\/li>\n<li><a href=\"https:\/\/www.filastrocche.it\/contenuti\/set-da-scrivania\/\"><strong>Set da scrivania<\/strong><\/a><\/li>\n<li><a href=\"https:\/\/www.filastrocche.it\/feste\/stencil-fai-da-te-papa-runner\/\"><strong>Stencil fai da te per il Pap\u00e0 Runner<\/strong><\/a><\/li>\n<li><a href=\"https:\/\/www.filastrocche.it\/contenuti\/svuota-tasche\/\"><strong>Svuota tasche<\/strong><\/a><\/li>\n<li><a href=\"https:\/\/www.filastrocche.it\/contenuti\/lavoretti-festa-del-papa-la-targhetta-per-la-scrivania\/\"><strong>Targhetta per la scrivania di pap\u00e0<\/strong><\/a><\/li>\n<li><a href=\"https:\/\/www.filastrocche.it\/contenuti\/regalo-festa-del-papa-tris-di-stoffa\/\"><strong>Tris di stoffa<\/strong><\/a><\/li>\n<\/ul>\n<p>&nbsp;<\/p>\n<h3>Biglietti di Auguri per la Festa del Pap\u00e0<\/h3>\n<ul>\n<li><a href=\"https:\/\/www.filastrocche.it\/feste\/decorazioni-per-la-festa-del-papa-etichette-per-regali-e-bigliettini\/\"><strong>Biglietti chiudipacco a Cravattina<\/strong><\/a><\/li>\n<li><a href=\"https:\/\/www.filastrocche.it\/contenuti\/come-creare-un-simpatico-biglietto-per-la-festa-del-papa-in-3d\/\"><strong>Biglietto di auguri in 3D per la Festa del Pap\u00e0<\/strong><\/a><\/li>\n<li><a href=\"https:\/\/www.filastrocche.it\/feste\/biglietto-di-auguri-portafotografia-o-disegno\/\"><strong>Biglietto di Auguri portafotografia o disegno<\/strong><\/a><\/li>\n<li><a href=\"https:\/\/www.filastrocche.it\/feste\/le-buste\/\"><strong>Busta per Biglietti di Auguri per il Pap\u00e0<\/strong><\/a><\/li>\n<li><a href=\"https:\/\/www.filastrocche.it\/feste\/biglietti-di-auguri-per-la-festa-del-papa\/\"><strong>Crea il tuo Biglietto di Auguri per il Pap\u00e0<\/strong><\/a><\/li>\n<li><a href=\"https:\/\/www.filastrocche.it\/feste\/decorazioni-per-la-festa-del-papa-etichette-per-regali-e-bigliettini\/\"><strong>Etichette per regali e bigliettini<\/strong><\/a><\/li>\n<li><a href=\"https:\/\/www.filastrocche.it\/feste\/le-frasi-per-la-festa-del-papa\/\"><strong>Frasi da scrivere nei biglietti di Auguri<\/strong><\/a><\/li>\n<\/ul>\n<p>&nbsp;<\/p>\n<h3>Storia, tradizioni e ricette per la Festa del pap\u00e0<\/h3>\n<ul>\n<li><a href=\"https:\/\/www.filastrocche.it\/feste\/le-origini-della-festa-del-papa\/\"><strong>Le origini della Festa del Pap\u00e0<\/strong><\/a><\/li>\n<li><a href=\"https:\/\/www.filastrocche.it\/feste\/ricette-per-la-festa-del-papa\/\"><strong>Ricette tradizionali per la Festa del Pap\u00e0<\/strong><\/a><\/li>\n<\/ul>\n<p>&nbsp;<\/p>\n<p>&nbsp;<\/p>\n<p><a href=\"https:\/\/www.filastrocche.it\/feste\/poesie-per-la-festa-del-papa\/\"><img loading=\"lazy\" decoding=\"async\" width=\"150\" height=\"124\" class=\"alignnone wp-image-22489 size-full\" title=\"Poesie per la Festa del Pap\u00e0\" src=\"https:\/\/www.filastrocche.it\/feste\/wp-content\/uploads\/2013\/02\/papa-150.jpg\" alt=\"Poesie per la Festa del Pap\u00e0\"   \/><\/a><br \/>\nPer le migliori <a href=\"https:\/\/www.filastrocche.it\/feste\/poesie-per-la-festa-del-papa\/\"><strong>Poesie per la Festa del Pap\u00e0, cliccate qui<\/strong><\/a>!<\/p>\n<p><a href=\"https:\/\/www.filastrocche.it\/feste\/filastrocche-per-la-festa-del-papa\/\"><img loading=\"lazy\" decoding=\"async\" width=\"150\" height=\"150\" class=\"alignnone wp-image-22509 size-full\" title=\"Filastrocche per la Festa del Pap\u00e0\" src=\"https:\/\/www.filastrocche.it\/feste\/wp-content\/uploads\/2017\/03\/filastrocche-per-la-festa-del-papa-150.jpg\" alt=\"Filastrocche per la Festa del Pap\u00e0\"   \/><\/a><br \/>\nPer le pi\u00f9 belle <a href=\"https:\/\/www.filastrocche.it\/feste\/filastrocche-per-la-festa-del-papa\/\"><strong>Filastrocche per la Festa del Pap\u00e0, cliccate qui<\/strong><\/a>!<\/p>\n<p><a href=\"https:\/\/www.filastrocche.it\/feste\/filastrocche-per-la-festa-del-papa-tradizionali-o-dautore\/\"><img loading=\"lazy\" decoding=\"async\" width=\"150\" height=\"129\" class=\"alignnone wp-image-22497 size-full\" title=\"filastrocche per la Festa del Pap\u00e0\" src=\"https:\/\/www.filastrocche.it\/feste\/wp-content\/uploads\/2013\/02\/mistrali-festa-papa-pipa-150.jpg\" alt=\"filastrocche per la Festa del Pap\u00e0\"   \/><\/a><br \/>\nPer altre <a href=\"https:\/\/www.filastrocche.it\/feste\/filastrocche-per-la-festa-del-papa-tradizionali-o-dautore\/\"><strong>filastrocche per la Festa del Pap\u00e0, cliccate qui<\/strong><\/a>!<\/p>\n<p><a href=\"https:\/\/www.filastrocche.it\/leggiamo\/jolanda-restano-filastrocche-per-la-festa-del-papa\/\"><img loading=\"lazy\" decoding=\"async\" width=\"100\" height=\"168\" class=\"alignnone wp-image-16947 size-full\" title=\"Filastrocche per la Festa del Pap\u00e0\" src=\"https:\/\/www.filastrocche.it\/feste\/wp-content\/uploads\/2013\/02\/mistrali-festa-papa-bimba-100.jpg\" alt=\"Filastrocche per la Festa del Pap\u00e0\"   \/><\/a><br \/>\nSe volete leggere <strong>le filastrocche per il vostro Pap\u00e0<\/strong> <strong><a title=\"Filastrocche per la Festa del Pap\u00e0 di Jolanda Restano\" href=\"https:\/\/www.filastrocche.it\/leggiamo\/jolanda-restano-filastrocche-per-la-festa-del-papa\/\">scritte da Jolanda Restano, cliccate qui!<\/a><\/strong><\/p>\n<p><a href=\"https:\/\/www.filastrocche.it\/feste\/filastrocche-per-la-festa-del-papa-scritte-dagli-utenti-del-sito\/\"><img loading=\"lazy\" decoding=\"async\" width=\"100\" height=\"195\" class=\"alignnone wp-image-16953 size-full\" title=\"Filastrocche per la Festa del Pap\u00e0\" src=\"https:\/\/www.filastrocche.it\/feste\/wp-content\/uploads\/2013\/02\/mistrali-festa-papa-bimbo-100.jpg\" alt=\"Filastrocche per la Festa del Pap\u00e0\"   \/><\/a><br \/>\nSe invece vi interessano le <strong><a title=\"Filastrocche per la Festa del Pap\u00e0 scritte dagli utenti del sito\" href=\"https:\/\/www.filastrocche.it\/feste\/filastrocche-per-la-festa-del-papa-scritte-dagli-utenti-del-sito\/\">filastrocche per la Festa del Pap\u00e0 scritte da voi, cliccate qui<\/a><\/strong>!<\/p>\n<p><a href=\"https:\/\/www.filastrocche.it\/feste\/frasi-per-la-festa-del-papa\/\"><img loading=\"lazy\" decoding=\"async\" width=\"150\" height=\"134\" class=\"alignnone wp-image-22557 size-full\" title=\"Frasi per la Festa del Pap\u00e0\" src=\"https:\/\/www.filastrocche.it\/feste\/wp-content\/uploads\/2017\/03\/frasi-per-la-festa-del-papa-150.jpg\" alt=\"Frasi per la Festa del Pap\u00e0\"   \/><br \/>\n<\/a>Per le pi\u00f9 belle <a href=\"https:\/\/www.filastrocche.it\/feste\/frasi-per-la-festa-del-papa\/\"><strong>Frasi per la Festa del Pap\u00e0, cliccate qui<\/strong><\/a>!<\/p>\n<p>&nbsp;<\/p>\n<p><a href=\"https:\/\/www.filastrocche.it\/feste\/lavoretti-per-la-festa-del-papa\/\"><img loading=\"lazy\" decoding=\"async\" width=\"150\" height=\"101\" class=\"alignnone wp-image-16941 size-full\" title=\"Lavoretti per la Festa del Pap\u00e0\" src=\"https:\/\/www.filastrocche.it\/feste\/wp-content\/uploads\/2013\/02\/lavoretti-festa-del-papa-150.jpg\" alt=\"Lavoretti per la Festa del Pap\u00e0\"   \/><\/a><br \/>\nSe state cercando dei <strong><a title=\"Lavoretti per la Festa del Pap\u00e0\" href=\"https:\/\/www.filastrocche.it\/feste\/lavoretti-per-la-festa-del-papa\/\">LAVORETTI per la Festa del Pap\u00e0, cliccate qui<\/a><\/strong>!<\/p>\n<p><a href=\"https:\/\/www.filastrocche.it\/feste\/idee-regalo-fai-da-te-per-la-festa-del-papa\/\"><img loading=\"lazy\" decoding=\"async\" width=\"150\" height=\"140\" class=\"alignnone wp-image-16943 size-full\" title=\"Idee Regalo per la Festa del Pap\u00e0\" src=\"https:\/\/www.filastrocche.it\/feste\/wp-content\/uploads\/2013\/02\/mistrali-festa-papa-regalo-150.jpg\" alt=\"Idee Regalo per la Festa del Pap\u00e0\"   \/><\/a><br \/>\nSe state cercando delle <strong><a title=\"Idee regalo per la Festa del Pap\u00e0\" href=\"https:\/\/www.filastrocche.it\/feste\/idee-regalo-fai-da-te-per-la-festa-del-papa\/\">IDEE REGALO per la Festa del Pap\u00e0, cliccate qui<\/a><\/strong>!<\/p>\n<p><a href=\"https:\/\/www.filastrocche.it\/feste\/ricette-per-la-festa-del-papa\/\"><img loading=\"lazy\" decoding=\"async\" width=\"120\" height=\"142\" class=\"alignnone wp-image-22531 size-full\" title=\"Ricette per la Festa del Pap\u00e0\" src=\"https:\/\/www.filastrocche.it\/feste\/wp-content\/uploads\/2017\/03\/mistrali-ricette-piatto-pollo-120.jpg\" alt=\"Ricette per la Festa del Pap\u00e0\"   \/><\/a><br \/>\nSe cercate delle <a href=\"https:\/\/www.filastrocche.it\/feste\/ricette-per-la-festa-del-papa\/\"><strong>Ricette per la Festa del Pap\u00e0, cliccate qui<\/strong><\/a>!<\/p>\n<p>&nbsp;<\/p>\n<p><a href=\"https:\/\/www.filastrocche.it\/feste\/speciale-festa-del-papa\/\"><img loading=\"lazy\" decoding=\"async\" width=\"198\" height=\"47\" class=\"alignnone wp-image-8471 size-full\" title=\"Speciale Festa del Pap\u00e0\" src=\"https:\/\/www.filastrocche.it\/feste\/wp-content\/uploads\/2013\/02\/festa_papa.gif\" alt=\"Speciale Festa del Pap\u00e0\"   \/><\/a><br \/>\n<a href=\"https:\/\/www.filastrocche.it\/feste\/speciale-festa-del-papa\/\"><strong>Visita lo Speciale Festa del Pap\u00e0!<\/strong><\/a><\/p>\n","protected":false},"excerpt":{"rendered":"<p>Il ricchissimo Speciale Festa del Pap\u00e0 con filastrocche, poesie, frasi, idee regalo e lavoretti per il vostro mitico Pap\u00e0! Cos\u2019\u00e8 lo Speciale Festa del pap\u00e0? Lo Speciale Festa del Pap\u00e0 \u00e8 una pagina di raccolta di tutto ci\u00f2 che avete a disposizione su Filastrocche.it per la festa del vostro mitico Pap\u00e0, con la P maiuscola! [&hellip;]<\/p>\n","protected":false},"author":5,"featured_media":32031,"comment_status":"open","ping_status":"open","sticky":false,"template":"","format":"standard","meta":{"footnotes":""},"categories":[339,953,7,867,341,859,869],"tags":[253,71,861,221,299,1361,463,81,225,297,83,79],"sponsors":[],"class_list":["post-32027","post","type-post","status-publish","format-standard","has-post-thumbnail","hentry","category-creiamo-con-carta-e-forbici-festa-del-papa","category-decoriamo-la-festa-del-papa","category-festa-del-papa","category-festa-del-papa-a-tavola","category-idee-regalo-festa-del-papa","category-origini-e-tradizioni-festa-del-papa","category-rime-e-filastrocche-festa-del-papa","tag-creazioni","tag-decorazioni","tag-festa-del-papa-2","tag-filastrocche","tag-idee","tag-idee-regalo-2","tag-lavoretti","tag-origini","tag-poesie","tag-regalo","tag-storia","tag-tradizioni"],"yoast_head":"<!-- This site is optimized with the Yoast SEO plugin v26.2 - https:\/\/yoast.com\/wordpress\/plugins\/seo\/ -->\n<title>Speciale Festa del Pap\u00e0 di Filastrocche.it: TUTTO per il vostro Pap\u00e0!<\/title>\n<meta name=\"description\" content=\"Il ricchissimo Speciale Festa del Pap\u00e0 con tante rime e filastrocche, poesie e frasi, lavoretti e creazioni, idee regalo...\" \/>\n<meta name=\"robots\" content=\"index, follow, max-snippet:-1, max-image-preview:large, max-video-preview:-1\" \/>\n<link rel=\"canonical\" href=\"https:\/\/www.filastrocche.it\/feste\/speciale-festa-del-papa\/\" \/>\n<meta property=\"og:locale\" content=\"it_IT\" \/>\n<meta property=\"og:type\" content=\"article\" \/>\n<meta property=\"og:title\" content=\"Speciale Festa del Pap\u00e0 di Filastrocche.it: TUTTO per il vostro Pap\u00e0!\" \/>\n<meta property=\"og:description\" content=\"Il ricchissimo Speciale Festa del Pap\u00e0 con tante rime e filastrocche, poesie e frasi, lavoretti e creazioni, idee regalo...\" \/>\n<meta property=\"og:url\" content=\"https:\/\/www.filastrocche.it\/feste\/speciale-festa-del-papa\/\" \/>\n<meta property=\"og:site_name\" content=\"Filastrocche.it\" \/>\n<meta property=\"article:author\" content=\"http:\/\/www.facebook.com\/jolanda.restano\" \/>\n<meta property=\"article:published_time\" content=\"2018-02-19T17:15:55+00:00\" \/>\n<meta property=\"article:modified_time\" content=\"2020-03-22T09:53:26+00:00\" \/>\n<meta property=\"og:image\" content=\"https:\/\/www.filastrocche.it\/feste\/wp-content\/uploads\/2018\/02\/festa-del-papa-550.jpg\" \/>\n\t<meta property=\"og:image:width\" content=\"550\" \/>\n\t<meta property=\"og:image:height\" content=\"652\" \/>\n\t<meta property=\"og:image:type\" content=\"image\/jpeg\" \/>\n<meta name=\"author\" content=\"Jolanda\" \/>\n<meta name=\"twitter:label1\" content=\"Scritto da\" \/>\n\t<meta name=\"twitter:data1\" content=\"Jolanda\" \/>\n\t<meta name=\"twitter:label2\" content=\"Tempo di lettura stimato\" \/>\n\t<meta name=\"twitter:data2\" content=\"3 minuti\" \/>\n<!-- \/ Yoast SEO plugin. -->","yoast_head_json":{"title":"Speciale Festa del Pap\u00e0 di Filastrocche.it: TUTTO per il vostro Pap\u00e0!","description":"Il ricchissimo Speciale Festa del Pap\u00e0 con tante rime e filastrocche, poesie e frasi, lavoretti e creazioni, idee regalo...","robots":{"index":"index","follow":"follow","max-snippet":"max-snippet:-1","max-image-preview":"max-image-preview:large","max-video-preview":"max-video-preview:-1"},"canonical":"https:\/\/www.filastrocche.it\/feste\/speciale-festa-del-papa\/","og_locale":"it_IT","og_type":"article","og_title":"Speciale Festa del Pap\u00e0 di Filastrocche.it: TUTTO per il vostro Pap\u00e0!","og_description":"Il ricchissimo Speciale Festa del Pap\u00e0 con tante rime e filastrocche, poesie e frasi, lavoretti e creazioni, idee regalo...","og_url":"https:\/\/www.filastrocche.it\/feste\/speciale-festa-del-papa\/","og_site_name":"Filastrocche.it","article_author":"http:\/\/www.facebook.com\/jolanda.restano","article_published_time":"2018-02-19T17:15:55+00:00","article_modified_time":"2020-03-22T09:53:26+00:00","og_image":[{"width":550,"height":652,"url":"https:\/\/www.filastrocche.it\/feste\/wp-content\/uploads\/2018\/02\/festa-del-papa-550.jpg","type":"image\/jpeg"}],"author":"Jolanda","twitter_misc":{"Scritto da":"Jolanda","Tempo di lettura stimato":"3 minuti"},"schema":{"@context":"https:\/\/schema.org","@graph":[{"@type":"WebPage","@id":"https:\/\/www.filastrocche.it\/feste\/speciale-festa-del-papa\/","url":"https:\/\/www.filastrocche.it\/feste\/speciale-festa-del-papa\/","name":"Speciale Festa del Pap\u00e0 di Filastrocche.it: TUTTO per il vostro Pap\u00e0!","isPartOf":{"@id":"https:\/\/www.filastrocche.it\/feste\/#website"},"primaryImageOfPage":{"@id":"https:\/\/www.filastrocche.it\/feste\/speciale-festa-del-papa\/#primaryimage"},"image":{"@id":"https:\/\/www.filastrocche.it\/feste\/speciale-festa-del-papa\/#primaryimage"},"thumbnailUrl":"https:\/\/www.filastrocche.it\/feste\/wp-content\/uploads\/2018\/02\/festa-del-papa-550.jpg","datePublished":"2018-02-19T17:15:55+00:00","dateModified":"2020-03-22T09:53:26+00:00","author":{"@id":"https:\/\/www.filastrocche.it\/feste\/#\/schema\/person\/13a7995b740342851d3a3c001f9dd658"},"description":"Il ricchissimo Speciale Festa del Pap\u00e0 con tante rime e filastrocche, poesie e frasi, lavoretti e creazioni, idee regalo...","breadcrumb":{"@id":"https:\/\/www.filastrocche.it\/feste\/speciale-festa-del-papa\/#breadcrumb"},"inLanguage":"it-IT","potentialAction":[{"@type":"ReadAction","target":["https:\/\/www.filastrocche.it\/feste\/speciale-festa-del-papa\/"]}]},{"@type":"ImageObject","inLanguage":"it-IT","@id":"https:\/\/www.filastrocche.it\/feste\/speciale-festa-del-papa\/#primaryimage","url":"https:\/\/www.filastrocche.it\/feste\/wp-content\/uploads\/2018\/02\/festa-del-papa-550.jpg","contentUrl":"https:\/\/www.filastrocche.it\/feste\/wp-content\/uploads\/2018\/02\/festa-del-papa-550.jpg","width":550,"height":652,"caption":"Happy Father's day background or card."},{"@type":"BreadcrumbList","@id":"https:\/\/www.filastrocche.it\/feste\/speciale-festa-del-papa\/#breadcrumb","itemListElement":[{"@type":"ListItem","position":1,"name":"Home","item":"https:\/\/www.filastrocche.it\/feste\/"},{"@type":"ListItem","position":2,"name":"Speciale Festa del Pap\u00e0"}]},{"@type":"WebSite","@id":"https:\/\/www.filastrocche.it\/feste\/#website","url":"https:\/\/www.filastrocche.it\/feste\/","name":"Filastrocche.it","description":"Festeggiamo in famiglia","potentialAction":[{"@type":"SearchAction","target":{"@type":"EntryPoint","urlTemplate":"https:\/\/www.filastrocche.it\/feste\/?s={search_term_string}"},"query-input":{"@type":"PropertyValueSpecification","valueRequired":true,"valueName":"search_term_string"}}],"inLanguage":"it-IT"},{"@type":"Person","@id":"https:\/\/www.filastrocche.it\/feste\/#\/schema\/person\/13a7995b740342851d3a3c001f9dd658","name":"Jolanda","image":{"@type":"ImageObject","inLanguage":"it-IT","@id":"https:\/\/www.filastrocche.it\/feste\/#\/schema\/person\/image\/","url":"https:\/\/secure.gravatar.com\/avatar\/1b1f38df48384d8f75481e92c0cbf9e3494d37f3cf35cd02b0f5cba7d63f7349?s=96&d=mm&r=g","contentUrl":"https:\/\/secure.gravatar.com\/avatar\/1b1f38df48384d8f75481e92c0cbf9e3494d37f3cf35cd02b0f5cba7d63f7349?s=96&d=mm&r=g","caption":"Jolanda"},"sameAs":["http:\/\/www.facebook.com\/jolanda.restano","https:\/\/x.com\/jolandarestano"],"url":"https:\/\/www.filastrocche.it\/feste\/author\/jolanda\/"}]}},"_links":{"self":[{"href":"https:\/\/www.filastrocche.it\/feste\/wp-json\/wp\/v2\/posts\/32027","targetHints":{"allow":["GET"]}}],"collection":[{"href":"https:\/\/www.filastrocche.it\/feste\/wp-json\/wp\/v2\/posts"}],"about":[{"href":"https:\/\/www.filastrocche.it\/feste\/wp-json\/wp\/v2\/types\/post"}],"author":[{"embeddable":true,"href":"https:\/\/www.filastrocche.it\/feste\/wp-json\/wp\/v2\/users\/5"}],"replies":[{"embeddable":true,"href":"https:\/\/www.filastrocche.it\/feste\/wp-json\/wp\/v2\/comments?post=32027"}],"version-history":[{"count":3,"href":"https:\/\/www.filastrocche.it\/feste\/wp-json\/wp\/v2\/posts\/32027\/revisions"}],"predecessor-version":[{"id":36995,"href":"https:\/\/www.filastrocche.it\/feste\/wp-json\/wp\/v2\/posts\/32027\/revisions\/36995"}],"wp:featuredmedia":[{"embeddable":true,"href":"https:\/\/www.filastrocche.it\/feste\/wp-json\/wp\/v2\/media\/32031"}],"wp:attachment":[{"href":"https:\/\/www.filastrocche.it\/feste\/wp-json\/wp\/v2\/media?parent=32027"}],"wp:term":[{"taxonomy":"category","embeddable":true,"href":"https:\/\/www.filastrocche.it\/feste\/wp-json\/wp\/v2\/categories?post=32027"},{"taxonomy":"post_tag","embeddable":true,"href":"https:\/\/www.filastrocche.it\/feste\/wp-json\/wp\/v2\/tags?post=32027"},{"taxonomy":"sponsors","embeddable":true,"href":"https:\/\/www.filastrocche.it\/feste\/wp-json\/wp\/v2\/sponsors?post=32027"}],"curies":[{"name":"wp","href":"https:\/\/api.w.org\/{rel}","templated":true}]}}