{"id":32769,"date":"2018-03-12T10:12:55","date_gmt":"2018-03-12T09:12:55","guid":{"rendered":"https:\/\/www.filastrocche.it\/feste\/?p=32769"},"modified":"2023-03-14T10:19:55","modified_gmt":"2023-03-14T09:19:55","slug":"poesie-per-il-papa","status":"publish","type":"post","link":"https:\/\/www.filastrocche.it\/feste\/poesie-per-il-papa\/","title":{"rendered":"Le pi\u00f9 belle Poesie per il Pap\u00e0"},"content":{"rendered":"<p><a href=\"https:\/\/www.filastrocche.it\/feste\/wp-content\/uploads\/2018\/03\/papa-bambina-su-spalle-550.jpg\"><img loading=\"lazy\" decoding=\"async\" width=\"550\" height=\"366\" class=\"aligncenter wp-image-32773 size-full\" title=\"Poesie per il Pap\u00e0\" src=\"https:\/\/www.filastrocche.it\/feste\/wp-content\/uploads\/2018\/03\/papa-bambina-su-spalle-550.jpg\" alt=\"Poesie per il Pap\u00e0\" srcset=\"https:\/\/www.filastrocche.it\/feste\/wp-content\/uploads\/2018\/03\/papa-bambina-su-spalle-550.jpg 550w, https:\/\/www.filastrocche.it\/feste\/wp-content\/uploads\/2018\/03\/papa-bambina-su-spalle-550-300x200.jpg 300w\" sizes=\"auto, (max-width: 550px) 100vw, 550px\" \/><\/a><\/p>\n<h2>Le migliori <strong>Poesie per il Pap\u00e0<\/strong><\/h2>\n<p>Sono tantissimi i testi, le rime, le filastrocche e le <strong>poesie per il pap\u00e0 <\/strong>presenti in letteratura.<\/p>\n<p>Qui vi proponiamo una <strong>selezione di quelle che riteniamo pi\u00f9 belle e significative<\/strong> da dedicare al pap\u00e0 non solamente nel giorno della loro Festa (19 marzo), ma tutti i giorni dell&#8217;anno \ud83d\ude42<\/p>\n<p>Perch\u00e9 i pap\u00e0 vanno festeggiati sempre e non solo il 19 marzo!<\/p>\n<p>&nbsp;<\/p>\n<h3>Ecco le pi\u00f9 belle <strong>Poesie per il Pap\u00e0<\/strong> disponibili sul sito<\/h3>\n<p>&nbsp;<\/p>\n<ul>\n<li><a title=\"A mio padre\" href=\"https:\/\/www.filastrocche.it\/contenuti\/a-mio-padre-3\/\">A mio padre<\/a> <em>di Camillo Sbarbaro<\/em><\/li>\n<li><a href=\"https:\/\/www.filastrocche.it\/contenuti\/a-mio-padre-4\/\">A mio padre<\/a> <em>di Leonardo Sinisgalli<\/em><\/li>\n<li><a href=\"https:\/\/www.filastrocche.it\/contenuti\/a-mio-padre-5\/\">A mio padre<\/a> <em>di Alfonso Gatto<\/em><\/li>\n<li><a title=\"Al babbo\" href=\"https:\/\/www.filastrocche.it\/contenuti\/al-babbo-2\/\">Al babbo<\/a><\/li>\n<li><a title=\"Al babbo lontano\" href=\"https:\/\/www.filastrocche.it\/contenuti\/al-babbo-lontano\/\">Al babbo lontano<\/a><em> di A. Cuman Pertile<\/em><\/li>\n<li><a title=\"Al mio babbo\" href=\"https:\/\/www.filastrocche.it\/contenuti\/al-mio-babbo\/\">Al mio babbo<\/a><\/li>\n<li><a title=\"Al mio pap\u00e0\" href=\"https:\/\/www.filastrocche.it\/contenuti\/al-mio-papa-3\/\">Al mio pap\u00e0<\/a><\/li>\n<li><a title=\"Al pap\u00e0\" href=\"https:\/\/www.filastrocche.it\/contenuti\/al-papa\/\">Al pap\u00e0<\/a><\/li>\n<li><a href=\"https:\/\/www.filastrocche.it\/contenuti\/al-papa-3\/\">Al pap\u00e0<\/a> <em>di Jolanda Restano<\/em><\/li>\n<li><a href=\"https:\/\/www.filastrocche.it\/contenuti\/al-papa-7\/\">Al pap\u00e0<\/a> <em>di Carla Piccinini<\/em><\/li>\n<li><a href=\"https:\/\/www.filastrocche.it\/contenuti\/al-papa-8\/\">Al pap\u00e0<\/a><\/li>\n<li><a title=\"Ascolta il tuo cuore\" href=\"https:\/\/www.filastrocche.it\/contenuti\/ascolta-il-cuore\/\">Ascolta il tuo cuore<\/a><\/li>\n<li><a href=\"https:\/\/www.filastrocche.it\/contenuti\/auguri-al-mio-grande-papa\/\">Auguri al mio grande Pap\u00e0!<\/a> <em>di Jolanda Restano<\/em><\/li>\n<li><a href=\"https:\/\/www.filastrocche.it\/contenuti\/auguri-papa-2\/\">Auguri Pap\u00e0<\/a><\/li>\n<li><a title=\"Babbo\" href=\"https:\/\/www.filastrocche.it\/contenuti\/babbo\/\">Babbo<\/a><em> di Lilla Lipparini<\/em><\/li>\n<li><a href=\"https:\/\/www.filastrocche.it\/contenuti\/carissimo-papa\/\">Carissimo pap\u00e0<\/a><\/li>\n<li><a href=\"https:\/\/www.filastrocche.it\/contenuti\/caro-papa-5\/\">Caro pap\u00e0<\/a><\/li>\n<li><a href=\"https:\/\/www.filastrocche.it\/contenuti\/che-faro-da-grande\/\">Che far\u00f2 da grande?<\/a> <em>di Jolanda Restano<\/em><\/li>\n<li><a href=\"https:\/\/www.filastrocche.it\/contenuti\/chi-e-2\/\">Chi \u00e8?<\/a> <em>di Jolanda Restano<\/em><\/li>\n<li><a title=\"Cos'\u00e8 un pap\u00e0\" href=\"https:\/\/www.filastrocche.it\/contenuti\/cose-un-papa\/\">Cos&#8217;\u00e8 un pap\u00e0<\/a><em> di L. Musacchio<\/em><\/li>\n<li><a href=\"https:\/\/www.filastrocche.it\/contenuti\/19-marzo-3\/\">19 marzo<\/a> <em>di Marzia Cabano<\/em><\/li>\n<li><a href=\"https:\/\/www.filastrocche.it\/contenuti\/doman-domani-e-festa-2\/\">Doman domani \u00e8 festa<\/a><\/li>\n<li><a href=\"https:\/\/www.filastrocche.it\/contenuti\/e-2\/\">\u00c8&#8230;<\/a> <em>di Jolanda Restano<\/em><\/li>\n<li><a href=\"https:\/\/www.filastrocche.it\/contenuti\/ecco\/\">Ecco<\/a> <em>di Bruno Tognolini<\/em><\/li>\n<li><a title=\"Festa del Pap\u00e0\" href=\"https:\/\/www.filastrocche.it\/contenuti\/festa-del-papa\/\">Festa del Pap\u00e0<\/a><\/li>\n<li><a title=\"Festa del Pap\u00e0\" href=\"https:\/\/www.filastrocche.it\/contenuti\/festa-papa\/\">Festa del Pap\u00e0<\/a><\/li>\n<li><a href=\"https:\/\/www.filastrocche.it\/contenuti\/filastrocca-dedicata-al-papa\/\">Filastrocca dedicata al pap\u00e0<\/a><\/li>\n<li><a href=\"https:\/\/www.filastrocche.it\/contenuti\/filastrocca-del-papa-3\/\">Filastrocca del pap\u00e0<\/a> <em>di Giuseppe Bordi<\/em><\/li>\n<li><a href=\"https:\/\/www.filastrocche.it\/contenuti\/girotondo-del-papa\/\">Girotondo del pap\u00e0<\/a> <em>di Giovanna Corsi<\/em><\/li>\n<li><a title=\"Il babbo\" href=\"https:\/\/www.filastrocche.it\/contenuti\/babbo-2\/\">Il babbo<\/a><em> di Lina Schwarz<\/em><\/li>\n<li><a href=\"https:\/\/www.filastrocche.it\/contenuti\/il-mio-babbo\/\">Il mio babbo<\/a> <em>di Jolanda Restano<\/em><\/li>\n<li><a title=\"Il mio Pap\u00e0\" href=\"https:\/\/www.filastrocche.it\/contenuti\/il-mio-papa-2\/\">Il mio Pap\u00e0<\/a><\/li>\n<li><a href=\"https:\/\/www.filastrocche.it\/contenuti\/il-papa-5\/\">Il pap\u00e0<\/a> <em>di Flora Cardenti<\/em><\/li>\n<li><a href=\"https:\/\/www.filastrocche.it\/contenuti\/il-papa-6\/\">Il pap\u00e0<\/a><\/li>\n<li><a title=\"Il Principe\" href=\"https:\/\/www.filastrocche.it\/contenuti\/il-principe\/\">Il Principe<\/a><em> di Marco Moschini<\/em><\/li>\n<li><a title=\"Il ritorno del babbo\" href=\"https:\/\/www.filastrocche.it\/contenuti\/il-ritorno-del-babbo\/\">Il ritorno del babbo<\/a><\/li>\n<li><a href=\"https:\/\/www.filastrocche.it\/contenuti\/il-super-papa\/\">Il Super-Pap\u00e0!<\/a> <em>di Jolanda Restano<\/em><\/li>\n<li><a title=\"Io sono tuo padre\" href=\"https:\/\/www.filastrocche.it\/contenuti\/io-sono-tuo-padre\/\">Io sono tuo padre<\/a><\/li>\n<li><a href=\"https:\/\/www.filastrocche.it\/contenuti\/la-ricetta-del-buon-papa\/\">La ricetta del Buon Pap\u00e0<\/a> <em>di Jolanda Restano<\/em><\/li>\n<li><a href=\"https:\/\/www.filastrocche.it\/contenuti\/mi-piace\/\">Mi piace&#8230;<\/a> <em>di Jolanda Restano<\/em><\/li>\n<li><a href=\"https:\/\/www.filastrocche.it\/contenuti\/mio-padre-2\/\">Mio padre<\/a> <em>di Antonio Machado<\/em><\/li>\n<li><a title=\"Oh pap\u00e0\" href=\"https:\/\/www.filastrocche.it\/contenuti\/oh-papa\/\">Oh pap\u00e0<\/a><\/li>\n<li><a title=\"Padre\" href=\"https:\/\/www.filastrocche.it\/contenuti\/padre\/\">Padre<\/a><\/li>\n<li><a title=\"Pap\u00e0\" href=\"https:\/\/www.filastrocche.it\/contenuti\/papa\/\">Pap\u00e0<\/a><\/li>\n<li><a href=\"https:\/\/www.filastrocche.it\/contenuti\/papa-13\/\">Pap\u00e0<\/a> <em>di Rosalba Giliberti<\/em><\/li>\n<li><a href=\"https:\/\/www.filastrocche.it\/contenuti\/papa-albero\/\">Pap\u00e0 albero<\/a> <em>di Serena Riffaldi<\/em><\/li>\n<li><a href=\"https:\/\/www.filastrocche.it\/contenuti\/papa-batman\/\">Pap\u00e0 Batman<\/a> <em>di Janna Carioli<\/em><\/li>\n<li><a title=\"Pap\u00e0 gambalunga\" href=\"https:\/\/www.filastrocche.it\/contenuti\/papa-gambalunga\/\">Pap\u00e0 gambalunga<\/a><em> (canzone) cantata da CristinaD&#8217;Avena<\/em><\/li>\n<li><a href=\"https:\/\/www.filastrocche.it\/contenuti\/papa-mio\/\">Pap\u00e0 mio<\/a> <em>di Jolanda Restano<\/em> <a href=\"https:\/\/www.filastrocche.it\/feste\/wp-content\/uploads\/2012\/08\/novita11.gif\"><img loading=\"lazy\" decoding=\"async\" width=\"53\" height=\"13\" class=\"alignnone size-full wp-image-10721\" src=\"https:\/\/www.filastrocche.it\/feste\/wp-content\/uploads\/2012\/08\/novita11.gif\" alt=\"\"   \/><\/a><\/li>\n<li><a href=\"https:\/\/www.filastrocche.it\/contenuti\/papa-mio-ti-voglio-bene\/\">Pap\u00e0 mio, ti voglio bene!<\/a> <em>di Jolanda Restano<\/em> <a href=\"https:\/\/www.filastrocche.it\/feste\/wp-content\/uploads\/2012\/08\/novita11.gif\"><img loading=\"lazy\" decoding=\"async\" width=\"53\" height=\"13\" class=\"alignnone size-full wp-image-10721\" src=\"https:\/\/www.filastrocche.it\/feste\/wp-content\/uploads\/2012\/08\/novita11.gif\" alt=\"\"   \/><\/a><\/li>\n<li><a title=\"Pap\u00e0, se tu sentissi\" href=\"https:\/\/www.filastrocche.it\/contenuti\/papa-se-tu-sentissi\/\">Pap\u00e0, se tu sentissi<\/a><\/li>\n<li><a href=\"https:\/\/www.filastrocche.it\/contenuti\/per-la-festa-del-papa-3\/\">Per la Festa del Pap\u00e0<\/a> <em>di Jolanda Restano<\/em><\/li>\n<li><a title=\"Per pap\u00e0\" href=\"https:\/\/www.filastrocche.it\/contenuti\/per-papa\/\">Per pap\u00e0<\/a><\/li>\n<li><a href=\"https:\/\/www.filastrocche.it\/contenuti\/per-te-papa\/\">Per te, pap\u00e0<\/a> <em>di Roberto Piumini<\/em><\/li>\n<li><a title=\"Poesia al pap\u00e0\" href=\"https:\/\/www.filastrocche.it\/contenuti\/poesia-al-papa\/\">Poesia al pap\u00e0<\/a><\/li>\n<li><a href=\"https:\/\/www.filastrocche.it\/contenuti\/preghiera-per-il-papa\/\">Preghiera per il pap\u00e0<\/a> <em>di Romana Rompato<\/em><\/li>\n<li><a title=\"Quando ti presi in braccio\" href=\"https:\/\/www.filastrocche.it\/contenuti\/quando-ti-presi-braccio\/\">Quando ti presi in braccio<\/a><\/li>\n<li><a href=\"https:\/\/www.filastrocche.it\/contenuti\/quel-che-dicono-i-babbi\/\">Quel che dicono i babbi<\/a> <em>di Arpalice Cuman Pertile<\/em> <a href=\"https:\/\/www.filastrocche.it\/feste\/wp-content\/uploads\/2012\/08\/novita11.gif\"><img loading=\"lazy\" decoding=\"async\" width=\"53\" height=\"13\" class=\"alignnone size-full wp-image-10721\" src=\"https:\/\/www.filastrocche.it\/feste\/wp-content\/uploads\/2012\/08\/novita11.gif\" alt=\"\"   \/><\/a><\/li>\n<li><a href=\"https:\/\/www.filastrocche.it\/contenuti\/ricetta-del-buon-papa-2\/\">Ricetta del buon pap\u00e0<\/a> <em>di Jolanda Restano<\/em> <a href=\"https:\/\/www.filastrocche.it\/feste\/wp-content\/uploads\/2012\/08\/novita11.gif\"><img loading=\"lazy\" decoding=\"async\" width=\"53\" height=\"13\" class=\"alignnone size-full wp-image-10721\" src=\"https:\/\/www.filastrocche.it\/feste\/wp-content\/uploads\/2012\/08\/novita11.gif\" alt=\"\"   \/><\/a><\/li>\n<li><a title=\"San Giuseppe\" href=\"https:\/\/www.filastrocche.it\/contenuti\/san-giuseppe\/\">San Giuseppe<\/a><\/li>\n<li><a title=\"Se sei arrabbiato\" href=\"https:\/\/www.filastrocche.it\/contenuti\/se-sei-arrabbiato\/\">Se sei arrabbiato<\/a><\/li>\n<li><a href=\"https:\/\/www.filastrocche.it\/contenuti\/se-un-giorno-mi-vedrai-vecchio\/\">Se un giorno mi vedrai vecchio<\/a><\/li>\n<li><a title=\"Serenata per pap\u00e0\" href=\"https:\/\/www.filastrocche.it\/contenuti\/serenata-per-papa\/\">Serenata per pap\u00e0<\/a><\/li>\n<li><a href=\"https:\/\/www.filastrocche.it\/contenuti\/tante-cose\/\">Tante cose<\/a> <em>di Jolanda Restano<\/em><\/li>\n<li><a title=\"Ti voglio bene, pap\u00e0\" href=\"https:\/\/www.filastrocche.it\/contenuti\/ti-voglio-bene-papa-2\/\">Ti voglio bene, pap\u00e0<\/a><\/li>\n<li><a href=\"https:\/\/www.filastrocche.it\/contenuti\/tutti-papa-fischio\/\">Tutti i pap\u00e0 hanno il loro fischio<\/a> <em>di Pam Brown<\/em><\/li>\n<li><a title=\"Un pap\u00e0 costruttore\" href=\"https:\/\/www.filastrocche.it\/contenuti\/un-papa-costruttore\/\">Un pap\u00e0 costruttore<\/a><em> di Vincenzo Riccio<\/em><\/li>\n<li><a href=\"https:\/\/www.filastrocche.it\/contenuti\/un-papa-di-serie-a\/\">Un pap\u00e0 di serie &#8220;A&#8221;<\/a><\/li>\n<li><a href=\"https:\/\/www.filastrocche.it\/contenuti\/vorrei-essere-come-te\/\">Vorrei essere come te<\/a> <em>di A. M. Parisi<\/em><\/li>\n<\/ul>\n<p>&nbsp;<\/p>\n<p>&nbsp;<\/p>\n<p><a href=\"https:\/\/www.filastrocche.it\/feste\/filastrocche-per-la-festa-del-papa\/\"><img loading=\"lazy\" decoding=\"async\" width=\"150\" height=\"150\" class=\"alignnone wp-image-22509 size-full\" title=\"Filastrocche per la Festa del Pap\u00e0\" src=\"https:\/\/www.filastrocche.it\/feste\/wp-content\/uploads\/2017\/03\/filastrocche-per-la-festa-del-papa-150.jpg\" alt=\"Filastrocche per la Festa del Pap\u00e0\"   \/><\/a><br \/>\nPer le pi\u00f9 belle <a href=\"https:\/\/www.filastrocche.it\/feste\/filastrocche-per-la-festa-del-papa\/\"><strong>Filastrocche per la Festa del Pap\u00e0, cliccate qui<\/strong><\/a>!<\/p>\n<p><a href=\"https:\/\/www.filastrocche.it\/feste\/filastrocche-per-la-festa-del-papa-tradizionali-o-dautore\/\"><img loading=\"lazy\" decoding=\"async\" width=\"150\" height=\"129\" class=\"alignnone wp-image-22497 size-full\" title=\"filastrocche per la Festa del Pap\u00e0\" src=\"https:\/\/www.filastrocche.it\/feste\/wp-content\/uploads\/2013\/02\/mistrali-festa-papa-pipa-150.jpg\" alt=\"filastrocche per la Festa del Pap\u00e0\"   \/><\/a><br \/>\nPer altre <a href=\"https:\/\/www.filastrocche.it\/feste\/filastrocche-per-la-festa-del-papa-tradizionali-o-dautore\/\"><strong>filastrocche per la Festa del Pap\u00e0, cliccate qui<\/strong><\/a>!<\/p>\n<p><a href=\"https:\/\/www.filastrocche.it\/feste\/poesie-per-la-festa-del-papa\/\"><img loading=\"lazy\" decoding=\"async\" width=\"150\" height=\"124\" class=\"alignnone wp-image-22489 size-full\" title=\"Poesie per la Festa del Pap\u00e0\" src=\"https:\/\/www.filastrocche.it\/feste\/wp-content\/uploads\/2013\/02\/papa-150.jpg\" alt=\"Poesie per la Festa del Pap\u00e0\"   \/><\/a><br \/>\nPer le migliori <a href=\"https:\/\/www.filastrocche.it\/feste\/poesie-per-la-festa-del-papa\/\"><strong>Poesie per la Festa del Pap\u00e0, cliccate qui<\/strong><\/a>!<\/p>\n<p><a href=\"https:\/\/www.filastrocche.it\/leggiamo\/jolanda-restano-filastrocche-per-la-festa-del-papa\/\"><img loading=\"lazy\" decoding=\"async\" width=\"100\" height=\"168\" class=\"alignnone wp-image-16947 size-full\" title=\"Filastrocche per la Festa del Pap\u00e0\" src=\"https:\/\/www.filastrocche.it\/feste\/wp-content\/uploads\/2013\/02\/mistrali-festa-papa-bimba-100.jpg\" alt=\"Filastrocche per la Festa del Pap\u00e0\"   \/><\/a><br \/>\nSe volete leggere <strong>le filastrocche per il vostro Pap\u00e0<\/strong> <strong><a title=\"Filastrocche per la Festa del Pap\u00e0 di Jolanda Restano\" href=\"https:\/\/www.filastrocche.it\/leggiamo\/jolanda-restano-filastrocche-per-la-festa-del-papa\/\">scritte da Jolanda Restano, cliccate qui!<\/a><\/strong><\/p>\n<p><a href=\"https:\/\/www.filastrocche.it\/feste\/filastrocche-per-la-festa-del-papa-scritte-dagli-utenti-del-sito\/\"><img loading=\"lazy\" decoding=\"async\" width=\"100\" height=\"195\" class=\"alignnone wp-image-16953 size-full\" title=\"Filastrocche per la Festa del Pap\u00e0\" src=\"https:\/\/www.filastrocche.it\/feste\/wp-content\/uploads\/2013\/02\/mistrali-festa-papa-bimbo-100.jpg\" alt=\"Filastrocche per la Festa del Pap\u00e0\"   \/><\/a><br \/>\nSe invece vi interessano le <strong><a title=\"Filastrocche per la Festa del Pap\u00e0 scritte dagli utenti del sito\" href=\"https:\/\/www.filastrocche.it\/feste\/filastrocche-per-la-festa-del-papa-scritte-dagli-utenti-del-sito\/\">filastrocche per la Festa del Pap\u00e0 scritte da voi, cliccate qui<\/a><\/strong>!<\/p>\n<p><a href=\"https:\/\/www.filastrocche.it\/feste\/frasi-per-la-festa-del-papa\/\"><img loading=\"lazy\" decoding=\"async\" width=\"150\" height=\"134\" class=\"alignnone wp-image-22557 size-full\" title=\"Frasi per la Festa del Pap\u00e0\" src=\"https:\/\/www.filastrocche.it\/feste\/wp-content\/uploads\/2017\/03\/frasi-per-la-festa-del-papa-150.jpg\" alt=\"Frasi per la Festa del Pap\u00e0\"   \/><br \/>\n<\/a>Per le pi\u00f9 belle <a href=\"https:\/\/www.filastrocche.it\/feste\/frasi-per-la-festa-del-papa\/\"><strong>Frasi per la Festa del Pap\u00e0, cliccate qui<\/strong><\/a>!<\/p>\n<p>&nbsp;<\/p>\n<p><a href=\"https:\/\/www.filastrocche.it\/feste\/lavoretti-per-la-festa-del-papa\/\"><img loading=\"lazy\" decoding=\"async\" width=\"150\" height=\"101\" class=\"alignnone wp-image-16941 size-full\" title=\"Lavoretti per la Festa del Pap\u00e0\" src=\"https:\/\/www.filastrocche.it\/feste\/wp-content\/uploads\/2013\/02\/lavoretti-festa-del-papa-150.jpg\" alt=\"Lavoretti per la Festa del Pap\u00e0\"   \/><\/a><br \/>\nSe state cercando dei <strong><a title=\"Lavoretti per la Festa del Pap\u00e0\" href=\"https:\/\/www.filastrocche.it\/feste\/lavoretti-per-la-festa-del-papa\/\">LAVORETTI per la Festa del Pap\u00e0, cliccate qui<\/a><\/strong>!<\/p>\n<p><a href=\"https:\/\/www.filastrocche.it\/feste\/idee-regalo-fai-da-te-per-la-festa-del-papa\/\"><img loading=\"lazy\" decoding=\"async\" width=\"150\" height=\"140\" class=\"alignnone wp-image-16943 size-full\" title=\"Idee Regalo per la Festa del Pap\u00e0\" src=\"https:\/\/www.filastrocche.it\/feste\/wp-content\/uploads\/2013\/02\/mistrali-festa-papa-regalo-150.jpg\" alt=\"Idee Regalo per la Festa del Pap\u00e0\"   \/><\/a><br \/>\nSe state cercando delle <strong><a title=\"Idee regalo per la Festa del Pap\u00e0\" href=\"https:\/\/www.filastrocche.it\/feste\/idee-regalo-fai-da-te-per-la-festa-del-papa\/\">IDEE REGALO per la Festa del Pap\u00e0, cliccate qui<\/a><\/strong>!<\/p>\n<p><a href=\"https:\/\/www.filastrocche.it\/feste\/ricette-per-la-festa-del-papa\/\"><img loading=\"lazy\" decoding=\"async\" width=\"120\" height=\"142\" class=\"alignnone wp-image-22531 size-full\" title=\"Ricette per la Festa del Pap\u00e0\" src=\"https:\/\/www.filastrocche.it\/feste\/wp-content\/uploads\/2017\/03\/mistrali-ricette-piatto-pollo-120.jpg\" alt=\"Ricette per la Festa del Pap\u00e0\"   \/><\/a><br \/>\nSe cercate delle <a href=\"https:\/\/www.filastrocche.it\/feste\/ricette-per-la-festa-del-papa\/\"><strong>Ricette per la Festa del Pap\u00e0, cliccate qui<\/strong><\/a>!<\/p>\n<p>&nbsp;<\/p>\n<p><a href=\"https:\/\/www.filastrocche.it\/feste\/speciale-festa-del-papa\/\"><img loading=\"lazy\" decoding=\"async\" width=\"198\" height=\"47\" class=\"alignnone wp-image-8471 size-full\" title=\"Speciale Festa del Pap\u00e0\" src=\"https:\/\/www.filastrocche.it\/feste\/wp-content\/uploads\/2013\/02\/festa_papa.gif\" alt=\"Speciale Festa del Pap\u00e0\"   \/><\/a><br \/>\n<a href=\"https:\/\/www.filastrocche.it\/feste\/speciale-festa-del-papa\/\"><strong>Visita lo Speciale Festa del Pap\u00e0!<\/strong><\/a><\/p>\n","protected":false},"excerpt":{"rendered":"<p>Le migliori Poesie per il Pap\u00e0 Sono tantissimi i testi, le rime, le filastrocche e le poesie per il pap\u00e0 presenti in letteratura. Qui vi proponiamo una selezione di quelle che riteniamo pi\u00f9 belle e significative da dedicare al pap\u00e0 non solamente nel giorno della loro Festa (19 marzo), ma tutti i giorni dell&#8217;anno \ud83d\ude42 [&hellip;]<\/p>\n","protected":false},"author":5,"featured_media":32773,"comment_status":"open","ping_status":"open","sticky":false,"template":"","format":"standard","meta":{"footnotes":""},"categories":[7,869],"tags":[861,221,225,223],"sponsors":[],"class_list":["post-32769","post","type-post","status-publish","format-standard","has-post-thumbnail","hentry","category-festa-del-papa","category-rime-e-filastrocche-festa-del-papa","tag-festa-del-papa-2","tag-filastrocche","tag-poesie","tag-rime"],"yoast_head":"<!-- This site is optimized with the Yoast SEO plugin v26.2 - https:\/\/yoast.com\/wordpress\/plugins\/seo\/ -->\n<title>Le pi\u00f9 belle Poesie per il Pap\u00e0 selezionate da Filastrocche.it<\/title>\n<meta name=\"description\" content=\"Selezione delle pi\u00f9 belle e significative Poesie per il Pap\u00e0, da dedicare al pap\u00e0 nel giorno della sua Festa (19 marzo) ma anche tutti i giorni dell&#039;anno!\" \/>\n<meta name=\"robots\" content=\"index, follow, max-snippet:-1, max-image-preview:large, max-video-preview:-1\" \/>\n<link rel=\"canonical\" href=\"https:\/\/www.filastrocche.it\/feste\/poesie-per-il-papa\/\" \/>\n<meta property=\"og:locale\" content=\"it_IT\" \/>\n<meta property=\"og:type\" content=\"article\" \/>\n<meta property=\"og:title\" content=\"Le pi\u00f9 belle Poesie per il Pap\u00e0 selezionate da Filastrocche.it\" \/>\n<meta property=\"og:description\" content=\"Selezione delle pi\u00f9 belle e significative Poesie per il Pap\u00e0, da dedicare al pap\u00e0 nel giorno della sua Festa (19 marzo) ma anche tutti i giorni dell&#039;anno!\" \/>\n<meta property=\"og:url\" content=\"https:\/\/www.filastrocche.it\/feste\/poesie-per-il-papa\/\" \/>\n<meta property=\"og:site_name\" content=\"Filastrocche.it\" \/>\n<meta property=\"article:author\" content=\"http:\/\/www.facebook.com\/jolanda.restano\" \/>\n<meta property=\"article:published_time\" content=\"2018-03-12T09:12:55+00:00\" \/>\n<meta property=\"article:modified_time\" content=\"2023-03-14T09:19:55+00:00\" \/>\n<meta property=\"og:image\" content=\"https:\/\/www.filastrocche.it\/feste\/wp-content\/uploads\/2018\/03\/papa-bambina-su-spalle-550.jpg\" \/>\n\t<meta property=\"og:image:width\" content=\"550\" \/>\n\t<meta property=\"og:image:height\" content=\"366\" \/>\n\t<meta property=\"og:image:type\" content=\"image\/jpeg\" \/>\n<meta name=\"author\" content=\"Jolanda\" \/>\n<meta name=\"twitter:label1\" content=\"Scritto da\" \/>\n\t<meta name=\"twitter:data1\" content=\"Jolanda\" \/>\n\t<meta name=\"twitter:label2\" content=\"Tempo di lettura stimato\" \/>\n\t<meta name=\"twitter:data2\" content=\"6 minuti\" \/>\n<!-- \/ Yoast SEO plugin. -->","yoast_head_json":{"title":"Le pi\u00f9 belle Poesie per il Pap\u00e0 selezionate da Filastrocche.it","description":"Selezione delle pi\u00f9 belle e significative Poesie per il Pap\u00e0, da dedicare al pap\u00e0 nel giorno della sua Festa (19 marzo) ma anche tutti i giorni dell'anno!","robots":{"index":"index","follow":"follow","max-snippet":"max-snippet:-1","max-image-preview":"max-image-preview:large","max-video-preview":"max-video-preview:-1"},"canonical":"https:\/\/www.filastrocche.it\/feste\/poesie-per-il-papa\/","og_locale":"it_IT","og_type":"article","og_title":"Le pi\u00f9 belle Poesie per il Pap\u00e0 selezionate da Filastrocche.it","og_description":"Selezione delle pi\u00f9 belle e significative Poesie per il Pap\u00e0, da dedicare al pap\u00e0 nel giorno della sua Festa (19 marzo) ma anche tutti i giorni dell'anno!","og_url":"https:\/\/www.filastrocche.it\/feste\/poesie-per-il-papa\/","og_site_name":"Filastrocche.it","article_author":"http:\/\/www.facebook.com\/jolanda.restano","article_published_time":"2018-03-12T09:12:55+00:00","article_modified_time":"2023-03-14T09:19:55+00:00","og_image":[{"width":550,"height":366,"url":"https:\/\/www.filastrocche.it\/feste\/wp-content\/uploads\/2018\/03\/papa-bambina-su-spalle-550.jpg","type":"image\/jpeg"}],"author":"Jolanda","twitter_misc":{"Scritto da":"Jolanda","Tempo di lettura stimato":"6 minuti"},"schema":{"@context":"https:\/\/schema.org","@graph":[{"@type":"WebPage","@id":"https:\/\/www.filastrocche.it\/feste\/poesie-per-il-papa\/","url":"https:\/\/www.filastrocche.it\/feste\/poesie-per-il-papa\/","name":"Le pi\u00f9 belle Poesie per il Pap\u00e0 selezionate da Filastrocche.it","isPartOf":{"@id":"https:\/\/www.filastrocche.it\/feste\/#website"},"primaryImageOfPage":{"@id":"https:\/\/www.filastrocche.it\/feste\/poesie-per-il-papa\/#primaryimage"},"image":{"@id":"https:\/\/www.filastrocche.it\/feste\/poesie-per-il-papa\/#primaryimage"},"thumbnailUrl":"https:\/\/www.filastrocche.it\/feste\/wp-content\/uploads\/2018\/03\/papa-bambina-su-spalle-550.jpg","datePublished":"2018-03-12T09:12:55+00:00","dateModified":"2023-03-14T09:19:55+00:00","author":{"@id":"https:\/\/www.filastrocche.it\/feste\/#\/schema\/person\/13a7995b740342851d3a3c001f9dd658"},"description":"Selezione delle pi\u00f9 belle e significative Poesie per il Pap\u00e0, da dedicare al pap\u00e0 nel giorno della sua Festa (19 marzo) ma anche tutti i giorni dell'anno!","breadcrumb":{"@id":"https:\/\/www.filastrocche.it\/feste\/poesie-per-il-papa\/#breadcrumb"},"inLanguage":"it-IT","potentialAction":[{"@type":"ReadAction","target":["https:\/\/www.filastrocche.it\/feste\/poesie-per-il-papa\/"]}]},{"@type":"ImageObject","inLanguage":"it-IT","@id":"https:\/\/www.filastrocche.it\/feste\/poesie-per-il-papa\/#primaryimage","url":"https:\/\/www.filastrocche.it\/feste\/wp-content\/uploads\/2018\/03\/papa-bambina-su-spalle-550.jpg","contentUrl":"https:\/\/www.filastrocche.it\/feste\/wp-content\/uploads\/2018\/03\/papa-bambina-su-spalle-550.jpg","width":550,"height":366,"caption":"Father and daughter against sky"},{"@type":"BreadcrumbList","@id":"https:\/\/www.filastrocche.it\/feste\/poesie-per-il-papa\/#breadcrumb","itemListElement":[{"@type":"ListItem","position":1,"name":"Home","item":"https:\/\/www.filastrocche.it\/feste\/"},{"@type":"ListItem","position":2,"name":"Le pi\u00f9 belle Poesie per il Pap\u00e0"}]},{"@type":"WebSite","@id":"https:\/\/www.filastrocche.it\/feste\/#website","url":"https:\/\/www.filastrocche.it\/feste\/","name":"Filastrocche.it","description":"Festeggiamo in famiglia","potentialAction":[{"@type":"SearchAction","target":{"@type":"EntryPoint","urlTemplate":"https:\/\/www.filastrocche.it\/feste\/?s={search_term_string}"},"query-input":{"@type":"PropertyValueSpecification","valueRequired":true,"valueName":"search_term_string"}}],"inLanguage":"it-IT"},{"@type":"Person","@id":"https:\/\/www.filastrocche.it\/feste\/#\/schema\/person\/13a7995b740342851d3a3c001f9dd658","name":"Jolanda","image":{"@type":"ImageObject","inLanguage":"it-IT","@id":"https:\/\/www.filastrocche.it\/feste\/#\/schema\/person\/image\/","url":"https:\/\/secure.gravatar.com\/avatar\/1b1f38df48384d8f75481e92c0cbf9e3494d37f3cf35cd02b0f5cba7d63f7349?s=96&d=mm&r=g","contentUrl":"https:\/\/secure.gravatar.com\/avatar\/1b1f38df48384d8f75481e92c0cbf9e3494d37f3cf35cd02b0f5cba7d63f7349?s=96&d=mm&r=g","caption":"Jolanda"},"sameAs":["http:\/\/www.facebook.com\/jolanda.restano","https:\/\/x.com\/jolandarestano"],"url":"https:\/\/www.filastrocche.it\/feste\/author\/jolanda\/"}]}},"_links":{"self":[{"href":"https:\/\/www.filastrocche.it\/feste\/wp-json\/wp\/v2\/posts\/32769","targetHints":{"allow":["GET"]}}],"collection":[{"href":"https:\/\/www.filastrocche.it\/feste\/wp-json\/wp\/v2\/posts"}],"about":[{"href":"https:\/\/www.filastrocche.it\/feste\/wp-json\/wp\/v2\/types\/post"}],"author":[{"embeddable":true,"href":"https:\/\/www.filastrocche.it\/feste\/wp-json\/wp\/v2\/users\/5"}],"replies":[{"embeddable":true,"href":"https:\/\/www.filastrocche.it\/feste\/wp-json\/wp\/v2\/comments?post=32769"}],"version-history":[{"count":3,"href":"https:\/\/www.filastrocche.it\/feste\/wp-json\/wp\/v2\/posts\/32769\/revisions"}],"predecessor-version":[{"id":42354,"href":"https:\/\/www.filastrocche.it\/feste\/wp-json\/wp\/v2\/posts\/32769\/revisions\/42354"}],"wp:featuredmedia":[{"embeddable":true,"href":"https:\/\/www.filastrocche.it\/feste\/wp-json\/wp\/v2\/media\/32773"}],"wp:attachment":[{"href":"https:\/\/www.filastrocche.it\/feste\/wp-json\/wp\/v2\/media?parent=32769"}],"wp:term":[{"taxonomy":"category","embeddable":true,"href":"https:\/\/www.filastrocche.it\/feste\/wp-json\/wp\/v2\/categories?post=32769"},{"taxonomy":"post_tag","embeddable":true,"href":"https:\/\/www.filastrocche.it\/feste\/wp-json\/wp\/v2\/tags?post=32769"},{"taxonomy":"sponsors","embeddable":true,"href":"https:\/\/www.filastrocche.it\/feste\/wp-json\/wp\/v2\/sponsors?post=32769"}],"curies":[{"name":"wp","href":"https:\/\/api.w.org\/{rel}","templated":true}]}}