{"id":33169,"date":"2019-03-12T08:00:02","date_gmt":"2019-03-12T07:00:02","guid":{"rendered":"https:\/\/www.filastrocche.it\/feste\/?p=33169"},"modified":"2018-03-19T12:17:09","modified_gmt":"2018-03-19T11:17:09","slug":"poster-per-il-papa","status":"publish","type":"post","link":"https:\/\/www.filastrocche.it\/feste\/poster-per-il-papa\/","title":{"rendered":"Poster per il Pap\u00e0 fai da te"},"content":{"rendered":"<p><a href=\"https:\/\/www.filastrocche.it\/feste\/wp-content\/uploads\/2018\/03\/poster-per-il-papa-440.jpg\"><img loading=\"lazy\" decoding=\"async\" width=\"449\" height=\"576\" class=\"aligncenter wp-image-33183 size-full\" title=\"Poster per il Pap\u00e0\" src=\"https:\/\/www.filastrocche.it\/feste\/wp-content\/uploads\/2018\/03\/poster-per-il-papa-440.jpg\" alt=\"Poster per il Pap\u00e0\" srcset=\"https:\/\/www.filastrocche.it\/feste\/wp-content\/uploads\/2018\/03\/poster-per-il-papa-440.jpg 449w, https:\/\/www.filastrocche.it\/feste\/wp-content\/uploads\/2018\/03\/poster-per-il-papa-440-234x300.jpg 234w\" sizes=\"auto, (max-width: 449px) 100vw, 449px\" \/><\/a><\/p>\n<h2>Realizziamo insieme dei <strong>Poster per il Pap\u00e0<\/strong> fai da te<\/h2>\n<p>Per la Festa del Pap\u00e0 vi proponiamo dei <strong>simpatici Poster fai da te<\/strong> da appendere in casa il<strong> 19 marzo<\/strong> per festeggiare tutti insieme!<\/p>\n<p>I <strong>Poster per il Pap\u00e0 fai da te<\/strong> sono semplicissimi da realizzare!<\/p>\n<p>Vi baster\u00e0 <strong>scegliere il Poster per il Pap\u00e0 che preferite<\/strong> nell&#8217;elenco proposto pi\u00f9 in basso.<\/p>\n<p>Su ogni poster c&#8217;\u00e8 una scritta diversa. Potete anche stamparne pi\u00f9 di uno e usarli in vari punti della casa: sulla porta per accoglierlo quando arriva, sui muri, sulle fisentre&#8230;<\/p>\n<p>Quando avete scelto i Poster che volete realizzare <strong>vi baster\u00e0 stamparli<\/strong> con la stampante e poi utilizzarli per decorare l&#8217;ambiente dove festeggerete il vostro pap\u00e0!<\/p>\n<p>I poster per il Pap\u00e0 sono in <strong>dimensione A4 e formato pdf<\/strong>. <strong>Pesano circa 1,2M<\/strong>.<\/p>\n<p>Se volete potete anche scrivere sul retro dei Poster una bella <a href=\"https:\/\/www.filastrocche.it\/feste\/filastrocche-per-la-festa-del-papa\/\"><strong>filastrocca per il pap\u00e0<\/strong><\/a>, o <a href=\"https:\/\/www.filastrocche.it\/feste\/poesie-per-la-festa-del-papa\/\"><strong>una poesia<\/strong><\/a>. Poi potete arrotolare il poster e fissarlo con un cordoncino colorato: sar\u00e0 una bella <a href=\"https:\/\/www.filastrocche.it\/feste\/idee-regalo-fai-da-te-per-la-festa-del-papa\/\"><strong>idea regalo per la sua Festa<\/strong><\/a>!<\/p>\n<p>&nbsp;<\/p>\n<h3>Ecco i <strong>Poster per il Pap\u00e0<\/strong> fai da te disponibili sul sito<\/h3>\n<ul>\n<li><a href=\"https:\/\/www.filastrocche.it\/feste\/wp-content\/uploads\/2018\/03\/poster-festa-papa-1.pdf\" target=\"_blank\" rel=\"noopener\"><strong>Buona Festa del Pap\u00e0<\/strong><\/a><\/li>\n<li><a href=\"https:\/\/www.filastrocche.it\/feste\/wp-content\/uploads\/2018\/03\/poster-festa-papa-2.pdf\" target=\"_blank\" rel=\"noopener\"><strong>Tu sei il Re<\/strong><\/a><\/li>\n<li><a href=\"https:\/\/www.filastrocche.it\/feste\/wp-content\/uploads\/2018\/03\/poster-festa-papa-3.pdf\" target=\"_blank\" rel=\"noopener\"><strong>Ti voglio bene Pap\u00e0<\/strong><\/a><\/li>\n<li><a href=\"https:\/\/www.filastrocche.it\/feste\/wp-content\/uploads\/2018\/03\/poster-festa-papa-4.pdf\" target=\"_blank\" rel=\"noopener\"><strong>Auguri Pap\u00e0<\/strong><\/a><\/li>\n<\/ul>\n<p>&nbsp;<\/p>\n<p>&nbsp;<\/p>\n<p><a href=\"https:\/\/www.filastrocche.it\/feste\/lavoretti-per-la-festa-del-papa\/\"><img loading=\"lazy\" decoding=\"async\" width=\"150\" height=\"101\" class=\"alignnone wp-image-16941 size-full\" title=\"Lavoretti per la Festa del Pap\u00e0\" src=\"https:\/\/www.filastrocche.it\/feste\/wp-content\/uploads\/2013\/02\/lavoretti-festa-del-papa-150.jpg\" alt=\"Lavoretti per la Festa del Pap\u00e0\"   \/><\/a><br \/>\nSe state cercando dei <strong><a title=\"Lavoretti per la Festa del Pap\u00e0\" href=\"https:\/\/www.filastrocche.it\/feste\/lavoretti-per-la-festa-del-papa\/\">LAVORETTI per la Festa del Pap\u00e0, cliccate qui<\/a><\/strong>!<\/p>\n<p><a href=\"https:\/\/www.filastrocche.it\/feste\/idee-regalo-fai-da-te-per-la-festa-del-papa\/\"><img loading=\"lazy\" decoding=\"async\" width=\"150\" height=\"140\" class=\"alignnone wp-image-16943 size-full\" title=\"Idee Regalo per la Festa del Pap\u00e0\" src=\"https:\/\/www.filastrocche.it\/feste\/wp-content\/uploads\/2013\/02\/mistrali-festa-papa-regalo-150.jpg\" alt=\"Idee Regalo per la Festa del Pap\u00e0\"   \/><\/a><br \/>\nSe state cercando delle <strong><a title=\"Idee regalo per la Festa del Pap\u00e0\" href=\"https:\/\/www.filastrocche.it\/feste\/idee-regalo-fai-da-te-per-la-festa-del-papa\/\">IDEE REGALO per la Festa del Pap\u00e0, cliccate qui<\/a><\/strong>!<\/p>\n<p>&nbsp;<\/p>\n<p><a href=\"https:\/\/www.filastrocche.it\/feste\/poesie-per-la-festa-del-papa\/\"><img loading=\"lazy\" decoding=\"async\" width=\"150\" height=\"124\" class=\"alignnone wp-image-22489 size-full\" title=\"Poesie per la Festa del Pap\u00e0\" src=\"https:\/\/www.filastrocche.it\/feste\/wp-content\/uploads\/2013\/02\/papa-150.jpg\" alt=\"Poesie per la Festa del Pap\u00e0\"   \/><\/a><br \/>\nPer le migliori <a href=\"https:\/\/www.filastrocche.it\/feste\/poesie-per-la-festa-del-papa\/\"><strong>Poesie per la Festa del Pap\u00e0, cliccate qui<\/strong><\/a>!<\/p>\n<p><a href=\"https:\/\/www.filastrocche.it\/feste\/filastrocche-per-la-festa-del-papa\/\"><img loading=\"lazy\" decoding=\"async\" width=\"150\" height=\"150\" class=\"alignnone wp-image-22509 size-full\" title=\"Filastrocche per la Festa del Pap\u00e0\" src=\"https:\/\/www.filastrocche.it\/feste\/wp-content\/uploads\/2017\/03\/filastrocche-per-la-festa-del-papa-150.jpg\" alt=\"Filastrocche per la Festa del Pap\u00e0\"   \/><\/a><br \/>\nPer le pi\u00f9 belle <a href=\"https:\/\/www.filastrocche.it\/feste\/filastrocche-per-la-festa-del-papa\/\"><strong>Filastrocche per la Festa del Pap\u00e0, cliccate qui<\/strong><\/a>!<\/p>\n<p><a href=\"https:\/\/www.filastrocche.it\/feste\/filastrocche-per-la-festa-del-papa-tradizionali-o-dautore\/\"><img loading=\"lazy\" decoding=\"async\" width=\"150\" height=\"129\" class=\"alignnone wp-image-22497 size-full\" title=\"filastrocche per la Festa del Pap\u00e0\" src=\"https:\/\/www.filastrocche.it\/feste\/wp-content\/uploads\/2013\/02\/mistrali-festa-papa-pipa-150.jpg\" alt=\"filastrocche per la Festa del Pap\u00e0\"   \/><\/a><br \/>\nPer altre <a href=\"https:\/\/www.filastrocche.it\/feste\/filastrocche-per-la-festa-del-papa-tradizionali-o-dautore\/\"><strong>filastrocche per la Festa del Pap\u00e0, cliccate qui<\/strong><\/a>!<\/p>\n<p><a href=\"https:\/\/www.filastrocche.it\/leggiamo\/jolanda-restano-filastrocche-per-la-festa-del-papa\/\"><img loading=\"lazy\" decoding=\"async\" width=\"100\" height=\"168\" class=\"alignnone wp-image-16947 size-full\" title=\"Filastrocche per la Festa del Pap\u00e0\" src=\"https:\/\/www.filastrocche.it\/feste\/wp-content\/uploads\/2013\/02\/mistrali-festa-papa-bimba-100.jpg\" alt=\"Filastrocche per la Festa del Pap\u00e0\"   \/><\/a><br \/>\nSe volete leggere <strong>le filastrocche per il vostro Pap\u00e0<\/strong> <strong><a title=\"Filastrocche per la Festa del Pap\u00e0 di Jolanda Restano\" href=\"https:\/\/www.filastrocche.it\/leggiamo\/jolanda-restano-filastrocche-per-la-festa-del-papa\/\">scritte da Jolanda Restano, cliccate qui!<\/a><\/strong><\/p>\n<p><a href=\"https:\/\/www.filastrocche.it\/feste\/filastrocche-per-la-festa-del-papa-scritte-dagli-utenti-del-sito\/\"><img loading=\"lazy\" decoding=\"async\" width=\"100\" height=\"195\" class=\"alignnone wp-image-16953 size-full\" title=\"Filastrocche per la Festa del Pap\u00e0\" src=\"https:\/\/www.filastrocche.it\/feste\/wp-content\/uploads\/2013\/02\/mistrali-festa-papa-bimbo-100.jpg\" alt=\"Filastrocche per la Festa del Pap\u00e0\"   \/><\/a><br \/>\nSe invece vi interessano le <strong><a title=\"Filastrocche per la Festa del Pap\u00e0 scritte dagli utenti del sito\" href=\"https:\/\/www.filastrocche.it\/feste\/filastrocche-per-la-festa-del-papa-scritte-dagli-utenti-del-sito\/\">filastrocche per la Festa del Pap\u00e0 scritte da voi, cliccate qui<\/a><\/strong>!<\/p>\n<p><a href=\"https:\/\/www.filastrocche.it\/feste\/frasi-per-la-festa-del-papa\/\"><img loading=\"lazy\" decoding=\"async\" width=\"150\" height=\"134\" class=\"alignnone wp-image-22557 size-full\" title=\"Frasi per la Festa del Pap\u00e0\" src=\"https:\/\/www.filastrocche.it\/feste\/wp-content\/uploads\/2017\/03\/frasi-per-la-festa-del-papa-150.jpg\" alt=\"Frasi per la Festa del Pap\u00e0\"   \/><br \/>\n<\/a>Per le pi\u00f9 belle <a href=\"https:\/\/www.filastrocche.it\/feste\/frasi-per-la-festa-del-papa\/\"><strong>Frasi per la Festa del Pap\u00e0, cliccate qui<\/strong><\/a>!<\/p>\n<p>&nbsp;<\/p>\n<p>&nbsp;<\/p>\n<p><a href=\"https:\/\/www.filastrocche.it\/feste\/ricette-per-la-festa-del-papa\/\"><img loading=\"lazy\" decoding=\"async\" width=\"120\" height=\"142\" class=\"alignnone wp-image-22531 size-full\" title=\"Ricette per la Festa del Pap\u00e0\" src=\"https:\/\/www.filastrocche.it\/feste\/wp-content\/uploads\/2017\/03\/mistrali-ricette-piatto-pollo-120.jpg\" alt=\"Ricette per la Festa del Pap\u00e0\"   \/><\/a><br \/>\nSe cercate delle <a href=\"https:\/\/www.filastrocche.it\/feste\/ricette-per-la-festa-del-papa\/\"><strong>Ricette per la Festa del Pap\u00e0, cliccate qui<\/strong><\/a>!<\/p>\n<p>&nbsp;<\/p>\n<p><a href=\"https:\/\/www.filastrocche.it\/feste\/speciale-festa-del-papa\/\"><img loading=\"lazy\" decoding=\"async\" width=\"198\" height=\"47\" class=\"alignnone wp-image-8471 size-full\" title=\"Speciale Festa del Pap\u00e0\" src=\"https:\/\/www.filastrocche.it\/feste\/wp-content\/uploads\/2013\/02\/festa_papa.gif\" alt=\"Speciale Festa del Pap\u00e0\"   \/><\/a><br \/>\n<a href=\"https:\/\/www.filastrocche.it\/feste\/speciale-festa-del-papa\/\"><strong>Visita lo Speciale Festa del Pap\u00e0!<\/strong><\/a><\/p>\n","protected":false},"excerpt":{"rendered":"<p>Realizziamo insieme dei Poster per il Pap\u00e0 fai da te Per la Festa del Pap\u00e0 vi proponiamo dei simpatici Poster fai da te da appendere in casa il 19 marzo per festeggiare tutti insieme! I Poster per il Pap\u00e0 fai da te sono semplicissimi da realizzare! Vi baster\u00e0 scegliere il Poster per il Pap\u00e0 che [&hellip;]<\/p>\n","protected":false},"author":5,"featured_media":33183,"comment_status":"open","ping_status":"open","sticky":false,"template":"","format":"standard","meta":{"footnotes":""},"categories":[339,953,7],"tags":[257,253,71,861,259],"sponsors":[],"class_list":["post-33169","post","type-post","status-publish","format-standard","has-post-thumbnail","hentry","category-creiamo-con-carta-e-forbici-festa-del-papa","category-decoriamo-la-festa-del-papa","category-festa-del-papa","tag-carta","tag-creazioni","tag-decorazioni","tag-festa-del-papa-2","tag-forbici"],"yoast_head":"<!-- This site is optimized with the Yoast SEO plugin v26.2 - https:\/\/yoast.com\/wordpress\/plugins\/seo\/ -->\n<title>Poster per il pap\u00e0 da appendere - La Festa del Pap\u00e0 su Filastrocche.it<\/title>\n<meta name=\"description\" content=\"Ecco come realizzare dei simpatici Poster per il pap\u00e0 fai da te, da stampare e appendere in casa nel giorno della sua festa che cade ogni anno il 19 marzo...\" \/>\n<meta name=\"robots\" content=\"index, follow, max-snippet:-1, max-image-preview:large, max-video-preview:-1\" \/>\n<link rel=\"canonical\" href=\"https:\/\/www.filastrocche.it\/feste\/poster-per-il-papa\/\" \/>\n<meta property=\"og:locale\" content=\"it_IT\" \/>\n<meta property=\"og:type\" content=\"article\" \/>\n<meta property=\"og:title\" content=\"Poster per il pap\u00e0 da appendere - La Festa del Pap\u00e0 su Filastrocche.it\" \/>\n<meta property=\"og:description\" content=\"Ecco come realizzare dei simpatici Poster per il pap\u00e0 fai da te, da stampare e appendere in casa nel giorno della sua festa che cade ogni anno il 19 marzo...\" \/>\n<meta property=\"og:url\" content=\"https:\/\/www.filastrocche.it\/feste\/poster-per-il-papa\/\" \/>\n<meta property=\"og:site_name\" content=\"Filastrocche.it\" \/>\n<meta property=\"article:author\" content=\"http:\/\/www.facebook.com\/jolanda.restano\" \/>\n<meta property=\"article:published_time\" content=\"2019-03-12T07:00:02+00:00\" \/>\n<meta property=\"og:image\" content=\"https:\/\/www.filastrocche.it\/feste\/wp-content\/uploads\/2018\/03\/poster-per-il-papa-440.jpg\" \/>\n\t<meta property=\"og:image:width\" content=\"449\" \/>\n\t<meta property=\"og:image:height\" content=\"576\" \/>\n\t<meta property=\"og:image:type\" content=\"image\/jpeg\" \/>\n<meta name=\"author\" content=\"Jolanda\" \/>\n<meta name=\"twitter:label1\" content=\"Scritto da\" \/>\n\t<meta name=\"twitter:data1\" content=\"Jolanda\" \/>\n\t<meta name=\"twitter:label2\" content=\"Tempo di lettura stimato\" \/>\n\t<meta name=\"twitter:data2\" content=\"2 minuti\" \/>\n<!-- \/ Yoast SEO plugin. -->","yoast_head_json":{"title":"Poster per il pap\u00e0 da appendere - La Festa del Pap\u00e0 su Filastrocche.it","description":"Ecco come realizzare dei simpatici Poster per il pap\u00e0 fai da te, da stampare e appendere in casa nel giorno della sua festa che cade ogni anno il 19 marzo...","robots":{"index":"index","follow":"follow","max-snippet":"max-snippet:-1","max-image-preview":"max-image-preview:large","max-video-preview":"max-video-preview:-1"},"canonical":"https:\/\/www.filastrocche.it\/feste\/poster-per-il-papa\/","og_locale":"it_IT","og_type":"article","og_title":"Poster per il pap\u00e0 da appendere - La Festa del Pap\u00e0 su Filastrocche.it","og_description":"Ecco come realizzare dei simpatici Poster per il pap\u00e0 fai da te, da stampare e appendere in casa nel giorno della sua festa che cade ogni anno il 19 marzo...","og_url":"https:\/\/www.filastrocche.it\/feste\/poster-per-il-papa\/","og_site_name":"Filastrocche.it","article_author":"http:\/\/www.facebook.com\/jolanda.restano","article_published_time":"2019-03-12T07:00:02+00:00","og_image":[{"width":449,"height":576,"url":"https:\/\/www.filastrocche.it\/feste\/wp-content\/uploads\/2018\/03\/poster-per-il-papa-440.jpg","type":"image\/jpeg"}],"author":"Jolanda","twitter_misc":{"Scritto da":"Jolanda","Tempo di lettura stimato":"2 minuti"},"schema":{"@context":"https:\/\/schema.org","@graph":[{"@type":"WebPage","@id":"https:\/\/www.filastrocche.it\/feste\/poster-per-il-papa\/","url":"https:\/\/www.filastrocche.it\/feste\/poster-per-il-papa\/","name":"Poster per il pap\u00e0 da appendere - La Festa del Pap\u00e0 su Filastrocche.it","isPartOf":{"@id":"https:\/\/www.filastrocche.it\/feste\/#website"},"primaryImageOfPage":{"@id":"https:\/\/www.filastrocche.it\/feste\/poster-per-il-papa\/#primaryimage"},"image":{"@id":"https:\/\/www.filastrocche.it\/feste\/poster-per-il-papa\/#primaryimage"},"thumbnailUrl":"https:\/\/www.filastrocche.it\/feste\/wp-content\/uploads\/2018\/03\/poster-per-il-papa-440.jpg","datePublished":"2019-03-12T07:00:02+00:00","author":{"@id":"https:\/\/www.filastrocche.it\/feste\/#\/schema\/person\/13a7995b740342851d3a3c001f9dd658"},"description":"Ecco come realizzare dei simpatici Poster per il pap\u00e0 fai da te, da stampare e appendere in casa nel giorno della sua festa che cade ogni anno il 19 marzo...","breadcrumb":{"@id":"https:\/\/www.filastrocche.it\/feste\/poster-per-il-papa\/#breadcrumb"},"inLanguage":"it-IT","potentialAction":[{"@type":"ReadAction","target":["https:\/\/www.filastrocche.it\/feste\/poster-per-il-papa\/"]}]},{"@type":"ImageObject","inLanguage":"it-IT","@id":"https:\/\/www.filastrocche.it\/feste\/poster-per-il-papa\/#primaryimage","url":"https:\/\/www.filastrocche.it\/feste\/wp-content\/uploads\/2018\/03\/poster-per-il-papa-440.jpg","contentUrl":"https:\/\/www.filastrocche.it\/feste\/wp-content\/uploads\/2018\/03\/poster-per-il-papa-440.jpg","width":449,"height":576},{"@type":"BreadcrumbList","@id":"https:\/\/www.filastrocche.it\/feste\/poster-per-il-papa\/#breadcrumb","itemListElement":[{"@type":"ListItem","position":1,"name":"Home","item":"https:\/\/www.filastrocche.it\/feste\/"},{"@type":"ListItem","position":2,"name":"Poster per il Pap\u00e0 fai da te"}]},{"@type":"WebSite","@id":"https:\/\/www.filastrocche.it\/feste\/#website","url":"https:\/\/www.filastrocche.it\/feste\/","name":"Filastrocche.it","description":"Festeggiamo in famiglia","potentialAction":[{"@type":"SearchAction","target":{"@type":"EntryPoint","urlTemplate":"https:\/\/www.filastrocche.it\/feste\/?s={search_term_string}"},"query-input":{"@type":"PropertyValueSpecification","valueRequired":true,"valueName":"search_term_string"}}],"inLanguage":"it-IT"},{"@type":"Person","@id":"https:\/\/www.filastrocche.it\/feste\/#\/schema\/person\/13a7995b740342851d3a3c001f9dd658","name":"Jolanda","image":{"@type":"ImageObject","inLanguage":"it-IT","@id":"https:\/\/www.filastrocche.it\/feste\/#\/schema\/person\/image\/","url":"https:\/\/secure.gravatar.com\/avatar\/1b1f38df48384d8f75481e92c0cbf9e3494d37f3cf35cd02b0f5cba7d63f7349?s=96&d=mm&r=g","contentUrl":"https:\/\/secure.gravatar.com\/avatar\/1b1f38df48384d8f75481e92c0cbf9e3494d37f3cf35cd02b0f5cba7d63f7349?s=96&d=mm&r=g","caption":"Jolanda"},"sameAs":["http:\/\/www.facebook.com\/jolanda.restano","https:\/\/x.com\/jolandarestano"],"url":"https:\/\/www.filastrocche.it\/feste\/author\/jolanda\/"}]}},"_links":{"self":[{"href":"https:\/\/www.filastrocche.it\/feste\/wp-json\/wp\/v2\/posts\/33169","targetHints":{"allow":["GET"]}}],"collection":[{"href":"https:\/\/www.filastrocche.it\/feste\/wp-json\/wp\/v2\/posts"}],"about":[{"href":"https:\/\/www.filastrocche.it\/feste\/wp-json\/wp\/v2\/types\/post"}],"author":[{"embeddable":true,"href":"https:\/\/www.filastrocche.it\/feste\/wp-json\/wp\/v2\/users\/5"}],"replies":[{"embeddable":true,"href":"https:\/\/www.filastrocche.it\/feste\/wp-json\/wp\/v2\/comments?post=33169"}],"version-history":[{"count":9,"href":"https:\/\/www.filastrocche.it\/feste\/wp-json\/wp\/v2\/posts\/33169\/revisions"}],"predecessor-version":[{"id":33205,"href":"https:\/\/www.filastrocche.it\/feste\/wp-json\/wp\/v2\/posts\/33169\/revisions\/33205"}],"wp:featuredmedia":[{"embeddable":true,"href":"https:\/\/www.filastrocche.it\/feste\/wp-json\/wp\/v2\/media\/33183"}],"wp:attachment":[{"href":"https:\/\/www.filastrocche.it\/feste\/wp-json\/wp\/v2\/media?parent=33169"}],"wp:term":[{"taxonomy":"category","embeddable":true,"href":"https:\/\/www.filastrocche.it\/feste\/wp-json\/wp\/v2\/categories?post=33169"},{"taxonomy":"post_tag","embeddable":true,"href":"https:\/\/www.filastrocche.it\/feste\/wp-json\/wp\/v2\/tags?post=33169"},{"taxonomy":"sponsors","embeddable":true,"href":"https:\/\/www.filastrocche.it\/feste\/wp-json\/wp\/v2\/sponsors?post=33169"}],"curies":[{"name":"wp","href":"https:\/\/api.w.org\/{rel}","templated":true}]}}