{"id":38636,"date":"2019-10-15T17:29:28","date_gmt":"2019-10-15T15:29:28","guid":{"rendered":"https:\/\/www.filastrocche.it\/feste\/?p=38636"},"modified":"2026-03-09T17:00:32","modified_gmt":"2026-03-09T16:00:32","slug":"poesie-didattiche","status":"publish","type":"post","link":"https:\/\/www.filastrocche.it\/feste\/poesie-didattiche\/","title":{"rendered":"Poesie didattiche"},"content":{"rendered":"<p><a href=\"https:\/\/www.filastrocche.it\/feste\/wp-content\/uploads\/2019\/10\/poesie-didattiche-550.jpg\"><img loading=\"lazy\" decoding=\"async\" width=\"550\" height=\"797\" class=\"aligncenter wp-image-38646 size-full\" title=\"Poesie didattiche\" src=\"https:\/\/www.filastrocche.it\/feste\/wp-content\/uploads\/2019\/10\/poesie-didattiche-550.jpg\" alt=\"Poesie didattiche\" srcset=\"https:\/\/www.filastrocche.it\/feste\/wp-content\/uploads\/2019\/10\/poesie-didattiche-550.jpg 550w, https:\/\/www.filastrocche.it\/feste\/wp-content\/uploads\/2019\/10\/poesie-didattiche-550-207x300.jpg 207w\" sizes=\"auto, (max-width: 550px) 100vw, 550px\" \/><\/a><\/p>\n<h2><strong>Poesie didattiche<\/strong>: per imparare velocemente ortografia, grammatica, storia e geografia!<\/h2>\n<p>\u00c8 notorio che <strong>studiare con l&#8217;aiuto delle rime \u00e8 certamente pi\u00f9 facile<\/strong> e in pi\u00f9 \u00e8 anche pi\u00f9 divertente. <strong>Le rime aiutano a tenere a mente pi\u00f9 facilmente<\/strong> le cose e quindi da sempre sono amate dagli studenti di ogni et\u00e0!<\/p>\n<p>Abbiamo selezionato per voi le <strong>Poesie Didattiche<\/strong> pi\u00f9 belle, allegre e utili per imparare ortografia, grammatica, punteggiatura, storia, geografia, matematica e non solo!<\/p>\n<p>Queste rime sono utili per <strong>rafforzare le lezioni fatte in classe<\/strong>, per strappare un sorriso ai bambini durante una lezione o proprio <strong>per consolidare le nozioni<\/strong> e farle sedimentare bene nella mente degli studenti.<\/p>\n<p>&nbsp;<\/p>\n<h3><strong>Poesie Didattiche:<\/strong> Ortografia, Grammatica, Punteggiatura<\/h3>\n<ul>\n<li><a href=\"https:\/\/www.filastrocche.it\/contenuti\/accenti\/\"><strong>Accenti<\/strong><\/a><\/li>\n<li><a href=\"https:\/\/www.filastrocche.it\/contenuti\/laccento-sulla-a\/\"><strong>Accento sulla A<\/strong><\/a> <em>di Gianni Rodari<\/em><\/li>\n<li><a href=\"https:\/\/www.filastrocche.it\/contenuti\/aeiou-3\/\"><strong>AEIOU<\/strong><\/a><\/li>\n<li><a href=\"https:\/\/www.filastrocche.it\/contenuti\/canto-per-le-vocali\/\"><strong>Canto per le vocali<\/strong><\/a> <em>di Emma Minoia<\/em><\/li>\n<li><a href=\"https:\/\/www.filastrocche.it\/contenuti\/cenerentola-passa-la-cera\/\"><strong>Cenerentola passa la cera<\/strong><\/a> (Uso di cera o c\u2019era) <em>di Jolanda Restano<\/em><\/li>\n<li><strong><a href=\"https:\/\/www.filastrocche.it\/contenuti\/ce-2\/\">C&#8217;\u00e9<\/a><\/strong><\/li>\n<li><a href=\"https:\/\/www.filastrocche.it\/contenuti\/ce\/\"><strong>C\u2019\u00c8<\/strong><\/a> <em>di Teresa Romei Correggi<\/em><\/li>\n<li><a href=\"https:\/\/www.filastrocche.it\/contenuti\/c-e\/\"><strong>C&#8217;\u00e8<\/strong><\/a> <em>di R. Pino<\/em><\/li>\n<li><a href=\"https:\/\/www.filastrocche.it\/contenuti\/cera-3\/\"><strong>C&#8217;era<\/strong><\/a> (con pastorello e lupo) <em>di Teresa Romei Correggi<\/em><\/li>\n<li><a href=\"https:\/\/www.filastrocche.it\/contenuti\/c-era\/\"><strong>C&#8217;era<\/strong><\/a> (sulla tempesta) <em>di Teresa Romei Correggi<\/em><\/li>\n<li><a href=\"https:\/\/www.filastrocche.it\/contenuti\/cera-ce\/\"><strong>C&#8217;era&#8230; c&#8217;\u00e8<\/strong><\/a> <em>di Maria Albina Scavuzzo<\/em><\/li>\n<li><a href=\"https:\/\/www.filastrocche.it\/contenuti\/c-era-e-non-c-e-piu\/\"><strong>C\u2019era e\u2026 non c\u2019\u00e8 pi\u00f9!<\/strong><\/a><\/li>\n<li><a href=\"https:\/\/www.filastrocche.it\/contenuti\/cera-un-uovo-nel-cestino\/\"><strong>C\u2019era un uovo nel cestino<\/strong><\/a><\/li>\n<li><a href=\"https:\/\/www.filastrocche.it\/contenuti\/chi-che\/\"><strong>Chi Che<\/strong><\/a> <em>di Teresa Romei Correggi<\/em><\/li>\n<li><a href=\"https:\/\/www.filastrocche.it\/contenuti\/co-cio\/\"><strong>CO CIO<\/strong><\/a> <em>di Teresa Romei Correggi<\/em><\/li>\n<li><strong><a title=\"Como nel com\u00f2\" href=\"https:\/\/www.filastrocche.it\/contenuti\/como-nel-como\/\">Como nel com\u00f2<\/a> <\/strong><em>di Gianni Rodari<\/em><\/li>\n<li><a href=\"https:\/\/www.filastrocche.it\/contenuti\/cosa-faro-da-grande\/\"><strong>Cosa far\u00f2 da grande?<\/strong><\/a> (Parole che fanno eccezione: C o Q) <em>di Jolanda Restano<\/em><\/li>\n<li><a href=\"https:\/\/www.filastrocche.it\/contenuti\/ce-ci\/\"><strong>Da CE CI a CHE CHI<\/strong><\/a><\/li>\n<li><a href=\"https:\/\/www.filastrocche.it\/contenuti\/filastrocca-dei-nomi-3\/\"><strong>Filastrocca dei nomi<\/strong><\/a> <em>di Lea Maggiulli Bartorelli (Zietta Li\u00f9)<\/em><\/li>\n<li><a href=\"https:\/\/www.filastrocche.it\/contenuti\/filastrocca-dei-nomi-comuni-di-animali\/\"><strong>Filastrocca dei nomi comuni di animali<\/strong><\/a> <em>di Lea Maggiulli Bartorelli (Zietta Li\u00f9)<\/em><\/li>\n<li><a href=\"https:\/\/www.filastrocche.it\/contenuti\/filastrocca-dei-nomi-di-cose\/\"><strong>Filastrocca dei nomi di cose<\/strong><\/a> <em>di Lea Maggiulli Bartorelli (Zietta Li\u00f9)<\/em><\/li>\n<li><a href=\"https:\/\/www.filastrocche.it\/contenuti\/filastrocca-dei-nomi-comuni-di-fiori\/\"><strong>Filastrocca dei nomi comuni di fiori<\/strong><\/a> <em>di Lea Maggiulli Bartorelli (Zietta Li\u00f9)<\/em><\/li>\n<li><a href=\"https:\/\/www.filastrocche.it\/contenuti\/filastrocca-dei-nomi-comuni-di-persona\/\"><strong>Filastrocca dei nomi comuni di persona<\/strong><\/a> <em>di Lea Maggiulli Bartorelli (Zietta Li\u00f9)<\/em><\/li>\n<li><a href=\"https:\/\/www.filastrocche.it\/contenuti\/filastrocca-del-ce\/\"><strong>Filastrocca del c\u2019\u00e8<\/strong><\/a><\/li>\n<li><a href=\"https:\/\/www.filastrocche.it\/contenuti\/filastrocca-del-qui-e-del-que\/\"><strong>Filastrocca del Qui e del Que<\/strong><\/a><\/li>\n<li><a href=\"https:\/\/www.filastrocche.it\/contenuti\/filastrocca-del-si\/\"><strong>Filastrocca del s\u00ec<\/strong><\/a> <em>di Mimmo M\u00f2llica<\/em><\/li>\n<li><a href=\"https:\/\/www.filastrocche.it\/contenuti\/filastrocca-dellalfabeto\/\"><strong>Filastrocca dell\u2019alfabeto<\/strong><\/a><\/li>\n<li><a href=\"https:\/\/www.filastrocche.it\/contenuti\/filastrocca-gn\/\"><strong>Filastrocca della GN<\/strong><\/a><\/li>\n<li><a href=\"https:\/\/www.filastrocche.it\/contenuti\/filastrocca-della-h-2\/\"><strong>Filastrocca della H<\/strong><\/a> <em>di Lea Maggiulli Bartorelli (Zietta Li\u00f9)<\/em><\/li>\n<li><a href=\"https:\/\/www.filastrocche.it\/contenuti\/filastrocca-della-h-3\/\"><strong>Filastrocca della H<\/strong><\/a> <em>di Jolanda Restano<\/em><\/li>\n<li><a href=\"https:\/\/www.filastrocche.it\/contenuti\/filastrocca-delle-vocali\/\"><strong>Filastrocca delle vocali<\/strong><\/a> <em>di Giuseppe Bordi<\/em><\/li>\n<li><a href=\"https:\/\/www.filastrocche.it\/contenuti\/filastrocca-della-punteggiatura\/\"><strong>Filastrocca della punteggiatura<\/strong><\/a> <em>di Giuseppe Bordi<br \/>\n<\/em><\/li>\n<li><a href=\"https:\/\/www.filastrocche.it\/contenuti\/filastrocca-di-c-e\/\"><strong>Filastrocca di c\u2019\u00e8<\/strong><\/a> <em>di Francesca Castellino<\/em><\/li>\n<li><a href=\"https:\/\/www.filastrocche.it\/contenuti\/filastrocca-di-essere-e-avere\/\"><strong>Filastrocca di essere e avere<\/strong><\/a> <em>di Serena Riffaldi<\/em><\/li>\n<li><strong><a title=\"Filastrocca di parole con la doppia\" href=\"https:\/\/www.filastrocche.it\/contenuti\/filastrocca-di-parole-con-la-doppia\/\">Filastrocca di parole con la doppia<\/a><\/strong><\/li>\n<li><a href=\"https:\/\/www.filastrocche.it\/contenuti\/qua-que-qui-quo\/\"><strong>Filastrocca di qua, que, qui<\/strong><\/a> <em>di Lea Maggiulli Bartorelli (Zietta Li\u00f9)<\/em><\/li>\n<li><a href=\"https:\/\/www.filastrocche.it\/contenuti\/gli-abiti\/\"><strong>Gli abiti<\/strong><\/a> (Suono GN)<\/li>\n<li><a href=\"https:\/\/www.filastrocche.it\/contenuti\/gli\/\"><strong>GLI<\/strong><\/a> <em>di Teresa Romei Correggi<\/em><\/li>\n<li><a href=\"https:\/\/www.filastrocche.it\/contenuti\/gn\/\"><strong>GN<\/strong><\/a> <em>di Teresa Romei Correggi<\/em><\/li>\n<li><a href=\"https:\/\/www.filastrocche.it\/contenuti\/i-dolci-della-nonna\/\"><strong>I dolci della nonna<\/strong><\/a> (Uso di E o \u00c8) <em>di Jolanda Restano<\/em><\/li>\n<li><a href=\"https:\/\/www.filastrocche.it\/contenuti\/il-bagno-dello-gnomo\/\"><strong>Il bagno dello gnomo<\/strong><\/a> (Suono GN) <em>di Jolanda Restano<\/em><\/li>\n<li><strong><a title=\"Il caso di una parentesi\" href=\"https:\/\/www.filastrocche.it\/contenuti\/il-caso-di-una-parentesi\/\">Il caso di una parentesi<\/a>\u00a0 <\/strong><em>di Gianni Rodari<\/em><\/li>\n<li><a href=\"https:\/\/www.filastrocche.it\/contenuti\/il-dittatore\/\"><strong>Il dittatore<\/strong><\/a> <em>di Gianni Rodari<\/em><\/li>\n<li><a href=\"https:\/\/www.filastrocche.it\/contenuti\/il-puntino-di-fuoco\/\"><strong>Il puntino di fuoco<\/strong><\/a> <em>di Gianni Rodari<\/em><\/li>\n<li><strong><a title=\"Il punto interrogativo\" href=\"https:\/\/www.filastrocche.it\/contenuti\/il-punto-interrogativo\/\">Il punto interrogativo<\/a> <\/strong><em>di Gianni Rodari<\/em><\/li>\n<li><a href=\"https:\/\/www.filastrocche.it\/contenuti\/quaderno-della-q\/\"><strong>Il quaderno della Q<\/strong><\/a><\/li>\n<li><a href=\"https:\/\/www.filastrocche.it\/contenuti\/il-vecchio-nano-q\/\"><strong>Il vecchio nano Q<\/strong><\/a><\/li>\n<li><a href=\"https:\/\/www.filastrocche.it\/contenuti\/laccento-4\/\"><strong>L\u2019accento<\/strong><\/a> <em>di Giuseppe Bordi<\/em><\/li>\n<li><a href=\"https:\/\/www.filastrocche.it\/contenuti\/acquazzone-dispettoso\/\"><strong>L&#8217;acquazzone dispettoso<\/strong><\/a> (Uso del CQ) <em>di Jolanda Restano<\/em><\/li>\n<li><a href=\"https:\/\/www.filastrocche.it\/contenuti\/lago-di-garda\/\"><strong>L\u2019ago di Garda<\/strong><\/a> <em>di Gianni Rodari<\/em><\/li>\n<li><a href=\"https:\/\/www.filastrocche.it\/contenuti\/lalfabeto-4\/\"><strong>L\u2019Alfabeto<\/strong><\/a> <em>di Lodovica Cima<\/em><\/li>\n<li><a href=\"https:\/\/www.filastrocche.it\/contenuti\/lapostrofo-2\/\"><strong>L&#8217;apostrofo<\/strong><\/a><\/li>\n<li><a href=\"https:\/\/www.filastrocche.it\/contenuti\/lapostrofo-4\/\"><strong>L\u2019apostrofo<\/strong><\/a> <em>di G. Marzetti Noventa<\/em><\/li>\n<li><a href=\"https:\/\/www.filastrocche.it\/contenuti\/apostrofo\/\"><strong>L\u2019apostrofo<\/strong><\/a> <em>di Teresa Romei Correggi<\/em><\/li>\n<li><strong><a title=\"La famiglia Punto-e-virgola\" href=\"https:\/\/www.filastrocche.it\/contenuti\/la-famiglia-punto-e-virgola\/\">La famiglia Punto-e-virgola<\/a> <\/strong><em>di Gianni Rodari<\/em><\/li>\n<li><a href=\"https:\/\/www.filastrocche.it\/contenuti\/la-festa\/\"><strong>La festa<\/strong><\/a> (Uso di A, HA, AH!, O, HO, OH!) <em>di Jolanda Restano<\/em><\/li>\n<li><a href=\"https:\/\/www.filastrocche.it\/contenuti\/la-letterina-h\/\"><strong>La letterina H<\/strong><\/a><\/li>\n<li><a href=\"https:\/\/www.filastrocche.it\/contenuti\/signorina-c\/\"><strong>La signorina C<\/strong><\/a> <em>di Lea Maggiulli Bartorelli (Zietta Li\u00f9)<\/em><\/li>\n<li><strong><a title=\"La trib\u00f9 degli indiani Cuc\u00f9\" href=\"https:\/\/www.filastrocche.it\/contenuti\/la-tribu-degli-indiani-cucu\/\">La trib\u00f9 degli indiani Cuc\u00f9<\/a> <\/strong><em>di Gianni Rodari<\/em><\/li>\n<li><strong><a href=\"https:\/\/www.filastrocche.it\/contenuti\/ladro-di-erre\/\">Ladro di &#8220;erre&#8221;<\/a><\/strong> <em>di Gianni Rodari<\/em><\/li>\n<li><a href=\"https:\/\/www.filastrocche.it\/contenuti\/le-doppie-consonanti\/\"><strong>Le doppie consonanti<\/strong><\/a> <em>di Lea Maggiulli Bartorelli (Zietta Li\u00f9)<\/em><\/li>\n<li><a href=\"https:\/\/www.filastrocche.it\/contenuti\/leggigli-leggili-leggi-li\/\"><strong>Leggigli, leggili, leggi l\u00ec&#8230;<\/strong><\/a> <em>di Guido Sperandio<\/em><\/li>\n<li><a href=\"https:\/\/www.filastrocche.it\/contenuti\/le-vocali-7\/\"><strong>Le vocali<\/strong><\/a> <em>di Lina Schwarz<\/em><\/li>\n<li><a href=\"https:\/\/www.filastrocche.it\/contenuti\/vocali\/\"><strong>Le vocali<\/strong><\/a> <em>di Lea Maggiulli Bartorelli (Zietta Li\u00f9)<\/em><\/li>\n<li><a href=\"https:\/\/www.filastrocche.it\/contenuti\/le-vocali-9\/\"><strong>Le vocali<\/strong><\/a> <em>di Teresa Romei Correggi<\/em><\/li>\n<li><a href=\"https:\/\/www.filastrocche.it\/contenuti\/lo-sbaglio\/\"><strong>Lo sbaglio<\/strong><\/a> (come si scrive correttamente: qual \u00e8) <em>di Jolanda Restano<\/em><\/li>\n<li><a href=\"https:\/\/www.filastrocche.it\/contenuti\/noia-sul-po\/\"><strong>Noia sul Po<\/strong><\/a> (per capire differenza tra Po e po&#8217;) <em>di Jolanda Restano<\/em><\/li>\n<li><a href=\"https:\/\/www.filastrocche.it\/contenuti\/p-e-b\/\"><strong>P e B<\/strong><\/a> <em>di Lea Maggiulli Bartorelli (Zietta Li\u00f9)<\/em><\/li>\n<li><strong><a title=\"Per colpa di un accento\" href=\"https:\/\/www.filastrocche.it\/contenuti\/per-colpa-di-un-accento\/\">Per colpa di un accento<\/a> <\/strong><em>di Gianni Rodari<\/em><\/li>\n<li><a href=\"https:\/\/www.filastrocche.it\/contenuti\/povera-h\/\"><strong>Povera H<\/strong><\/a><\/li>\n<li><a href=\"https:\/\/www.filastrocche.it\/contenuti\/prima-cera-ce\/\"><strong>Prima c\u2019era&#8230; adesso c\u2019\u00e8&#8230;<\/strong><\/a><\/li>\n<li><a href=\"https:\/\/www.filastrocche.it\/contenuti\/qua-quo-qui-que\/\"><strong>Qua quo qui que<\/strong><\/a><\/li>\n<li><a href=\"https:\/\/www.filastrocche.it\/contenuti\/qual-e-lerrore-in-quale\/\"><strong>Qual \u00e8 l\u2019errore in qual\u2019\u00e8?<\/strong><\/a> <em>di Jolanda Restano<\/em><\/li>\n<li><a href=\"https:\/\/www.filastrocche.it\/contenuti\/sai-risponder-senza-sbagli\/\"><strong>Sai risponder senza sbagli?<\/strong><\/a> (GLI)<em> di G. Elba<\/em><\/li>\n<li><a href=\"https:\/\/www.filastrocche.it\/contenuti\/sbagliatutto\/\"><strong>Sbagliatutto<\/strong><\/a> <em>di Maria Albina Scavuzzo<\/em><\/li>\n<li><a href=\"https:\/\/www.filastrocche.it\/contenuti\/sci-sce\/\"><strong>SCI-SCE<\/strong><\/a> <em>di Teresa Romei Correggi<\/em><\/li>\n<li><a href=\"https:\/\/www.filastrocche.it\/contenuti\/sei-un-cuoco-sopraffino\/\"><strong>Sei un cuoco sopraffino?<\/strong><\/a><\/li>\n<li><a href=\"https:\/\/www.filastrocche.it\/contenuti\/sospiri\/\"><strong>Sospiri<\/strong><\/a> <em>di Gianni Rodari<\/em><\/li>\n<li><strong><a href=\"https:\/\/www.filastrocche.it\/contenuti\/storia-di-una-h\/\">Storia di una H<\/a><\/strong><\/li>\n<li><a href=\"https:\/\/www.filastrocche.it\/contenuti\/sulla-riva-del-laghetto\/\"><strong>Sulla riva del laghetto<\/strong><\/a> (Uso di GH)<\/li>\n<li><strong><a title=\"Tragedia di una virgola\" href=\"https:\/\/www.filastrocche.it\/contenuti\/tragedia-di-una-virgola\/\">Tragedia di una virgola<\/a> <\/strong><em>di Gianni Rodari<\/em><\/li>\n<li><a href=\"https:\/\/www.filastrocche.it\/contenuti\/un-processo\/\"><strong>Un processo<\/strong><\/a> <em>di Gianni Rodari<\/em><\/li>\n<li><a href=\"https:\/\/www.filastrocche.it\/contenuti\/uso-della-lettera-h\/\"><strong>Uso della lettera H<\/strong><\/a><\/li>\n<\/ul>\n<p>&nbsp;<\/p>\n<h3><strong>Poesie Didattiche:<\/strong> Storia e Geografia<\/h3>\n<ul>\n<li><a href=\"https:\/\/www.filastrocche.it\/contenuti\/cavalcata-garibaldina\/\"><strong>Cavalcata garibaldina<\/strong><\/a> <em>di Angiolo Silvio Novaro<\/em><\/li>\n<li><strong><a href=\"https:\/\/www.filastrocche.it\/contenuti\/citta-dei-fiori\/\">Citt\u00e0 dei fiori<\/a> (Firenze)<\/strong> <em>di Giovanni Marradi<\/em><\/li>\n<li><a href=\"https:\/\/www.filastrocche.it\/contenuti\/colombo\/\"><strong>Colombo<\/strong><\/a> <em>di Lea Maggiulli Bartorelli (Zietta Li\u00f9)<\/em><\/li>\n<li><a href=\"https:\/\/www.filastrocche.it\/contenuti\/cristoforo-colombo-2\/\"><strong>Cristoforo Colombo<\/strong><\/a> <em>di Lea Maggiulli Bartorelli (Zietta Li\u00f9)<\/em><\/li>\n<li><a href=\"https:\/\/www.filastrocche.it\/contenuti\/dice-lacqua\/\"><strong>Dice l\u2019acqua<\/strong><\/a> (Ciclo dell&#8217;acqua) <em>di Teresa Romei Correggi<\/em><\/li>\n<li><a href=\"https:\/\/www.filastrocche.it\/contenuti\/12-ottobre-1492\/\"><strong>12 ottobre 1492 <\/strong><\/a>&#8211; Scoperta dell&#8217;America<\/li>\n<li><a href=\"https:\/\/www.filastrocche.it\/contenuti\/gli-affluenti-del-po\/\"><strong>Gli affluenti del Po<\/strong><\/a><\/li>\n<li><strong><a title=\"I 7 Re di Roma\" href=\"https:\/\/www.filastrocche.it\/contenuti\/i-sette-re-di-roma\/\">I 7 Re di Roma<\/a><\/strong><\/li>\n<li><a href=\"https:\/\/www.filastrocche.it\/contenuti\/giuramento-di-pontida\/\"><strong>Il Giuramento di Pontida<\/strong><\/a> <em>di Giovanni Berchet<\/em><\/li>\n<li><a href=\"https:\/\/www.filastrocche.it\/contenuti\/piave-mormorava\/\"><strong>Il Piave mormorava<\/strong><\/a> <em>di Ermete Giovanni Gaeta (canzone)<\/em><\/li>\n<li><a href=\"https:\/\/www.filastrocche.it\/contenuti\/amor-di-patria\/\"><strong>L\u2019amor di patria<\/strong><\/a> <em>di Arpalice Cuman Pertile<\/em><\/li>\n<li><a href=\"https:\/\/www.filastrocche.it\/contenuti\/l-eroe-caprera\/\"><strong>L&#8217;Eroe &#8211; Caprera (I)<\/strong><\/a> <em>di Angiolo Silvio Novaro<\/em><\/li>\n<li><a href=\"https:\/\/www.filastrocche.it\/contenuti\/i-mille\/\"><strong>L&#8217;Eroe &#8211; I Mille (II)<\/strong><\/a> <em>di Angiolo Silvio Novaro<\/em><\/li>\n<li><a href=\"https:\/\/www.filastrocche.it\/contenuti\/l-eroe-la-conquista\/\"><strong>L&#8217;Eroe &#8211; La conquista (III)<\/strong><\/a> <em>di Angiolo Silvio Novaro<\/em><\/li>\n<li><a href=\"https:\/\/www.filastrocche.it\/contenuti\/l-eroe-il-dono\/\"><strong>L&#8217;Eroe &#8211; Il dono (IV)<\/strong><\/a> <em>di Angiolo Silvio Novaro<\/em><\/li>\n<li><a href=\"https:\/\/www.filastrocche.it\/contenuti\/tanti-saluti-dai-fiumi\/\"><strong>Tanti saluti dai fiumi<\/strong><\/a> <em>di Gianni Rodari<\/em><\/li>\n<li><a href=\"https:\/\/www.filastrocche.it\/contenuti\/venezia-2\/\"><strong>Venezia<\/strong><\/a> <em>di Diego Valeri<\/em><\/li>\n<\/ul>\n<p>&nbsp;<\/p>\n<h3><strong>Poesie Didattiche:<\/strong> Matematica<\/h3>\n<ul>\n<li><strong><a title=\"Aritmetica - Addizione\" href=\"https:\/\/www.filastrocche.it\/contenuti\/aritmetica-addizione\/\">Aritmetica &#8211; Addizione<\/a> <\/strong><em>di Lina Schwarz<\/em><\/li>\n<li><strong><a title=\"Aritmetica - Divisione\" href=\"https:\/\/www.filastrocche.it\/contenuti\/aritmetica-divisione\/\">Aritmetica &#8211; Divisione<\/a> <\/strong><em>di Lina Schwarz<\/em><\/li>\n<li><strong><a title=\"Aritmetica - Moltiplicazione\" href=\"https:\/\/www.filastrocche.it\/contenuti\/aritmetica-moltiplicazione\/\">Aritmetica &#8211; Moltiplicazione<\/a> <\/strong><em>di Lina Schwarz<\/em><\/li>\n<li><strong><a title=\"Aritmetica - Sottrazione\" href=\"https:\/\/www.filastrocche.it\/contenuti\/aritmetica-sottrazione\/\">Aritmetica &#8211; Sottrazione<\/a> <\/strong><em>di Lina Schwarz<\/em><\/li>\n<li><a href=\"https:\/\/www.filastrocche.it\/contenuti\/dalluno-al-dieci-2\/\"><strong>Dall&#8217;uno al dieci<\/strong><\/a><\/li>\n<li><a href=\"https:\/\/www.filastrocche.it\/contenuti\/filastrocca-della-tabellina-del-2\/\"><strong>Filastrocca della tabellina del 2<\/strong><\/a><em> di Jolanda Restano<\/em><\/li>\n<li><a href=\"https:\/\/www.filastrocche.it\/contenuti\/filastrocca-della-tabellina-del-3\/\"><strong>Filastrocca della tabellina del 3<\/strong><\/a><em> di Jolanda Restano<\/em><\/li>\n<li><a href=\"https:\/\/www.filastrocche.it\/contenuti\/filastrocca-della-tabellina-del-4\/\"><strong>Filastrocca della tabellina del 4<\/strong><\/a><em> di Jolanda Restano<\/em><\/li>\n<li><a href=\"https:\/\/www.filastrocche.it\/contenuti\/filastrocca-della-tabellina-del-5\/\"><strong>Filastrocca della tabellina del 5<\/strong><\/a><em> di Jolanda Restano<\/em><\/li>\n<li><a href=\"https:\/\/www.filastrocche.it\/contenuti\/filastrocca-della-tabellina-del-6\/\"><strong>Filastrocca della tabellina del 6<\/strong><\/a><em> di Jolanda Restano<\/em><\/li>\n<li><a href=\"https:\/\/www.filastrocche.it\/contenuti\/filastrocca-della-tabellina-del-7\/\"><strong>Filastrocca della tabellina del 7<\/strong><\/a><em> di Jolanda Restano<\/em><\/li>\n<li><a href=\"https:\/\/www.filastrocche.it\/contenuti\/filastrocca-della-tabellina-dell-8\/\"><strong>Filastrocca della tabellina del 8<\/strong><\/a><em> di Jolanda Restano<\/em><\/li>\n<li><a href=\"https:\/\/www.filastrocche.it\/contenuti\/filastrocca-della-tabellina-del-9\/\"><strong>Filastrocca della tabellina del 9<\/strong><\/a><em> di Jolanda Restano<\/em><\/li>\n<li><a href=\"https:\/\/www.filastrocche.it\/feste\/filastrocche-delle-tabelline\/\"><strong>Filastrocche delle Tabelline<\/strong><\/a> <em>di Jolanda Restano<\/em><\/li>\n<li><a href=\"https:\/\/www.filastrocche.it\/contenuti\/i-numeri-7\/\"><strong>I numeri<\/strong><\/a> <em>di Lodovica Cima<\/em><\/li>\n<li><a href=\"https:\/\/www.filastrocche.it\/contenuti\/i-numeri-6\/\"><strong>I numeri<\/strong><\/a> <em>di Fiorella<\/em><\/li>\n<li><a href=\"https:\/\/www.filastrocche.it\/contenuti\/lavventura-dello-zero\/\"><strong>L\u2019avventura dello zero<\/strong><\/a> <em>di Gianni Rodari<\/em><\/li>\n<li><strong><a title=\"La tragedia di un Dieci\" href=\"https:\/\/www.filastrocche.it\/contenuti\/la-tragedia-di-un-dieci\/\">La tragedia di un Dieci<\/a> <\/strong><em>di Gianno Rodari<\/em><\/li>\n<li><a href=\"https:\/\/www.filastrocche.it\/contenuti\/ma-che-caso\/\"><strong>Ma che caso<\/strong><\/a> <em>di Elda Bossi<\/em><\/li>\n<li><a href=\"https:\/\/www.filastrocche.it\/contenuti\/numeretta-le-quattro-operazioni\/\"><strong>Numeretta \u2013 Le quattro operazioni<\/strong><\/a> <em>di Antonio Rubino<\/em><\/li>\n<li><a href=\"https:\/\/www.filastrocche.it\/contenuti\/numeri\/\"><strong>Numeri<\/strong><\/a> <em>di Maria Loretta Giraldo<\/em><\/li>\n<li><a href=\"https:\/\/www.filastrocche.it\/contenuti\/tabellina-del-4-2\/\"><strong>Tabellina del 4<\/strong><\/a><\/li>\n<\/ul>\n<p>&nbsp;<\/p>\n<h3><strong>Poesie Didattiche<\/strong> per Imparare a memoria<\/h3>\n<ul>\n<li><strong><a title=\"Days of the week\" href=\"https:\/\/www.filastrocche.it\/contenuti\/days-of-the-week\/\">Days of the week<\/a><\/strong><\/li>\n<li><a href=\"https:\/\/www.filastrocche.it\/contenuti\/i-mesi\/\"><strong>I mesi<\/strong><\/a><\/li>\n<li><strong><a title=\"I 7 Re di Roma\" href=\"https:\/\/www.filastrocche.it\/contenuti\/i-sette-re-di-roma\/\">I 7 Re di Roma<\/a><\/strong><\/li>\n<li><a href=\"https:\/\/www.filastrocche.it\/contenuti\/le-5-dita-6\/\"><strong>Le cinque dita<\/strong><\/a><\/li>\n<li><a href=\"https:\/\/www.filastrocche.it\/contenuti\/il-pollice-e-andato-in-giu\/\"><strong>Le dita della mano<\/strong><\/a><\/li>\n<li><a href=\"https:\/\/www.filastrocche.it\/contenuti\/le-dita-della-mano-11\/\"><strong>Le dita della mano<\/strong><\/a> <em>di Lea Maggiulli Bartorelli (Zietta Li\u00f9)<\/em><\/li>\n<li><a href=\"https:\/\/www.filastrocche.it\/contenuti\/prima-settimana\/\"><strong>Prima settimana<\/strong><\/a> <em>di Teresa Romei Correggi<\/em><\/li>\n<\/ul>\n<p>&nbsp;<\/p>\n<h3><strong>Poesie Didattiche<\/strong>&#8230; altro!<\/h3>\n<ul>\n<li><a href=\"https:\/\/www.filastrocche.it\/contenuti\/do-se-do-qualcosa-a-te\/\"><strong>Do-Re-Mi<\/strong><\/a><\/li>\n<li><a href=\"https:\/\/www.filastrocche.it\/contenuti\/filastrocca-dei-mesi-2\/\"><strong>Filastrocca dei mesi<\/strong><\/a> <em>di Renzo Pezzani<\/em><\/li>\n<li><a href=\"https:\/\/www.filastrocche.it\/contenuti\/i-colori-3\/\"><strong>I colori<\/strong><\/a> <em>di Lina Schwarz<\/em><\/li>\n<li><a href=\"https:\/\/www.filastrocche.it\/contenuti\/i-dodici-mesi-6\/\"><strong>I dodici mesi<\/strong><\/a><\/li>\n<li><a href=\"https:\/\/www.filastrocche.it\/contenuti\/i-giorni-della-settimana-2\/\"><strong>I giorni della settimana<\/strong><\/a><\/li>\n<li><a href=\"https:\/\/www.filastrocche.it\/contenuti\/i-mesi\/\"><strong>I mesi<\/strong><\/a><\/li>\n<li><a href=\"https:\/\/www.filastrocche.it\/contenuti\/i-mesi-dellanno-10\/\"><strong>I mesi dell\u2019anno<\/strong><\/a> <em>di Angiolo Silvio Novaro<\/em><\/li>\n<li><a href=\"https:\/\/www.filastrocche.it\/contenuti\/i-giorni-della-settimana-5\/\"><strong>I sette fratelli<\/strong><\/a> <em>di Lea Maggiulli Bartorelli (Zietta Li\u00f9)<\/em><\/li>\n<li><a href=\"https:\/\/www.filastrocche.it\/contenuti\/i-versi-degli-animali-4\/\"><strong>I versi degli animali<\/strong><\/a> <em>di Jolanda Restano<\/em><\/li>\n<li><a href=\"https:\/\/www.filastrocche.it\/contenuti\/i-versi-degli-animali-3\/\"><strong>I versi degli animali<\/strong><\/a><\/li>\n<li><strong><a href=\"https:\/\/www.filastrocche.it\/contenuti\/i-versi-degli-animali\/\">I versi degli animali<\/a><\/strong><\/li>\n<li><a href=\"https:\/\/www.filastrocche.it\/contenuti\/i-giorni-della-settimana-2\/\"><strong>Il Pulcino<\/strong><\/a><\/li>\n<li><a href=\"https:\/\/www.filastrocche.it\/contenuti\/la-settimana-del-gatto-dormiglione\/\"><strong>La settimana del gatto dormiglione<\/strong><\/a> <em>di Jolanda Restano<\/em><\/li>\n<li><a href=\"https:\/\/www.filastrocche.it\/contenuti\/le-5-dita-6\/\"><strong>Le cinque dita<\/strong><\/a><\/li>\n<li><a href=\"https:\/\/www.filastrocche.it\/contenuti\/il-pollice-e-andato-in-giu\/\"><strong>Le dita della mano<\/strong><\/a><\/li>\n<li><a href=\"https:\/\/www.filastrocche.it\/contenuti\/le-dita-della-mano-11\/\"><strong>Le dita della mano<\/strong><\/a> <em>di Lea Maggiulli Bartorelli (Zietta Li\u00f9)<\/em><\/li>\n<li><a href=\"https:\/\/www.filastrocche.it\/contenuti\/lunedi-ando-da-martedi\/\"><strong>Luned\u00ec and\u00f2 da Marted\u00ec<\/strong><\/a><\/li>\n<li><a href=\"https:\/\/www.filastrocche.it\/contenuti\/quattro-materie-di-scuola\/\"><strong>Quattro materie di scuola<\/strong><\/a> <em>di Roberto Piumini<\/em><\/li>\n<li><a href=\"https:\/\/www.filastrocche.it\/contenuti\/letterina-in-meno\/\"><strong>Una letterina in meno<\/strong><\/a><\/li>\n<\/ul>\n<p>&nbsp;<\/p>\n<p><a href=\"https:\/\/www.filastrocche.it\/feste\/poesie-sui-mesi\/\"><img loading=\"lazy\" decoding=\"async\" width=\"150\" height=\"150\" class=\"alignnone wp-image-38664 size-full\" title=\"Poesie sui Mesi\" src=\"https:\/\/www.filastrocche.it\/feste\/wp-content\/uploads\/2019\/10\/poesie-sui-mesi-dell-anno-150.jpg\" alt=\"Poesie sui Mesi\"   \/><\/a><br \/>\nPer altre <a href=\"https:\/\/www.filastrocche.it\/feste\/poesie-sui-mesi\/\"><strong>Poesie sui Mesi dell&#8217;Anno, cliccate qui<\/strong><\/a>!<\/p>\n<p><a href=\"https:\/\/www.filastrocche.it\/feste\/poesie-sui-giorni-della-settimana\/\"><img loading=\"lazy\" decoding=\"async\" width=\"150\" height=\"150\" class=\"alignnone wp-image-40500 size-full\" title=\"Poesie sui giorni della settimana\" src=\"https:\/\/www.filastrocche.it\/feste\/wp-content\/uploads\/2020\/04\/poesie-sui-giorni-della-settimana-150.jpg\" alt=\"Poesie sui giorni della settimana\"   \/><\/a><br \/>\nSe cerchi le <a href=\"https:\/\/www.filastrocche.it\/feste\/poesie-sui-giorni-della-settimana\/\"><strong>Poesie sui giorni della settimana, clicca qui<\/strong><\/a>!<\/p>\n<p>&nbsp;<\/p>\n<p><a href=\"https:\/\/www.filastrocche.it\/feste\/wp-content\/uploads\/2019\/10\/didattica-550.jpg\"><img loading=\"lazy\" decoding=\"async\" width=\"550\" height=\"777\" class=\"aligncenter wp-image-38650 size-full\" title=\"Poesie didattiche\" src=\"https:\/\/www.filastrocche.it\/feste\/wp-content\/uploads\/2019\/10\/didattica-550.jpg\" alt=\"Poesie didattiche\" srcset=\"https:\/\/www.filastrocche.it\/feste\/wp-content\/uploads\/2019\/10\/didattica-550.jpg 550w, https:\/\/www.filastrocche.it\/feste\/wp-content\/uploads\/2019\/10\/didattica-550-212x300.jpg 212w\" sizes=\"auto, (max-width: 550px) 100vw, 550px\" \/><\/a><\/p>\n<p>&nbsp;<\/p>\n<p><a href=\"https:\/\/www.filastrocche.it\/feste\/filastrocche-per-imparare\/\"><img loading=\"lazy\" decoding=\"async\" width=\"150\" height=\"117\" class=\"alignnone wp-image-38655 size-full\" title=\"Filastrocche per Imparare\" src=\"https:\/\/www.filastrocche.it\/feste\/wp-content\/uploads\/2019\/10\/filastrocche-per-imparare-150.jpg\" alt=\"Filastrocche per Imparare\"   \/><\/a><br \/>\nSe cercate le pi\u00f9 simpatiche <a href=\"https:\/\/www.filastrocche.it\/feste\/filastrocche-per-imparare\/\"><strong>Filastrocche per Imparare, cliccate qui<\/strong><\/a>!<\/p>\n<p><a href=\"https:\/\/www.filastrocche.it\/feste\/filastrocche-delle-tabelline\/\"><img loading=\"lazy\" decoding=\"async\" width=\"150\" height=\"187\" class=\"alignnone wp-image-38755 size-full\" title=\"Filastrocche per Imparare le Tabelline\" src=\"https:\/\/www.filastrocche.it\/feste\/wp-content\/uploads\/2019\/10\/filastrocche-sulle-tabelline-150.jpg\" alt=\"Filastrocche per Imparare le Tabelline\"   \/><\/a><br \/>\nSe cercate le <a href=\"https:\/\/www.filastrocche.it\/feste\/filastrocche-delle-tabelline\/\"><strong>Filastrocche per Imparare le Tabelline, cliccate qui<\/strong><\/a>!<\/p>\n<p><a href=\"https:\/\/www.filastrocche.it\/feste\/poesie-studiate-a-scuola\/\"><img loading=\"lazy\" decoding=\"async\" width=\"150\" height=\"106\" class=\"alignnone wp-image-38637 size-full\" title=\"Poesie studiate a Scuola\" src=\"https:\/\/www.filastrocche.it\/feste\/wp-content\/uploads\/2019\/10\/poesie-studiate-a-scuola-150.jpg\" alt=\"Poesie studiate a Scuola\"   \/><\/a><br \/>\nSe cercate le pi\u00f9 famose <a href=\"https:\/\/www.filastrocche.it\/feste\/poesie-studiate-a-scuola\/\"><strong>Poesie studiate a Scuola, cliccate qui<\/strong><\/a>!<\/p>\n<p>&nbsp;<\/p>\n<p><a href=\"https:\/\/www.filastrocche.it\/feste\/filastrocche-sulla-scuola\/\"><img loading=\"lazy\" decoding=\"async\" width=\"150\" height=\"125\" class=\"alignnone wp-image-25307 size-full\" title=\"Filastrocche sulla Scuola\" src=\"https:\/\/www.filastrocche.it\/feste\/wp-content\/uploads\/2017\/05\/scuola-edifico-150.jpg\" alt=\"Filastrocche sulla Scuola\"   \/><\/a><br \/>\nSe cercate le migliori <a href=\"https:\/\/www.filastrocche.it\/feste\/filastrocche-sulla-scuola\/\"><strong>Filastrocche sulla Scuola, cliccate qui<\/strong><\/a>!<\/p>\n<p><a href=\"https:\/\/www.filastrocche.it\/feste\/poesie-sulla-scuola\/\"><img loading=\"lazy\" decoding=\"async\" width=\"150\" height=\"107\" class=\"alignnone wp-image-25283 size-full\" title=\"Poesie sulla Scuola\" src=\"https:\/\/www.filastrocche.it\/feste\/wp-content\/uploads\/2013\/06\/scuola-cattedra-banco-150.jpg\" alt=\"Poesie sulla Scuola\"   \/><\/a><br \/>\nSe cercate le migliori <a href=\"https:\/\/www.filastrocche.it\/feste\/poesie-sulla-scuola\/\"><strong>Poesie sulla Scuola, cliccate qui<\/strong><\/a>!<\/p>\n<p>&nbsp;<\/p>\n<p><a href=\"https:\/\/www.filastrocche.it\/feste\/speciale-scuola\/\"><img loading=\"lazy\" decoding=\"async\" width=\"169\" height=\"45\" class=\"alignnone wp-image-10249 size-full\" title=\"Speciale Scuola\" src=\"https:\/\/www.filastrocche.it\/feste\/wp-content\/uploads\/2013\/06\/scritta_specialescuola.gif\" alt=\"Speciale Scuola\"   \/><\/a><br \/>\n<a href=\"https:\/\/www.filastrocche.it\/feste\/speciale-scuola\/\"><strong>Visita lo Speciale Scuola!<\/strong><\/a><\/p>\n","protected":false},"excerpt":{"rendered":"<p>Poesie didattiche: per imparare velocemente ortografia, grammatica, storia e geografia! \u00c8 notorio che studiare con l&#8217;aiuto delle rime \u00e8 certamente pi\u00f9 facile e in pi\u00f9 \u00e8 anche pi\u00f9 divertente. Le rime aiutano a tenere a mente pi\u00f9 facilmente le cose e quindi da sempre sono amate dagli studenti di ogni et\u00e0! Abbiamo selezionato per voi [&hellip;]<\/p>\n","protected":false},"author":5,"featured_media":38646,"comment_status":"open","ping_status":"open","sticky":false,"template":"","format":"standard","meta":{"footnotes":""},"categories":[1523,1025,1071,10],"tags":[221,225,223,991,477,83],"sponsors":[],"class_list":["post-38636","post","type-post","status-publish","format-standard","has-post-thumbnail","hentry","category-filastrocche-e-poesie","category-per-tutti-i-giorni","category-rime-e-filastrocche-scuola","category-scuola","tag-filastrocche","tag-poesie","tag-rime","tag-scuola-2","tag-scuole","tag-storia"],"yoast_head":"<!-- This site is optimized with the Yoast SEO plugin v26.2 - https:\/\/yoast.com\/wordpress\/plugins\/seo\/ -->\n<title>Poesie didattiche - Le pi\u00f9 belle Poesie su Filastrocche.it<\/title>\n<meta name=\"description\" content=\"Selezione delle pi\u00f9 belle e simpatiche Poesie didattiche, utili per imparare facilmente con l&#039;aiuto delle rime ortografia, grammatica, storia...\" \/>\n<meta name=\"robots\" content=\"index, follow, max-snippet:-1, max-image-preview:large, max-video-preview:-1\" \/>\n<link rel=\"canonical\" href=\"https:\/\/www.filastrocche.it\/feste\/poesie-didattiche\/\" \/>\n<meta property=\"og:locale\" content=\"it_IT\" \/>\n<meta property=\"og:type\" content=\"article\" \/>\n<meta property=\"og:title\" content=\"Poesie didattiche - Le pi\u00f9 belle Poesie su Filastrocche.it\" \/>\n<meta property=\"og:description\" content=\"Selezione delle pi\u00f9 belle e simpatiche Poesie didattiche, utili per imparare facilmente con l&#039;aiuto delle rime ortografia, grammatica, storia...\" \/>\n<meta property=\"og:url\" content=\"https:\/\/www.filastrocche.it\/feste\/poesie-didattiche\/\" \/>\n<meta property=\"og:site_name\" content=\"Filastrocche.it\" \/>\n<meta property=\"article:author\" content=\"http:\/\/www.facebook.com\/jolanda.restano\" \/>\n<meta property=\"article:published_time\" content=\"2019-10-15T15:29:28+00:00\" \/>\n<meta property=\"article:modified_time\" content=\"2026-03-09T16:00:32+00:00\" \/>\n<meta property=\"og:image\" content=\"https:\/\/www.filastrocche.it\/feste\/wp-content\/uploads\/2019\/10\/poesie-didattiche-550.jpg\" \/>\n\t<meta property=\"og:image:width\" content=\"550\" \/>\n\t<meta property=\"og:image:height\" content=\"797\" \/>\n\t<meta property=\"og:image:type\" content=\"image\/jpeg\" \/>\n<meta name=\"author\" content=\"Jolanda\" \/>\n<meta name=\"twitter:label1\" content=\"Scritto da\" \/>\n\t<meta name=\"twitter:data1\" content=\"Jolanda\" \/>\n\t<meta name=\"twitter:label2\" content=\"Tempo di lettura stimato\" \/>\n\t<meta name=\"twitter:data2\" content=\"9 minuti\" \/>\n<!-- \/ Yoast SEO plugin. -->","yoast_head_json":{"title":"Poesie didattiche - Le pi\u00f9 belle Poesie su Filastrocche.it","description":"Selezione delle pi\u00f9 belle e simpatiche Poesie didattiche, utili per imparare facilmente con l'aiuto delle rime ortografia, grammatica, storia...","robots":{"index":"index","follow":"follow","max-snippet":"max-snippet:-1","max-image-preview":"max-image-preview:large","max-video-preview":"max-video-preview:-1"},"canonical":"https:\/\/www.filastrocche.it\/feste\/poesie-didattiche\/","og_locale":"it_IT","og_type":"article","og_title":"Poesie didattiche - Le pi\u00f9 belle Poesie su Filastrocche.it","og_description":"Selezione delle pi\u00f9 belle e simpatiche Poesie didattiche, utili per imparare facilmente con l'aiuto delle rime ortografia, grammatica, storia...","og_url":"https:\/\/www.filastrocche.it\/feste\/poesie-didattiche\/","og_site_name":"Filastrocche.it","article_author":"http:\/\/www.facebook.com\/jolanda.restano","article_published_time":"2019-10-15T15:29:28+00:00","article_modified_time":"2026-03-09T16:00:32+00:00","og_image":[{"width":550,"height":797,"url":"https:\/\/www.filastrocche.it\/feste\/wp-content\/uploads\/2019\/10\/poesie-didattiche-550.jpg","type":"image\/jpeg"}],"author":"Jolanda","twitter_misc":{"Scritto da":"Jolanda","Tempo di lettura stimato":"9 minuti"},"schema":{"@context":"https:\/\/schema.org","@graph":[{"@type":"WebPage","@id":"https:\/\/www.filastrocche.it\/feste\/poesie-didattiche\/","url":"https:\/\/www.filastrocche.it\/feste\/poesie-didattiche\/","name":"Poesie didattiche - Le pi\u00f9 belle Poesie su Filastrocche.it","isPartOf":{"@id":"https:\/\/www.filastrocche.it\/feste\/#website"},"primaryImageOfPage":{"@id":"https:\/\/www.filastrocche.it\/feste\/poesie-didattiche\/#primaryimage"},"image":{"@id":"https:\/\/www.filastrocche.it\/feste\/poesie-didattiche\/#primaryimage"},"thumbnailUrl":"https:\/\/www.filastrocche.it\/feste\/wp-content\/uploads\/2019\/10\/poesie-didattiche-550.jpg","datePublished":"2019-10-15T15:29:28+00:00","dateModified":"2026-03-09T16:00:32+00:00","author":{"@id":"https:\/\/www.filastrocche.it\/feste\/#\/schema\/person\/13a7995b740342851d3a3c001f9dd658"},"description":"Selezione delle pi\u00f9 belle e simpatiche Poesie didattiche, utili per imparare facilmente con l'aiuto delle rime ortografia, grammatica, storia...","breadcrumb":{"@id":"https:\/\/www.filastrocche.it\/feste\/poesie-didattiche\/#breadcrumb"},"inLanguage":"it-IT","potentialAction":[{"@type":"ReadAction","target":["https:\/\/www.filastrocche.it\/feste\/poesie-didattiche\/"]}]},{"@type":"ImageObject","inLanguage":"it-IT","@id":"https:\/\/www.filastrocche.it\/feste\/poesie-didattiche\/#primaryimage","url":"https:\/\/www.filastrocche.it\/feste\/wp-content\/uploads\/2019\/10\/poesie-didattiche-550.jpg","contentUrl":"https:\/\/www.filastrocche.it\/feste\/wp-content\/uploads\/2019\/10\/poesie-didattiche-550.jpg","width":550,"height":797},{"@type":"BreadcrumbList","@id":"https:\/\/www.filastrocche.it\/feste\/poesie-didattiche\/#breadcrumb","itemListElement":[{"@type":"ListItem","position":1,"name":"Home","item":"https:\/\/www.filastrocche.it\/feste\/"},{"@type":"ListItem","position":2,"name":"Poesie didattiche"}]},{"@type":"WebSite","@id":"https:\/\/www.filastrocche.it\/feste\/#website","url":"https:\/\/www.filastrocche.it\/feste\/","name":"Filastrocche.it","description":"Festeggiamo in famiglia","potentialAction":[{"@type":"SearchAction","target":{"@type":"EntryPoint","urlTemplate":"https:\/\/www.filastrocche.it\/feste\/?s={search_term_string}"},"query-input":{"@type":"PropertyValueSpecification","valueRequired":true,"valueName":"search_term_string"}}],"inLanguage":"it-IT"},{"@type":"Person","@id":"https:\/\/www.filastrocche.it\/feste\/#\/schema\/person\/13a7995b740342851d3a3c001f9dd658","name":"Jolanda","image":{"@type":"ImageObject","inLanguage":"it-IT","@id":"https:\/\/www.filastrocche.it\/feste\/#\/schema\/person\/image\/","url":"https:\/\/secure.gravatar.com\/avatar\/1b1f38df48384d8f75481e92c0cbf9e3494d37f3cf35cd02b0f5cba7d63f7349?s=96&d=mm&r=g","contentUrl":"https:\/\/secure.gravatar.com\/avatar\/1b1f38df48384d8f75481e92c0cbf9e3494d37f3cf35cd02b0f5cba7d63f7349?s=96&d=mm&r=g","caption":"Jolanda"},"sameAs":["http:\/\/www.facebook.com\/jolanda.restano","https:\/\/x.com\/jolandarestano"],"url":"https:\/\/www.filastrocche.it\/feste\/author\/jolanda\/"}]}},"_links":{"self":[{"href":"https:\/\/www.filastrocche.it\/feste\/wp-json\/wp\/v2\/posts\/38636","targetHints":{"allow":["GET"]}}],"collection":[{"href":"https:\/\/www.filastrocche.it\/feste\/wp-json\/wp\/v2\/posts"}],"about":[{"href":"https:\/\/www.filastrocche.it\/feste\/wp-json\/wp\/v2\/types\/post"}],"author":[{"embeddable":true,"href":"https:\/\/www.filastrocche.it\/feste\/wp-json\/wp\/v2\/users\/5"}],"replies":[{"embeddable":true,"href":"https:\/\/www.filastrocche.it\/feste\/wp-json\/wp\/v2\/comments?post=38636"}],"version-history":[{"count":4,"href":"https:\/\/www.filastrocche.it\/feste\/wp-json\/wp\/v2\/posts\/38636\/revisions"}],"predecessor-version":[{"id":44626,"href":"https:\/\/www.filastrocche.it\/feste\/wp-json\/wp\/v2\/posts\/38636\/revisions\/44626"}],"wp:featuredmedia":[{"embeddable":true,"href":"https:\/\/www.filastrocche.it\/feste\/wp-json\/wp\/v2\/media\/38646"}],"wp:attachment":[{"href":"https:\/\/www.filastrocche.it\/feste\/wp-json\/wp\/v2\/media?parent=38636"}],"wp:term":[{"taxonomy":"category","embeddable":true,"href":"https:\/\/www.filastrocche.it\/feste\/wp-json\/wp\/v2\/categories?post=38636"},{"taxonomy":"post_tag","embeddable":true,"href":"https:\/\/www.filastrocche.it\/feste\/wp-json\/wp\/v2\/tags?post=38636"},{"taxonomy":"sponsors","embeddable":true,"href":"https:\/\/www.filastrocche.it\/feste\/wp-json\/wp\/v2\/sponsors?post=38636"}],"curies":[{"name":"wp","href":"https:\/\/api.w.org\/{rel}","templated":true}]}}